{"id":254,"date":"2014-10-22T16:04:28","date_gmt":"2014-10-22T14:04:28","guid":{"rendered":"http:\/\/iumotril.org\/sitio\/?p=254"},"modified":"2014-10-22T13:14:12","modified_gmt":"2014-10-22T11:14:12","slug":"izquierda-unida-considera-el-cambio-de-actitud-del-pp-con-la-poblacion-rumana-como-de-interesado","status":"publish","type":"post","link":"https:\/\/iumotril.org\/sitio\/izquierda-unida-considera-el-cambio-de-actitud-del-pp-con-la-poblacion-rumana-como-de-interesado\/","title":{"rendered":"IZQUIERDA UNIDA CONSIDERA EL CAMBIO DE ACTITUD DEL PP CON LA POBLACI\u00d3N RUMANA COMO DE INTERESADO"},"content":{"rendered":"<p>IU Motril ha aplaudido el anuncio realizado por la Alcaldesa que en el centro intercultural de Los \u00c1lamos se instalar\u00e1 una mesa electoral para los comicios a la presidencia de Ruman\u00eda, pero ve con recelo el cambio de actitud del PP con los ciudadan@s ruman@s, y se muestra convencida que tras este giro lo que hay es un inter\u00e9s electoralista del PP porque la poblaci\u00f3n rumana tiene derecho al voto en las elecciones municipales del pr\u00f3ximo a\u00f1o. <\/p>\n<p>\u00abCreo que el repentino cambio de actitud de Garc\u00eda Chamorro y su Equipo de Gobierno hacia los ciudadan@s ruman@s es interesado y partidista, y digo esto porque si echamos la vista atr\u00e1s todos recordaremos el denigrante trato que el PP tuvo con los ciudadanos rumanos asentados en chabolas en la zona de La Rambla de los \u00c1lamos los cuales fueron desahuciados, expulsados y enviados de vuelta a su pa\u00eds de manera vergonzosa\u00bb. Ha recordado Daniela Paqu\u00e9, concejala de la formaci\u00f3n en el Ayto. de Motril. <a href=\"https:\/\/iumotril.org\/sitio\/wp-content\/uploads\/2014\/07\/daniela.jpg\"><img loading=\"lazy\" decoding=\"async\" data-attachment-id=\"52\" data-permalink=\"https:\/\/iumotril.org\/sitio\/eliminacion-secretarias-de-grupo\/daniela\/\" data-orig-file=\"https:\/\/iumotril.org\/sitio\/wp-content\/uploads\/2014\/07\/daniela.jpg\" data-orig-size=\"219,230\" data-comments-opened=\"1\" data-image-meta=\"{&quot;aperture&quot;:&quot;0&quot;,&quot;credit&quot;:&quot;&quot;,&quot;camera&quot;:&quot;&quot;,&quot;caption&quot;:&quot;&quot;,&quot;created_timestamp&quot;:&quot;0&quot;,&quot;copyright&quot;:&quot;&quot;,&quot;focal_length&quot;:&quot;0&quot;,&quot;iso&quot;:&quot;0&quot;,&quot;shutter_speed&quot;:&quot;0&quot;,&quot;title&quot;:&quot;&quot;,&quot;orientation&quot;:&quot;0&quot;}\" data-image-title=\"daniela\" data-image-description=\"\" data-image-caption=\"\" data-large-file=\"https:\/\/iumotril.org\/sitio\/wp-content\/uploads\/2014\/07\/daniela.jpg\" class=\"aligncenter size-full wp-image-52\" src=\"https:\/\/iumotril.org\/sitio\/wp-content\/uploads\/2014\/07\/daniela.jpg\" alt=\"daniela\" width=\"219\" height=\"230\" \/><\/a><\/p>\n<p>\u00abUn gobierno Popular que cifr\u00f3 la miseria en 900 \u20ac que fue lo que pag\u00f3 el Ayuntamiento por los billetes de autob\u00fas para enviar a estas personas de vuelva a su pa\u00eds de origen. Claro que por aquel tiempo los ciudadan@s ruman@s no pod\u00edan votar en las elecciones locales, ya que estos hechos ocurrieron en el a\u00f1o 2010 y los ciuadan@s ruman@s pudieron votar a partir del a\u00f1o 2010\u00bb. Ha continuado Paqu\u00e9 <\/p>\n<p>Para la formaci\u00f3n de izquierdas ha sido este hecho el que ha provocado que la Alcaldesa y cabeza visible del PP se deshaga en halagos hacia estos ciuadan@s, a los mismos que hace unos cuatro a\u00f1os despreci\u00f3 y expulso de nuestra ciudad sin intentar buscar una soluci\u00f3n consensuada donde deb\u00eda haber primado la integraci\u00f3n, la solidaridad y dignificaci\u00f3n de las condiciones de vida. Siendo la soluci\u00f3n que desde el PP se dio a una situaci\u00f3n de marginalidad y pobreza fue la excavadora y un autob\u00fas de vuelta. <\/p>\n<p>\u00abDe todos es ya sabida la nula pol\u00edtica en materia de inmigraci\u00f3n y de integraci\u00f3n cultural del PP, aunque cuando los c\u00e1lculos matem\u00e1ticos de cara a las elecciones municipales les indican que en determinados sectores poblacionales pueden obtener r\u00e9ditos electorales, se convierten en adalides de estos, para intentar desesperadamente sumar votos, no porque realmente le preocupen las necesidades de esos grupos \u00bb.<\/p>\n","protected":false},"excerpt":{"rendered":"<p>IU Motril ha aplaudido el anuncio realizado por la Alcaldesa [&hellip;]<\/p>\n","protected":false},"author":1,"featured_media":0,"comment_status":"open","ping_status":"open","sticky":false,"template":"","format":"standard","meta":{"cybocfi_hide_featured_image":"","_jetpack_newsletter_access":"","_jetpack_dont_email_post_to_subs":false,"_jetpack_newsletter_tier_id":0,"_jetpack_memberships_contains_paywalled_content":false,"_jetpack_memberships_contains_paid_content":false,"footnotes":""},"categories":[1],"tags":[],"class_list":["post-254","post","type-post","status-publish","format-standard","hentry","category-sin-categoria"],"jetpack_featured_media_url":"","jetpack_sharing_enabled":true,"jetpack_shortlink":"https:\/\/wp.me\/p4QsU5-46","jetpack-related-posts":[{"id":168,"url":"https:\/\/iumotril.org\/sitio\/el-pp-motril-mantiene-sus-privilegios-a-costa-del-sacrificio-de-los-ciudadans\/","url_meta":{"origin":254,"position":0},"title":"EL PP MOTRIL MANTIENE SUS PRIVILEGIOS A COSTA DEL SACRIFICIO DE LOS CIUDADAN@S","author":"Izquierda Unida Motril","date":"26 septiembre, 2014","format":false,"excerpt":"IU Motril critica duramente los presupuestos para el ejercicio 2014 que el PP de Motril ha aprobado en solitario haciendo valer el rodillo de la mayor\u00eda absoluta y los ha calificado como los presupuestos de la \u201cverg\u00fcenza\u201d. Para la Concejala de IU en el Ayuntamiento de Motril, Daniela Paqu\u00e9 estos\u2026","rel":"","context":"En \u00abAyuntamiento\u00bb","block_context":{"text":"Ayuntamiento","link":"https:\/\/iumotril.org\/sitio\/category\/ayuntamiento\/"},"img":{"alt_text":"daniela  5","src":"https:\/\/i0.wp.com\/iumotril.org\/sitio\/wp-content\/uploads\/2014\/09\/daniela-5-300x200.jpg?resize=350%2C200","width":350,"height":200},"classes":[]},{"id":331,"url":"https:\/\/iumotril.org\/sitio\/la-alcaldesa-tambien-la-lia-con-los-vendedores-ambulantes\/","url_meta":{"origin":254,"position":1},"title":"LA ALCALDESA TAMBI\u00c9N LA L\u00cdA CON LOS VENDEDORES AMBULANTES","author":"Izquierda Unida Motril","date":"18 noviembre, 2014","format":false,"excerpt":"La decisi\u00f3n unilateral de Gobierno Municipal de reubicar el mercado de la Rambla de los \u00c1lamos en la Ronda de Levante ha levantado ampollas entre los vendedores ambulantes que esta ma\u00f1ana se han concentrado en las puertas del Ayuntamiento para pedir una reuni\u00f3n con la Alcaldesa donde trasladarle sus protestas\u2026","rel":"","context":"En \u00abAyuntamiento\u00bb","block_context":{"text":"Ayuntamiento","link":"https:\/\/iumotril.org\/sitio\/category\/ayuntamiento\/"},"img":{"alt_text":"IMG_20141118_100826","src":"https:\/\/i0.wp.com\/iumotril.org\/sitio\/wp-content\/uploads\/2014\/11\/IMG_20141118_100826-300x225.jpg?resize=350%2C200","width":350,"height":200},"classes":[]},{"id":159,"url":"https:\/\/iumotril.org\/sitio\/iu-exige-la-inmediata-limpieza-de-las-calles-de-motril\/","url_meta":{"origin":254,"position":2},"title":"IU exige la inmediata limpieza de las calles de Motril","author":"Izquierda Unida Motril","date":"24 septiembre, 2014","format":false,"excerpt":"El pleno del pr\u00f3ximo viernes pediremos una vez m\u00e1s al Equipo de Gobierno del PP \u00abque ponga soluci\u00f3n de inmediato al estado de abandono y acumulaci\u00f3n de suciedad de determinadas zonas de la ciudad, como calle Ancha y zonas adyacentes, el entorno del campo de f\u00fatbol, as\u00ed como la Rambla\u2026","rel":"","context":"En \u00abAyuntamiento\u00bb","block_context":{"text":"Ayuntamiento","link":"https:\/\/iumotril.org\/sitio\/category\/ayuntamiento\/"},"img":{"alt_text":"daniela sep","src":"https:\/\/i0.wp.com\/iumotril.org\/sitio\/wp-content\/uploads\/2014\/09\/daniela-sep-225x300.jpg?resize=350%2C200","width":350,"height":200},"classes":[]},{"id":483,"url":"https:\/\/iumotril.org\/sitio\/el-pp-prometio-mas-arboles-por-persona-pero-destruye-el-arbolado-de-forma-sistematica\/","url_meta":{"origin":254,"position":3},"title":"EL PP PROMETI\u00d3 M\u00c1S \u00c1RBOLES POR PERSONA PERO DESTRUYE EL ARBOLADO DE FORMA SISTEM\u00c1TICA.","author":"Izquierda Unida Motril","date":"27 febrero, 2015","format":false,"excerpt":"El Grupo Municipal de Izquierda Unida ha denunciado una nueva destrucci\u00f3n de zona verde p\u00fablica en nuestra ciudad, en esta ocasi\u00f3n, el Gobierno de Garc\u00eda Chamorro ha hecho lo m\u00e1s f\u00e1cil ya que para adecentar la zona de la Rambla de los \u00e1lamos, en lugar de adaptar la obra al\u2026","rel":"","context":"En \u00abSin categor\u00eda\u00bb","block_context":{"text":"Sin categor\u00eda","link":"https:\/\/iumotril.org\/sitio\/category\/sin-categoria\/"},"img":{"alt_text":"alamos carriol  bici","src":"https:\/\/i0.wp.com\/iumotril.org\/sitio\/wp-content\/uploads\/2015\/02\/alamos-carriol-bici-225x300.jpg?resize=350%2C200","width":350,"height":200},"classes":[]},{"id":327,"url":"https:\/\/iumotril.org\/sitio\/iu-acusa-al-pp-de-mantener-impuestos-injustos-que-provocan-que-pague-mas-el-que-menos-tiene\/","url_meta":{"origin":254,"position":4},"title":"IU acusa al PP de mantener impuestos injustos que provocan que pague m\u00e1s el que menos tiene","author":"Izquierda Unida Motril","date":"12 noviembre, 2014","format":false,"excerpt":"IU critica como la din\u00e1mica electoralista de los \u00faltimos meses del PP para intentar frenar su debacle electoral, les lleva a buscar titulares con los que intentan enga\u00f1ar a los ciudadan@s. \u201cEsta inercia electoralista incluso les lleva a anunciar bajadas de impuestos que no son reales, Porque la realidad de\u2026","rel":"","context":"En \u00abimpuestos locales\u00bb","block_context":{"text":"impuestos locales","link":"https:\/\/iumotril.org\/sitio\/category\/impuestos-locales\/"},"img":{"alt_text":"daniela IV","src":"https:\/\/i0.wp.com\/iumotril.org\/sitio\/wp-content\/uploads\/2014\/10\/daniela-IV-300x208.jpg?resize=350%2C200","width":350,"height":200},"classes":[]},{"id":613,"url":"https:\/\/iumotril.org\/sitio\/el-pp-es-nuestra-cruz\/","url_meta":{"origin":254,"position":5},"title":"El PP es nuestra cruz","author":"Izquierda Unida Motril","date":"3 mayo, 2015","format":false,"excerpt":"12 a\u00f1os de gesti\u00f3n municipal del Partido Popular en Motril han dejado a la ciudad y a sus ciudadan@s a los pies de los caballos. El Partido Popular es el partido de la corrupci\u00f3n, de la pobreza y de la desigualdad. Tambi\u00e9n en Motril.","rel":"","context":"En \u00abAyuntamiento\u00bb","block_context":{"text":"Ayuntamiento","link":"https:\/\/iumotril.org\/sitio\/category\/ayuntamiento\/"},"img":{"alt_text":"Cruz.001","src":"https:\/\/i0.wp.com\/iumotril.org\/sitio\/wp-content\/uploads\/2015\/05\/Cruz.001-223x300.jpg?resize=350%2C200","width":350,"height":200},"classes":[]}],"jetpack_likes_enabled":true,"_links":{"self":[{"href":"https:\/\/iumotril.org\/sitio\/wp-json\/wp\/v2\/posts\/254","targetHints":{"allow":["GET"]}}],"collection":[{"href":"https:\/\/iumotril.org\/sitio\/wp-json\/wp\/v2\/posts"}],"about":[{"href":"https:\/\/iumotril.org\/sitio\/wp-json\/wp\/v2\/types\/post"}],"author":[{"embeddable":true,"href":"https:\/\/iumotril.org\/sitio\/wp-json\/wp\/v2\/users\/1"}],"replies":[{"embeddable":true,"href":"https:\/\/iumotril.org\/sitio\/wp-json\/wp\/v2\/comments?post=254"}],"version-history":[{"count":5,"href":"https:\/\/iumotril.org\/sitio\/wp-json\/wp\/v2\/posts\/254\/revisions"}],"predecessor-version":[{"id":259,"href":"https:\/\/iumotril.org\/sitio\/wp-json\/wp\/v2\/posts\/254\/revisions\/259"}],"wp:attachment":[{"href":"https:\/\/iumotril.org\/sitio\/wp-json\/wp\/v2\/media?parent=254"}],"wp:term":[{"taxonomy":"category","embeddable":true,"href":"https:\/\/iumotril.org\/sitio\/wp-json\/wp\/v2\/categories?post=254"},{"taxonomy":"post_tag","embeddable":true,"href":"https:\/\/iumotril.org\/sitio\/wp-json\/wp\/v2\/tags?post=254"}],"curies":[{"name":"wp","href":"https:\/\/api.w.org\/{rel}","templated":true}]}}