{"id":2538,"date":"2016-11-24T13:34:07","date_gmt":"2016-11-24T12:34:07","guid":{"rendered":"http:\/\/iumotril.org\/sitio\/?p=2538"},"modified":"2016-11-24T13:34:07","modified_gmt":"2016-11-24T12:34:07","slug":"estudiantes-y-trabajadores-en-lucha-en-defensa-de-sus-derechos","status":"publish","type":"post","link":"https:\/\/iumotril.org\/sitio\/estudiantes-y-trabajadores-en-lucha-en-defensa-de-sus-derechos\/","title":{"rendered":"ESTUDIANTES Y TRABAJADORES EN LUCHA EN DEFENSA DE SUS DERECHOS"},"content":{"rendered":"<h4 style=\"text-align: justify;\"><strong><span style=\"color: #993300;\">Izquierda Unida de Motril apoya incondicionalmente la lucha de los estudiantes que han sido convocados para la defensa de la ense\u00f1anza p\u00fablica y en contra de las pol\u00edticas educativas discriminatorias de la derecha, as\u00ed como la de sus padres y madres, los y las trabajadores de Mercomotril, en contra de la operaci\u00f3n especulativa que ha emprendido su empresa y que pone en riesgo el empleo de m\u00e1s de 200 familias.<\/span><\/strong><\/h4>\n<p style=\"text-align: justify;\">M\u00e1s de 300 estudiantes de secundaria y de bachillerato se han manifestado esta ma\u00f1ana por las calles de Motril para expresar su absoluto <strong>rechazo a las pol\u00edticas educativas discriminatorias del Partido Popular y su oposici\u00f3n frontal a las rev\u00e1lidas<\/strong> educativas, cuyo objetivo es dificultar el acceso de los hijos e hijas de los trabajadores a niveles de educaci\u00f3n superior.<\/p>\n<p><a href=\"https:\/\/iumotril.org\/sitio\/wp-content\/uploads\/2016\/11\/IMG_5345.jpg\"><img loading=\"lazy\" decoding=\"async\" data-attachment-id=\"2553\" data-permalink=\"https:\/\/iumotril.org\/sitio\/estudiantes-y-trabajadores-en-lucha-en-defensa-de-sus-derechos\/img_5345\/\" data-orig-file=\"https:\/\/iumotril.org\/sitio\/wp-content\/uploads\/2016\/11\/IMG_5345.jpg\" data-orig-size=\"1600,1200\" data-comments-opened=\"1\" data-image-meta=\"{&quot;aperture&quot;:&quot;0&quot;,&quot;credit&quot;:&quot;&quot;,&quot;camera&quot;:&quot;&quot;,&quot;caption&quot;:&quot;&quot;,&quot;created_timestamp&quot;:&quot;0&quot;,&quot;copyright&quot;:&quot;&quot;,&quot;focal_length&quot;:&quot;0&quot;,&quot;iso&quot;:&quot;0&quot;,&quot;shutter_speed&quot;:&quot;0&quot;,&quot;title&quot;:&quot;&quot;,&quot;orientation&quot;:&quot;0&quot;}\" data-image-title=\"img_5345\" data-image-description=\"\" data-image-caption=\"\" data-large-file=\"https:\/\/iumotril.org\/sitio\/wp-content\/uploads\/2016\/11\/IMG_5345-1024x768.jpg\" class=\"aligncenter size-large wp-image-2553\" src=\"https:\/\/iumotril.org\/sitio\/wp-content\/uploads\/2016\/11\/IMG_5345-1024x768.jpg\" alt=\"img_5345\" width=\"620\" height=\"465\" srcset=\"https:\/\/iumotril.org\/sitio\/wp-content\/uploads\/2016\/11\/IMG_5345-1024x768.jpg 1024w, https:\/\/iumotril.org\/sitio\/wp-content\/uploads\/2016\/11\/IMG_5345-300x225.jpg 300w, https:\/\/iumotril.org\/sitio\/wp-content\/uploads\/2016\/11\/IMG_5345-768x576.jpg 768w, https:\/\/iumotril.org\/sitio\/wp-content\/uploads\/2016\/11\/IMG_5345.jpg 1600w\" sizes=\"auto, (max-width: 620px) 100vw, 620px\" \/><\/a><\/p>\n<p style=\"text-align: justify;\">Ayer, fueron sus padres y madres quienes arropados por cientos de personas se concentraron en la Plaza de la Aurora para <strong>rechazar el ERTE presentado por la direcci\u00f3n de Mercomotril<\/strong> y denunciar lo que parece una operaci\u00f3n empresarial especulativa que esconde una presunta maniobra de los gestores de la empresa, en particular de su gerente, Adri\u00e1n Picazo Mart\u00ednez.<\/p>\n<p style=\"text-align: justify;\">Izquierda <strong>Unida de Motril manifiesta su apoyo<\/strong> sin fisura alguna, y de forma incondicional, \u00a0estas movilizaciones de trabajadores y estudiantes motrile\u00f1os contra las <strong>pol\u00edticas neoliberales<\/strong> que la derecha est\u00e1 imponiendo a las clases populares, dando una nueva vuelta de tuerca a la desigualdad y a la precarizaci\u00f3n de las condiciones laborales.<\/p>\n<p style=\"text-align: justify;\">Izquierda Unida hace un <strong>llamamiento al pueblo de Motril para que se sume a estas movilizaciones<\/strong> \u00a0y d\u00e9 su apoyo y m\u00e1xima solidaridad a los trabajadores y trabajadoras y a sus hijos e hijas en la lucha que mantienen por defender sus derechos.<\/p>\n<p style=\"text-align: justify;\">En este sentido, se\u00f1ala que estas situaciones no son circunstanciales, que no se trata de episodios aislados sino que son consecuencia de la aplicaci\u00f3n de pol\u00edticas de un sistema capitalista injusto que no ceja en su empe\u00f1o de incrementar la brecha entre los poderosos y las clases populares. Por ello anima a la poblaci\u00f3n a <strong>rebelarse contra esta situaci\u00f3n con el objetivo de derribar el capitalismo y avanzar en la construcci\u00f3n de una sociedad m\u00e1s justa para todos y todas.<\/strong><\/p>\n","protected":false},"excerpt":{"rendered":"<p>Izquierda Unida hace un llamamiento al pueblo de Motril para que se sume a estas movilizaciones  y d\u00e9 su apoyo y m\u00e1xima solidaridad a los trabajadores y trabajadoras y a sus hijos e hijas en la lucha que mantienen por defender sus derechos.<\/p>\n","protected":false},"author":1,"featured_media":0,"comment_status":"open","ping_status":"open","sticky":false,"template":"","format":"standard","meta":{"cybocfi_hide_featured_image":"","_jetpack_newsletter_access":"","_jetpack_dont_email_post_to_subs":false,"_jetpack_newsletter_tier_id":0,"_jetpack_memberships_contains_paywalled_content":false,"_jetpack_memberships_contains_paid_content":false,"footnotes":""},"categories":[265],"tags":[648,647,637,324,614],"class_list":["post-2538","post","type-post","status-publish","format-standard","hentry","category-esta-pasando","tag-educacion-pubica","tag-estudiantes","tag-mercomotril","tag-precariedad","tag-revalidas"],"jetpack_featured_media_url":"","jetpack_sharing_enabled":true,"jetpack_shortlink":"https:\/\/wp.me\/p4QsU5-EW","jetpack-related-posts":[{"id":2505,"url":"https:\/\/iumotril.org\/sitio\/contra-los-despidos-en-mercomotril\/","url_meta":{"origin":2538,"position":0},"title":"CONTRA LOS DESPIDOS EN MERCOMOTRIL","author":"Izquierda Unida Motril","date":"16 noviembre, 2016","format":false,"excerpt":"Para Izquierda Unida, este caso es una muestra m\u00e1s de la voracidad del capitalismo, un sistema radicalmente injusto que antepone la obtenci\u00f3n de beneficios a la dignidad de las personas. Una situaci\u00f3n que cada vez resulta m\u00e1s evidente a nivel global y que debe reafirmar a las organizaci\u00f3n de la\u2026","rel":"","context":"En \u00abEST\u00c1 PASANDO\u00bb","block_context":{"text":"EST\u00c1 PASANDO","link":"https:\/\/iumotril.org\/sitio\/category\/esta-pasando\/"},"img":{"alt_text":"img_5232","src":"https:\/\/i0.wp.com\/iumotril.org\/sitio\/wp-content\/uploads\/2016\/11\/IMG_5232-300x225.jpg?resize=350%2C200","width":350,"height":200},"classes":[]},{"id":2665,"url":"https:\/\/iumotril.org\/sitio\/solidaridad-y-apoyo-con-las-trabajadoras-de-mercomotril\/","url_meta":{"origin":2538,"position":1},"title":"SOLIDARIDAD Y APOYO CON LAS TRABAJADORAS DE MERCOMOTRIL","author":"Izquierda Unida Motril","date":"25 enero, 2017","format":false,"excerpt":"La situaci\u00f3n por la que est\u00e1 pasando Mercomotril es consecuencia directa de la reforma laboral impuesta a sangre y fuego por el Partido Popular. Una reforma que est\u00e1 resultando especialmente da\u00f1ina en el sector agr\u00edcola, que es una de las principales actividades econ\u00f3micas en Motril. Un sector esencial para el\u2026","rel":"","context":"En \u00abEST\u00c1 PASANDO\u00bb","block_context":{"text":"EST\u00c1 PASANDO","link":"https:\/\/iumotril.org\/sitio\/category\/esta-pasando\/"},"img":{"alt_text":"","src":"https:\/\/i0.wp.com\/iumotril.org\/sitio\/wp-content\/uploads\/2017\/01\/agricolas-300x221.jpg?resize=350%2C200","width":350,"height":200},"classes":[]},{"id":2696,"url":"https:\/\/iumotril.org\/sitio\/flor-almon-y-antonio-escamez-motrilenos-viajeros\/","url_meta":{"origin":2538,"position":2},"title":"FLOR ALM\u00d3N Y ANTONIO ESC\u00c1MEZ, MOTRILE\u00d1OS VIAJEROS","author":"Izquierda Unida Motril","date":"10 febrero, 2017","format":false,"excerpt":"Izquierda Unida est\u00e1 convencida de que se pueden llevar a cabo pol\u00edticas de progreso a trav\u00e9s de una gesti\u00f3n eficaz de los asuntos municipales, con un proyecto de ciudad que permita que Motril avance, crezca, se modernice y sea un lugar para vivir y trabajar dignamente. Solo se necesita voluntad\u2026","rel":"","context":"En \u00abEST\u00c1 PASANDO\u00bb","block_context":{"text":"EST\u00c1 PASANDO","link":"https:\/\/iumotril.org\/sitio\/category\/esta-pasando\/"},"img":{"alt_text":"","src":"https:\/\/i0.wp.com\/iumotril.org\/sitio\/wp-content\/uploads\/2017\/02\/Momento-de-la-reuni%C3%B3n-en-el-Puerto-de-T%C3%A1nger-Med-300x225.jpg?resize=350%2C200","width":350,"height":200},"classes":[]},{"id":2685,"url":"https:\/\/iumotril.org\/sitio\/a-propuesta-de-iu-el-ayuntamiento-aplicara-criterios-sociales-en-sus-contrataciones\/","url_meta":{"origin":2538,"position":3},"title":"A PROPUESTA DE IU, EL AYUNTAMIENTO APLICAR\u00c1 CRITERIOS SOCIALES EN SUS CONTRATACIONES","author":"Izquierda Unida Motril","date":"31 enero, 2017","format":false,"excerpt":"A propuesta de Izquierda Unida, el Pleno del Ayuntamiento de Motril ha acordado la inclusi\u00f3n de criterios sociales y medioambientales en sus contrataciones. La moci\u00f3n acordada pretende que en los contratos que lleva a cabo el Ayuntamiento no se tengan en cuenta, principalmente, criterios econ\u00f3micos, sino que se valoren otros\u2026","rel":"","context":"En \u00abEST\u00c1 PASANDO\u00bb","block_context":{"text":"EST\u00c1 PASANDO","link":"https:\/\/iumotril.org\/sitio\/category\/esta-pasando\/"},"img":{"alt_text":"","src":"https:\/\/i0.wp.com\/iumotril.org\/sitio\/wp-content\/uploads\/2017\/01\/Pleno-31-enero-300x225.jpeg?resize=350%2C200","width":350,"height":200},"classes":[]},{"id":2633,"url":"https:\/\/iumotril.org\/sitio\/izquierda-unida-denunciara-ante-el-parlamento-andaluz-los-despidos-en-mercomotril\/","url_meta":{"origin":2538,"position":4},"title":"IZQUIERDA UNIDA DENUNCIAR\u00c1 ANTE EL PARLAMENTO ANDALUZ LOS DESPIDOS EN MERCOMOTRIL","author":"Izquierda Unida Motril","date":"29 diciembre, 2016","format":false,"excerpt":"Tras participar en la concentraci\u00f3n que las trabajadoras y trabajadores de Mercomotril realizan diariamente a las puertas de la empresa y reunirse con representantes del comit\u00e9 de empresa, Mari Carmen P\u00e9rez ha anunciado que presentar\u00e1 una iniciativa parlamentaria contra el expediente de regulaci\u00f3n de empleo presentado, solicitando la intervenci\u00f3n de\u2026","rel":"","context":"En \u00abEST\u00c1 PASANDO\u00bb","block_context":{"text":"EST\u00c1 PASANDO","link":"https:\/\/iumotril.org\/sitio\/category\/esta-pasando\/"},"img":{"alt_text":"","src":"https:\/\/i0.wp.com\/iumotril.org\/sitio\/wp-content\/uploads\/2016\/12\/mari-carmen-mercomotril-1024x591.jpg?resize=350%2C200","width":350,"height":200,"srcset":"https:\/\/i0.wp.com\/iumotril.org\/sitio\/wp-content\/uploads\/2016\/12\/mari-carmen-mercomotril-1024x591.jpg?resize=350%2C200 1x, https:\/\/i0.wp.com\/iumotril.org\/sitio\/wp-content\/uploads\/2016\/12\/mari-carmen-mercomotril-1024x591.jpg?resize=525%2C300 1.5x"},"classes":[]},{"id":3432,"url":"https:\/\/iumotril.org\/sitio\/defendemos-la-creacion-de-becas-educativas-municipales\/","url_meta":{"origin":2538,"position":5},"title":"Defendemos la creaci\u00f3n de becas educativas municipales","author":"Izquierda Unida Motril","date":"21 marzo, 2018","format":false,"excerpt":"Seg\u00fan Christian Linares ya es hora de que, despu\u00e9s de casi tres a\u00f1os de gobierno municipal del PSOE en la ciudad, se pongan en marcha pol\u00edticas que tengan en cuenta la precarizaci\u00f3n de la econom\u00eda de las familias motrile\u00f1as y el recorte de ayudas y becas que se est\u00e1n llevando\u2026","rel":"","context":"En \u00abEST\u00c1 PASANDO\u00bb","block_context":{"text":"EST\u00c1 PASANDO","link":"https:\/\/iumotril.org\/sitio\/category\/esta-pasando\/"},"img":{"alt_text":"","src":"https:\/\/i0.wp.com\/iumotril.org\/sitio\/wp-content\/uploads\/2018\/03\/grupo-ni%C3%B1as-saliendo-clase-300x219.jpg?resize=350%2C200","width":350,"height":200},"classes":[]}],"jetpack_likes_enabled":true,"_links":{"self":[{"href":"https:\/\/iumotril.org\/sitio\/wp-json\/wp\/v2\/posts\/2538","targetHints":{"allow":["GET"]}}],"collection":[{"href":"https:\/\/iumotril.org\/sitio\/wp-json\/wp\/v2\/posts"}],"about":[{"href":"https:\/\/iumotril.org\/sitio\/wp-json\/wp\/v2\/types\/post"}],"author":[{"embeddable":true,"href":"https:\/\/iumotril.org\/sitio\/wp-json\/wp\/v2\/users\/1"}],"replies":[{"embeddable":true,"href":"https:\/\/iumotril.org\/sitio\/wp-json\/wp\/v2\/comments?post=2538"}],"version-history":[{"count":5,"href":"https:\/\/iumotril.org\/sitio\/wp-json\/wp\/v2\/posts\/2538\/revisions"}],"predecessor-version":[{"id":2555,"href":"https:\/\/iumotril.org\/sitio\/wp-json\/wp\/v2\/posts\/2538\/revisions\/2555"}],"wp:attachment":[{"href":"https:\/\/iumotril.org\/sitio\/wp-json\/wp\/v2\/media?parent=2538"}],"wp:term":[{"taxonomy":"category","embeddable":true,"href":"https:\/\/iumotril.org\/sitio\/wp-json\/wp\/v2\/categories?post=2538"},{"taxonomy":"post_tag","embeddable":true,"href":"https:\/\/iumotril.org\/sitio\/wp-json\/wp\/v2\/tags?post=2538"}],"curies":[{"name":"wp","href":"https:\/\/api.w.org\/{rel}","templated":true}]}}