{"id":2522,"date":"2016-11-22T12:46:29","date_gmt":"2016-11-22T11:46:29","guid":{"rendered":"http:\/\/iumotril.org\/sitio\/?p=2522"},"modified":"2016-11-22T16:58:33","modified_gmt":"2016-11-22T15:58:33","slug":"si-estas-parad-tienes-derecho-a-bonificarte-el-ibi-aunque-el-ayuntamiento-no-quiera-que-lo-sepas","status":"publish","type":"post","link":"https:\/\/iumotril.org\/sitio\/si-estas-parad-tienes-derecho-a-bonificarte-el-ibi-aunque-el-ayuntamiento-no-quiera-que-lo-sepas\/","title":{"rendered":"SI EST\u00c1S PARAD@, TIENES DERECHO A BONIFICARTE EL IBI, AUNQUE EL AYUNTAMIENTO NO QUIERA QUE LO SEPAS"},"content":{"rendered":"<h4><strong><span style=\"color: #993300;\">Desde IU Motril se considera que el equipo de gobierno no est\u00e1 dando la difusi\u00f3n adecuada a la subvenci\u00f3n del 50% en el pago del Impuesto de Bienes Inmuebles (IBI), la contribuci\u00f3n, que se contempla en la Ordenanza Fiscal de dicho Impuesto, seg\u00fan propuso Izquierda Unida en sus alegaciones.<\/span><\/strong><\/h4>\n<p>La subvenci\u00f3n debe ser<a href=\"http:\/\/www.motril.es\/index.php?id=870&amp;tx_ordenanzas_ordenanzasp%5Bordenanza%5D=43&amp;tx_ordenanzas_ordenanzasp%5Baction%5D=show&amp;tx_ordenanzas_ordenanzasp%5Bcontroller%5D=Ordenanza&amp;cHash=56ace99bd958365d7ab75e0cc8aa7947\" target=\"_blank\"> solicitada<\/a> previamente por el interesado <strong>con anterioridad al 31 de diciembre<\/strong> para su entrada en vigor en el ejercicio siguiente.<\/p>\n<p><a href=\"https:\/\/iumotril.org\/sitio\/wp-content\/uploads\/2016\/11\/Archivo_000-10-e1479814807903.jpeg\"><img loading=\"lazy\" decoding=\"async\" data-attachment-id=\"2541\" data-permalink=\"https:\/\/iumotril.org\/sitio\/si-estas-parad-tienes-derecho-a-bonificarte-el-ibi-aunque-el-ayuntamiento-no-quiera-que-lo-sepas\/archivo_000-10\/\" data-orig-file=\"https:\/\/iumotril.org\/sitio\/wp-content\/uploads\/2016\/11\/Archivo_000-10-e1479814807903.jpeg\" data-orig-size=\"2448,3264\" data-comments-opened=\"1\" data-image-meta=\"{&quot;aperture&quot;:&quot;0&quot;,&quot;credit&quot;:&quot;&quot;,&quot;camera&quot;:&quot;&quot;,&quot;caption&quot;:&quot;&quot;,&quot;created_timestamp&quot;:&quot;0&quot;,&quot;copyright&quot;:&quot;&quot;,&quot;focal_length&quot;:&quot;0&quot;,&quot;iso&quot;:&quot;0&quot;,&quot;shutter_speed&quot;:&quot;0&quot;,&quot;title&quot;:&quot;&quot;,&quot;orientation&quot;:&quot;0&quot;}\" data-image-title=\"archivo_000-10\" data-image-description=\"\" data-image-caption=\"\" data-large-file=\"https:\/\/iumotril.org\/sitio\/wp-content\/uploads\/2016\/11\/Archivo_000-10-e1479814807903-768x1024.jpeg\" class=\"alignleft wp-image-2541 size-medium\" src=\"https:\/\/iumotril.org\/sitio\/wp-content\/uploads\/2016\/11\/Archivo_000-10-e1479814807903-225x300.jpeg\" alt=\"archivo_000-10\" width=\"225\" height=\"300\" srcset=\"https:\/\/iumotril.org\/sitio\/wp-content\/uploads\/2016\/11\/Archivo_000-10-e1479814807903-225x300.jpeg 225w, https:\/\/iumotril.org\/sitio\/wp-content\/uploads\/2016\/11\/Archivo_000-10-e1479814807903-768x1024.jpeg 768w\" sizes=\"auto, (max-width: 225px) 100vw, 225px\" \/><\/a>A pesar de que los potenciales beneficiarios de esta medida son los m\u00e1s de <strong>seis mil personas desempleadas que hay registradas en Motril<\/strong>, ning\u00fan medio municipal informa de la misma, de sus requisitos o facilita el modelo de solicitud, que debe retirarse presencialmente en dependencias municipales. Sin embargo, la web municipal destaca en su secci\u00f3n Inf\u00f3rmate, \u00a0entre otras noticias de inter\u00e9s, un espect\u00e1culo de <a href=\"http:\/\/www.motril.es\/index.php?id=185&amp;tx_news_pi1%5Bnews%5D=1257&amp;tx_news_pi1%5Bcontroller%5D=News&amp;tx_news_pi1%5Baction%5D=detail&amp;cHash=beeb31910aec61121944ef46a938be1e\" target=\"_blank\">copla\u00a0<\/a>\u00a0en el Teatro Calder\u00f3n, el pr\u00f3ximo s\u00e1bado, una informaci\u00f3n de indudable inter\u00e9s para la ciudadan\u00eda, sin discusi\u00f3n alguna.<\/p>\n<h3><span style=\"color: #993300;\">Pasando de los m\u00e1s desfavorecidos<\/span><\/h3>\n<p>Para Daniela Paqu\u00e9, portavoz de la formaci\u00f3n de izquierdas, este es otro claro ejemplo del <strong>desentendimiento del gobierno local de Motril hacia los que peor lo est\u00e1n pasando en Motril,<\/strong> entre ellos los parados y paradas de Motril que, seg\u00fan los datos disponibles, superan las 6.400 personas, la mayor parte de ellas sin ning\u00fan tipo de ayuda ni prestaci\u00f3n.<\/p>\n<p>Sin embargo, Flor Alm\u00f3n no titubea a la hora de <a href=\"https:\/\/iumotril.org\/sitio\/seguiremos-oponiendonos-a-la-reclasificacion-de-terrenos-de-la-vega\/\" target=\"_blank\">reclasificar terrenos a la carta<\/a> para favorecer los <strong>negocios de los poderosos<\/strong>, de las familias de siempre de Motril; el PSOE no se averg\u00fcenza lo m\u00e1s m\u00ednimo de perpetuar la desigualdad entre las \u00e9lites y el pueblo. Al fin y al cabo, ya sabemos, que definitivamente\u00a0<strong>el PSOE est\u00e1 decididamente del lado de los poderosos<\/strong>.<\/p>\n<p>Esta situaci\u00f3n de <strong>ocultamiento de subvenciones y bonificaciones<\/strong> se da, asimismo, en el caso de las bonificaciones a las <strong>familias numerosas<\/strong> que, al tener car\u00e1cter rogado, deben ser solicitadas por los interesados y pueden suponer, en funci\u00f3n del umbral de renta de la unidad familiar, hasta el 90% de bonificaci\u00f3n en \u00a0la cuota \u00edntegra del impuesto.<\/p>\n","protected":false},"excerpt":{"rendered":"<p>Desde IU Motril se considera que el equipo de gobierno no se est\u00e1 dando la difusi\u00f3n adecuada a la subvenci\u00f3n del 50% en el pago del Impuesto de Bienes Inmuebles (IBI), la contribuci\u00f3n, que se contempla en la Ordenanza Fiscal de dicho Impuesto, seg\u00fan propuso Izquierda Unida en sus alegaciones.<\/p>\n","protected":false},"author":1,"featured_media":0,"comment_status":"open","ping_status":"open","sticky":false,"template":"","format":"standard","meta":{"cybocfi_hide_featured_image":"","_jetpack_newsletter_access":"","_jetpack_dont_email_post_to_subs":false,"_jetpack_newsletter_tier_id":0,"_jetpack_memberships_contains_paywalled_content":false,"_jetpack_memberships_contains_paid_content":false,"footnotes":""},"categories":[265],"tags":[323,646,263,645,643,609,644],"class_list":["post-2522","post","type-post","status-publish","format-standard","hentry","category-esta-pasando","tag-desempleo","tag-difusion","tag-ibi","tag-informacion","tag-paradas","tag-parados","tag-subvenciones"],"jetpack_featured_media_url":"","jetpack_sharing_enabled":true,"jetpack_shortlink":"https:\/\/wp.me\/p4QsU5-EG","jetpack-related-posts":[{"id":1384,"url":"https:\/\/iumotril.org\/sitio\/izquierda-unida-propone-una-bajada-real-en-los-impuestos-municipales\/","url_meta":{"origin":2522,"position":0},"title":"Izquierda Unida propone una bajada real en los impuestos municipales","author":"Izquierda Unida Motril","date":"21 septiembre, 2015","format":false,"excerpt":"Izquierda Unida solicitar\u00e1 al equipo de gobierno que los presupuestos municipales para el pr\u00f3ximo a\u00f1o recojan una bajada significativa del recibo de la contribuci\u00f3n (Impuesto de Bienes Inmuebles) que beneficie sobre todo a las familias m\u00e1s desfavorecidas. Defender\u00e1 que la prioridad de los presupuestos para el pr\u00f3ximo a\u00f1o debe ser\u2026","rel":"","context":"En \u00abAyuntamiento\u00bb","block_context":{"text":"Ayuntamiento","link":"https:\/\/iumotril.org\/sitio\/category\/ayuntamiento\/"},"img":{"alt_text":"Daniela Paque_2","src":"https:\/\/i0.wp.com\/iumotril.org\/sitio\/wp-content\/uploads\/2015\/09\/Daniela-Paque_2-291x300.jpg?resize=350%2C200","width":350,"height":200},"classes":[]},{"id":1469,"url":"https:\/\/iumotril.org\/sitio\/izquierda-unida-no-apoyara-bajadas-simbolicas-de-los-impuestos-municipales\/","url_meta":{"origin":2522,"position":1},"title":"IZQUIERDA UNIDA NO APOYAR\u00c1 BAJADAS SIMB\u00d3LICAS DE LOS IMPUESTOS MUNICIPALES","author":"Izquierda Unida Motril","date":"9 octubre, 2015","format":false,"excerpt":"Ante la pr\u00f3xima modificaci\u00f3n de las Ordenanzas fiscales reguladoras de diferentes tasas e impuestos, entre ellos el de la contribuci\u00f3n (Impuesto de Bienes Inmuebles), la tasa de basuras y otras, el Grupo municipal de Izquierda Unida ha anunciado que defender\u00e1 una bajada real en los recibos, especialmente para los contribuyentes\u2026","rel":"","context":"En \u00abEST\u00c1 PASANDO\u00bb","block_context":{"text":"EST\u00c1 PASANDO","link":"https:\/\/iumotril.org\/sitio\/category\/esta-pasando\/"},"img":{"alt_text":"Motril libre desahucios_2","src":"https:\/\/i0.wp.com\/iumotril.org\/sitio\/wp-content\/uploads\/2015\/09\/Motril-libre-desahucios_2-1024x467.jpg?resize=350%2C200","width":350,"height":200,"srcset":"https:\/\/i0.wp.com\/iumotril.org\/sitio\/wp-content\/uploads\/2015\/09\/Motril-libre-desahucios_2-1024x467.jpg?resize=350%2C200 1x, https:\/\/i0.wp.com\/iumotril.org\/sitio\/wp-content\/uploads\/2015\/09\/Motril-libre-desahucios_2-1024x467.jpg?resize=525%2C300 1.5x"},"classes":[]},{"id":7913,"url":"https:\/\/iumotril.org\/sitio\/iu-equo-reclama-una-politica-fiscal-progresiva-y-mas-justa-para-los-vecinos\/","url_meta":{"origin":2522,"position":2},"title":"IU-Equo reclama una pol\u00edtica fiscal progresiva  y m\u00e1s justa para los vecinos","author":"Izquierda Unida Motril","date":"28 diciembre, 2021","format":false,"excerpt":"Inma Omiste ha denunciado la \u201cimpostura del gobierno de derechas\u201d, que no deja de anunciar bajadas generalizadas de impuestos cuando est\u00e1 en la oposici\u00f3n y, a la hora de la verdad, cuando gobierna, s\u00f3lo se reducen impuestos a los m\u00e1s ricos y a las grandes empresas en detrimento de las\u2026","rel":"","context":"En \u00abAyuntamiento\u00bb","block_context":{"text":"Ayuntamiento","link":"https:\/\/iumotril.org\/sitio\/category\/ayuntamiento\/"},"img":{"alt_text":"","src":"https:\/\/i0.wp.com\/iumotril.org\/sitio\/wp-content\/uploads\/2021\/11\/Inma-23-noviembre.jpg?resize=350%2C200","width":350,"height":200,"srcset":"https:\/\/i0.wp.com\/iumotril.org\/sitio\/wp-content\/uploads\/2021\/11\/Inma-23-noviembre.jpg?resize=350%2C200 1x, https:\/\/i0.wp.com\/iumotril.org\/sitio\/wp-content\/uploads\/2021\/11\/Inma-23-noviembre.jpg?resize=525%2C300 1.5x, https:\/\/i0.wp.com\/iumotril.org\/sitio\/wp-content\/uploads\/2021\/11\/Inma-23-noviembre.jpg?resize=700%2C400 2x, https:\/\/i0.wp.com\/iumotril.org\/sitio\/wp-content\/uploads\/2021\/11\/Inma-23-noviembre.jpg?resize=1050%2C600 3x, https:\/\/i0.wp.com\/iumotril.org\/sitio\/wp-content\/uploads\/2021\/11\/Inma-23-noviembre.jpg?resize=1400%2C800 4x"},"classes":[]},{"id":7786,"url":"https:\/\/iumotril.org\/sitio\/la-rebaja-fiscal-anunciada-por-el-gobierno-de-garcia-chamorro-deja-fuera-a-las-familias-y-a-las-pequenas-empresas\/","url_meta":{"origin":2522,"position":3},"title":"La \u00abrebaja fiscal\u00bb anunciada por el gobierno de Garc\u00eda Chamorro deja fuera a las familias y a las peque\u00f1as empresas","author":"Izquierda Unida Motril","date":"21 octubre, 2021","format":false,"excerpt":"Los principales beneficiarios de las modificaciones de las ordenanzas vuelven a ser, por un lado, las grandes superficies comerciales, a las que se bonifica las licencias de apertura y, por otro, las concesiones administrativas municipales, a las que se reduce en 50% la cuota \u00edntegra del impuesto sobre bienes inmuebles\u2026","rel":"","context":"En \u00abAyuntamiento\u00bb","block_context":{"text":"Ayuntamiento","link":"https:\/\/iumotril.org\/sitio\/category\/ayuntamiento\/"},"img":{"alt_text":"","src":"https:\/\/i0.wp.com\/iumotril.org\/sitio\/wp-content\/uploads\/2021\/10\/Inma-21-octubre.jpg?resize=350%2C200","width":350,"height":200,"srcset":"https:\/\/i0.wp.com\/iumotril.org\/sitio\/wp-content\/uploads\/2021\/10\/Inma-21-octubre.jpg?resize=350%2C200 1x, https:\/\/i0.wp.com\/iumotril.org\/sitio\/wp-content\/uploads\/2021\/10\/Inma-21-octubre.jpg?resize=525%2C300 1.5x, https:\/\/i0.wp.com\/iumotril.org\/sitio\/wp-content\/uploads\/2021\/10\/Inma-21-octubre.jpg?resize=700%2C400 2x"},"classes":[]},{"id":8477,"url":"https:\/\/iumotril.org\/sitio\/iu-equo-denuncia-que-la-rebaja-masiva-de-impuestos-anunciada-por-el-gobierno-local-es-una-falacia\/","url_meta":{"origin":2522,"position":4},"title":"IU-Equo denuncia que la rebaja \u00abmasiva\u00bb de impuestos anunciada por el gobierno local es una falacia","author":"Izquierda Unida Motril","date":"3 noviembre, 2022","format":false,"excerpt":"La portavoz de IU-Equo, Inma Omiste, ha denunciado que la alcaldesa Garc\u00eda Chamorro y el Teniente de Alcalde, Nicol\u00e1s Navarro, \u201cfaltan a la verdad\u201d al presumir de una bajada \u201cmasiva\u201d de impuestos, ya que \u00fanicamente se llevar\u00e1 a cabo una reducci\u00f3n global de un 5% del Impuesto de Veh\u00edculos de\u2026","rel":"","context":"En \u00abAyuntamiento\u00bb","block_context":{"text":"Ayuntamiento","link":"https:\/\/iumotril.org\/sitio\/category\/ayuntamiento\/"},"img":{"alt_text":"","src":"https:\/\/i0.wp.com\/iumotril.org\/sitio\/wp-content\/uploads\/2022\/11\/coches-Luisa.jpg?resize=350%2C200&ssl=1","width":350,"height":200,"srcset":"https:\/\/i0.wp.com\/iumotril.org\/sitio\/wp-content\/uploads\/2022\/11\/coches-Luisa.jpg?resize=350%2C200&ssl=1 1x, https:\/\/i0.wp.com\/iumotril.org\/sitio\/wp-content\/uploads\/2022\/11\/coches-Luisa.jpg?resize=525%2C300&ssl=1 1.5x, https:\/\/i0.wp.com\/iumotril.org\/sitio\/wp-content\/uploads\/2022\/11\/coches-Luisa.jpg?resize=700%2C400&ssl=1 2x"},"classes":[]},{"id":8781,"url":"https:\/\/iumotril.org\/sitio\/izquierda-unida-equo-plantea-una-mejora-de-la-fiscalidad-municipal-para-garantizar-la-prestacion-eficaz-de-los-servicios-publicos\/","url_meta":{"origin":2522,"position":5},"title":"Izquierda Unida-Equo plantea una mejora de la fiscalidad municipal para garantizar la prestaci\u00f3n  eficaz de los servicios p\u00fablicos","author":"Izquierda Unida Motril","date":"22 diciembre, 2022","format":false,"excerpt":"Rechaza el marco fiscal propuesto por el PP y sus socios de gobierno, que tiene como una de sus principales consecuencias las importantes carencias en la prestaci\u00f3n de los servicios p\u00fablicos municipales, sobre todo en lo relacionado con la limpieza y el mantenimiento de la ciudad, la apertura de instalaciones\u2026","rel":"","context":"En \u00abAyuntamiento\u00bb","block_context":{"text":"Ayuntamiento","link":"https:\/\/iumotril.org\/sitio\/category\/ayuntamiento\/"},"img":{"alt_text":"","src":"https:\/\/i0.wp.com\/iumotril.org\/sitio\/wp-content\/uploads\/2022\/12\/Fachada-ayuntameinto.jpg?resize=350%2C200&ssl=1","width":350,"height":200,"srcset":"https:\/\/i0.wp.com\/iumotril.org\/sitio\/wp-content\/uploads\/2022\/12\/Fachada-ayuntameinto.jpg?resize=350%2C200&ssl=1 1x, https:\/\/i0.wp.com\/iumotril.org\/sitio\/wp-content\/uploads\/2022\/12\/Fachada-ayuntameinto.jpg?resize=525%2C300&ssl=1 1.5x, https:\/\/i0.wp.com\/iumotril.org\/sitio\/wp-content\/uploads\/2022\/12\/Fachada-ayuntameinto.jpg?resize=700%2C400&ssl=1 2x, https:\/\/i0.wp.com\/iumotril.org\/sitio\/wp-content\/uploads\/2022\/12\/Fachada-ayuntameinto.jpg?resize=1050%2C600&ssl=1 3x"},"classes":[]}],"jetpack_likes_enabled":true,"_links":{"self":[{"href":"https:\/\/iumotril.org\/sitio\/wp-json\/wp\/v2\/posts\/2522","targetHints":{"allow":["GET"]}}],"collection":[{"href":"https:\/\/iumotril.org\/sitio\/wp-json\/wp\/v2\/posts"}],"about":[{"href":"https:\/\/iumotril.org\/sitio\/wp-json\/wp\/v2\/types\/post"}],"author":[{"embeddable":true,"href":"https:\/\/iumotril.org\/sitio\/wp-json\/wp\/v2\/users\/1"}],"replies":[{"embeddable":true,"href":"https:\/\/iumotril.org\/sitio\/wp-json\/wp\/v2\/comments?post=2522"}],"version-history":[{"count":9,"href":"https:\/\/iumotril.org\/sitio\/wp-json\/wp\/v2\/posts\/2522\/revisions"}],"predecessor-version":[{"id":2547,"href":"https:\/\/iumotril.org\/sitio\/wp-json\/wp\/v2\/posts\/2522\/revisions\/2547"}],"wp:attachment":[{"href":"https:\/\/iumotril.org\/sitio\/wp-json\/wp\/v2\/media?parent=2522"}],"wp:term":[{"taxonomy":"category","embeddable":true,"href":"https:\/\/iumotril.org\/sitio\/wp-json\/wp\/v2\/categories?post=2522"},{"taxonomy":"post_tag","embeddable":true,"href":"https:\/\/iumotril.org\/sitio\/wp-json\/wp\/v2\/tags?post=2522"}],"curies":[{"name":"wp","href":"https:\/\/api.w.org\/{rel}","templated":true}]}}