{"id":2463,"date":"2016-10-25T13:04:04","date_gmt":"2016-10-25T11:04:04","guid":{"rendered":"http:\/\/iumotril.org\/sitio\/?p=2463"},"modified":"2016-10-25T13:04:04","modified_gmt":"2016-10-25T11:04:04","slug":"izquierda-unida-hace-un-llamamiento-a-los-motrilenos-a-secundar-la-huelga-educativa-contra-las-revalidas","status":"publish","type":"post","link":"https:\/\/iumotril.org\/sitio\/izquierda-unida-hace-un-llamamiento-a-los-motrilenos-a-secundar-la-huelga-educativa-contra-las-revalidas\/","title":{"rendered":"IZQUIERDA UNIDA HACE UN LLAMAMIENTO A LOS MOTRILE\u00d1OS A SECUNDAR LA HUELGA EDUCATIVA CONTRA LAS R\u00c9VALIDAS."},"content":{"rendered":"<p>Izquierda Unida anima a toda la comunidad educativa motrile\u00f1a a que se sumen a la<strong> huelga educativa convocada ma\u00f1ana, 26 de octubre<\/strong>, como respuesta a la imposici\u00f3n de las rev\u00e1lidas, para exigir la derogaci\u00f3n de la Ley Org\u00e1nica de Mejora de la Calidad Educativa (la Ley Wert) y la reversi\u00f3n de los recortes en educaci\u00f3n.<\/p>\n<p><a href=\"https:\/\/iumotril.org\/sitio\/wp-content\/uploads\/2016\/10\/cartel26o.jpg\"><img loading=\"lazy\" decoding=\"async\" data-attachment-id=\"2473\" data-permalink=\"https:\/\/iumotril.org\/sitio\/izquierda-unida-hace-un-llamamiento-a-los-motrilenos-a-secundar-la-huelga-educativa-contra-las-revalidas\/cartel26o\/\" data-orig-file=\"https:\/\/iumotril.org\/sitio\/wp-content\/uploads\/2016\/10\/cartel26o.jpg\" data-orig-size=\"300,205\" data-comments-opened=\"1\" data-image-meta=\"{&quot;aperture&quot;:&quot;0&quot;,&quot;credit&quot;:&quot;&quot;,&quot;camera&quot;:&quot;&quot;,&quot;caption&quot;:&quot;&quot;,&quot;created_timestamp&quot;:&quot;0&quot;,&quot;copyright&quot;:&quot;&quot;,&quot;focal_length&quot;:&quot;0&quot;,&quot;iso&quot;:&quot;0&quot;,&quot;shutter_speed&quot;:&quot;0&quot;,&quot;title&quot;:&quot;&quot;,&quot;orientation&quot;:&quot;1&quot;}\" data-image-title=\"cartel26o\" data-image-description=\"\" data-image-caption=\"\" data-large-file=\"https:\/\/iumotril.org\/sitio\/wp-content\/uploads\/2016\/10\/cartel26o.jpg\" class=\"aligncenter wp-image-2473\" src=\"https:\/\/iumotril.org\/sitio\/wp-content\/uploads\/2016\/10\/cartel26o.jpg\" alt=\"cartel26o\" width=\"500\" height=\"342\" \/><\/a><\/p>\n<p>Izquierda Unida de Motril apoya, promueve e impulsa la convocatoria de esta primera gran <a href=\"http:\/\/www.elconfidencial.com\/sociedad\/2016-10-24\/huelga-revalidas-manifestaciones-26octubre-educacion_1279382\/\" target=\"_blank\">huelga general unitaria<\/a>, acordada por toda la comunidad educativa en todo el Estado ma\u00f1ana, 26 de octubre. De este modo, reafirma su irrenunciable compromiso con la educaci\u00f3n p\u00fablica como garant\u00eda del derecho de toda la ciudadan\u00eda a una enselanza de calidad en condiciones de igualdad.<\/p>\n<p>La Asamblea de Izquierda Unida exige la<strong> retirada inmediata del decreto de rev\u00e1lida<\/strong>s impuesto por el Gobierno en funciones de Mariano Rajoy en contra de la opini\u00f3n mayoritaria de las comunidades aut\u00f3nomas que tendr\u00e1n que aplicarlas. En el mismo sentido, reclama la<strong> reversi\u00f3n de los recortes educativos<\/strong> que han supuesto el deterioro de la educaci\u00f3n p\u00fablica con la expulsi\u00f3n de miles de docentes de sus aulas y la<strong> derogaci\u00f3n efectiva de la LOMCE<\/strong>, cuya implantaci\u00f3n contin\u00faa por parte del PP a pesar de que esta contrarreforma ha sido rechazada mayoritariamente por la comunidad educativa y por el Congreso de los Diputados en dos ocasiones en los \u00faltimos meses.<\/p>\n<p>Christian Linares, concejal de Izquierda Unida en el Ayuntamiento de Motril, ha enfatizado el rechazo de su formaci\u00f3n a este ataque frontal a la educaci\u00f3n p\u00fablica, reafirmando el compromiso de su Grupo por un<strong> modelo educativo inclusivo, laico y democr\u00e1tico que garantice el derecho de las y los ciudadanos a una educaci\u00f3n de calidad en condiciones de igualdad.<\/strong><\/p>\n<p>Linares ha animado a los<strong> estudiantes, a los docentes, a las madres y los padres a que secunden la huelga general educativa convocada y a que se sumen a las movilizaciones<\/strong> que se lleven a cabo en nuestra ciudad y en Granada, donde se celebrar\u00e1 la manifestaci\u00f3n central a las 12 horas del mi\u00e9rcoles, en la Plaza Einstein.<\/p>\n","protected":false},"excerpt":{"rendered":"<p>La Asamblea de Izquierda Unida exige la retirada inmediata del decreto de rev\u00e1lidas impuesto por el Gobierno en funciones de Mariano Rajoy en contra de la opini\u00f3n mayoritaria de las comunidades aut\u00f3nomas que tendr\u00e1n que aplicarlas. En el mismo sentido, reclama la reversi\u00f3n de los recortes educativos que han supuesto el deterioro de la educaci\u00f3n p\u00fablica con la expulsi\u00f3n de miles de docentes de sus aulas y la derogaci\u00f3n efectiva de la LOMCE, cuya implantaci\u00f3n contin\u00faa por parte del PP a pesar de que esta contrarreforma ha sido rechazada mayoritariamente por la comunidad educativa y por el Congreso de los Diputados en dos ocasiones en los \u00faltimos meses.<\/p>\n","protected":false},"author":1,"featured_media":0,"comment_status":"open","ping_status":"open","sticky":false,"template":"","format":"standard","meta":{"cybocfi_hide_featured_image":"","_jetpack_newsletter_access":"","_jetpack_dont_email_post_to_subs":false,"_jetpack_newsletter_tier_id":0,"_jetpack_memberships_contains_paywalled_content":false,"_jetpack_memberships_contains_paid_content":false,"footnotes":""},"categories":[265,1],"tags":[612,611,613,614],"class_list":["post-2463","post","type-post","status-publish","format-standard","hentry","category-esta-pasando","category-sin-categoria","tag-26o","tag-huelga-educativa","tag-lomce","tag-revalidas"],"jetpack_featured_media_url":"","jetpack_sharing_enabled":true,"jetpack_shortlink":"https:\/\/wp.me\/p4QsU5-DJ","jetpack-related-posts":[{"id":2726,"url":"https:\/\/iumotril.org\/sitio\/izquierda-unida-apoya-la-huelga-general-educativa-del-9-de-marzo\/","url_meta":{"origin":2463,"position":0},"title":"IZQUIERDA UNIDA APOYA LA HUELGA GENERAL EDUCATIVA DEL 9 DE MARZO","author":"Izquierda Unida Motril","date":"8 marzo, 2017","format":false,"excerpt":"Hay sobradas razones para que Izquierda Unida impulse y participe activamente en esta huelga general y unitaria convocada por todos los sectores de la comunidad educativa el 9 de marzo y apoyada en Motril por CGT, Coordinadora de Base Estudiantil, Docentes en Acci\u00f3n, Frente de Estudiantes, Marea Verde, PADEI, Sindicato\u2026","rel":"","context":"En \u00abEST\u00c1 PASANDO\u00bb","block_context":{"text":"EST\u00c1 PASANDO","link":"https:\/\/iumotril.org\/sitio\/category\/esta-pasando\/"},"img":{"alt_text":"","src":"https:\/\/i0.wp.com\/iumotril.org\/sitio\/wp-content\/uploads\/2017\/03\/Cartel-9M_2017.jpg?resize=350%2C200","width":350,"height":200,"srcset":"https:\/\/i0.wp.com\/iumotril.org\/sitio\/wp-content\/uploads\/2017\/03\/Cartel-9M_2017.jpg?resize=350%2C200 1x, https:\/\/i0.wp.com\/iumotril.org\/sitio\/wp-content\/uploads\/2017\/03\/Cartel-9M_2017.jpg?resize=525%2C300 1.5x"},"classes":[]},{"id":3101,"url":"https:\/\/iumotril.org\/sitio\/izquierda-unida-reclama-a-la-junta-que-dote-la-plaza-de-docente-de-ingles-en-el-ceip-rio-ebro\/","url_meta":{"origin":2463,"position":1},"title":"IZQUIERDA UNIDA RECLAMA A LA JUNTA QUE DOTE LA PLAZA DE DOCENTE DE INGL\u00c9S EN EL CEIP R\u00cdO EBRO","author":"Izquierda Unida Motril","date":"4 octubre, 2017","format":false,"excerpt":"Ante la movilizaci\u00f3n de las madres y padres del Colegio, la delegaci\u00f3n provincial de educaci\u00f3n anunciaba ayer que una profesora del colegio se ocupar\u00e1 de la asignatura de ingl\u00e9s, a pesar de que en la plantilla del centro no existen docentes con la habilitaci\u00f3n requerida para impartir dicha asignatura. Una\u2026","rel":"","context":"En \u00abEST\u00c1 PASANDO\u00bb","block_context":{"text":"EST\u00c1 PASANDO","link":"https:\/\/iumotril.org\/sitio\/category\/esta-pasando\/"},"img":{"alt_text":"","src":"https:\/\/i0.wp.com\/iumotril.org\/sitio\/wp-content\/uploads\/2017\/10\/Colegio-Rio-Ebro-de-Motril-300x201.jpg?resize=350%2C200","width":350,"height":200},"classes":[]},{"id":4786,"url":"https:\/\/iumotril.org\/sitio\/izquierda-unida-reclama-mejoras-en-centros-educativos-de-motril\/","url_meta":{"origin":2463,"position":2},"title":"Izquierda Unida reclama mejoras en Centros educativos de Motril","author":"Izquierda Unida Motril","date":"25 marzo, 2019","format":false,"excerpt":"Inma Omiste ha denunciando la desidia y dejadez de la concejal\u00eda de Educaci\u00f3n del Ayuntamiento de Motril que no hace frente a estos problemas ni ofrece ninguna soluci\u00f3n, a pesar de las demandas de la direcci\u00f3n del centro y de las madres y padres de los alumnos. La Candidata de\u2026","rel":"","context":"En \u00abAdelante Andaluc\u00eda\u00bb","block_context":{"text":"Adelante Andaluc\u00eda","link":"https:\/\/iumotril.org\/sitio\/category\/adelante-andalucia\/"},"img":{"alt_text":"","src":"https:\/\/i0.wp.com\/iumotril.org\/sitio\/wp-content\/uploads\/2019\/03\/Chus-Inma-y-Dani-Principe-Felipe_25-marzo-e1553532849496.jpg?resize=350%2C200","width":350,"height":200,"srcset":"https:\/\/i0.wp.com\/iumotril.org\/sitio\/wp-content\/uploads\/2019\/03\/Chus-Inma-y-Dani-Principe-Felipe_25-marzo-e1553532849496.jpg?resize=350%2C200 1x, https:\/\/i0.wp.com\/iumotril.org\/sitio\/wp-content\/uploads\/2019\/03\/Chus-Inma-y-Dani-Principe-Felipe_25-marzo-e1553532849496.jpg?resize=525%2C300 1.5x, https:\/\/i0.wp.com\/iumotril.org\/sitio\/wp-content\/uploads\/2019\/03\/Chus-Inma-y-Dani-Principe-Felipe_25-marzo-e1553532849496.jpg?resize=700%2C400 2x, https:\/\/i0.wp.com\/iumotril.org\/sitio\/wp-content\/uploads\/2019\/03\/Chus-Inma-y-Dani-Principe-Felipe_25-marzo-e1553532849496.jpg?resize=1050%2C600 3x, https:\/\/i0.wp.com\/iumotril.org\/sitio\/wp-content\/uploads\/2019\/03\/Chus-Inma-y-Dani-Principe-Felipe_25-marzo-e1553532849496.jpg?resize=1400%2C800 4x"},"classes":[]},{"id":6556,"url":"https:\/\/iumotril.org\/sitio\/izquierda-unida-exige-al-ayuntamiento-y-a-la-junta-que-garanticen-una-vuelta-segura-a-las-aulas\/","url_meta":{"origin":2463,"position":3},"title":"Izquierda Unida exige al ayuntamiento y a la Junta que garanticen una vuelta segura a las aulas","author":"Izquierda Unida Motril","date":"28 julio, 2020","format":false,"excerpt":"El parlamentario andaluz de Izquierda Unida ha reclamado a la Junta de Andaluc\u00eda un Plan que permita garantizar un comienzo de curso seguro y que haga posible la incorporaci\u00f3n presencial del alumnado a los centros educativos andaluces de cara al nuevo curso escolar. Inma Omiste, ha reclamado al Ayuntamiento de\u2026","rel":"","context":"En \u00abCovid_19\u00bb","block_context":{"text":"Covid_19","link":"https:\/\/iumotril.org\/sitio\/category\/covid_19\/"},"img":{"alt_text":"","src":"https:\/\/i0.wp.com\/iumotril.org\/sitio\/wp-content\/uploads\/2020\/07\/Chus-Fernandez-28-julio-300x300.jpg?resize=350%2C200","width":350,"height":200},"classes":[]},{"id":2420,"url":"https:\/\/iumotril.org\/sitio\/izquierda-unida-exige-la-puesta-en-marcha-de-la-escuela-de-musica-y-danza-municipal\/","url_meta":{"origin":2463,"position":4},"title":"IZQUIERDA UNIDA EXIGE LA PUESTA EN MARCHA DE LA ESCUELA MUNICIPAL DE M\u00daSICA Y DANZA","author":"Izquierda Unida Motril","date":"7 octubre, 2016","format":false,"excerpt":"A pesar del acuerdo plenario adoptado por unanimidad, en el mes de abril, para su puesta en marcha para el curso 2016-2017, el gobierno local no ha llevado a cabo actuaci\u00f3n alguna para volver a poner en funcionamiento la Escuela de M\u00fasica y Danza Municipal que, en 2013, desmantel\u00f3 el\u2026","rel":"","context":"En \u00abEST\u00c1 PASANDO\u00bb","block_context":{"text":"EST\u00c1 PASANDO","link":"https:\/\/iumotril.org\/sitio\/category\/esta-pasando\/"},"img":{"alt_text":"flor-y-escamez_escuela-musica","src":"https:\/\/i0.wp.com\/iumotril.org\/sitio\/wp-content\/uploads\/2016\/10\/Flor-y-escamez_escuela-m%C3%BAsica-1024x683.jpg?resize=350%2C200","width":350,"height":200,"srcset":"https:\/\/i0.wp.com\/iumotril.org\/sitio\/wp-content\/uploads\/2016\/10\/Flor-y-escamez_escuela-m%C3%BAsica-1024x683.jpg?resize=350%2C200 1x, https:\/\/i0.wp.com\/iumotril.org\/sitio\/wp-content\/uploads\/2016\/10\/Flor-y-escamez_escuela-m%C3%BAsica-1024x683.jpg?resize=525%2C300 1.5x"},"classes":[]},{"id":1773,"url":"https:\/\/iumotril.org\/sitio\/una-educacion-publica-gratuita-la-unica-que-garantiza-la-igualdad-de-derechos-y-oportunidades\/","url_meta":{"origin":2463,"position":5},"title":"UNA EDUCACI\u00d3N P\u00daBLICA GRATUITA, LA \u00daNICA QUE GARANTIZA LA IGUALDAD DE DERECHOS Y OPORTUNIDADES","author":"Izquierda Unida Motril","date":"17 diciembre, 2015","format":false,"excerpt":"La formaci\u00f3n de izquierdas pretende conseguir una educaci\u00f3n p\u00fablica gratuita que, desde la primera infancia hasta la universidad, luche contra la l\u00f3gica del mercado. Una educaci\u00f3n que reafirme la prioridad absoluta de los seres humanos sobre la rentabilidad econ\u00f3mica.","rel":"","context":"En \u00abEST\u00c1 PASANDO\u00bb","block_context":{"text":"EST\u00c1 PASANDO","link":"https:\/\/iumotril.org\/sitio\/category\/esta-pasando\/"},"img":{"alt_text":"educacion Chus","src":"https:\/\/i0.wp.com\/iumotril.org\/sitio\/wp-content\/uploads\/2015\/12\/educacion-Chus.jpg?resize=350%2C200","width":350,"height":200},"classes":[]}],"jetpack_likes_enabled":true,"_links":{"self":[{"href":"https:\/\/iumotril.org\/sitio\/wp-json\/wp\/v2\/posts\/2463","targetHints":{"allow":["GET"]}}],"collection":[{"href":"https:\/\/iumotril.org\/sitio\/wp-json\/wp\/v2\/posts"}],"about":[{"href":"https:\/\/iumotril.org\/sitio\/wp-json\/wp\/v2\/types\/post"}],"author":[{"embeddable":true,"href":"https:\/\/iumotril.org\/sitio\/wp-json\/wp\/v2\/users\/1"}],"replies":[{"embeddable":true,"href":"https:\/\/iumotril.org\/sitio\/wp-json\/wp\/v2\/comments?post=2463"}],"version-history":[{"count":5,"href":"https:\/\/iumotril.org\/sitio\/wp-json\/wp\/v2\/posts\/2463\/revisions"}],"predecessor-version":[{"id":2475,"href":"https:\/\/iumotril.org\/sitio\/wp-json\/wp\/v2\/posts\/2463\/revisions\/2475"}],"wp:attachment":[{"href":"https:\/\/iumotril.org\/sitio\/wp-json\/wp\/v2\/media?parent=2463"}],"wp:term":[{"taxonomy":"category","embeddable":true,"href":"https:\/\/iumotril.org\/sitio\/wp-json\/wp\/v2\/categories?post=2463"},{"taxonomy":"post_tag","embeddable":true,"href":"https:\/\/iumotril.org\/sitio\/wp-json\/wp\/v2\/tags?post=2463"}],"curies":[{"name":"wp","href":"https:\/\/api.w.org\/{rel}","templated":true}]}}