{"id":2457,"date":"2016-10-20T11:33:51","date_gmt":"2016-10-20T09:33:51","guid":{"rendered":"http:\/\/iumotril.org\/sitio\/?p=2457"},"modified":"2016-10-20T11:33:51","modified_gmt":"2016-10-20T09:33:51","slug":"izquierda-unida-reclama-la-puesta-en-marcha-de-los-planes-de-empleo-joven-y-30","status":"publish","type":"post","link":"https:\/\/iumotril.org\/sitio\/izquierda-unida-reclama-la-puesta-en-marcha-de-los-planes-de-empleo-joven-y-30\/","title":{"rendered":"IZQUIERDA UNIDA RECLAMA LA PUESTA EN MARCHA DE LOS PLANES DE EMPLEO JOVEN Y +30"},"content":{"rendered":"<p class=\"p1\"><span class=\"s1\">La Junta de Andaluc\u00eda lleva prometiendo desde 2015 los planes de empleo que permitan a los ayuntamientos la contrataci\u00f3n de miles de desempleados y desempleadas que contribuyan a mitigar la situaci\u00f3n de paro y pobreza que sufren sus familias. Sin embargo, a pesar de los recurrentes\u00a0anuncios y de las promesas de Susana D\u00edaz, los planes no llegan.\u00a0<\/span><span class=\"s1\">El \u00faltimo anuncio de que los fondos estar\u00edan\u00a0en octubre a disposici\u00f3n de los ayuntamientos lo hizo la presidenta en la sesi\u00f3n de control al gobierno del 7 de octubre respondiendo a<span class=\"Apple-converted-space\">\u00a0 <\/span>preguntas de Antonio Ma\u00edllo, portavoz de IU.<\/span><\/p>\n<p class=\"p1\"><span class=\"s1\">Motril tiene actualmente<strong> 6.516 parados y parada<\/strong>s, seg\u00fan los datos de paro registrado de los servicios p\u00fablicos de empleo, por lo que le corresponden<strong> 1,7 millones de euros para la contrataci\u00f3n de 290 personas<\/strong>. Unos recursos que no llegan, lo que pone en evidencia la desidia de la Junta de Andaluc\u00eda ante el paro y la pobreza de las familias andaluzas y motrile\u00f1as.<\/span><\/p>\n<p class=\"p1\"><span class=\"s1\">Por este motivo, el pasado martes, alcaldes y alcaldesas, cargos p\u00fablicos de la diputaciones y del Parlamento andaluz se concentraron ante el Palacio de San Telmo para exigir la puesta en marcha de los planes de empleo de forma inmediata. No consta que en esa protesta hubiera ning\u00fan responsable pol\u00edtico del Ayuntamiento de Motril.<\/span><\/p>\n<div class=\"jetpack-video-wrapper\"><span class=\"embed-youtube\" style=\"text-align:center; display: block;\"><iframe loading=\"lazy\" class=\"youtube-player\" width=\"640\" height=\"360\" src=\"https:\/\/www.youtube.com\/embed\/I93eHjYxlzY?version=3&#038;rel=1&#038;showsearch=0&#038;showinfo=1&#038;iv_load_policy=1&#038;fs=1&#038;hl=es-ES&#038;autohide=2&#038;wmode=transparent\" allowfullscreen=\"true\" style=\"border:0;\" sandbox=\"allow-scripts allow-same-origin allow-popups allow-presentation allow-popups-to-escape-sandbox\"><\/iframe><\/span><\/div>\n<p class=\"p1\"><span class=\"s1\">Mientras tanto, la teniente de alcalde de Empleo del Ayuntamiento de Motril permanece en su despacho o participa sonriente en actos de entrega de diplomas de cursos de formaci\u00f3n que merecen ocupar espacio informativo de\u00a0las noticias de Telemotril y la portada de la web municipal. Resulta llamativo que tras 15 meses ocupando el cargo, la Sra. Esc\u00e1mez no haya impulsado una sola medida para la <a href=\"https:\/\/iumotril.org\/sitio\/a-iniciativa-de-izquierda-unida-se-pondra-en-marcha-una-estrategia-local-por-el-empleo-en-motril\/\">creaci\u00f3n de empleo en nuestra ciudad<\/a> (\u201cQuien no la conozca, que la compre\u201d, que dir\u00eda\u00a0Antonio Ma\u00edllo).<\/span><\/p>\n<p class=\"p1\"><span class=\"s1\">Los parados de Motril reclaman <a href=\"https:\/\/iumotril.org\/sitio\/izquierda-unida-reclama-la-puesta-en-marcha-de-un-banco-de-tierras-para-parados\/\">tierras<\/a> y trabajo, los desahuciados, <a href=\"https:\/\/iumotril.org\/sitio\/un-ano-despues-de-aprobada-se-anuncia-la-creacion-de-la-oficina-antidesahucios\/\">techo<\/a>, los pobres, pan y los excluidos dignidad, mientras que el gobierno local mira para otro lado, asiste a eventos e inauguraciones de post\u00edn, apoya la promoci\u00f3n de productos e <a href=\"https:\/\/iumotril.org\/sitio\/denunciamos-el-trato-de-favor-del-ayuntamiento-hacia-empresas-e-intereses-privados\/\">iniciativas privadas<\/a>, o presenta sus ofrendas a La virgen de la Pastora.<\/span><\/p>\n<p class=\"p1\"><span class=\"s1\">El poderoso hermano de la Sra. Esc\u00e1mez, a pesar de sus veladas amenazas para el caso de que los dineros de la Junta no lleguen a Motril, calla. No mueve ficha. Quiz\u00e1s est\u00e9 demasiado ocupado, como su equipo de colaboradores, en atender a las decenas de personas que cada d\u00eda hacen cola a la puerta de su oficina para preguntarle qu\u00e9 hay de los suyo (as\u00ed se hace pol\u00edtica en Motril).<\/span><\/p>\n<p class=\"p1\"><span class=\"s1\">Izquierda Unida de Motril deplora que el Gobierno Local no exija a la Junta de Andaluc\u00eda la puesta en marcha inmediata de estos planes de empleo, sum\u00e1ndose a las movilizaciones de otros ayuntamientos andaluces. A la vez, reitera su reclamaci\u00f3n de que, cuando lleguen esos planes, <strong>el proceso de selecci\u00f3n de los candidatos se desarrolle de forma transparente, con luz y taqu\u00edgrafos, lejos de los despachos de los hermanos Esc\u00e1mez.<\/strong><\/span><\/p>\n","protected":false},"excerpt":{"rendered":"<p>Izquierda Unida de Motril deplora que el Gobierno Local no exija a la Junta de Andaluc\u00eda la puesta en marcha inmediata de estos planes de empleo, sum\u00e1ndose a las movilizaciones de otros ayuntamientos andaluces. A la vez, reitera su reclamaci\u00f3n de que, cuando lleguen esos planes, el proceso de selecci\u00f3n de los candidatos se desarrolle de forma transparente, con luz y taqu\u00edgrafos, lejos de los despachos de los hermanos Esc\u00e1mez.<\/p>\n","protected":false},"author":1,"featured_media":0,"comment_status":"open","ping_status":"open","sticky":false,"template":"","format":"standard","meta":{"cybocfi_hide_featured_image":"","_jetpack_newsletter_access":"","_jetpack_dont_email_post_to_subs":false,"_jetpack_newsletter_tier_id":0,"_jetpack_memberships_contains_paywalled_content":false,"_jetpack_memberships_contains_paid_content":false,"footnotes":""},"categories":[265],"tags":[607,47,130,411,609,608,610,105],"class_list":["post-2457","post","type-post","status-publish","format-standard","hentry","category-esta-pasando","tag-susanamiente","tag-empleo-2","tag-escamez","tag-jovenes","tag-parados","tag-planes-de-empleo","tag-precarios","tag-transparencia"],"jetpack_featured_media_url":"","jetpack_sharing_enabled":true,"jetpack_shortlink":"https:\/\/wp.me\/p4QsU5-DD","jetpack-related-posts":[{"id":1585,"url":"https:\/\/iumotril.org\/sitio\/paro-y-precariedad-laboral-esta-es-su-recuperacion\/","url_meta":{"origin":2457,"position":0},"title":"Paro y precariedad laboral. Esta es su recuperaci\u00f3n","author":"Izquierda Unida Motril","date":"3 noviembre, 2015","format":false,"excerpt":"El paro sube en octubre 82. 327 personas en Espa\u00f1a y se sit\u00faa en 1.4 millones. M\u00e1s de 2,2 millones de personas no reciben ayudas de los servicios p\u00fablicos de empleo. En Andaluc\u00eda supera el mill\u00f3n de personas (1.008.940). En la provincia de Granada el n\u00famero de parados registrados se\u2026","rel":"","context":"En \u00abempleo\u00bb","block_context":{"text":"empleo","link":"https:\/\/iumotril.org\/sitio\/category\/empleo\/"},"img":{"alt_text":"hombres mujeres plantilla octubre","src":"https:\/\/i0.wp.com\/iumotril.org\/sitio\/wp-content\/uploads\/2015\/11\/hombres-mujeres-plantilla-octubre-300x200.jpg?resize=350%2C200","width":350,"height":200,"srcset":"https:\/\/i0.wp.com\/iumotril.org\/sitio\/wp-content\/uploads\/2015\/11\/hombres-mujeres-plantilla-octubre-300x200.jpg?resize=350%2C200 1x, https:\/\/i0.wp.com\/iumotril.org\/sitio\/wp-content\/uploads\/2015\/11\/hombres-mujeres-plantilla-octubre-300x200.jpg?resize=525%2C300 1.5x"},"classes":[]},{"id":2627,"url":"https:\/\/iumotril.org\/sitio\/iu-reclama-la-contratacion-de-desempleados-por-el-ayuntamiento\/","url_meta":{"origin":2457,"position":1},"title":"IU RECLAMA LA CONTRATACI\u00d3N DE DESEMPLEADOS POR EL AYUNTAMIENTO","author":"Izquierda Unida Motril","date":"16 diciembre, 2016","format":false,"excerpt":"La portavoz de Izquierda Unida ha puesto en duda la capacidad de la Concejala de empleo y formaci\u00f3n para resolver este proceso con las garant\u00edas necesarias, dadas las m\u00faltiples competencias de su \u00c1rea (Esc\u00e1mez tiene responsabilidades sobre la Polic\u00eda Municipal, Personal y R\u00e9gimen Interior, Movilidad, Empleo y Formaci\u00f3n) y teniendo\u2026","rel":"","context":"En \u00abEST\u00c1 PASANDO\u00bb","block_context":{"text":"EST\u00c1 PASANDO","link":"https:\/\/iumotril.org\/sitio\/category\/esta-pasando\/"},"img":{"alt_text":"","src":"https:\/\/i0.wp.com\/iumotril.org\/sitio\/wp-content\/uploads\/2016\/12\/Archivo_000-23-1024x768.jpeg?resize=350%2C200","width":350,"height":200,"srcset":"https:\/\/i0.wp.com\/iumotril.org\/sitio\/wp-content\/uploads\/2016\/12\/Archivo_000-23-1024x768.jpeg?resize=350%2C200 1x, https:\/\/i0.wp.com\/iumotril.org\/sitio\/wp-content\/uploads\/2016\/12\/Archivo_000-23-1024x768.jpeg?resize=525%2C300 1.5x"},"classes":[]},{"id":4678,"url":"https:\/\/iumotril.org\/sitio\/motril-necesita-politicas-activas-de-empleo-y-formacion\/","url_meta":{"origin":2457,"position":2},"title":"Motril necesita pol\u00edticas activas de empleo y formaci\u00f3n","author":"Izquierda Unida Motril","date":"6 febrero, 2019","format":false,"excerpt":"Hay que ser serios cuando se aborda cualquier aspecto relacionado con la creaci\u00f3n de empleo, ha afirmado. Detr\u00e1s de los n\u00fameros y de los porcentajes hay personas, hombres y mujeres, j\u00f3venes, familias que est\u00e1n viviendo un drama cotidiano, que tienen dificultades para subsistir y para sacar adelante en condiciones dignas\u2026","rel":"","context":"En \u00abAyuntamiento\u00bb","block_context":{"text":"Ayuntamiento","link":"https:\/\/iumotril.org\/sitio\/category\/ayuntamiento\/"},"img":{"alt_text":"","src":"https:\/\/i0.wp.com\/iumotril.org\/sitio\/wp-content\/uploads\/2019\/02\/Inma-Dani-y-Jose_6-febrero-1024x497.jpg?resize=350%2C200","width":350,"height":200},"classes":[]},{"id":2018,"url":"https:\/\/iumotril.org\/sitio\/izquierda-unida-critica-la-falta-de-actuaciones-del-equipo-de-gobierno-para-acabar-con-la-sangria-del-paro-en-motril\/","url_meta":{"origin":2457,"position":3},"title":"IZQUIERDA UNIDA CRITICA LA FALTA DE ACTUACIONES DEL EQUIPO DE GOBIERNO PARA ACABAR CON LA SANGR\u00cdA DEL PARO EN MOTRIL","author":"Izquierda Unida Motril","date":"6 abril, 2016","format":false,"excerpt":"Seg\u00fan los datos de los servicios p\u00fablicos de empleo, en los \u00faltimos 15 meses el paro en Motril no ha bajado de las 6.400 personas y en varios per\u00edodos ha superado las 7.000. A pesar de esta situaci\u00f3n inaceptable, el Ayuntamiento de Motril se limita a gestionar iniciativas de otras\u2026","rel":"","context":"En \u00abEST\u00c1 PASANDO\u00bb","block_context":{"text":"EST\u00c1 PASANDO","link":"https:\/\/iumotril.org\/sitio\/category\/esta-pasando\/"},"img":{"alt_text":"Paro y recalificaciones_Daniela","src":"https:\/\/i0.wp.com\/iumotril.org\/sitio\/wp-content\/uploads\/2016\/04\/Paro-y-recalificaciones_Daniela.jpg?resize=350%2C200","width":350,"height":200,"srcset":"https:\/\/i0.wp.com\/iumotril.org\/sitio\/wp-content\/uploads\/2016\/04\/Paro-y-recalificaciones_Daniela.jpg?resize=350%2C200 1x, https:\/\/i0.wp.com\/iumotril.org\/sitio\/wp-content\/uploads\/2016\/04\/Paro-y-recalificaciones_Daniela.jpg?resize=525%2C300 1.5x, https:\/\/i0.wp.com\/iumotril.org\/sitio\/wp-content\/uploads\/2016\/04\/Paro-y-recalificaciones_Daniela.jpg?resize=700%2C400 2x, https:\/\/i0.wp.com\/iumotril.org\/sitio\/wp-content\/uploads\/2016\/04\/Paro-y-recalificaciones_Daniela.jpg?resize=1050%2C600 3x"},"classes":[]},{"id":7403,"url":"https:\/\/iumotril.org\/sitio\/inma-omiste-iu-equo-pide-a-la-alcaldesa-que-se-ponga-en-la-piel-de-los-6-837-parados-y-paradas-de-motril\/","url_meta":{"origin":2457,"position":4},"title":"Inma Omiste pide a la alcaldesa que se ponga en la piel de los 6.837 parados y paradas de Motril","author":"Izquierda Unida Motril","date":"7 mayo, 2021","format":false,"excerpt":"La portavoz de IU-Equo ha reclamado a la alcaldesa que \u201cse deje de los grandes proyectos, de los reportajes fotogr\u00e1ficos y de los anuncios propagand\u00edsticos y se ponga a trabajar para resolver las necesidades de la gente porque, al final, va a ser ella quien acabe haciendo historia por el\u2026","rel":"","context":"En \u00abempleo\u00bb","block_context":{"text":"empleo","link":"https:\/\/iumotril.org\/sitio\/category\/empleo\/"},"img":{"alt_text":"","src":"https:\/\/i0.wp.com\/iumotril.org\/sitio\/wp-content\/uploads\/2021\/05\/Inma-7-de-mayo_1-1024x768.jpg?resize=350%2C200","width":350,"height":200,"srcset":"https:\/\/i0.wp.com\/iumotril.org\/sitio\/wp-content\/uploads\/2021\/05\/Inma-7-de-mayo_1-1024x768.jpg?resize=350%2C200 1x, https:\/\/i0.wp.com\/iumotril.org\/sitio\/wp-content\/uploads\/2021\/05\/Inma-7-de-mayo_1-1024x768.jpg?resize=525%2C300 1.5x"},"classes":[]},{"id":1839,"url":"https:\/\/iumotril.org\/sitio\/izquierda-unida-reclama-la-exencion-del-pago-de-tasas-municipales-a-los-desempleadosas\/","url_meta":{"origin":2457,"position":5},"title":"IZQUIERDA UNIDA RECLAMA LA EXENCI\u00d3N DEL PAGO DE TASAS MUNICIPALES A LOS DESEMPLEADOS\/AS","author":"Izquierda Unida Motril","date":"26 enero, 2016","format":false,"excerpt":"En una moci\u00f3n que ha presentado al pr\u00f3ximo Pleno municipal, que se celebra el viernes d\u00eda 29, solicita la modificaci\u00f3n de las Ordenanzas fiscales para que se exima del pago de tasas para participar en procesos de selecci\u00f3n de empleo p\u00fablico a las personas que est\u00e9n en situaci\u00f3n de desempleo\u2026","rel":"","context":"En \u00abAyuntamiento\u00bb","block_context":{"text":"Ayuntamiento","link":"https:\/\/iumotril.org\/sitio\/category\/ayuntamiento\/"},"img":{"alt_text":"sae motril","src":"https:\/\/i0.wp.com\/iumotril.org\/sitio\/wp-content\/uploads\/2015\/09\/sae-motril.jpg?resize=350%2C200","width":350,"height":200},"classes":[]}],"jetpack_likes_enabled":true,"_links":{"self":[{"href":"https:\/\/iumotril.org\/sitio\/wp-json\/wp\/v2\/posts\/2457","targetHints":{"allow":["GET"]}}],"collection":[{"href":"https:\/\/iumotril.org\/sitio\/wp-json\/wp\/v2\/posts"}],"about":[{"href":"https:\/\/iumotril.org\/sitio\/wp-json\/wp\/v2\/types\/post"}],"author":[{"embeddable":true,"href":"https:\/\/iumotril.org\/sitio\/wp-json\/wp\/v2\/users\/1"}],"replies":[{"embeddable":true,"href":"https:\/\/iumotril.org\/sitio\/wp-json\/wp\/v2\/comments?post=2457"}],"version-history":[{"count":6,"href":"https:\/\/iumotril.org\/sitio\/wp-json\/wp\/v2\/posts\/2457\/revisions"}],"predecessor-version":[{"id":2468,"href":"https:\/\/iumotril.org\/sitio\/wp-json\/wp\/v2\/posts\/2457\/revisions\/2468"}],"wp:attachment":[{"href":"https:\/\/iumotril.org\/sitio\/wp-json\/wp\/v2\/media?parent=2457"}],"wp:term":[{"taxonomy":"category","embeddable":true,"href":"https:\/\/iumotril.org\/sitio\/wp-json\/wp\/v2\/categories?post=2457"},{"taxonomy":"post_tag","embeddable":true,"href":"https:\/\/iumotril.org\/sitio\/wp-json\/wp\/v2\/tags?post=2457"}],"curies":[{"name":"wp","href":"https:\/\/api.w.org\/{rel}","templated":true}]}}