{"id":2420,"date":"2016-10-07T13:06:40","date_gmt":"2016-10-07T11:06:40","guid":{"rendered":"http:\/\/iumotril.org\/sitio\/?p=2420"},"modified":"2016-10-07T14:41:00","modified_gmt":"2016-10-07T12:41:00","slug":"izquierda-unida-exige-la-puesta-en-marcha-de-la-escuela-de-musica-y-danza-municipal","status":"publish","type":"post","link":"https:\/\/iumotril.org\/sitio\/izquierda-unida-exige-la-puesta-en-marcha-de-la-escuela-de-musica-y-danza-municipal\/","title":{"rendered":"IZQUIERDA UNIDA EXIGE LA PUESTA EN MARCHA DE LA ESCUELA MUNICIPAL DE M\u00daSICA Y DANZA"},"content":{"rendered":"<p><strong><span style=\"color: #993300;\">A pesar del acuerdo plenario adoptado por unanimidad, en el mes de abril, para su puesta en marcha para el curso 2016-2017, el gobierno local no ha llevado a cabo actuaci\u00f3n alguna para volver a poner en funcionamiento la Escuela de M\u00fasica y Danza Municipal que, en 2013, desmantel\u00f3 el gobierno del PP, como tanto otros servicios p\u00fablicos.<\/span><\/strong><\/p>\n<p>La Escuela de M\u00fasica y Danza Municipal contaba con 300 alumnos, prestando un servicio p\u00fablico de calidad muy demandado y utilizado por las familias motrile\u00f1as, <strong>una carencia ins\u00f3lita para una ciudad de m\u00e1s de 60 mil habitantes que pone de manifiesto una vez m\u00e1s la desidia del gobierno local en asuntos de inter\u00e9s general<\/strong>. A pesar de haber comprometido con Izquierda Unida su puesta en marcha para el presente curso y haber sido aprobada su apertura por<a href=\"https:\/\/iumotril.org\/sitio\/izquierda-unida-reclama-la-apertura-de-la-escuela-municipal-de-musica-y-danza-en-el-curso-20162017\/\"> acuerdo plenario<\/a>, un a\u00f1o m\u00e1s se priva a las familias motrile\u00f1as de tener la posibilidad de ofrecer a sus hijos e hijas una educaci\u00f3n musical y art\u00edstica que contribuya a la formaci\u00f3n y crecimiento de los ni\u00f1os y j\u00f3venes de nuestra ciudad.<\/p>\n<figure id=\"attachment_2437\" aria-describedby=\"caption-attachment-2437\" style=\"width: 620px\" class=\"wp-caption aligncenter\"><a href=\"https:\/\/iumotril.org\/sitio\/wp-content\/uploads\/2016\/10\/Flor-y-escamez_escuela-m\u00fasica.jpg\"><img loading=\"lazy\" decoding=\"async\" data-attachment-id=\"2437\" data-permalink=\"https:\/\/iumotril.org\/sitio\/izquierda-unida-exige-la-puesta-en-marcha-de-la-escuela-de-musica-y-danza-municipal\/flor-y-escamez_escuela-musica\/\" data-orig-file=\"https:\/\/iumotril.org\/sitio\/wp-content\/uploads\/2016\/10\/Flor-y-escamez_escuela-m\u00fasica.jpg\" data-orig-size=\"1600,1067\" data-comments-opened=\"1\" data-image-meta=\"{&quot;aperture&quot;:&quot;0&quot;,&quot;credit&quot;:&quot;&quot;,&quot;camera&quot;:&quot;&quot;,&quot;caption&quot;:&quot;&quot;,&quot;created_timestamp&quot;:&quot;0&quot;,&quot;copyright&quot;:&quot;&quot;,&quot;focal_length&quot;:&quot;0&quot;,&quot;iso&quot;:&quot;0&quot;,&quot;shutter_speed&quot;:&quot;0&quot;,&quot;title&quot;:&quot;&quot;,&quot;orientation&quot;:&quot;0&quot;}\" data-image-title=\"flor-y-escamez_escuela-musica\" data-image-description=\"&lt;p&gt;Flor Escamez y Antonio Alm\u00f3n haci\u00e9ndose foto criticando al PP por desmantelar la Escuela de M\u00fasica y Danza&lt;\/p&gt;\n\" data-image-caption=\"\" data-large-file=\"https:\/\/iumotril.org\/sitio\/wp-content\/uploads\/2016\/10\/Flor-y-escamez_escuela-m\u00fasica-1024x683.jpg\" class=\"wp-image-2437 size-large\" src=\"https:\/\/iumotril.org\/sitio\/wp-content\/uploads\/2016\/10\/Flor-y-escamez_escuela-m\u00fasica-1024x683.jpg\" alt=\"flor-y-escamez_escuela-musica\" width=\"620\" height=\"414\" srcset=\"https:\/\/iumotril.org\/sitio\/wp-content\/uploads\/2016\/10\/Flor-y-escamez_escuela-m\u00fasica-1024x683.jpg 1024w, https:\/\/iumotril.org\/sitio\/wp-content\/uploads\/2016\/10\/Flor-y-escamez_escuela-m\u00fasica-300x200.jpg 300w, https:\/\/iumotril.org\/sitio\/wp-content\/uploads\/2016\/10\/Flor-y-escamez_escuela-m\u00fasica-768x512.jpg 768w, https:\/\/iumotril.org\/sitio\/wp-content\/uploads\/2016\/10\/Flor-y-escamez_escuela-m\u00fasica.jpg 1600w\" sizes=\"auto, (max-width: 620px) 100vw, 620px\" \/><\/a><figcaption id=\"caption-attachment-2437\" class=\"wp-caption-text\">Flor Escamez y Antonio Alm\u00f3n, cuando estaban en la oposici\u00f3n, criticando el desmantelamiento Escuela de M\u00fasica por parte del PP. Hasta hoy nada han hecho para recuperarla. (Foto: Motril@Digital)<\/figcaption><\/figure>\n<p>Daniela Paqu\u00e9 ha manifestado que desconocen las causas de este incumplimiento que, en cualquier caso\u00a0 no puede responder a razones econ\u00f3micas ya que la Junta de Andaluc\u00eda acaba de convocar <strong>subvenciones anuales para el funcionamiento de las escuelas municipales de m\u00fasica<\/strong>. Por lo tanto, la portavoz municipal del Grupo Municipal de Izquierda Unida considera que es una cuesti\u00f3n de incapacidad de gesti\u00f3n y falta de voluntad pol\u00edtica.<\/p>\n<p><strong>Izquierda Unida defiende decididamente la educaci\u00f3n p\u00fablica de calidad para todos y para todas, como instrumento de igualdad de oportunidades, educaci\u00f3n ciudadana y democr\u00e1tica y crecimiento personal: la educaci\u00f3n encierra un tesoro<\/strong>. Por ello, a la vista del desmantelamiento sistem\u00e1tico de la educaci\u00f3n que las pol\u00edticas de derechas est\u00e1n llevando a cabo en nuestro pa\u00eds a todos los niveles, reivindica la necesidad de aprovechar cualquier espacio disponible para llevar a cabo cualquier iniciativa tendente a fortalecer la oferta p\u00fablica educativa. Para Daniela Paqu\u00e9, el panorama en materia educativo en nuestra ciudad es desolador, poniendo de manifiesto la incompetencia del gobierno local y la nula voluntad de apostar por una pol\u00edtica educativa activa y participativa para las familias motrile\u00f1as.<\/p>\n<p><span style=\"color: #993300;\"><strong>Una Gu\u00eda educativa intrascendente<\/strong><\/span><\/p>\n<p>En este sentido, ha puesto como ejemplo la reciente edici\u00f3n de la llamada Gu\u00eda educativa 2016-2017 recientemente publicada, \u00a0que es un \u201ccorta\u00a0 y pega\u201d de la anterior editada por la derecha del PP y cuyo aspecto m\u00e1s relevante es la presencia dominante de la imagen corporativa de una empresa patrocinadora.<\/p>\n<p><strong>Con la educaci\u00f3n no se juega<\/strong>: avanzar en educaci\u00f3n es contribuir a que Motril sea, realmente, una ciudad educadora; la educaci\u00f3n es una inversi\u00f3n de futuro para caminar hacia una ciudad mejor para todos y para todos en todos los sentidos.<\/p>\n<p>No es cuesti\u00f3n de dinero. <em>Si la educaci\u00f3n les parece cara, prueben con la ignorancia<\/em>.<\/p>\n<p>&nbsp;<\/p>\n","protected":false},"excerpt":{"rendered":"<p>A pesar del acuerdo plenario adoptado por unanimidad, en el mes de abril, para su puesta en marcha para el curso 2016-2017, el gobierno local no ha llevado a cabo actuaci\u00f3n alguna para volver a poner en funcionamiento la Escuela de M\u00fasica y Danza Municipal que, en 2013, desmantel\u00f3 el gobierno del PP, como tanto otros servicios p\u00fablicos.<br \/>\nSi la educaci\u00f3n les parece cara, prueben con la ignorancia.<\/p>\n","protected":false},"author":1,"featured_media":0,"comment_status":"open","ping_status":"open","sticky":false,"template":"","format":"standard","meta":{"cybocfi_hide_featured_image":"","_jetpack_newsletter_access":"","_jetpack_dont_email_post_to_subs":false,"_jetpack_newsletter_tier_id":0,"_jetpack_memberships_contains_paywalled_content":false,"_jetpack_memberships_contains_paid_content":false,"footnotes":""},"categories":[265],"tags":[593,234,591,462,592,439],"class_list":["post-2420","post","type-post","status-publish","format-standard","hentry","category-esta-pasando","tag-ciudad-educadora","tag-educacion","tag-educacion-publica","tag-escuela-musica-y-danza","tag-incapacidad-de-gestion","tag-recortes"],"jetpack_featured_media_url":"","jetpack_sharing_enabled":true,"jetpack_shortlink":"https:\/\/wp.me\/p4QsU5-D2","jetpack-related-posts":[{"id":2004,"url":"https:\/\/iumotril.org\/sitio\/izquierda-unida-reclama-la-apertura-de-la-escuela-municipal-de-musica-y-danza-en-el-curso-20162017\/","url_meta":{"origin":2420,"position":0},"title":"IZQUIERDA UNIDA RECLAMA LA APERTURA DE LA ESCUELA MUNICIPAL DE M\u00daSICA Y DANZA EN EL CURSO 2016\/2017","author":"Izquierda Unida Motril","date":"31 marzo, 2016","format":false,"excerpt":"Izquierda Unida defiende la recuperaci\u00f3n de todos los servicios p\u00fablicos arrasados por las pol\u00edticas privatizadoras y corruptas de la derecha, por lo que propone a trav\u00e9s de esta moci\u00f3n que desde el equipo de gobierno se adopten las medidas oportunas para que la Escuela municipal de m\u00fasica y danza est\u00e9\u2026","rel":"","context":"En \u00abEST\u00c1 PASANDO\u00bb","block_context":{"text":"EST\u00c1 PASANDO","link":"https:\/\/iumotril.org\/sitio\/category\/esta-pasando\/"},"img":{"alt_text":"Escuela m\u00fasica","src":"https:\/\/i0.wp.com\/iumotril.org\/sitio\/wp-content\/uploads\/2016\/03\/Escuela-m%C3%BAsica-300x259.jpg?resize=350%2C200","width":350,"height":200},"classes":[]},{"id":6892,"url":"https:\/\/iumotril.org\/sitio\/el-gobierno-local-rechaza-la-apertura-de-la-escuela-de-artes-escenicas-en-motril\/","url_meta":{"origin":2420,"position":1},"title":"El gobierno local rechaza la apertura de la Escuela de Artes Esc\u00e9nicas en Motril","author":"Izquierda Unida Motril","date":"18 noviembre, 2020","format":false,"excerpt":"Para la derecha motrile\u00f1a siempre es un buen momento para recortar en servicios p\u00fablicos de los que se benefician las familias m\u00e1s desfavorecidas, pero nunca toca recuperarlos para devolverlos a la ciudadan\u00eda. La creaci\u00f3n de la Escuela dar\u00eda respuesta a la demanda de muchas familias motrile\u00f1as que no disponen de\u2026","rel":"","context":"En \u00abEST\u00c1 PASANDO\u00bb","block_context":{"text":"EST\u00c1 PASANDO","link":"https:\/\/iumotril.org\/sitio\/category\/esta-pasando\/"},"img":{"alt_text":"","src":"https:\/\/i0.wp.com\/iumotril.org\/sitio\/wp-content\/uploads\/2020\/11\/Inma-4-noviembre.jpg?resize=350%2C200","width":350,"height":200},"classes":[]},{"id":6817,"url":"https:\/\/iumotril.org\/sitio\/iu-equo-propone-la-creacion-de-una-escuela-municipal-de-artes-escenicas\/","url_meta":{"origin":2420,"position":2},"title":"IU-EQUO propone la creaci\u00f3n de una Escuela municipal de Artes Esc\u00e9nicas","author":"Izquierda Unida Motril","date":"27 octubre, 2020","format":false,"excerpt":"Motril puede y debe contar con una Escuela municipal de Artes Esc\u00e9nicas, que integre la m\u00fasica,\u00a0 la danza y el teatro,\u00a0 ha declarado su portavoz, Inma Omiste, que ha informado de las mociones que su formaci\u00f3n defender\u00e1 en el pr\u00f3ximo pleno municipal. La moci\u00f3n que presenta IU-Equo al pr\u00f3ximo Pleno\u2026","rel":"","context":"En \u00abAyuntamiento\u00bb","block_context":{"text":"Ayuntamiento","link":"https:\/\/iumotril.org\/sitio\/category\/ayuntamiento\/"},"img":{"alt_text":"","src":"https:\/\/i0.wp.com\/iumotril.org\/sitio\/wp-content\/uploads\/2020\/10\/Inma-27-octubre-176x176.jpg?resize=350%2C200","width":350,"height":200,"srcset":"https:\/\/i0.wp.com\/iumotril.org\/sitio\/wp-content\/uploads\/2020\/10\/Inma-27-octubre-176x176.jpg?resize=350%2C200 1x, https:\/\/i0.wp.com\/iumotril.org\/sitio\/wp-content\/uploads\/2020\/10\/Inma-27-octubre-176x176.jpg?resize=525%2C300 1.5x"},"classes":[]},{"id":9289,"url":"https:\/\/iumotril.org\/sitio\/u-verdes-equo-se-compromete-a-impulsar-la-actividad-artistica-creativa-y-cultural-en-motril-y-sus-barrios-a-traves-de-un-plan-estrategico-cultural\/","url_meta":{"origin":2420,"position":3},"title":"U-Verdes Equo se compromete a impulsar la actividad art\u00edstica, creativa y cultural en Motril y sus barrios a trav\u00e9s de un Plan estrat\u00e9gico cultural","author":"Izquierda Unida Motril","date":"19 mayo, 2023","format":false,"excerpt":"la ciudad necesita un revulsivo en cuanto a su pol\u00edtica cultural que venga de la mano de una planificaci\u00f3n estrat\u00e9gica a corto y medio plazo que permita una diversificaci\u00f3n de la oferta cultural, su deslocalizaci\u00f3n hacia los barrios y la participaci\u00f3n activa de las entidades culturales y de su tejido\u2026","rel":"","context":"En \u00abElecciones\u00bb","block_context":{"text":"Elecciones","link":"https:\/\/iumotril.org\/sitio\/category\/elecciones\/"},"img":{"alt_text":"","src":"https:\/\/i0.wp.com\/iumotril.org\/sitio\/wp-content\/uploads\/2023\/04\/f8eef440-2229-43bb-a075-fd467eece364-1024x684.jpg?resize=350%2C200&ssl=1","width":350,"height":200,"srcset":"https:\/\/i0.wp.com\/iumotril.org\/sitio\/wp-content\/uploads\/2023\/04\/f8eef440-2229-43bb-a075-fd467eece364-1024x684.jpg?resize=350%2C200&ssl=1 1x, https:\/\/i0.wp.com\/iumotril.org\/sitio\/wp-content\/uploads\/2023\/04\/f8eef440-2229-43bb-a075-fd467eece364-1024x684.jpg?resize=525%2C300&ssl=1 1.5x"},"classes":[]},{"id":5104,"url":"https:\/\/iumotril.org\/sitio\/iu-equo-apostara-por-diversificar-la-cultura-para-convertirla-en-un-atractivo-turistico-mas\/","url_meta":{"origin":2420,"position":4},"title":"IU-Equo apostar\u00e1 por diversificar la cultura para convertirla en un atractivo tur\u00edstico m\u00e1s","author":"Izquierda Unida Motril","date":"22 mayo, 2019","format":false,"excerpt":"La cultura y la educaci\u00f3n son las dos principales herramientas para el desarrollo de las personas y para la transformaci\u00f3n de la sociedad. En este sentido IU-Equo fomentar\u00e1 la democracia participativa en el \u00e1mbito de la cultura a trav\u00e9s dela creaci\u00f3n del Consejo Municipal de Cultura y la elaboraci\u00f3n de\u2026","rel":"","context":"En \u00abElecciones\u00bb","block_context":{"text":"Elecciones","link":"https:\/\/iumotril.org\/sitio\/category\/elecciones\/"},"img":{"alt_text":"","src":"https:\/\/i0.wp.com\/iumotril.org\/sitio\/wp-content\/uploads\/2019\/05\/Inma-Omislte-en-Museo-Azucar_22-mayo-1024x497.jpg?resize=350%2C200","width":350,"height":200,"srcset":"https:\/\/i0.wp.com\/iumotril.org\/sitio\/wp-content\/uploads\/2019\/05\/Inma-Omislte-en-Museo-Azucar_22-mayo-1024x497.jpg?resize=350%2C200 1x, https:\/\/i0.wp.com\/iumotril.org\/sitio\/wp-content\/uploads\/2019\/05\/Inma-Omislte-en-Museo-Azucar_22-mayo-1024x497.jpg?resize=525%2C300 1.5x"},"classes":[]},{"id":1320,"url":"https:\/\/iumotril.org\/sitio\/izquierda-unida-considera-necesario-potenciar-y-reforzar-la-educacion-publica-de-calidad-en-motril\/","url_meta":{"origin":2420,"position":5},"title":"Izquierda Unida considera necesario potenciar y reforzar la educaci\u00f3n p\u00fablica de calidad en Motril","author":"Izquierda Unida Motril","date":"8 septiembre, 2015","format":false,"excerpt":"El Ayuntamiento debe ser un instrumento para asegurar y conseguir derechos ciudadanos. La apuesta por una educaci\u00f3n p\u00fablica de calidad pasa necesariamente por el aumento de plazas p\u00fablicas de guarder\u00eda y por el refuerzo de los servicios b\u00e1sicos educativos (comedores escolares, instalaciones, ayudas para el material escolar, organizaci\u00f3n de actividades\u2026","rel":"","context":"En \u00abAyuntamiento\u00bb","block_context":{"text":"Ayuntamiento","link":"https:\/\/iumotril.org\/sitio\/category\/ayuntamiento\/"},"img":{"alt_text":"cole 3","src":"https:\/\/i0.wp.com\/iumotril.org\/sitio\/wp-content\/uploads\/2015\/09\/cole-3.jpg?resize=350%2C200","width":350,"height":200},"classes":[]}],"jetpack_likes_enabled":true,"_links":{"self":[{"href":"https:\/\/iumotril.org\/sitio\/wp-json\/wp\/v2\/posts\/2420","targetHints":{"allow":["GET"]}}],"collection":[{"href":"https:\/\/iumotril.org\/sitio\/wp-json\/wp\/v2\/posts"}],"about":[{"href":"https:\/\/iumotril.org\/sitio\/wp-json\/wp\/v2\/types\/post"}],"author":[{"embeddable":true,"href":"https:\/\/iumotril.org\/sitio\/wp-json\/wp\/v2\/users\/1"}],"replies":[{"embeddable":true,"href":"https:\/\/iumotril.org\/sitio\/wp-json\/wp\/v2\/comments?post=2420"}],"version-history":[{"count":9,"href":"https:\/\/iumotril.org\/sitio\/wp-json\/wp\/v2\/posts\/2420\/revisions"}],"predecessor-version":[{"id":2441,"href":"https:\/\/iumotril.org\/sitio\/wp-json\/wp\/v2\/posts\/2420\/revisions\/2441"}],"wp:attachment":[{"href":"https:\/\/iumotril.org\/sitio\/wp-json\/wp\/v2\/media?parent=2420"}],"wp:term":[{"taxonomy":"category","embeddable":true,"href":"https:\/\/iumotril.org\/sitio\/wp-json\/wp\/v2\/categories?post=2420"},{"taxonomy":"post_tag","embeddable":true,"href":"https:\/\/iumotril.org\/sitio\/wp-json\/wp\/v2\/tags?post=2420"}],"curies":[{"name":"wp","href":"https:\/\/api.w.org\/{rel}","templated":true}]}}