{"id":2398,"date":"2016-10-05T12:11:20","date_gmt":"2016-10-05T10:11:20","guid":{"rendered":"http:\/\/iumotril.org\/sitio\/?p=2398"},"modified":"2016-10-05T12:11:20","modified_gmt":"2016-10-05T10:11:20","slug":"izquierda-unida-denunciara-a-la-mancomunidad-de-municipios-por-falta-de-transparencia-en-su-gestion","status":"publish","type":"post","link":"https:\/\/iumotril.org\/sitio\/izquierda-unida-denunciara-a-la-mancomunidad-de-municipios-por-falta-de-transparencia-en-su-gestion\/","title":{"rendered":"IZQUIERDA UNIDA DENUNCIAR\u00c1 A LA MANCOMUNIDAD DE MUNICIPIOS POR FALTA DE TRANSPARENCIA EN SU GESTI\u00d3N."},"content":{"rendered":"<p style=\"text-align: justify;\"><strong><span style=\"color: #993300;\">Los portavoces de Izquierda Unida a nivel comarcal han anunciado que dar\u00e1n traslado al Consejo de Transparencia de Andaluc\u00eda lo que consideran que es un incumplimiento de la Ley al no estar publicando en el Portal de Transparencia Corporativo la informaci\u00f3n relacionada con los contratos, convenios y acuerdos que el ente mancomunal est\u00e1 suscribiendo con diferentes entidades.<\/span><\/strong><\/p>\n<p>La portavoz de Izquierda Unida en la Junta General de la Mancomunidad ha hecho p\u00fablicas las alegaciones que su formaci\u00f3n ha presentado a la propuesta inicial de modificaci\u00f3n de la ordenanza fiscal reguladora de la tasa de prestaci\u00f3n de servicios que, entre otras cuestiones, supone una<strong><a href=\"https:\/\/iumotril.org\/sitio\/izquierda-unida-denuncia-la-nueva-subida-del-recibo-del-agua\/\" target=\"_blank\"> subida del recibo del agua del 4,7%<\/a><\/strong>. Izquierda Unida, que ya rechaz\u00f3 dicha subida en la \u00faltima Junta General, propone que queden exentos de la cuota tributaria de contrataci\u00f3n y de reconexi\u00f3n (el corte del suministro autom\u00e1tico y el pago de cantidades econ\u00f3micas elevadas para su reconexi\u00f3n) aquellas familias que debido a su precaria situaci\u00f3n econ\u00f3mica no puedan hacerse cargo del recibo, siempre que los servicios sociales municipales acrediten dicha situaci\u00f3n de vulnerabilidad econ\u00f3mica y social.<\/p>\n<p><a href=\"https:\/\/iumotril.org\/sitio\/wp-content\/uploads\/2016\/10\/prensa-Inma-y-Juani.jpg\"><img loading=\"lazy\" decoding=\"async\" data-attachment-id=\"2415\" data-permalink=\"https:\/\/iumotril.org\/sitio\/izquierda-unida-denunciara-a-la-mancomunidad-de-municipios-por-falta-de-transparencia-en-su-gestion\/prensa-inma-y-juani\/\" data-orig-file=\"https:\/\/iumotril.org\/sitio\/wp-content\/uploads\/2016\/10\/prensa-Inma-y-Juani.jpg\" data-orig-size=\"624,468\" data-comments-opened=\"1\" data-image-meta=\"{&quot;aperture&quot;:&quot;0&quot;,&quot;credit&quot;:&quot;&quot;,&quot;camera&quot;:&quot;Aquaris E5&quot;,&quot;caption&quot;:&quot;&quot;,&quot;created_timestamp&quot;:&quot;1475652662&quot;,&quot;copyright&quot;:&quot;&quot;,&quot;focal_length&quot;:&quot;4.6&quot;,&quot;iso&quot;:&quot;153&quot;,&quot;shutter_speed&quot;:&quot;0.03030303030303&quot;,&quot;title&quot;:&quot;&quot;,&quot;orientation&quot;:&quot;1&quot;}\" data-image-title=\"prensa-inma-y-juani\" data-image-description=\"\" data-image-caption=\"\" data-large-file=\"https:\/\/iumotril.org\/sitio\/wp-content\/uploads\/2016\/10\/prensa-Inma-y-Juani.jpg\" class=\"size-full wp-image-2415 alignleft\" src=\"https:\/\/iumotril.org\/sitio\/wp-content\/uploads\/2016\/10\/prensa-Inma-y-Juani.jpg\" alt=\"prensa-inma-y-juani\" width=\"624\" height=\"468\" srcset=\"https:\/\/iumotril.org\/sitio\/wp-content\/uploads\/2016\/10\/prensa-Inma-y-Juani.jpg 624w, https:\/\/iumotril.org\/sitio\/wp-content\/uploads\/2016\/10\/prensa-Inma-y-Juani-300x225.jpg 300w\" sizes=\"auto, (max-width: 624px) 100vw, 624px\" \/><\/a>Juani Boto, coordinador comarcal de Izquierda Unida, ha manifestado que <strong>el principal objetivo de su formaci\u00f3n es, y seguir\u00e1 siendo trabajar con todos los medios a su alcance para conseguir la recuperaci\u00f3n del servicio para su gesti\u00f3n p\u00fablica<\/strong>. En este sentido, ha recordado que la <a href=\"https:\/\/iumotril.org\/sitio\/el-negocio-del-agua-pagan-los-ciudadanos-quien-gana\/\" target=\"_blank\">privatizaci\u00f3n del servicio,<\/a> que se produjo en 1996 <strong>con el apoyo del PSOE y del PP,<\/strong> ha supuesto \u00fanicamente perjuicios para los ciudadanos, con constantes y <strong>abusivas subidas de los recibos<\/strong> que no se han correspondido con la mejora de la calidad ni del servicio prestado por la concesionaria, la empresa <a href=\"http:\/\/www.aguasyservicios.es\/\" target=\"_blank\">Aguas y Servicios<\/a>. El coordinador comarcal de Izquierda Unida tambi\u00e9n ha recordado las acusaciones que el entonces presidente del ente mancomunal, Sr. Garc\u00eda Fuentes, lanz\u00f3 contra Izquierda Unida acus\u00e1ndola de estar mintiendo acerca de que la privatizaci\u00f3n no supondr\u00eda un incremento en los recibos que pagan los ciudadanos. Juani Boto ha emplazado a Garc\u00eda Fuentes a que mire a los ojos de los vecinos y repita que esto era una mentira.<\/p>\n<p>Inmaculada Omiste asimismo ha denunciado que el a\u00f1o que en el Partido Socialista lleva al frente de la Mancomunidad, lejos de diferenciarse de la nefasta gesti\u00f3n que llev\u00f3 a cabo la derecha, <strong>est\u00e1 realizando una gesti\u00f3n opaca y oscura<\/strong>, a espaldas de los ciudadanos y del resto de grupos con representaci\u00f3n en el ente, plagada de actuaciones caracterizadas por su falta de transparencia.<\/p>\n<p>Omiste ha relacionado las m\u00e1s de diez preguntas y demandas de informaci\u00f3n que su grupo ha trasladado por escrito y que, ninguna de ellas, ha merecido respuesta alguna. Asimismo ha hecho notar que la Mancomunidad no est\u00e1 incorporando a su <a href=\"http:\/\/transparencia.costatropical.es\/\">Portal de Transparencia<\/a> ninguna informaci\u00f3n econ\u00f3mica ni de otro car\u00e1cter a la que la Ley le obliga. En concreto ha se\u00f1alado la <strong>ausencia de informaci\u00f3n sobre los distintos patrocinios<\/strong> que la Mancomunidad est\u00e1 llevando a cabo en los \u00faltimos tiempos como han sido el concierto de <a href=\"http:\/\/www.infocostatropical.com\/noticia.asp?id_noticia=70197\" target=\"_blank\">091 en Motri<\/a>l, los <a href=\"http:\/\/www.infocostatropical.com\/noticia.asp?id_noticia=70772\" target=\"_blank\">premios<\/a> Costa Tropical, la <a href=\"https:\/\/europatropical.net\/2016\/04\/09\/los-dias-16-y-17-de-julio-las-playas-de-todo-el-litoral-granadino-se-llenaran-de-levante-a-poniente-para-disfrutar-de-la-i-regata-de-la-costa-tropical\/\" target=\"_blank\">Regata<\/a> Costa Tropical, o la<a href=\"http:\/\/motrildigital.com\/2016\/07\/29\/la-camiseta-del-cf-motril-lucira-el-logo-de-la-mancomunidad\/\" target=\"_blank\"> esponsorizaci\u00f3n<\/a> del CF Motril.<\/p>\n<p>Por estos motivos ha anunciado que su formaci\u00f3n est\u00e1 preparando la presentaci\u00f3n de una <strong><a href=\"http:\/\/www.juntadeandalucia.es\/transparencia\/transparencia-andalucia\/consejo-transparencia.html\">queja formal ante el Consejo de Transparencia de Andaluc\u00eda<\/a><\/strong>, para poner en conocimiento estos hechos con el objetivo de que se abandonen estas pr\u00e1cticas antidemocr\u00e1ticas.<\/p>\n","protected":false},"excerpt":{"rendered":"<p>Los portavoces de Izquierda Unida a nivel comarcal han anunciado que dar\u00e1n traslado al Consejo de Transparencia de Andaluc\u00eda lo que consideran que es un incumplimiento de la Ley al no estar publicando en el Portal de Transparencia Corporativo la informaci\u00f3n relacionada con los contratos, convenios y acuerdos que el ente mancomunal est\u00e1 suscribiendo con diferentes entidades.<br \/>\nInmaculada Omiste asimismo ha denunciado que el a\u00f1o que en el Partido Socialista lleva al frente de la Mancomunidad, lejos de diferenciarse de la nefasta gesti\u00f3n que llev\u00f3 a cabo la derecha, est\u00e1 realizando una gesti\u00f3n opaca y oscura, a espaldas de los ciudadanos y del resto de grupos con representaci\u00f3n en el ente, plagada de actuaciones caracterizadas por su falta de transparencia.<\/p>\n","protected":false},"author":1,"featured_media":0,"comment_status":"open","ping_status":"open","sticky":false,"template":"","format":"standard","meta":{"cybocfi_hide_featured_image":"","_jetpack_newsletter_access":"","_jetpack_dont_email_post_to_subs":false,"_jetpack_newsletter_tier_id":0,"_jetpack_memberships_contains_paywalled_content":false,"_jetpack_memberships_contains_paid_content":false,"footnotes":""},"categories":[265],"tags":[581,583,425,208,582,105],"class_list":["post-2398","post","type-post","status-publish","format-standard","hentry","category-esta-pasando","tag-alegaciones","tag-el-negocio-del-agua","tag-iu-comarcal","tag-mancomunidad","tag-subida-recibo-agua","tag-transparencia"],"jetpack_featured_media_url":"","jetpack_sharing_enabled":true,"jetpack_shortlink":"https:\/\/wp.me\/p4QsU5-CG","jetpack-related-posts":[{"id":2306,"url":"https:\/\/iumotril.org\/sitio\/izquierda-unida-denuncia-la-nueva-subida-del-recibo-del-agua\/","url_meta":{"origin":2398,"position":0},"title":"IZQUIERDA UNIDA DENUNCIA LA NUEVA SUBIDA DEL RECIBO DEL AGUA","author":"Izquierda Unida Motril","date":"2 agosto, 2016","format":false,"excerpt":"Izquierda Unida se ha opuesto a la propuesta de modificaci\u00f3n de la ordenanza fiscal reguladora de la tasa por la prestaci\u00f3n de servicios, que supondr\u00e1 una subida del recibo del 4,7%, al considerarla injusta y totalmente injustificada. Para Izquierda Unida, la nueva subida en el recibo del agua viene a\u2026","rel":"","context":"En \u00abEST\u00c1 PASANDO\u00bb","block_context":{"text":"EST\u00c1 PASANDO","link":"https:\/\/iumotril.org\/sitio\/category\/esta-pasando\/"},"img":{"alt_text":"Aguas y servicios XX aniversario","src":"https:\/\/i0.wp.com\/iumotril.org\/sitio\/wp-content\/uploads\/2016\/06\/Aguas-y-servicios-XX-aniversario.jpg?resize=350%2C200","width":350,"height":200,"srcset":"https:\/\/i0.wp.com\/iumotril.org\/sitio\/wp-content\/uploads\/2016\/06\/Aguas-y-servicios-XX-aniversario.jpg?resize=350%2C200 1x, https:\/\/i0.wp.com\/iumotril.org\/sitio\/wp-content\/uploads\/2016\/06\/Aguas-y-servicios-XX-aniversario.jpg?resize=525%2C300 1.5x, https:\/\/i0.wp.com\/iumotril.org\/sitio\/wp-content\/uploads\/2016\/06\/Aguas-y-servicios-XX-aniversario.jpg?resize=700%2C400 2x"},"classes":[]},{"id":3212,"url":"https:\/\/iumotril.org\/sitio\/el-recibo-del-agua-sube-en-la-costa-de-granada-los-beneficios-de-la-empresa-crecen\/","url_meta":{"origin":2398,"position":1},"title":"EL RECIBO DEL AGUA SUBE EN LA COSTA DE GRANADA, LOS BENEFICIOS DE LA EMPRESA CRECEN","author":"Izquierda Unida Motril","date":"1 diciembre, 2017","format":false,"excerpt":"La diputada andaluza de IU, M\u00aa Carmen P\u00e9rez, denunci\u00f3 recientemente en Motril esta nueva subida del agua en la Costa de Granada, que est\u00e1 condenando a muchas familias a situaciones de pobreza energ\u00e9tica, mientras que la empresa concesionaria Aguas y Servicios est\u00e1 obteniendo en los \u00faltimos a\u00f1os beneficios econ\u00f3micos cercanos\u2026","rel":"","context":"En \u00abEST\u00c1 PASANDO\u00bb","block_context":{"text":"EST\u00c1 PASANDO","link":"https:\/\/iumotril.org\/sitio\/category\/esta-pasando\/"},"img":{"alt_text":"","src":"https:\/\/i0.wp.com\/iumotril.org\/sitio\/wp-content\/uploads\/2017\/12\/PLENO-MANCOMUNIDAD-14-09-15-39.jpg?resize=350%2C200","width":350,"height":200,"srcset":"https:\/\/i0.wp.com\/iumotril.org\/sitio\/wp-content\/uploads\/2017\/12\/PLENO-MANCOMUNIDAD-14-09-15-39.jpg?resize=350%2C200 1x, https:\/\/i0.wp.com\/iumotril.org\/sitio\/wp-content\/uploads\/2017\/12\/PLENO-MANCOMUNIDAD-14-09-15-39.jpg?resize=525%2C300 1.5x, https:\/\/i0.wp.com\/iumotril.org\/sitio\/wp-content\/uploads\/2017\/12\/PLENO-MANCOMUNIDAD-14-09-15-39.jpg?resize=700%2C400 2x"},"classes":[]},{"id":3249,"url":"https:\/\/iumotril.org\/sitio\/la-mancomunidad-aprueba-una-subida-del-725-en-el-recibo-del-agua-con-el-beneplacito-del-pp-y-del-psoe\/","url_meta":{"origin":2398,"position":2},"title":"LA MANCOMUNIDAD APRUEBA UNA SUBIDA DEL 7,25% EN EL RECIBO DEL  AGUA CON EL BENEPL\u00c1CITO DEL PP y del PSOE.","author":"Izquierda Unida Motril","date":"22 diciembre, 2017","format":false,"excerpt":"Desde Izquierda Unida se sigue denunciando que empresa contin\u00faa cortando el suministro de agua potable a familias sin recursos y cobrando cuotas de reenganche abusivas, as\u00ed como intereses de demora desmedidos de la deuda contra\u00edda. Veintid\u00f3s a\u00f1os de gesti\u00f3n del agua en los pueblos y ciudades de la Costa han\u2026","rel":"","context":"En \u00abEST\u00c1 PASANDO\u00bb","block_context":{"text":"EST\u00c1 PASANDO","link":"https:\/\/iumotril.org\/sitio\/category\/esta-pasando\/"},"img":{"alt_text":"","src":"https:\/\/i0.wp.com\/iumotril.org\/sitio\/wp-content\/uploads\/2017\/12\/PLENO-MANCOMUNIDAD-14-09-15-39-300x168.jpg?resize=350%2C200","width":350,"height":200},"classes":[]},{"id":2905,"url":"https:\/\/iumotril.org\/sitio\/reclamamos-a-la-mancomunidad-un-gestion-eficaz-y-transparente-en-defensa-de-los-intereses-de-los-vecinos\/","url_meta":{"origin":2398,"position":3},"title":"Reclamamos a la Mancomunidad un gesti\u00f3n eficaz y transparente en defensa de los intereses de los vecinos","author":"Izquierda Unida Motril","date":"26 mayo, 2017","format":false,"excerpt":"Izquierda Unida hace un llamamiento a los vecinos y vecinas de la Costa a que se sumen a este acto de protesta, el lunes 29 de mayo a las 11 horas, para exigir que la gesti\u00f3n de la Mancomunidad tenga como principal objetivo la defensa de sus intereses y no\u2026","rel":"","context":"En \u00abEST\u00c1 PASANDO\u00bb","block_context":{"text":"EST\u00c1 PASANDO","link":"https:\/\/iumotril.org\/sitio\/category\/esta-pasando\/"},"img":{"alt_text":"","src":"https:\/\/i0.wp.com\/iumotril.org\/sitio\/wp-content\/uploads\/2017\/05\/Cartel-Agua_mayo-2017-212x300.jpeg?resize=350%2C200","width":350,"height":200},"classes":[]},{"id":2888,"url":"https:\/\/iumotril.org\/sitio\/iu-critica-las-contrataciones-de-profesionales-afines-al-presidente-en-la-mancomunidad\/","url_meta":{"origin":2398,"position":4},"title":"IU CRITICA LA CONTRATACI\u00d3N DE PROFESIONALES AFINES AL PRESIDENTE EN LA MANCOMUNIDAD","author":"Izquierda Unida Motril","date":"24 mayo, 2017","format":false,"excerpt":"Izquierda Unida llama a la ciudadan\u00eda a protestar en la sede de la Mancomunidad por su mala gesti\u00f3n y falta de transparencia. El lunes, 29 a las 11 horas en la sede de la Mancomunidad.","rel":"","context":"En \u00abEST\u00c1 PASANDO\u00bb","block_context":{"text":"EST\u00c1 PASANDO","link":"https:\/\/iumotril.org\/sitio\/category\/esta-pasando\/"},"img":{"alt_text":"","src":"https:\/\/i0.wp.com\/iumotril.org\/sitio\/wp-content\/uploads\/2017\/05\/Juani-Boto-e-Inma-Omiste_mayo-2017-1024x768.jpeg?resize=350%2C200","width":350,"height":200,"srcset":"https:\/\/i0.wp.com\/iumotril.org\/sitio\/wp-content\/uploads\/2017\/05\/Juani-Boto-e-Inma-Omiste_mayo-2017-1024x768.jpeg?resize=350%2C200 1x, https:\/\/i0.wp.com\/iumotril.org\/sitio\/wp-content\/uploads\/2017\/05\/Juani-Boto-e-Inma-Omiste_mayo-2017-1024x768.jpeg?resize=525%2C300 1.5x"},"classes":[]},{"id":2925,"url":"https:\/\/iumotril.org\/sitio\/los-vecinos-exigen-a-la-mancomunidad-que-defienda-sus-derechos-por-encima-de-los-intereses-de-aguas-y-servicios\/","url_meta":{"origin":2398,"position":5},"title":"LOS VECINOS EXIGEN A LA MANCOMUNIDAD QUE DEFIENDA SUS DERECHOS POR ENCIMA DE LOS INTERESES DE AGUAS Y SERVICIOS","author":"Izquierda Unida Motril","date":"29 mayo, 2017","format":false,"excerpt":"Vecinos y vecinas de Motril, Almu\u00f1\u00e9car y Salobre\u00f1a y representantes de diferentes organizaciones pol\u00edticas, como Podemos y de colectivos sociales, como STOP Desahucios y la Asociaci\u00f3n de Parados de Motril, han apoyado la presentaci\u00f3n de este escrito que se ha acompa\u00f1ado, adem\u00e1s, de la firma de decenas de ciudadanos que\u2026","rel":"","context":"En \u00abEST\u00c1 PASANDO\u00bb","block_context":{"text":"EST\u00c1 PASANDO","link":"https:\/\/iumotril.org\/sitio\/category\/esta-pasando\/"},"img":{"alt_text":"","src":"https:\/\/i0.wp.com\/iumotril.org\/sitio\/wp-content\/uploads\/2017\/05\/Escrito-presentado-Mancomunidad_29-mayo-768x1024.jpeg?resize=350%2C200","width":350,"height":200},"classes":[]}],"jetpack_likes_enabled":true,"_links":{"self":[{"href":"https:\/\/iumotril.org\/sitio\/wp-json\/wp\/v2\/posts\/2398","targetHints":{"allow":["GET"]}}],"collection":[{"href":"https:\/\/iumotril.org\/sitio\/wp-json\/wp\/v2\/posts"}],"about":[{"href":"https:\/\/iumotril.org\/sitio\/wp-json\/wp\/v2\/types\/post"}],"author":[{"embeddable":true,"href":"https:\/\/iumotril.org\/sitio\/wp-json\/wp\/v2\/users\/1"}],"replies":[{"embeddable":true,"href":"https:\/\/iumotril.org\/sitio\/wp-json\/wp\/v2\/comments?post=2398"}],"version-history":[{"count":5,"href":"https:\/\/iumotril.org\/sitio\/wp-json\/wp\/v2\/posts\/2398\/revisions"}],"predecessor-version":[{"id":2418,"href":"https:\/\/iumotril.org\/sitio\/wp-json\/wp\/v2\/posts\/2398\/revisions\/2418"}],"wp:attachment":[{"href":"https:\/\/iumotril.org\/sitio\/wp-json\/wp\/v2\/media?parent=2398"}],"wp:term":[{"taxonomy":"category","embeddable":true,"href":"https:\/\/iumotril.org\/sitio\/wp-json\/wp\/v2\/categories?post=2398"},{"taxonomy":"post_tag","embeddable":true,"href":"https:\/\/iumotril.org\/sitio\/wp-json\/wp\/v2\/tags?post=2398"}],"curies":[{"name":"wp","href":"https:\/\/api.w.org\/{rel}","templated":true}]}}