{"id":2385,"date":"2016-09-28T12:51:06","date_gmt":"2016-09-28T10:51:06","guid":{"rendered":"http:\/\/iumotril.org\/sitio\/?p=2385"},"modified":"2016-09-28T12:51:06","modified_gmt":"2016-09-28T10:51:06","slug":"por-iniciativa-de-iu-se-pondra-en-marcha-un-plan-urgente-de-limpieza-integral-en-motril","status":"publish","type":"post","link":"https:\/\/iumotril.org\/sitio\/por-iniciativa-de-iu-se-pondra-en-marcha-un-plan-urgente-de-limpieza-integral-en-motril\/","title":{"rendered":"Por iniciativa de IU se pondr\u00e1 en marcha un plan urgente de limpieza integral en Motril"},"content":{"rendered":"<p>El Pleno del Ayuntamiento de Motril ha dado su respaldo por unanimidad a la ejecuci\u00f3n de un plan de limpieza de barrios, parques y ramblas de la ciudad, incluyendo actuaciones en los pol\u00edgonos industriales de El Vadillo y Albor\u00e1n.<\/p>\n<p>La<a href=\"https:\/\/iumotril.org\/sitio\/iu-reclama-un-plan-de-limpieza-urgente-de-barrios-parques-jardines-y-ramblas-de-la-ciudad\/\"> moci\u00f3n presentada<\/a> por el Grupo Municipal de Izquierda Unida incluye actuaciones de limpieza y otras intervenciones que pal\u00eden las m\u00faltiples deficiencias que en este asunto padece Motril. La imagen de Motril es la de una ciudad sucia. Los ciudadanos as\u00ed lo viven y los visitantes as\u00ed lo perciben. La realidad es que Motril est\u00e1 sucio.<\/p>\n<p><a href=\"https:\/\/iumotril.org\/sitio\/wp-content\/uploads\/2016\/09\/Pleno-28-septiembre1.jpg\"><img loading=\"lazy\" decoding=\"async\" data-attachment-id=\"2402\" data-permalink=\"https:\/\/iumotril.org\/sitio\/por-iniciativa-de-iu-se-pondra-en-marcha-un-plan-urgente-de-limpieza-integral-en-motril\/pleno-28-septiembre-2\/\" data-orig-file=\"https:\/\/iumotril.org\/sitio\/wp-content\/uploads\/2016\/09\/Pleno-28-septiembre1.jpg\" data-orig-size=\"1125,447\" data-comments-opened=\"1\" data-image-meta=\"{&quot;aperture&quot;:&quot;0&quot;,&quot;credit&quot;:&quot;&quot;,&quot;camera&quot;:&quot;&quot;,&quot;caption&quot;:&quot;&quot;,&quot;created_timestamp&quot;:&quot;0&quot;,&quot;copyright&quot;:&quot;&quot;,&quot;focal_length&quot;:&quot;0&quot;,&quot;iso&quot;:&quot;0&quot;,&quot;shutter_speed&quot;:&quot;0&quot;,&quot;title&quot;:&quot;&quot;,&quot;orientation&quot;:&quot;0&quot;}\" data-image-title=\"pleno-28-septiembre\" data-image-description=\"\" data-image-caption=\"\" data-large-file=\"https:\/\/iumotril.org\/sitio\/wp-content\/uploads\/2016\/09\/Pleno-28-septiembre1-1024x407.jpg\" class=\"aligncenter size-large wp-image-2402\" src=\"https:\/\/iumotril.org\/sitio\/wp-content\/uploads\/2016\/09\/Pleno-28-septiembre1-1024x407.jpg\" alt=\"pleno-28-septiembre\" width=\"620\" height=\"246\" srcset=\"https:\/\/iumotril.org\/sitio\/wp-content\/uploads\/2016\/09\/Pleno-28-septiembre1-1024x407.jpg 1024w, https:\/\/iumotril.org\/sitio\/wp-content\/uploads\/2016\/09\/Pleno-28-septiembre1-300x119.jpg 300w, https:\/\/iumotril.org\/sitio\/wp-content\/uploads\/2016\/09\/Pleno-28-septiembre1-768x305.jpg 768w, https:\/\/iumotril.org\/sitio\/wp-content\/uploads\/2016\/09\/Pleno-28-septiembre1.jpg 1125w\" sizes=\"auto, (max-width: 620px) 100vw, 620px\" \/><\/a>La propuesta de IU pretende que se aborden de forma urgente actuaciones de limpieza y acondicionamiento en las ramblas y aquellas zonas de la ciudad que as\u00ed lo requieran con objeto de evitar las inundaciones \u00a0que, habitualmente, las lluvias producen en determinadas avenidas, plazas y calles de la ciudad.<\/p>\n<p>Asimismo, Izquierda Unida ha propuesto que se articulen medidas y programas de concienciaci\u00f3n y sensibilizaci\u00f3n ciudadana que promuevan un comportamiento responsable y cuidadoso de los vecinos y vecinas con su ciudad.<\/p>\n<p>La propuesta , que ha merecido el apoyo de todos los grupos, ha suscitado un debate en el Pleno sobre las dificultades que supone la adecuada limpieza y conservaci\u00f3n de la ciudad, los esfuerzos que se vienen realizando desde los servicios municipales y la ineludible necesidad de contar con la colaboraci\u00f3n e implicaci\u00f3n ciudadana.<\/p>\n<p>Daniela Paqu\u00e9, portavoz del Grupo Municipal de IU, ha reiterado que la propuesta de su formaci\u00f3n pretende sumar esfuerzos para contribuir a solucionar un problema, el de la suciedad de la ciudad, que ya es un clamor popular. Por ello, ha asegurado que, una vez que ha merecido el respaldo de toda la Corporaci\u00f3n, su grupo seguir\u00e1 trabajando para que las actuaciones comprometidas se lleven efectivamente a cabo.<\/p>\n","protected":false},"excerpt":{"rendered":"<p>El Pleno del Ayuntamiento de Motril ha dado su respaldo por unanimidad a la ejecuci\u00f3n de un plan de limpieza de barrios, parques y ramblas de la ciudad, incluyendo actuaciones en los pol\u00edgonos industriales de El Vadillo y Albor\u00e1n.<\/p>\n","protected":false},"author":1,"featured_media":0,"comment_status":"open","ping_status":"open","sticky":false,"template":"","format":"standard","meta":{"cybocfi_hide_featured_image":"","_jetpack_newsletter_access":"","_jetpack_dont_email_post_to_subs":false,"_jetpack_newsletter_tier_id":0,"_jetpack_memberships_contains_paywalled_content":false,"_jetpack_memberships_contains_paid_content":false,"footnotes":""},"categories":[265],"tags":[580,448,447,578],"class_list":["post-2385","post","type-post","status-publish","format-standard","hentry","category-esta-pasando","tag-concienciacion-ciudadana","tag-limpieza","tag-motril-sucio","tag-plan-integral"],"jetpack_featured_media_url":"","jetpack_sharing_enabled":true,"jetpack_shortlink":"https:\/\/wp.me\/p4QsU5-Ct","jetpack-related-posts":[{"id":3652,"url":"https:\/\/iumotril.org\/sitio\/motril-reclama-actuaciones-integrales-de-limpieza-en-calles-plazas-y-barrios\/","url_meta":{"origin":2385,"position":0},"title":"Motril reclama actuaciones integrales de limpieza en calles, plazas y barrios","author":"Izquierda Unida Motril","date":"20 junio, 2018","format":false,"excerpt":"Ha alertando del previsible incremento de la suciedad de las calles con la llegada del calor y la falta de lluvia dado el deficiente servicio que se viene realizando. Por ello, ha propuesto que se lleve a cabo un plan de limpieza integral que adecente la ciudad y su entorno\u2026","rel":"","context":"En \u00abEST\u00c1 PASANDO\u00bb","block_context":{"text":"EST\u00c1 PASANDO","link":"https:\/\/iumotril.org\/sitio\/category\/esta-pasando\/"},"img":{"alt_text":"","src":"https:\/\/i0.wp.com\/iumotril.org\/sitio\/wp-content\/uploads\/2018\/06\/Inma_limpieza-rambla-alamos_20-junio-e1529490096864-225x300.jpg?resize=350%2C200","width":350,"height":200},"classes":[]},{"id":2379,"url":"https:\/\/iumotril.org\/sitio\/iu-reclama-un-plan-de-limpieza-urgente-de-barrios-parques-jardines-y-ramblas-de-la-ciudad\/","url_meta":{"origin":2385,"position":1},"title":"IU RECLAMA UN PLAN DE LIMPIEZA URGENTE DE BARRIOS, PARQUES, JARDINES Y RAMBLAS DE LA CIUDAD","author":"Izquierda Unida Motril","date":"27 septiembre, 2016","format":false,"excerpt":"Se trata de una propuesta en positivo, ha declarado Daniela Paqu\u00e9, portavoz del Grupo Municipal de IU, que pretende acometer actuaciones de car\u00e1cter integral en el \u00e1mbito de la limpieza viaria, de solares y de parques y jardines, adem\u00e1s de la limpieza de los Pol\u00edgonos de El Vadillo y Albor\u00e1n\u2026","rel":"","context":"En \u00abEST\u00c1 PASANDO\u00bb","block_context":{"text":"EST\u00c1 PASANDO","link":"https:\/\/iumotril.org\/sitio\/category\/esta-pasando\/"},"img":{"alt_text":"poligonos","src":"https:\/\/i0.wp.com\/iumotril.org\/sitio\/wp-content\/uploads\/2016\/09\/Pol%C3%ADgonos.jpg?resize=350%2C200","width":350,"height":200,"srcset":"https:\/\/i0.wp.com\/iumotril.org\/sitio\/wp-content\/uploads\/2016\/09\/Pol%C3%ADgonos.jpg?resize=350%2C200 1x, https:\/\/i0.wp.com\/iumotril.org\/sitio\/wp-content\/uploads\/2016\/09\/Pol%C3%ADgonos.jpg?resize=525%2C300 1.5x, https:\/\/i0.wp.com\/iumotril.org\/sitio\/wp-content\/uploads\/2016\/09\/Pol%C3%ADgonos.jpg?resize=700%2C400 2x"},"classes":[]},{"id":159,"url":"https:\/\/iumotril.org\/sitio\/iu-exige-la-inmediata-limpieza-de-las-calles-de-motril\/","url_meta":{"origin":2385,"position":2},"title":"IU exige la inmediata limpieza de las calles de Motril","author":"Izquierda Unida Motril","date":"24 septiembre, 2014","format":false,"excerpt":"El pleno del pr\u00f3ximo viernes pediremos una vez m\u00e1s al Equipo de Gobierno del PP \u00abque ponga soluci\u00f3n de inmediato al estado de abandono y acumulaci\u00f3n de suciedad de determinadas zonas de la ciudad, como calle Ancha y zonas adyacentes, el entorno del campo de f\u00fatbol, as\u00ed como la Rambla\u2026","rel":"","context":"En \u00abAyuntamiento\u00bb","block_context":{"text":"Ayuntamiento","link":"https:\/\/iumotril.org\/sitio\/category\/ayuntamiento\/"},"img":{"alt_text":"daniela sep","src":"https:\/\/i0.wp.com\/iumotril.org\/sitio\/wp-content\/uploads\/2014\/09\/daniela-sep-225x300.jpg?resize=350%2C200","width":350,"height":200},"classes":[]},{"id":5539,"url":"https:\/\/iumotril.org\/sitio\/inma-omiste-anuncios-promesas-y-muchas-fotos-esa-es-la-gestion-de-garcia-chamorro-al-frente-del-ayuntamiento\/","url_meta":{"origin":2385,"position":3},"title":"Inma Omiste: Anuncios, promesas y muchas fotos, esa es la gesti\u00f3n de Garc\u00eda Chamorro al frente del Ayuntamiento","author":"Izquierda Unida Motril","date":"16 enero, 2020","format":false,"excerpt":"Inma Omiste ha demandado a la alcaldesa que ponga a trabajar con dedicaci\u00f3n a su numeroso equipo de gobierno, que deje de apostar por los publirreportajes y que se ocupe de las necesidades de la ciudad y de los motrile\u00f1as. Ahora no tiene excusas, ya que dispone de un presupuesto\u2026","rel":"","context":"En \u00abCiudad\u00bb","block_context":{"text":"Ciudad","link":"https:\/\/iumotril.org\/sitio\/category\/ciudad\/"},"img":{"alt_text":"","src":"https:\/\/i0.wp.com\/iumotril.org\/sitio\/wp-content\/uploads\/2020\/01\/Jacaranda-IMG-6631-1024x768.jpg?resize=350%2C200","width":350,"height":200,"srcset":"https:\/\/i0.wp.com\/iumotril.org\/sitio\/wp-content\/uploads\/2020\/01\/Jacaranda-IMG-6631-1024x768.jpg?resize=350%2C200 1x, https:\/\/i0.wp.com\/iumotril.org\/sitio\/wp-content\/uploads\/2020\/01\/Jacaranda-IMG-6631-1024x768.jpg?resize=525%2C300 1.5x"},"classes":[]},{"id":2312,"url":"https:\/\/iumotril.org\/sitio\/iu-reclama-a-flor-almon-una-reunion-urgente-ante-el-mal-estado-general-de-motril\/","url_meta":{"origin":2385,"position":4},"title":"IU Reclama a Flor Alm\u00f3n una reuni\u00f3n urgente ante el mal estado general de Motril","author":"Izquierda Unida Motril","date":"3 agosto, 2016","format":false,"excerpt":"Ante el deplorable estado de la ciudad, emplaza al PSOE a mantener una reuni\u00f3n para acordar actuaciones que permitan salir de la situaci\u00f3n de abandono y de par\u00e1lisis que la inacci\u00f3n del equipo de gobierno tiene sumida a Motril.","rel":"","context":"En \u00abEST\u00c1 PASANDO\u00bb","block_context":{"text":"EST\u00c1 PASANDO","link":"https:\/\/iumotril.org\/sitio\/category\/esta-pasando\/"},"img":{"alt_text":"Pleno 1 junio_rueda prensa","src":"https:\/\/i0.wp.com\/iumotril.org\/sitio\/wp-content\/uploads\/2016\/05\/Pleno-1-junio_rueda-prensa-1024x768.jpg?resize=350%2C200","width":350,"height":200,"srcset":"https:\/\/i0.wp.com\/iumotril.org\/sitio\/wp-content\/uploads\/2016\/05\/Pleno-1-junio_rueda-prensa-1024x768.jpg?resize=350%2C200 1x, https:\/\/i0.wp.com\/iumotril.org\/sitio\/wp-content\/uploads\/2016\/05\/Pleno-1-junio_rueda-prensa-1024x768.jpg?resize=525%2C300 1.5x"},"classes":[]},{"id":10406,"url":"https:\/\/iumotril.org\/sitio\/apoyamos-las-demandas-de-mejoras-de-los-vecinos-del-barrio-de-las-angustias\/","url_meta":{"origin":2385,"position":5},"title":"Apoyamos las demandas de mejoras de los vecinos del barrio de Las Angustias","author":"Izquierda Unida Motril","date":"30 enero, 2025","format":false,"excerpt":"Su portavoz municipal, Inmaculada Omiste, ha denunciado que siendo uno de los barrios m\u00e1s poblados de Motril, con varios centros docentes y otras instituciones importantes, lleve arrastrando este abandono por parte del Ayuntamiento de Motril. El grupo municipal ha recogido las demandas de los vecinos y vecinas, que van desde\u2026","rel":"","context":"En \u00abCiudad\u00bb","block_context":{"text":"Ciudad","link":"https:\/\/iumotril.org\/sitio\/category\/ciudad\/"},"img":{"alt_text":"","src":"https:\/\/i0.wp.com\/iumotril.org\/sitio\/wp-content\/uploads\/2025\/01\/Las-Anagustias.jpg?resize=350%2C200&ssl=1","width":350,"height":200,"srcset":"https:\/\/i0.wp.com\/iumotril.org\/sitio\/wp-content\/uploads\/2025\/01\/Las-Anagustias.jpg?resize=350%2C200&ssl=1 1x, https:\/\/i0.wp.com\/iumotril.org\/sitio\/wp-content\/uploads\/2025\/01\/Las-Anagustias.jpg?resize=525%2C300&ssl=1 1.5x"},"classes":[]}],"jetpack_likes_enabled":true,"_links":{"self":[{"href":"https:\/\/iumotril.org\/sitio\/wp-json\/wp\/v2\/posts\/2385","targetHints":{"allow":["GET"]}}],"collection":[{"href":"https:\/\/iumotril.org\/sitio\/wp-json\/wp\/v2\/posts"}],"about":[{"href":"https:\/\/iumotril.org\/sitio\/wp-json\/wp\/v2\/types\/post"}],"author":[{"embeddable":true,"href":"https:\/\/iumotril.org\/sitio\/wp-json\/wp\/v2\/users\/1"}],"replies":[{"embeddable":true,"href":"https:\/\/iumotril.org\/sitio\/wp-json\/wp\/v2\/comments?post=2385"}],"version-history":[{"count":4,"href":"https:\/\/iumotril.org\/sitio\/wp-json\/wp\/v2\/posts\/2385\/revisions"}],"predecessor-version":[{"id":2403,"href":"https:\/\/iumotril.org\/sitio\/wp-json\/wp\/v2\/posts\/2385\/revisions\/2403"}],"wp:attachment":[{"href":"https:\/\/iumotril.org\/sitio\/wp-json\/wp\/v2\/media?parent=2385"}],"wp:term":[{"taxonomy":"category","embeddable":true,"href":"https:\/\/iumotril.org\/sitio\/wp-json\/wp\/v2\/categories?post=2385"},{"taxonomy":"post_tag","embeddable":true,"href":"https:\/\/iumotril.org\/sitio\/wp-json\/wp\/v2\/tags?post=2385"}],"curies":[{"name":"wp","href":"https:\/\/api.w.org\/{rel}","templated":true}]}}