{"id":2351,"date":"2016-08-17T12:26:01","date_gmt":"2016-08-17T10:26:01","guid":{"rendered":"http:\/\/iumotril.org\/sitio\/?p=2351"},"modified":"2016-08-17T12:26:01","modified_gmt":"2016-08-17T10:26:01","slug":"izquierda-unida-denuncia-la-falta-de-accesibilidad-en-las-playas-de-calahonda","status":"publish","type":"post","link":"https:\/\/iumotril.org\/sitio\/izquierda-unida-denuncia-la-falta-de-accesibilidad-en-las-playas-de-calahonda\/","title":{"rendered":"IZQUIERDA UNIDA DENUNCIA LA FALTA DE ACCESIBILIDAD EN LAS PLAYAS DE CALAHONDA"},"content":{"rendered":"<p style=\"text-align: justify;\"><strong><span style=\"color: #993300;\">Se hace eco de las denuncias de varios vecinos afectados que critican el deplorable estado de las pasarelas, los ba\u00f1os o las duchas que, en ning\u00fan caso, contemplan la plena accesibilidad de las personas con diversidad funcional.<\/span><\/strong><\/p>\n<p>Christian Linares, concejal del Grupo Municipal de Izquierda Unida, ha podido constatar que la falta de accesibilidad a las mismas es un hecho, algo que est\u00e1 a la vista de todos y resulta obvia.<br \/>\n<span style=\"text-decoration: underline;\">Las pasarelas<\/span> no s\u00f3lo no llegan hasta la orilla (se quedan entre 15 y 25 metros de distancia a \u00e9sta) sino que, incluso, tampoco empiezan al inicio de la arena. Desde el final de la calzada hasta las pasarelas hay que recorrer varios metros que se hacen pr\u00e1cticamente imposibles si se tienen que recorrer, por ejemplo, en silla de ruedas o en una de las sillas especiales para personas con diversidad funcional, dado el peso de las mismas.<br \/>\nDel total de <span style=\"text-decoration: underline;\">duchas existentes<\/span>, \u00fanicamente tres de ellas cuentan con un apoyo para poder sentarse \u2013 algo necesario para estas personas y tambi\u00e9n para los y las mayores\u2014que, sin embargo, tambi\u00e9n resulta inadecuado ya que consisten en una peque\u00f1a base met\u00e1lica que suele ser utilizada para aclararse los pies&#8211;. Incluso, afirma el concejal de Izquierda Unida, hay duchas con la se\u00f1alizaci\u00f3n de estar adaptadas y que no cuentan ni siquiera con esa plataforma, es decir se trata de duchas normales y b\u00e1sicas.<br \/>\n<span style=\"text-decoration: underline;\">Los ba\u00f1os<\/span> tambi\u00e9n adolecen de diversas problem\u00e1ticas entre otras, que alguno de ellos no dispone de tirador para acceder al mismo.<\/p>\n<div data-carousel-extra='{&quot;blog_id&quot;:1,&quot;permalink&quot;:&quot;https:\/\/iumotril.org\/sitio\/izquierda-unida-denuncia-la-falta-de-accesibilidad-en-las-playas-de-calahonda\/&quot;}' id='gallery-1' class='gallery galleryid-2351 gallery-columns-2 gallery-size-medium'><figure class='gallery-item'>\n\t\t\t<div class='gallery-icon portrait'>\n\t\t\t\t<a href='https:\/\/iumotril.org\/sitio\/calahonda-3\/'><img loading=\"lazy\" decoding=\"async\" width=\"222\" height=\"300\" src=\"https:\/\/iumotril.org\/sitio\/wp-content\/uploads\/2016\/08\/calahonda-3-222x300.jpg\" class=\"attachment-medium size-medium\" alt=\"\" srcset=\"https:\/\/iumotril.org\/sitio\/wp-content\/uploads\/2016\/08\/calahonda-3-222x300.jpg 222w, https:\/\/iumotril.org\/sitio\/wp-content\/uploads\/2016\/08\/calahonda-3.jpg 624w\" sizes=\"auto, (max-width: 222px) 100vw, 222px\" data-attachment-id=\"2354\" data-permalink=\"https:\/\/iumotril.org\/sitio\/calahonda-3\/\" data-orig-file=\"https:\/\/iumotril.org\/sitio\/wp-content\/uploads\/2016\/08\/calahonda-3.jpg\" data-orig-size=\"624,842\" data-comments-opened=\"1\" data-image-meta=\"{&quot;aperture&quot;:&quot;0&quot;,&quot;credit&quot;:&quot;&quot;,&quot;camera&quot;:&quot;Aquaris E5&quot;,&quot;caption&quot;:&quot;&quot;,&quot;created_timestamp&quot;:&quot;1039345200&quot;,&quot;copyright&quot;:&quot;&quot;,&quot;focal_length&quot;:&quot;4.6&quot;,&quot;iso&quot;:&quot;100&quot;,&quot;shutter_speed&quot;:&quot;0.00044286979627989&quot;,&quot;title&quot;:&quot;&quot;,&quot;orientation&quot;:&quot;1&quot;}\" data-image-title=\"calahonda 3\" data-image-description=\"\" data-image-caption=\"\" data-large-file=\"https:\/\/iumotril.org\/sitio\/wp-content\/uploads\/2016\/08\/calahonda-3.jpg\" \/><\/a>\n\t\t\t<\/div><\/figure><figure class='gallery-item'>\n\t\t\t<div class='gallery-icon portrait'>\n\t\t\t\t<a href='https:\/\/iumotril.org\/sitio\/calahonda-1\/'><img loading=\"lazy\" decoding=\"async\" width=\"222\" height=\"300\" src=\"https:\/\/iumotril.org\/sitio\/wp-content\/uploads\/2016\/08\/calahonda-1-222x300.jpg\" class=\"attachment-medium size-medium\" alt=\"\" srcset=\"https:\/\/iumotril.org\/sitio\/wp-content\/uploads\/2016\/08\/calahonda-1-222x300.jpg 222w, https:\/\/iumotril.org\/sitio\/wp-content\/uploads\/2016\/08\/calahonda-1.jpg 624w\" sizes=\"auto, (max-width: 222px) 100vw, 222px\" data-attachment-id=\"2355\" data-permalink=\"https:\/\/iumotril.org\/sitio\/calahonda-1\/\" data-orig-file=\"https:\/\/iumotril.org\/sitio\/wp-content\/uploads\/2016\/08\/calahonda-1.jpg\" data-orig-size=\"624,842\" data-comments-opened=\"1\" data-image-meta=\"{&quot;aperture&quot;:&quot;0&quot;,&quot;credit&quot;:&quot;&quot;,&quot;camera&quot;:&quot;Aquaris E5&quot;,&quot;caption&quot;:&quot;&quot;,&quot;created_timestamp&quot;:&quot;1039345200&quot;,&quot;copyright&quot;:&quot;&quot;,&quot;focal_length&quot;:&quot;4.6&quot;,&quot;iso&quot;:&quot;100&quot;,&quot;shutter_speed&quot;:&quot;0.00038461538461538&quot;,&quot;title&quot;:&quot;&quot;,&quot;orientation&quot;:&quot;1&quot;}\" data-image-title=\"calahonda 1\" data-image-description=\"\" data-image-caption=\"\" data-large-file=\"https:\/\/iumotril.org\/sitio\/wp-content\/uploads\/2016\/08\/calahonda-1.jpg\" \/><\/a>\n\t\t\t<\/div><\/figure><figure class='gallery-item'>\n\t\t\t<div class='gallery-icon landscape'>\n\t\t\t\t<a href='https:\/\/iumotril.org\/sitio\/calahonda-4\/'><img loading=\"lazy\" decoding=\"async\" width=\"300\" height=\"222\" src=\"https:\/\/iumotril.org\/sitio\/wp-content\/uploads\/2016\/08\/calahonda-4-300x222.jpg\" class=\"attachment-medium size-medium\" alt=\"\" srcset=\"https:\/\/iumotril.org\/sitio\/wp-content\/uploads\/2016\/08\/calahonda-4-300x222.jpg 300w, https:\/\/iumotril.org\/sitio\/wp-content\/uploads\/2016\/08\/calahonda-4-768x569.jpg 768w, https:\/\/iumotril.org\/sitio\/wp-content\/uploads\/2016\/08\/calahonda-4.jpg 842w\" sizes=\"auto, (max-width: 300px) 100vw, 300px\" data-attachment-id=\"2353\" data-permalink=\"https:\/\/iumotril.org\/sitio\/calahonda-4\/\" data-orig-file=\"https:\/\/iumotril.org\/sitio\/wp-content\/uploads\/2016\/08\/calahonda-4.jpg\" data-orig-size=\"842,624\" data-comments-opened=\"1\" data-image-meta=\"{&quot;aperture&quot;:&quot;0&quot;,&quot;credit&quot;:&quot;&quot;,&quot;camera&quot;:&quot;Aquaris E5&quot;,&quot;caption&quot;:&quot;&quot;,&quot;created_timestamp&quot;:&quot;1039345200&quot;,&quot;copyright&quot;:&quot;&quot;,&quot;focal_length&quot;:&quot;4.6&quot;,&quot;iso&quot;:&quot;100&quot;,&quot;shutter_speed&quot;:&quot;0.00030293850348379&quot;,&quot;title&quot;:&quot;&quot;,&quot;orientation&quot;:&quot;1&quot;}\" data-image-title=\"calahonda 4\" data-image-description=\"\" data-image-caption=\"\" data-large-file=\"https:\/\/iumotril.org\/sitio\/wp-content\/uploads\/2016\/08\/calahonda-4.jpg\" \/><\/a>\n\t\t\t<\/div><\/figure><figure class='gallery-item'>\n\t\t\t<div class='gallery-icon landscape'>\n\t\t\t\t<a href='https:\/\/iumotril.org\/sitio\/calahonda-5\/'><img loading=\"lazy\" decoding=\"async\" width=\"300\" height=\"222\" src=\"https:\/\/iumotril.org\/sitio\/wp-content\/uploads\/2016\/08\/calahonda-5-300x222.jpg\" class=\"attachment-medium size-medium\" alt=\"\" srcset=\"https:\/\/iumotril.org\/sitio\/wp-content\/uploads\/2016\/08\/calahonda-5-300x222.jpg 300w, https:\/\/iumotril.org\/sitio\/wp-content\/uploads\/2016\/08\/calahonda-5-768x569.jpg 768w, https:\/\/iumotril.org\/sitio\/wp-content\/uploads\/2016\/08\/calahonda-5.jpg 842w\" sizes=\"auto, (max-width: 300px) 100vw, 300px\" data-attachment-id=\"2352\" data-permalink=\"https:\/\/iumotril.org\/sitio\/calahonda-5\/\" data-orig-file=\"https:\/\/iumotril.org\/sitio\/wp-content\/uploads\/2016\/08\/calahonda-5.jpg\" data-orig-size=\"842,624\" data-comments-opened=\"1\" data-image-meta=\"{&quot;aperture&quot;:&quot;0&quot;,&quot;credit&quot;:&quot;&quot;,&quot;camera&quot;:&quot;Aquaris E5&quot;,&quot;caption&quot;:&quot;&quot;,&quot;created_timestamp&quot;:&quot;1039345200&quot;,&quot;copyright&quot;:&quot;&quot;,&quot;focal_length&quot;:&quot;4.6&quot;,&quot;iso&quot;:&quot;100&quot;,&quot;shutter_speed&quot;:&quot;0.0016556291390728&quot;,&quot;title&quot;:&quot;&quot;,&quot;orientation&quot;:&quot;1&quot;}\" data-image-title=\"calahonda 5\" data-image-description=\"\" data-image-caption=\"\" data-large-file=\"https:\/\/iumotril.org\/sitio\/wp-content\/uploads\/2016\/08\/calahonda-5.jpg\" \/><\/a>\n\t\t\t<\/div><\/figure>\n\t\t<\/div>\n\n<p><span style=\"text-decoration: underline;\">Los paneles informativos no tienen actualizada la informaci\u00f3n para los usuarios<\/span>, ya que se informa de que el servicio de vigilancia se inicia a las 11 horas, cuando no lo hace hasta las 12 del mediod\u00eda.<br \/>\nLos vigilantes de la playa han confirmado que s\u00f3lo existen dos sillas anfibias con las que poder entrar en el agua con personas con movilidad reducida, y adem\u00e1s una de ellas est\u00e1 rota. Por si fuera poco, por falta de personal, los vigilantes no se pueden hacer cargo de ellas porque dejar\u00edan sin la seguridad necesaria uno de los puestos de vigilancia.<br \/>\nAnte este panorama, no resulta extra\u00f1o que esta playa haya perdido la <a href=\"http:\/\/www.playas.es\/bandera-azul\/granada\/motril.htm\" target=\"_blank\">bandera azul<\/a>, aunque mantenga la <a href=\"http:\/\/www.motril.es\/index.php?id=185&amp;tx_news_pi1%5Bnews%5D=960&amp;tx_news_pi1%5Bcontroller%5D=News&amp;tx_news_pi1%5Baction%5D=detail&amp;cHash=0f3f37105e2cd3492a0ae19a5b5a1586\" target=\"_blank\">Q de Calidad<\/a>, algo dif\u00edcil de entender ante las m\u00faltiples deficiencias que presenta. Izquierda Unida comparte la cr\u00edtica de los vecinos que se sienten afectados y ha reclamado a la alcaldesa de la ELA de Calahonda que lleve a cabo las actuaciones necesarias para dar una soluci\u00f3n a todas estas deficiencias.<\/p>\n","protected":false},"excerpt":{"rendered":"<p>Se hace eco de las denuncias de varios vecinos afectados que critican el deplorable estado de las pasarelas, los ba\u00f1os o las duchas que, en ning\u00fan caso, contemplan la plena accesibilidad de las personas con diversidad funcional.<\/p>\n","protected":false},"author":1,"featured_media":0,"comment_status":"open","ping_status":"open","sticky":false,"template":"","format":"standard","meta":{"cybocfi_hide_featured_image":"","_jetpack_newsletter_access":"","_jetpack_dont_email_post_to_subs":false,"_jetpack_newsletter_tier_id":0,"_jetpack_memberships_contains_paywalled_content":false,"_jetpack_memberships_contains_paid_content":false,"footnotes":""},"categories":[265],"tags":[563,561,564,562],"class_list":["post-2351","post","type-post","status-publish","format-standard","hentry","category-esta-pasando","tag-accesibilidad","tag-calahonda","tag-deficiencias","tag-playas"],"jetpack_featured_media_url":"","jetpack_sharing_enabled":true,"jetpack_shortlink":"https:\/\/wp.me\/p4QsU5-BV","jetpack-related-posts":[{"id":5197,"url":"https:\/\/iumotril.org\/sitio\/iu-equo-denuncia-deficiencias-de-accesibilidad-y-movilidad-en-carchuna-calahonda\/","url_meta":{"origin":2351,"position":0},"title":"IU-Equo denuncia deficiencias de accesibilidad y movilidad en Carchuna-Calahonda","author":"Izquierda Unida Motril","date":"13 julio, 2019","format":false,"excerpt":"Ruiz Utrilla ha criticado la desidia e indiferencia del gobierno de la ELA y de su presidenta, Cocha Abarca, hacia las personas con discapacidad y con aquellas que tienen necesidades especiales de movilidad. Las muchas necesidades que tiene la ELA de Carchuna-Calahonda y de sus\u00a0 vecinos no pueden resolverse en\u2026","rel":"","context":"En \u00abEST\u00c1 PASANDO\u00bb","block_context":{"text":"EST\u00c1 PASANDO","link":"https:\/\/iumotril.org\/sitio\/category\/esta-pasando\/"},"img":{"alt_text":"","src":"https:\/\/i0.wp.com\/iumotril.org\/sitio\/wp-content\/uploads\/2019\/07\/Foto-Rafa-Ruiz-1024x577.jpg?resize=350%2C200","width":350,"height":200,"srcset":"https:\/\/i0.wp.com\/iumotril.org\/sitio\/wp-content\/uploads\/2019\/07\/Foto-Rafa-Ruiz-1024x577.jpg?resize=350%2C200 1x, https:\/\/i0.wp.com\/iumotril.org\/sitio\/wp-content\/uploads\/2019\/07\/Foto-Rafa-Ruiz-1024x577.jpg?resize=525%2C300 1.5x"},"classes":[]},{"id":8265,"url":"https:\/\/iumotril.org\/sitio\/iu-equo-exige-a-la-alcaldesa-actuaciones-urgentes-para-solucionar-el-deficiente-estado-de-las-playas-de-motril\/","url_meta":{"origin":2351,"position":1},"title":"IU-EQUO exige a la alcaldesa actuaciones urgentes para solucionar el deficiente estado de las playas de Motril","author":"Izquierda Unida Motril","date":"7 julio, 2022","format":false,"excerpt":"Seg\u00fan la portavoz de IU-Equo, las playas de Motril llevaban mucho tiempo sin presentar un estado de utilizaci\u00f3n tan lamentable, sin las pasarelas de acceso instaladas, con las duchas inutilizadas y sin papeleras y contenedores de basura adecuados. A ello se le une un entorno en el que las zonas\u2026","rel":"","context":"En \u00abEST\u00c1 PASANDO\u00bb","block_context":{"text":"EST\u00c1 PASANDO","link":"https:\/\/iumotril.org\/sitio\/category\/esta-pasando\/"},"img":{"alt_text":"","src":"https:\/\/i0.wp.com\/iumotril.org\/sitio\/wp-content\/uploads\/2022\/07\/playa-cable-1-176x176.jpg?resize=350%2C200&ssl=1","width":350,"height":200,"srcset":"https:\/\/i0.wp.com\/iumotril.org\/sitio\/wp-content\/uploads\/2022\/07\/playa-cable-1-176x176.jpg?resize=350%2C200&ssl=1 1x, https:\/\/i0.wp.com\/iumotril.org\/sitio\/wp-content\/uploads\/2022\/07\/playa-cable-1-176x176.jpg?resize=525%2C300&ssl=1 1.5x, https:\/\/i0.wp.com\/iumotril.org\/sitio\/wp-content\/uploads\/2022\/07\/playa-cable-1-176x176.jpg?resize=700%2C400&ssl=1 2x, https:\/\/i0.wp.com\/iumotril.org\/sitio\/wp-content\/uploads\/2022\/07\/playa-cable-1-176x176.jpg?resize=1050%2C600&ssl=1 3x, https:\/\/i0.wp.com\/iumotril.org\/sitio\/wp-content\/uploads\/2022\/07\/playa-cable-1-176x176.jpg?resize=1400%2C800&ssl=1 4x"},"classes":[]},{"id":3667,"url":"https:\/\/iumotril.org\/sitio\/son-necesarias-actuaciones-para-mejorar-y-conservar-las-playas-de-motril\/","url_meta":{"origin":2351,"position":2},"title":"Son necesarias actuaciones para mejorar y conservar las playas de Motril","author":"Izquierda Unida Motril","date":"22 junio, 2018","format":false,"excerpt":"La portavoz de IU ha criticado la falta de renovaci\u00f3n de los equipamientos de las playas, en especial de playa Poniente, como es el caso de las pasarelas en deficiente estado de conservaci\u00f3n, las duchas, papeleras y contenedores, exigiendo al gobierno local un mayor esfuerzo inversor en las playas de\u2026","rel":"","context":"En \u00abEST\u00c1 PASANDO\u00bb","block_context":{"text":"EST\u00c1 PASANDO","link":"https:\/\/iumotril.org\/sitio\/category\/esta-pasando\/"},"img":{"alt_text":"","src":"https:\/\/i0.wp.com\/iumotril.org\/sitio\/wp-content\/uploads\/2018\/06\/Azucenas.jpg?resize=350%2C200","width":350,"height":200,"srcset":"https:\/\/i0.wp.com\/iumotril.org\/sitio\/wp-content\/uploads\/2018\/06\/Azucenas.jpg?resize=350%2C200 1x, https:\/\/i0.wp.com\/iumotril.org\/sitio\/wp-content\/uploads\/2018\/06\/Azucenas.jpg?resize=525%2C300 1.5x"},"classes":[]},{"id":9241,"url":"https:\/\/iumotril.org\/sitio\/iu-verdes-equo-anuncia-la-puesta-en-marcha-de-un-plan-de-actuaciones-anual-para-mejorar-las-playas-de-motril-y-su-entorno\/","url_meta":{"origin":2351,"position":3},"title":"IU-Verdes Equo anuncia la puesta en marcha de un plan de actuaciones anual para mejorar las playas de Motril y su entorno","author":"Izquierda Unida Motril","date":"15 mayo, 2023","format":false,"excerpt":"\u201cApostar por nuestras playas es hacerlo por la desestacionalizaci\u00f3n de su oferta\u201d, es decir, por tenerlas en perfecto estado de uso para vecinos, vecinas y visitantes a lo largo de todo el a\u00f1o, ha declarado. Ha reivindicado que es posible, desde las competencias municipales, intervenir para mejorar el estado y\u2026","rel":"","context":"En \u00abEST\u00c1 PASANDO\u00bb","block_context":{"text":"EST\u00c1 PASANDO","link":"https:\/\/iumotril.org\/sitio\/category\/esta-pasando\/"},"img":{"alt_text":"","src":"https:\/\/i0.wp.com\/iumotril.org\/sitio\/wp-content\/uploads\/2023\/05\/Azucenas-2.jpg?resize=350%2C200&ssl=1","width":350,"height":200},"classes":[]},{"id":7596,"url":"https:\/\/iumotril.org\/sitio\/iu-equo-reclama-al-gobierno-local-que-lleve-a-cabo-mejoras-en-el-mantenimiento-de-las-instalaciones-de-las-playas\/","url_meta":{"origin":2351,"position":4},"title":"IU-Equo reclama al gobierno local que lleve a cabo mejoras en el mantenimiento de las instalaciones de las playas","author":"Izquierda Unida Motril","date":"20 julio, 2021","format":false,"excerpt":"Parece evidente que las instalaciones y equipamiento de las playas de Motril presentan importantes deficiencias, como se ha puesto de manifiesto con la rotura de una torre de vigilancia el lunes al mediod\u00eda en playa Granada, causando lesiones al socorrista que se encontraba en ella, al caer desde una altura\u2026","rel":"","context":"En \u00abEST\u00c1 PASANDO\u00bb","block_context":{"text":"EST\u00c1 PASANDO","link":"https:\/\/iumotril.org\/sitio\/category\/esta-pasando\/"},"img":{"alt_text":"","src":"https:\/\/i0.wp.com\/iumotril.org\/sitio\/wp-content\/uploads\/2021\/06\/Jose-16-junio-225x300.jpg?resize=350%2C200","width":350,"height":200},"classes":[]},{"id":3235,"url":"https:\/\/iumotril.org\/sitio\/izquierda-unida-reclama-la-eliminacion-de-las-barreras-arquitectonicas-en-las-instalaciones-municipales\/","url_meta":{"origin":2351,"position":5},"title":"IZQUIERDA UNIDA RECLAMA LA ELIMINACI\u00d3N DE LAS BARRERAS ARQUITECT\u00d3NICAS EN LAS INSTALACIONES MUNICIPALES.","author":"Izquierda Unida Motril","date":"13 diciembre, 2017","format":false,"excerpt":"Izquierda Unida ha registrado una Moci\u00f3n para su debate en el pr\u00f3ximo pleno municipal en la que reclama al gobierno municipal la mejora de la accesibilidad en el Ayuntamiento y en todos los edificios municipales, eliminando las barreras arquitect\u00f3nicas existentes, instalando rampas de entrada y creando itinerarios para que puedan\u2026","rel":"","context":"En \u00abEST\u00c1 PASANDO\u00bb","block_context":{"text":"EST\u00c1 PASANDO","link":"https:\/\/iumotril.org\/sitio\/category\/esta-pasando\/"},"img":{"alt_text":"","src":"https:\/\/i0.wp.com\/iumotril.org\/sitio\/wp-content\/uploads\/2017\/12\/Aceso-atras-ayuntamiento-2-232x300.jpg?resize=350%2C200","width":350,"height":200},"classes":[]}],"jetpack_likes_enabled":true,"_links":{"self":[{"href":"https:\/\/iumotril.org\/sitio\/wp-json\/wp\/v2\/posts\/2351","targetHints":{"allow":["GET"]}}],"collection":[{"href":"https:\/\/iumotril.org\/sitio\/wp-json\/wp\/v2\/posts"}],"about":[{"href":"https:\/\/iumotril.org\/sitio\/wp-json\/wp\/v2\/types\/post"}],"author":[{"embeddable":true,"href":"https:\/\/iumotril.org\/sitio\/wp-json\/wp\/v2\/users\/1"}],"replies":[{"embeddable":true,"href":"https:\/\/iumotril.org\/sitio\/wp-json\/wp\/v2\/comments?post=2351"}],"version-history":[{"count":6,"href":"https:\/\/iumotril.org\/sitio\/wp-json\/wp\/v2\/posts\/2351\/revisions"}],"predecessor-version":[{"id":2362,"href":"https:\/\/iumotril.org\/sitio\/wp-json\/wp\/v2\/posts\/2351\/revisions\/2362"}],"wp:attachment":[{"href":"https:\/\/iumotril.org\/sitio\/wp-json\/wp\/v2\/media?parent=2351"}],"wp:term":[{"taxonomy":"category","embeddable":true,"href":"https:\/\/iumotril.org\/sitio\/wp-json\/wp\/v2\/categories?post=2351"},{"taxonomy":"post_tag","embeddable":true,"href":"https:\/\/iumotril.org\/sitio\/wp-json\/wp\/v2\/tags?post=2351"}],"curies":[{"name":"wp","href":"https:\/\/api.w.org\/{rel}","templated":true}]}}