{"id":2249,"date":"2016-07-01T12:25:29","date_gmt":"2016-07-01T10:25:29","guid":{"rendered":"http:\/\/iumotril.org\/sitio\/?p=2249"},"modified":"2016-07-01T12:25:29","modified_gmt":"2016-07-01T10:25:29","slug":"izquierda-unida-presenta-una-mocion-en-apoyo-al-pequeno-comercio-de-motril","status":"publish","type":"post","link":"https:\/\/iumotril.org\/sitio\/izquierda-unida-presenta-una-mocion-en-apoyo-al-pequeno-comercio-de-motril\/","title":{"rendered":"Izquierda Unida presenta una moci\u00f3n en apoyo al peque\u00f1o comercio de Motril"},"content":{"rendered":"<h5><span style=\"color: #993300;\">Entre las mociones que presenta para su debate en el pr\u00f3ximo pleno municipal, adem\u00e1s de reclamar medidas de apoyo al comercio minorista, presenta <strong>una propuesta a favor de la<\/strong> <strong>cesi\u00f3n de suelo agr\u00edcola para su explotaci\u00f3n<\/strong> por parte de los parados motrile\u00f1os<\/span>.<\/h5>\n<p>A pesar de que la estructura de la econom\u00eda motrile\u00f1a est\u00e1 basada, en su mayor parte, por peque\u00f1as y medianas empresas, el comercio de Motril ve amenazado su futuro y la viabilidad de los negocios por la falta de medidas de apoyo que permitan favorecer su competitividad.<br \/>\n<a href=\"https:\/\/iumotril.org\/sitio\/wp-content\/uploads\/2016\/07\/comercio-borrado.jpg\"><img loading=\"lazy\" decoding=\"async\" data-attachment-id=\"2257\" data-permalink=\"https:\/\/iumotril.org\/sitio\/izquierda-unida-presenta-una-mocion-en-apoyo-al-pequeno-comercio-de-motril\/comercio-borrado\/\" data-orig-file=\"https:\/\/iumotril.org\/sitio\/wp-content\/uploads\/2016\/07\/comercio-borrado.jpg\" data-orig-size=\"2144,742\" data-comments-opened=\"1\" data-image-meta=\"{&quot;aperture&quot;:&quot;0&quot;,&quot;credit&quot;:&quot;&quot;,&quot;camera&quot;:&quot;&quot;,&quot;caption&quot;:&quot;&quot;,&quot;created_timestamp&quot;:&quot;0&quot;,&quot;copyright&quot;:&quot;&quot;,&quot;focal_length&quot;:&quot;0&quot;,&quot;iso&quot;:&quot;0&quot;,&quot;shutter_speed&quot;:&quot;0&quot;,&quot;title&quot;:&quot;&quot;,&quot;orientation&quot;:&quot;1&quot;}\" data-image-title=\"comercio borrado\" data-image-description=\"\" data-image-caption=\"\" data-large-file=\"https:\/\/iumotril.org\/sitio\/wp-content\/uploads\/2016\/07\/comercio-borrado-1024x354.jpg\" class=\"size-large wp-image-2257 alignleft\" src=\"https:\/\/iumotril.org\/sitio\/wp-content\/uploads\/2016\/07\/comercio-borrado-1024x354.jpg\" alt=\"comercio borrado\" width=\"620\" height=\"214\" srcset=\"https:\/\/iumotril.org\/sitio\/wp-content\/uploads\/2016\/07\/comercio-borrado-1024x354.jpg 1024w, https:\/\/iumotril.org\/sitio\/wp-content\/uploads\/2016\/07\/comercio-borrado-300x104.jpg 300w, https:\/\/iumotril.org\/sitio\/wp-content\/uploads\/2016\/07\/comercio-borrado-768x266.jpg 768w\" sizes=\"auto, (max-width: 620px) 100vw, 620px\" \/><\/a>La importancia del peque\u00f1o y mediano comercio de Motril para la econom\u00eda y el empleo de la ciudad, hace necesaria la adopci\u00f3n de medidas de apoyo en defensa del inter\u00e9s general del sector. As\u00ed lo considera Izquierda Unida, cuyo Grupo Municipal presenta una moci\u00f3n en este sentido para su debate en el pr\u00f3ximo pleno municipal.<br \/>\nInmaculada Omiste, concejal de la formaci\u00f3n, ha criticado que desde el equipo de gobierno de Flor Alm\u00f3n se apueste por la implantaci\u00f3n de grandes superficies en la ciudad, sin valorar las consecuencias negativas que ello supone para el comercio tradicional.<br \/>\nEl peque\u00f1o comercio, adem\u00e1s de suponer el medio de vida de muchas familias motrile\u00f1as, es una garant\u00eda de calidad y servicio, a la vez que es un importante elemento de cohesi\u00f3n de la comunidad y una fuente generadora de empleo de calidad.<br \/>\nEntre las <a href=\"https:\/\/iumotril.org\/sitio\/izquierda-unida-reclama-medidas-de-apoyo-al-pequeno-comercio-de-motril\/\">medidas de apoyo<\/a> que propone IU para su consideraci\u00f3n se encuentra la renovaci\u00f3n y promoci\u00f3n del Centro Comercial Abierto; el impulso de sinergias entre turismo y comercio y, por \u00faltimo, la realizaci\u00f3n de programas de formaci\u00f3n para los comerciantes y las asociaciones.<\/p>\n<h3><span style=\"color: #993300;\">Suelo agr\u00edcola para su explotaci\u00f3n por parte de desempleados<\/span><\/h3>\n<p>Izquierda Unida se ha hecho eco de la demanda de la Asociaci\u00f3n de desempleados y precarios de Motril, que est\u00e1 intentando poner en marcha un proyecto de puesta en valor de tierras de la cota 200 adscritas a la Junta de Andaluc\u00eda y la Diputaci\u00f3n de Granada.<br \/>\nEn la moci\u00f3n se propone, entre la adopci\u00f3n de otras medidas, que el Ayuntamiento de Motril cree un programa de acci\u00f3n municipal de apoyo a los desempleados para la realizaci\u00f3n de los proyectos t\u00e9cnicos necesarios, la b\u00fasqueda de subvenciones y financiaci\u00f3n y la puesta en marcha de programas de formaci\u00f3n espec\u00edficos.<br \/>\nDaniela Paqu\u00e9, portavoz del Grupo Municipal, ha reclamado al Ayuntamiento que inicie o acelere los tr\u00e1mites con las administraciones propietarias para lograr la efectiva cesi\u00f3n de esos suelos. Adem\u00e1s de solicitar la elaboraci\u00f3n de un inventario municipal de tierras abandonadas susceptibles de ponerse en producci\u00f3n y la elaboraci\u00f3n de un inventario de tierras en manos de los bancos para gesti\u00f3n la cesi\u00f3n de uso a favor de las asociaciones de desempleados.<\/p>\n","protected":false},"excerpt":{"rendered":"<p>A pesar de que la estructura de la econom\u00eda motrile\u00f1a est\u00e1 basada, en su mayor parte, por peque\u00f1as y medianas empresas, el comercio de Motril ve amenazado su futuro y la viabilidad de los negocios por la falta de medidas de apoyo que permitan favorecer su competitividad.<\/p>\n","protected":false},"author":1,"featured_media":0,"comment_status":"open","ping_status":"open","sticky":false,"template":"","format":"standard","meta":{"cybocfi_hide_featured_image":"","_jetpack_newsletter_access":"","_jetpack_dont_email_post_to_subs":false,"_jetpack_newsletter_tier_id":0,"_jetpack_memberships_contains_paywalled_content":false,"_jetpack_memberships_contains_paid_content":false,"footnotes":""},"categories":[265],"tags":[534,405,345,533],"class_list":["post-2249","post","type-post","status-publish","format-standard","hentry","category-esta-pasando","tag-cesion-suelo","tag-desempleados","tag-pequeno-comercio","tag-suelo-agricola"],"jetpack_featured_media_url":"","jetpack_sharing_enabled":true,"jetpack_shortlink":"https:\/\/wp.me\/p4QsU5-Ah","jetpack-related-posts":[{"id":2263,"url":"https:\/\/iumotril.org\/sitio\/motril-pondra-a-disposicion-de-los-parados-tierras-abandonadas-para-su-explotacion\/","url_meta":{"origin":2249,"position":0},"title":"MOTRIL PONDR\u00c1 A DISPOSICI\u00d3N DE LOS PARADOS TIERRAS ABANDONADAS PARA SU EXPLOTACI\u00d3N","author":"Izquierda Unida Motril","date":"5 julio, 2016","format":false,"excerpt":"La moci\u00f3n presentada por el Grupo Municipal de Izquierda Unida responde a la demanda de la sociedad andaluza de poner en producci\u00f3n las tierras incultas a trav\u00e9s de su cesi\u00f3n a los colectivos m\u00e1s desfavorecidos. En concreto, a la iniciativa de la Asociaci\u00f3n de Desempleados y Precario de Motril para\u2026","rel":"","context":"En \u00abEST\u00c1 PASANDO\u00bb","block_context":{"text":"EST\u00c1 PASANDO","link":"https:\/\/iumotril.org\/sitio\/category\/esta-pasando\/"},"img":{"alt_text":"Finca adeprem","src":"http:\/\/iumotril.org\/sitio\/wp-content\/uploads\/2016\/07\/Finca-adeprem.bmp","width":350,"height":200,"srcset":"http:\/\/iumotril.org\/sitio\/wp-content\/uploads\/2016\/07\/Finca-adeprem.bmp 1x, http:\/\/iumotril.org\/sitio\/wp-content\/uploads\/2016\/07\/Finca-adeprem.bmp 1.5x, http:\/\/iumotril.org\/sitio\/wp-content\/uploads\/2016\/07\/Finca-adeprem.bmp 2x"},"classes":[]},{"id":3289,"url":"https:\/\/iumotril.org\/sitio\/izquierda-unida-propone-la-rebaja-de-impuestos-y-tasas-municipales-para-el-pequeno-comercio-de-motril\/","url_meta":{"origin":2249,"position":1},"title":"IZQUIERDA UNIDA PROPONE LA REBAJA DE IMPUESTOS Y TASAS MUNICIPALES PARA EL PEQUE\u00d1O COMERCIO DE MOTRIL","author":"Izquierda Unida Motril","date":"12 enero, 2018","format":false,"excerpt":"Sin embargo, el peque\u00f1o comercio de Motril no recibe ning\u00fan tipo de incentivo para el desarrollo de su actividad.\u00a0 Desde IU siempre se ha entendido que la actividad que se genere en Motril debe redundar en beneficio de la ciudad, algo que se da en el caso del peque\u00f1o comercio,\u2026","rel":"","context":"En \u00abEST\u00c1 PASANDO\u00bb","block_context":{"text":"EST\u00c1 PASANDO","link":"https:\/\/iumotril.org\/sitio\/category\/esta-pasando\/"},"img":{"alt_text":"","src":"https:\/\/i0.wp.com\/iumotril.org\/sitio\/wp-content\/uploads\/2018\/01\/Inma_comercio-local-e1515759310319-225x300.jpg?resize=350%2C200","width":350,"height":200},"classes":[]},{"id":2204,"url":"https:\/\/iumotril.org\/sitio\/izquierda-unida-reclama-medidas-de-apoyo-al-pequeno-comercio-de-motril\/","url_meta":{"origin":2249,"position":2},"title":"Izquierda Unida reclama medidas de apoyo al peque\u00f1o comercio de Motril","author":"Izquierda Unida Motril","date":"10 junio, 2016","format":false,"excerpt":"Daniela Paqu\u00e9 ha anunciado que su formaci\u00f3n va a poner en marcha una campa\u00f1a de apoyo al comercio local de Motril con el objetivo de sensibilizar a los ciudadanos y ciudadanas de la importancia del comercio de proximidad, -- al que considera como un referente de garant\u00eda, calidad y buen\u2026","rel":"","context":"En \u00abEST\u00c1 PASANDO\u00bb","block_context":{"text":"EST\u00c1 PASANDO","link":"https:\/\/iumotril.org\/sitio\/category\/esta-pasando\/"},"img":{"alt_text":"IMG_1793","src":"https:\/\/i0.wp.com\/iumotril.org\/sitio\/wp-content\/uploads\/2016\/06\/IMG_17931.jpg?resize=350%2C200","width":350,"height":200},"classes":[]},{"id":7061,"url":"https:\/\/iumotril.org\/sitio\/iiu-equo-pide-a-la-alcaldesa-humildad-pra-reformular-medidas-de-apoyo-al-pequeno-comercio\/","url_meta":{"origin":2249,"position":3},"title":"IIU-Equo pide a la alcaldesa humildad para reformular medidas de apoyo al peque\u00f1o comercio","author":"Izquierda Unida Motril","date":"20 enero, 2021","format":false,"excerpt":"Seg\u00fan la portavoz de IU-Equo, Inma Omiste, el resultado fallido de esta convocatoria de ayudas pone de manifiesto una mala gesti\u00f3n del gobierno local, que no ha valorado suficientemente el alcance de la convocatoria con los requisitos exigidos que, finalmente, deja fuera de las ayudas a un importante n\u00famero de\u2026","rel":"","context":"En \u00abCovid_19\u00bb","block_context":{"text":"Covid_19","link":"https:\/\/iumotril.org\/sitio\/category\/covid_19\/"},"img":{"alt_text":"","src":"https:\/\/i0.wp.com\/iumotril.org\/sitio\/wp-content\/uploads\/2021\/01\/Inma-Omiste-20-enero-1024x768.jpg?resize=350%2C200","width":350,"height":200,"srcset":"https:\/\/i0.wp.com\/iumotril.org\/sitio\/wp-content\/uploads\/2021\/01\/Inma-Omiste-20-enero-1024x768.jpg?resize=350%2C200 1x, https:\/\/i0.wp.com\/iumotril.org\/sitio\/wp-content\/uploads\/2021\/01\/Inma-Omiste-20-enero-1024x768.jpg?resize=525%2C300 1.5x"},"classes":[]},{"id":6676,"url":"https:\/\/iumotril.org\/sitio\/iu-equo-propone-incentivos-fiscales-y-ayudas-directas-para-el-pequeno-comercio-de-motril\/","url_meta":{"origin":2249,"position":4},"title":"IU-Equo propone incentivos fiscales y ayudas directas para el peque\u00f1o comercio de Motril","author":"Izquierda Unida Motril","date":"21 septiembre, 2020","format":false,"excerpt":"Los comerciantes motrile\u00f1os merecen una bajada de impuestos y un plan de reactivaci\u00f3n del comercio local riguroso acordado con las asociaciones del sector, con una dotaci\u00f3n econ\u00f3mica adecuada para abordar, entre otras cuestiones, una soluci\u00f3n eficaz a la peatonalizaci\u00f3n del centro comercial. M\u00e1s all\u00e1 de los titulares\u00a0y de las fotograf\u00edas\u2026","rel":"","context":"En \u00abEST\u00c1 PASANDO\u00bb","block_context":{"text":"EST\u00c1 PASANDO","link":"https:\/\/iumotril.org\/sitio\/category\/esta-pasando\/"},"img":{"alt_text":"","src":"https:\/\/i0.wp.com\/iumotril.org\/sitio\/wp-content\/uploads\/2016\/07\/comercio-borrado-1024x354.jpg?resize=350%2C200","width":350,"height":200,"srcset":"https:\/\/i0.wp.com\/iumotril.org\/sitio\/wp-content\/uploads\/2016\/07\/comercio-borrado-1024x354.jpg?resize=350%2C200 1x, https:\/\/i0.wp.com\/iumotril.org\/sitio\/wp-content\/uploads\/2016\/07\/comercio-borrado-1024x354.jpg?resize=525%2C300 1.5x"},"classes":[]},{"id":5040,"url":"https:\/\/iumotril.org\/sitio\/iu-equo-promovera-un-plan-de-incentivos-fiscales-al-pequeno-comercio-y-de-proximidad-motrileno\/","url_meta":{"origin":2249,"position":5},"title":"IU-Equo promover\u00e1 un Plan de incentivos fiscales al peque\u00f1o comercio y de proximidad motrile\u00f1o","author":"Izquierda Unida Motril","date":"14 mayo, 2019","format":false,"excerpt":"Adem\u00e1s de un plan de incentivos fiscales IU-Equo propone la puesta en marcha de otras actuaciones de dinamizaci\u00f3n y apoyo a los comercios acordando con las asociaciones de comerciantes objetivos, recursos a destinar, plazos concretos de realizaci\u00f3n y criterios de evaluaci\u00f3n de su cumplimiento. Entre otras actuaciones propone la elaboraci\u00f3n\u2026","rel":"","context":"En \u00abEmpresas municipales\u00bb","block_context":{"text":"Empresas municipales","link":"https:\/\/iumotril.org\/sitio\/category\/empresas-municipales\/"},"img":{"alt_text":"Inma Omiste. Hagamos Futuro","src":"https:\/\/i0.wp.com\/iumotril.org\/sitio\/wp-content\/uploads\/2019\/05\/Inma-Omiste_14-mayo_centro-comercial-abierto-e1557847421759-225x300.jpg?resize=350%2C200","width":350,"height":200},"classes":[]}],"jetpack_likes_enabled":true,"_links":{"self":[{"href":"https:\/\/iumotril.org\/sitio\/wp-json\/wp\/v2\/posts\/2249","targetHints":{"allow":["GET"]}}],"collection":[{"href":"https:\/\/iumotril.org\/sitio\/wp-json\/wp\/v2\/posts"}],"about":[{"href":"https:\/\/iumotril.org\/sitio\/wp-json\/wp\/v2\/types\/post"}],"author":[{"embeddable":true,"href":"https:\/\/iumotril.org\/sitio\/wp-json\/wp\/v2\/users\/1"}],"replies":[{"embeddable":true,"href":"https:\/\/iumotril.org\/sitio\/wp-json\/wp\/v2\/comments?post=2249"}],"version-history":[{"count":6,"href":"https:\/\/iumotril.org\/sitio\/wp-json\/wp\/v2\/posts\/2249\/revisions"}],"predecessor-version":[{"id":2261,"href":"https:\/\/iumotril.org\/sitio\/wp-json\/wp\/v2\/posts\/2249\/revisions\/2261"}],"wp:attachment":[{"href":"https:\/\/iumotril.org\/sitio\/wp-json\/wp\/v2\/media?parent=2249"}],"wp:term":[{"taxonomy":"category","embeddable":true,"href":"https:\/\/iumotril.org\/sitio\/wp-json\/wp\/v2\/categories?post=2249"},{"taxonomy":"post_tag","embeddable":true,"href":"https:\/\/iumotril.org\/sitio\/wp-json\/wp\/v2\/tags?post=2249"}],"curies":[{"name":"wp","href":"https:\/\/api.w.org\/{rel}","templated":true}]}}