{"id":2206,"date":"2016-06-15T11:33:36","date_gmt":"2016-06-15T09:33:36","guid":{"rendered":"http:\/\/iumotril.org\/sitio\/?p=2206"},"modified":"2016-06-15T15:07:23","modified_gmt":"2016-06-15T13:07:23","slug":"izquierda-unida-exige-responsabilidades-politicas-por-la-gestion-economica-del-ayuntamiento-en-2012","status":"publish","type":"post","link":"https:\/\/iumotril.org\/sitio\/izquierda-unida-exige-responsabilidades-politicas-por-la-gestion-economica-del-ayuntamiento-en-2012\/","title":{"rendered":"Izquierda Unida exige responsabilidades pol\u00edticas por la gesti\u00f3n econ\u00f3mica del Ayuntamiento en 2012"},"content":{"rendered":"<p>Seg\u00fan un Informe del Tribunal de Cuentas al que ha tenido acceso Izquierda Unida, durante el ejercicio 2012 el Ayuntamiento de Motril no present\u00f3 la documentaci\u00f3n justificativa correspondiente a 350.641 euros. Este Informe ha dado lugar a la apertura de diligencias por parte de la Fiscal\u00eda General del Estado. Daniela Paqu\u00e9 ha reclamado a Flor Alm\u00f3n que, de una vez por todas, ponga orden en el ayuntamiento con medidas de regeneraci\u00f3n democr\u00e1tica e impulso de la participaci\u00f3n y la transparencia.<\/p>\n<p><a href=\"https:\/\/iumotril.org\/sitio\/wp-content\/uploads\/2016\/06\/Rueda-prensa-Tcuentas.jpg\"><img loading=\"lazy\" decoding=\"async\" data-attachment-id=\"2219\" data-permalink=\"https:\/\/iumotril.org\/sitio\/izquierda-unida-exige-responsabilidades-politicas-por-la-gestion-economica-del-ayuntamiento-en-2012\/rueda-prensa-tcuentas\/\" data-orig-file=\"https:\/\/iumotril.org\/sitio\/wp-content\/uploads\/2016\/06\/Rueda-prensa-Tcuentas.jpg\" data-orig-size=\"3264,2448\" data-comments-opened=\"1\" data-image-meta=\"{&quot;aperture&quot;:&quot;2.2&quot;,&quot;credit&quot;:&quot;&quot;,&quot;camera&quot;:&quot;iPhone 6&quot;,&quot;caption&quot;:&quot;&quot;,&quot;created_timestamp&quot;:&quot;1465980882&quot;,&quot;copyright&quot;:&quot;&quot;,&quot;focal_length&quot;:&quot;4.15&quot;,&quot;iso&quot;:&quot;40&quot;,&quot;shutter_speed&quot;:&quot;0.03030303030303&quot;,&quot;title&quot;:&quot;&quot;,&quot;orientation&quot;:&quot;0&quot;}\" data-image-title=\"Rueda prensa Tcuentas\" data-image-description=\"\" data-image-caption=\"\" data-large-file=\"https:\/\/iumotril.org\/sitio\/wp-content\/uploads\/2016\/06\/Rueda-prensa-Tcuentas-1024x768.jpg\" class=\"size-large wp-image-2219 alignleft\" src=\"https:\/\/iumotril.org\/sitio\/wp-content\/uploads\/2016\/06\/Rueda-prensa-Tcuentas-1024x768.jpg\" alt=\"Rueda prensa Tcuentas\" width=\"620\" height=\"465\" srcset=\"https:\/\/iumotril.org\/sitio\/wp-content\/uploads\/2016\/06\/Rueda-prensa-Tcuentas-1024x768.jpg 1024w, https:\/\/iumotril.org\/sitio\/wp-content\/uploads\/2016\/06\/Rueda-prensa-Tcuentas-300x225.jpg 300w, https:\/\/iumotril.org\/sitio\/wp-content\/uploads\/2016\/06\/Rueda-prensa-Tcuentas-768x576.jpg 768w\" sizes=\"auto, (max-width: 620px) 100vw, 620px\" \/><\/a>El Grupo Municipal de Izquierda Unida present\u00f3 en su momento alegaciones a la Cuenta General de 2012, al detectar un desfase en el arqueo de caja por un importe de 120 mil euros aproximadamente. La entonces alcaldesa de Motril, <a href=\"http:\/\/www.granadahoy.com\/article\/granada\/1490026\/juez\/imputa\/chamorro\/por\/calumnias\/e\/injurias\/contra\/cargo\/visogsa.html\" target=\"_blank\">Luisa Mar\u00eda Chamorro<\/a>, despreci\u00f3 desde la arrogancia de su mayor\u00eda absoluta a este Grupo invit\u00e1ndonos a que acudi\u00e9ramos a instancias judiciales.<\/p>\n<p>Algo que no ha sido necesario, ya que las anomal\u00edas contables y la nefasta gesti\u00f3n del Partido Popular comienzan a salir, poniendo las cosas negro sobre blanco y evidenciando que la gesti\u00f3n del PP en Motril estuvo repleta de irregularidades.<\/p>\n<p>Al fin y al cabo, en Motril se aplic\u00f3 el modelo de gesti\u00f3n del PP, una organizaci\u00f3n que tiene en su ADN el gen de la <a href=\"http:\/\/www.publico.es\/politica\/pp-primer-partido-imputado-democracia.html\" target=\"_blank\">corrupci\u00f3n<\/a>; experta en artificios contables, mentiras y expropiaciones de derechos y recursos p\u00fablicos, seg\u00fan ha manifestado Daniela Paqu\u00e9, portavoz del Grupo Municipal de Izquierda Unida.<\/p>\n<p>Paqu\u00e9 ha criticado la inacci\u00f3n y tibieza de las actuaciones del gobierno municipal del PSOE ante esta situaci\u00f3n y su falta de voluntad de sacar adelante la auditor\u00eda de gesti\u00f3n que aprob\u00f3 mayoritariamente el Pleno del ayuntamiento a propuesta de Izquierda Unida. Huele a preliminares de gran coalici\u00f3n entre el PP y el PSOE: es hora de taparse las verg\u00fcenzas de unos y de otros. Hoy por ti, ma\u00f1ana por m\u00ed.<\/p>\n<p>Desde el Grupo Municipal de Izquierda Unida se ha informado de que \u00e9ste no es el \u00fanico asunto turbio que est\u00e1 afectando al Ayuntamiento de Motril en estos momentos. Recientemente han salido a la luz las pr\u00e1cticas arbitrarias que se han llevado a cabo desde el \u00e1mbito de recursos humanos para el pago de gratificaciones y productividades a determinados funcionarios municipales; unos pagos discrecionales y poco transparentes y, en algunos casos, fuera del procedimiento establecido.<\/p>\n<p>En este mismo \u00e1mbito tambi\u00e9n, Daniela Paqu\u00e9 ha se\u00f1alado que los medios de comunicaci\u00f3n informaban esta misma semana de la investigaci\u00f3n abierta a varios jefes de servicio municipales relacionada con las <a href=\"http:\/\/www.granadahoy.com\/article\/provincia\/2305144\/piden\/se\/investigue\/si\/hubo\/trampas\/una\/oposicion\/policia\/local\/motril.html\" target=\"_blank\">irregularidades<\/a> detectadas en determinados procesos de selecci\u00f3n llevados a cabo por ese departamento de Personal.<\/p>\n<p>En medio de esta situaci\u00f3n, se ha conocido el relevo del Interventor habilitado despu\u00e9s de pocos meses de ejercicio profesional en este Ayuntamiento. Una situaci\u00f3n que la portavoz de Izquierda Unida ha lamentado por la inestabilidad que supone en el adecuado funcionamiento del Ayuntamiento en un asunto tan delicado como la gesti\u00f3n presupuestaria.<\/p>\n","protected":false},"excerpt":{"rendered":"<p>Seg\u00fan un Informe del Tribunal de Cuentas al que ha tenido acceso Izquierda Unida, durante el ejercicio 2012 el Ayuntamiento de Motril no present\u00f3 la documentaci\u00f3n correspondiente a 350.641 euros. Este Informe ha dado lugar a la apertura de diligencia por parte de la Fiscal\u00eda General del Estado. Daniela Paqu\u00e9 ha reclamado a Flor Alm\u00f3n que, de una vez por todas, ponga orden en el ayuntamiento con medidas de regeneraci\u00f3n democr\u00e1tica e impulso de la participaci\u00f3n y la transparencia.<\/p>\n","protected":false},"author":1,"featured_media":0,"comment_status":"open","ping_status":"open","sticky":false,"template":"","format":"standard","meta":{"cybocfi_hide_featured_image":"","_jetpack_newsletter_access":"","_jetpack_dont_email_post_to_subs":false,"_jetpack_newsletter_tier_id":0,"_jetpack_memberships_contains_paywalled_content":false,"_jetpack_memberships_contains_paid_content":false,"footnotes":""},"categories":[265],"tags":[524,75,523],"class_list":["post-2206","post","type-post","status-publish","format-standard","hentry","category-esta-pasando","tag-irregularidades-contables","tag-pp-motril","tag-tribunal-de-cuentas"],"jetpack_featured_media_url":"","jetpack_sharing_enabled":true,"jetpack_shortlink":"https:\/\/wp.me\/p4QsU5-zA","jetpack-related-posts":[{"id":1859,"url":"https:\/\/iumotril.org\/sitio\/izquierda-unida-exige-la-inmediata-realizacion-de-la-auditoria-de-la-etapa-de-gestion-del-partido-popular\/","url_meta":{"origin":2206,"position":0},"title":"Izquierda Unida exige la inmediata realizaci\u00f3n de la auditor\u00eda de la etapa de gesti\u00f3n del Partido Popular","author":"Izquierda Unida Motril","date":"28 enero, 2016","format":false,"excerpt":"En el mes de septiembre pasado, por iniciativa de Izquierda Unida se aprob\u00f3 por el Pleno la realizaci\u00f3n de una auditor\u00eda interna de gesti\u00f3n de los \u00faltimos a\u00f1os del PP en el Gobierno. A d\u00eda de hoy, siete meses despu\u00e9s, no se ha movido un papel ni puesto en marcha\u2026","rel":"","context":"En \u00abAyuntamiento\u00bb","block_context":{"text":"Ayuntamiento","link":"https:\/\/iumotril.org\/sitio\/category\/ayuntamiento\/"},"img":{"alt_text":"ayuntamiento-de-motril_565613","src":"https:\/\/i0.wp.com\/iumotril.org\/sitio\/wp-content\/uploads\/2016\/01\/ayuntamiento-de-motril_565613-224x300.jpg?resize=350%2C200","width":350,"height":200},"classes":[]},{"id":1839,"url":"https:\/\/iumotril.org\/sitio\/izquierda-unida-reclama-la-exencion-del-pago-de-tasas-municipales-a-los-desempleadosas\/","url_meta":{"origin":2206,"position":1},"title":"IZQUIERDA UNIDA RECLAMA LA EXENCI\u00d3N DEL PAGO DE TASAS MUNICIPALES A LOS DESEMPLEADOS\/AS","author":"Izquierda Unida Motril","date":"26 enero, 2016","format":false,"excerpt":"En una moci\u00f3n que ha presentado al pr\u00f3ximo Pleno municipal, que se celebra el viernes d\u00eda 29, solicita la modificaci\u00f3n de las Ordenanzas fiscales para que se exima del pago de tasas para participar en procesos de selecci\u00f3n de empleo p\u00fablico a las personas que est\u00e9n en situaci\u00f3n de desempleo\u2026","rel":"","context":"En \u00abAyuntamiento\u00bb","block_context":{"text":"Ayuntamiento","link":"https:\/\/iumotril.org\/sitio\/category\/ayuntamiento\/"},"img":{"alt_text":"sae motril","src":"https:\/\/i0.wp.com\/iumotril.org\/sitio\/wp-content\/uploads\/2015\/09\/sae-motril.jpg?resize=350%2C200","width":350,"height":200},"classes":[]},{"id":1534,"url":"https:\/\/iumotril.org\/sitio\/izquierda-unida-presenta-al-pleno-una-mocion-demandando-un-puerto-limpio-sin-ruidos-y-en-convivencia-con-la-ciudad\/","url_meta":{"origin":2206,"position":2},"title":"IZQUIERDA UNIDA PRESENTA AL PLENO UNA MOCI\u00d3N DEMANDANDO UN PUERTO LIMPIO, SIN RUIDOS Y EN CONVIVENCIA CON LA CIUDAD","author":"Izquierda Unida Motril","date":"27 octubre, 2015","format":false,"excerpt":"Izquierda Unida ha hecho p\u00fablicas las mociones que presenta al pr\u00f3ximo Pleno del Ayuntamiento, entre otras la que solicita que el Puerto de Motril desarrolle sus actividades conforme a la legislaci\u00f3n medioambiental. El concejal de Izquierda Unida, Christian Linares, ha subrayado que la Delegaci\u00f3n de Agricultura, Pesca y Medio Ambiente\u2026","rel":"","context":"En \u00abEST\u00c1 PASANDO\u00bb","block_context":{"text":"EST\u00c1 PASANDO","link":"https:\/\/iumotril.org\/sitio\/category\/esta-pasando\/"},"img":{"alt_text":"IMG_0832","src":"https:\/\/i0.wp.com\/iumotril.org\/sitio\/wp-content\/uploads\/2015\/10\/IMG_0832-233x300.jpg?resize=350%2C200","width":350,"height":200},"classes":[]},{"id":2805,"url":"https:\/\/iumotril.org\/sitio\/izquierda-unida-amplia-su-demanda-ante-la-fiscalia-por-el-pago-de-gratificaciones-y-horas-extraordinarias-en-el-ayuntamiento-de-motril\/","url_meta":{"origin":2206,"position":3},"title":"Izquierda Unida ampl\u00eda su demanda ante la Fiscal\u00eda por el pago de gratificaciones y horas extraordinarias en el Ayuntamiento de Motril","author":"Izquierda Unida Motril","date":"11 abril, 2017","format":false,"excerpt":"Para Izquierda Unida, la presentaci\u00f3n de esta demanda es un acto de responsabilidad pol\u00edtica que le corresponde leg\u00edtimamente en su papel de oposici\u00f3n, como representante de miles de motrile\u00f1os y motrile\u00f1as que depositaron su confianza en su formaci\u00f3n en las \u00faltimas elecciones municipales. As\u00ed se trabaja por Motril, velando por\u2026","rel":"","context":"En \u00abEST\u00c1 PASANDO\u00bb","block_context":{"text":"EST\u00c1 PASANDO","link":"https:\/\/iumotril.org\/sitio\/category\/esta-pasando\/"},"img":{"alt_text":"","src":"http:\/\/iumotril.org\/sitio\/wp-content\/uploads\/2015\/10\/mari-carmen-perez-2_octubre-2015.bmp","width":350,"height":200},"classes":[]},{"id":954,"url":"https:\/\/iumotril.org\/sitio\/izquierda-unida-rechaza-la-propuesta-de-sueldos-de-concejales-y-cargos-de-confianza-en-el-ayuntamiento-de-motril\/","url_meta":{"origin":2206,"position":4},"title":"Izquierda Unida rechaza la propuesta de sueldos de concejales y cargos de confianza en el Ayuntamiento de Motril","author":"Izquierda Unida Motril","date":"18 junio, 2015","format":false,"excerpt":"Izquierda Unida considera inaceptable que el primer Pleno del Ayuntamiento de Motril se dedique a fijar el sueldo de los Concejales\/as a trav\u00e9s de un procedimiento extraordinario y urgente que ha eludido el necesario entendimiento con la oposici\u00f3n. Por ello, ha solicitado a la Alcaldesa la retirada de esa propuesta\u2026","rel":"","context":"En \u00abAyuntamiento\u00bb","block_context":{"text":"Ayuntamiento","link":"https:\/\/iumotril.org\/sitio\/category\/ayuntamiento\/"},"img":{"alt_text":"Investidura Flor Alm\u00f3n, Alcaldesa Motil","src":"https:\/\/i0.wp.com\/iumotril.org\/sitio\/wp-content\/uploads\/2015\/06\/motril-alcaldese-575x323-300x169.jpg?resize=350%2C200","width":350,"height":200},"classes":[]},{"id":1837,"url":"https:\/\/iumotril.org\/sitio\/izquierda-unida-denuncia-la-gestion-y-las-deficiencias-del-servicio-del-agua-en-motril\/","url_meta":{"origin":2206,"position":5},"title":"IZQUIERDA UNIDA DENUNCIA LA GESTI\u00d3N Y LAS DEFICIENCIAS DEL SERVICIO DEL AGUA EN MOTRIL","author":"Izquierda Unida Motril","date":"21 enero, 2016","format":false,"excerpt":"Mientras que Aguas y Servicios obtiene beneficios millonarios, vecinos y vecinas de Motril no tienen agua caliente en sus casas. Reclamamos la recuperaci\u00f3n de la gesti\u00f3n p\u00fablica del servicio y la investigaci\u00f3n de las irregularidades que se han podido cometer.","rel":"","context":"En \u00abEST\u00c1 PASANDO\u00bb","block_context":{"text":"EST\u00c1 PASANDO","link":"https:\/\/iumotril.org\/sitio\/category\/esta-pasando\/"},"img":{"alt_text":"vecinos2","src":"https:\/\/i0.wp.com\/iumotril.org\/sitio\/wp-content\/uploads\/2016\/01\/vecinos2-300x222.jpg?resize=350%2C200","width":350,"height":200},"classes":[]}],"jetpack_likes_enabled":true,"_links":{"self":[{"href":"https:\/\/iumotril.org\/sitio\/wp-json\/wp\/v2\/posts\/2206","targetHints":{"allow":["GET"]}}],"collection":[{"href":"https:\/\/iumotril.org\/sitio\/wp-json\/wp\/v2\/posts"}],"about":[{"href":"https:\/\/iumotril.org\/sitio\/wp-json\/wp\/v2\/types\/post"}],"author":[{"embeddable":true,"href":"https:\/\/iumotril.org\/sitio\/wp-json\/wp\/v2\/users\/1"}],"replies":[{"embeddable":true,"href":"https:\/\/iumotril.org\/sitio\/wp-json\/wp\/v2\/comments?post=2206"}],"version-history":[{"count":8,"href":"https:\/\/iumotril.org\/sitio\/wp-json\/wp\/v2\/posts\/2206\/revisions"}],"predecessor-version":[{"id":2225,"href":"https:\/\/iumotril.org\/sitio\/wp-json\/wp\/v2\/posts\/2206\/revisions\/2225"}],"wp:attachment":[{"href":"https:\/\/iumotril.org\/sitio\/wp-json\/wp\/v2\/media?parent=2206"}],"wp:term":[{"taxonomy":"category","embeddable":true,"href":"https:\/\/iumotril.org\/sitio\/wp-json\/wp\/v2\/categories?post=2206"},{"taxonomy":"post_tag","embeddable":true,"href":"https:\/\/iumotril.org\/sitio\/wp-json\/wp\/v2\/tags?post=2206"}],"curies":[{"name":"wp","href":"https:\/\/api.w.org\/{rel}","templated":true}]}}