{"id":2140,"date":"2016-05-30T16:56:11","date_gmt":"2016-05-30T14:56:11","guid":{"rendered":"http:\/\/iumotril.org\/sitio\/?p=2140"},"modified":"2016-05-30T13:17:12","modified_gmt":"2016-05-30T11:17:12","slug":"izquierda-unida-propone-que-se-contraten-desempleados-para-labores-de-apoyo-a-la-jornada-electoral-del-26-j-en-motril","status":"publish","type":"post","link":"https:\/\/iumotril.org\/sitio\/izquierda-unida-propone-que-se-contraten-desempleados-para-labores-de-apoyo-a-la-jornada-electoral-del-26-j-en-motril\/","title":{"rendered":"Izquierda Unida propone que se contraten desempleados para labores de apoyo a la jornada electoral del 26-J en Motril"},"content":{"rendered":"<p>El Grupo Municipal de Izquierda Unida defender\u00e1 en el pr\u00f3ximo pleno municipal dos mociones para su debate y consideraci\u00f3n. La primera de ellas para que en las pr\u00f3ximas elecciones generales sean personas desempleadas las que realicen las tareas administrativas que requiere el desarrollo de la jornada electoral en nuestra ciudad. La segunda, para la declaraci\u00f3n de Motril como municipio libre de circos con animales.<\/p>\n<p><a href=\"https:\/\/iumotril.org\/sitio\/wp-content\/uploads\/2016\/05\/Pleno-1-junio_rueda-prensa.jpg\"><img loading=\"lazy\" decoding=\"async\" data-attachment-id=\"2165\" data-permalink=\"https:\/\/iumotril.org\/sitio\/izquierda-unida-propone-que-se-contraten-desempleados-para-labores-de-apoyo-a-la-jornada-electoral-del-26-j-en-motril\/pleno-1-junio_rueda-prensa\/\" data-orig-file=\"https:\/\/iumotril.org\/sitio\/wp-content\/uploads\/2016\/05\/Pleno-1-junio_rueda-prensa.jpg\" data-orig-size=\"3264,2448\" data-comments-opened=\"1\" data-image-meta=\"{&quot;aperture&quot;:&quot;2.2&quot;,&quot;credit&quot;:&quot;&quot;,&quot;camera&quot;:&quot;iPhone 6&quot;,&quot;caption&quot;:&quot;&quot;,&quot;created_timestamp&quot;:&quot;1464599168&quot;,&quot;copyright&quot;:&quot;&quot;,&quot;focal_length&quot;:&quot;4.15&quot;,&quot;iso&quot;:&quot;40&quot;,&quot;shutter_speed&quot;:&quot;0.03030303030303&quot;,&quot;title&quot;:&quot;&quot;,&quot;orientation&quot;:&quot;0&quot;}\" data-image-title=\"Pleno 1 junio_rueda prensa\" data-image-description=\"\" data-image-caption=\"\" data-large-file=\"https:\/\/iumotril.org\/sitio\/wp-content\/uploads\/2016\/05\/Pleno-1-junio_rueda-prensa-1024x768.jpg\" class=\"alignleft wp-image-2165\" src=\"https:\/\/iumotril.org\/sitio\/wp-content\/uploads\/2016\/05\/Pleno-1-junio_rueda-prensa-300x225.jpg\" alt=\"Pleno 1 junio_rueda prensa\" width=\"520\" height=\"390\" srcset=\"https:\/\/iumotril.org\/sitio\/wp-content\/uploads\/2016\/05\/Pleno-1-junio_rueda-prensa-300x225.jpg 300w, https:\/\/iumotril.org\/sitio\/wp-content\/uploads\/2016\/05\/Pleno-1-junio_rueda-prensa-768x576.jpg 768w, https:\/\/iumotril.org\/sitio\/wp-content\/uploads\/2016\/05\/Pleno-1-junio_rueda-prensa-1024x768.jpg 1024w\" sizes=\"auto, (max-width: 520px) 100vw, 520px\" \/><\/a>Para Izquierda Unida la dram\u00e1tica situaci\u00f3n que viven miles de familias en nuestra ciudad \u2013en el mes de abril hab\u00eda <a href=\"http:\/\/www.juntadeandalucia.es\/servicioandaluzdeempleo\/web\/argos\/demandaEmpleo.do\" target=\"_blank\">6.892 personas<\/a> registradas en la oficina de empleo\u2014reclama un compromiso inequ\u00edvoco para poner sobre la mesa todo tipo de medidas e iniciativas que puedan contribuir a paliar esta situaci\u00f3n.<\/p>\n<p>Para ello ha presentado para su debate en el pr\u00f3ximo Pleno municipal una moci\u00f3n en la que reclama que todas las personas que realicen tareas de apoyo en la jornada electoral del 26-J sean personas en situaci\u00f3n de desempleo. Hasta ahora esa tarea la vienen realizando empleados y empleadas p\u00fablicos que perciben la correspondiente compensaci\u00f3n econ\u00f3mica por la realizaci\u00f3n de esa labor.<\/p>\n<p>En este sentido, en la moci\u00f3n se propone que el Ayuntamiento traslade a la Administraci\u00f3n competente su voluntad de contratar personas desempleadas de Motril y la puesta en marcha de un proceso selectivo transparente que permita a todos los interesados e interesadas concurrir en condiciones de igualdad.<\/p>\n<p>Daniela Paqu\u00e9 ha repasado la actividad de su Grupo Municipal a lo largo de lo que va de 2016, en el que ha presentado <a href=\"https:\/\/iumotril.org\/sitio\/mociones-presentadas-2\/\" target=\"_blank\">15 mociones<\/a> diferentes para su consideraci\u00f3n por el Pleno. Todas ellas, propuestas relacionadas con el derecho a la vivienda y contra los desahucios, contra la pobreza y exclusi\u00f3n social, por la creaci\u00f3n de empleo, para bonificar fiscalmente a parados y pensionistas en los impuestos municipales y reclamando una auditor\u00eda de gesti\u00f3n del gobierno municipal en el per\u00edodo 2011-2015, entre otras.<\/p>\n<p>La portavoz de Izquierda Unida ha criticado que, a pesar de que muchas de esas propuestas han sido aprobadas mayoritariamente, el gobierno municipal las ha guardado en un caj\u00f3n, no llevando a cabo ninguna de las medidas propuestas. Tampoco desde el equipo de gobierno, a lo largo del a\u00f1o que lleva de gesti\u00f3n, ha puesto en marcha ning\u00fan proyecto o iniciativa en este sentido. Para Paqu\u00e9, el gobierno del PA-PSOE sigue la estrategia del perro del hortelano: ni come ni deja comer.<\/p>\n<p>A pesar de ello, ha afirmado que el Grupo Municipal de Izquierda Unida va a seguir trabajando, escuchando a los vecinos y vecinas, reuni\u00e9ndose con el tejido asociativo, promoviendo protestas y movilizaciones, dando voz a los que no la tienen con el objetivo de que, m\u00e1s temprano que tarde, nuestra ciudad pueda tener un gobierno para la mayor\u00eda social y ciudadana como se merece.<\/p>\n","protected":false},"excerpt":{"rendered":"<p>El Grupo Municipal de Izquierda Unida defender\u00e1 en el pr\u00f3ximo pleno municipal dos mociones para su debate y consideraci\u00f3n. La primera de ellas para que en las pr\u00f3ximas elecciones generales sean personas desempleadas las que realicen las tareas administrativas que requiere el desarrollo de la jornada electoral en nuestra ciudad. La segunda para la declaraci\u00f3n de Motril como municipio libre de circos con animales.<\/p>\n","protected":false},"author":1,"featured_media":0,"comment_status":"open","ping_status":"open","sticky":false,"template":"","format":"standard","meta":{"cybocfi_hide_featured_image":"","_jetpack_newsletter_access":"","_jetpack_dont_email_post_to_subs":false,"_jetpack_newsletter_tier_id":0,"_jetpack_memberships_contains_paywalled_content":false,"_jetpack_memberships_contains_paid_content":false,"footnotes":""},"categories":[265],"tags":[266,406,405,519,420],"class_list":["post-2140","post","type-post","status-publish","format-standard","hentry","category-esta-pasando","tag-ayuntamiento","tag-desempleadas","tag-desempleados","tag-maltrato-animal","tag-mociones-iu"],"jetpack_featured_media_url":"","jetpack_sharing_enabled":true,"jetpack_shortlink":"https:\/\/wp.me\/p4QsU5-yw","jetpack-related-posts":[{"id":4808,"url":"https:\/\/iumotril.org\/sitio\/motril-sigue-dejando-de-lado-la-contratacion-de-personas-desempleadas-para-tareas-de-apoyo-en-las-proximas-elecciones\/","url_meta":{"origin":2140,"position":0},"title":"Motril sigue dejando de lado la contrataci\u00f3n de personas desempleadas para tareas de apoyo en las pr\u00f3ximas elecciones","author":"Izquierda Unida Motril","date":"28 marzo, 2019","format":false,"excerpt":"A pesar de la reclamaci\u00f3n formal del Grupo Municipal de Izquierda Unida para que se procediera al inicio del proceso de selecci\u00f3n de personas desempleadas para desarrollar esas funciones en la elecciones generales del 28 de Abril, el Ayuntamiento de Motril alega la urgencia de la convocatoria electoral y la\u2026","rel":"","context":"En \u00abAyuntamiento\u00bb","block_context":{"text":"Ayuntamiento","link":"https:\/\/iumotril.org\/sitio\/category\/ayuntamiento\/"},"img":{"alt_text":"","src":"https:\/\/i0.wp.com\/iumotril.org\/sitio\/wp-content\/uploads\/2019\/02\/Inma_1.jpg?resize=350%2C200","width":350,"height":200,"srcset":"https:\/\/i0.wp.com\/iumotril.org\/sitio\/wp-content\/uploads\/2019\/02\/Inma_1.jpg?resize=350%2C200 1x, https:\/\/i0.wp.com\/iumotril.org\/sitio\/wp-content\/uploads\/2019\/02\/Inma_1.jpg?resize=525%2C300 1.5x, https:\/\/i0.wp.com\/iumotril.org\/sitio\/wp-content\/uploads\/2019\/02\/Inma_1.jpg?resize=700%2C400 2x, https:\/\/i0.wp.com\/iumotril.org\/sitio\/wp-content\/uploads\/2019\/02\/Inma_1.jpg?resize=1050%2C600 3x"},"classes":[]},{"id":4228,"url":"https:\/\/iumotril.org\/sitio\/el-ayuntamiento-de-motril-se-niega-a-la-contratacion-de-parados-para-tareas-de-apoyo-administrativo-en-la-jornada-electoral\/","url_meta":{"origin":2140,"position":1},"title":"El Ayuntamiento de Motril se niega a la contrataci\u00f3n de parados para tareas de apoyo administrativo en la jornada electoral","author":"Izquierda Unida Motril","date":"30 noviembre, 2018","format":false,"excerpt":"La portavoz adjunta de Izquierda Unida conf\u00eda en que las elecciones del 2-D en Andaluc\u00eda sean un punto de inflexi\u00f3n que permita sacar del gobierno municipal a la coalici\u00f3n PSOE-PA que gobierna la ciudad y superar su nefasta gesti\u00f3n para regenerar la pol\u00edtica municipal en Motril y comenzar a articular\u2026","rel":"","context":"En \u00abElecciones\u00bb","block_context":{"text":"Elecciones","link":"https:\/\/iumotril.org\/sitio\/category\/elecciones\/"},"img":{"alt_text":"","src":"https:\/\/i0.wp.com\/iumotril.org\/sitio\/wp-content\/uploads\/2018\/11\/elector-introduce-papeleta-elecciones-andaluzas_1291381419_90127573_667x375.jpg?resize=350%2C200","width":350,"height":200},"classes":[]},{"id":2161,"url":"https:\/\/iumotril.org\/sitio\/aprobada-la-mocion-de-izquierda-unida-para-que-se-contraten-desempleados-para-tareas-de-apoyo-en-jornadas-electorales-en-motril\/","url_meta":{"origin":2140,"position":2},"title":"Aprobada la moci\u00f3n de Izquierda Unida para que se contraten desempleados para tareas de apoyo en jornadas electorales en Motril","author":"Izquierda Unida Motril","date":"1 junio, 2016","format":false,"excerpt":"El pleno del Ayuntamiento de Motril ha dado su apoyo un\u00e1nime a la propuesta de Izquierda Unida para que sean personas desempleadas las que se encarguen de realizar las tareas administrativas que requiere el desarrollo de las jornadas electorales en Motril. El pleno tambi\u00e9n ha aprobado por unanimidad la moci\u00f3n\u2026","rel":"","context":"En \u00abEST\u00c1 PASANDO\u00bb","block_context":{"text":"EST\u00c1 PASANDO","link":"https:\/\/iumotril.org\/sitio\/category\/esta-pasando\/"},"img":{"alt_text":"Pleno 1 de junio","src":"https:\/\/i0.wp.com\/iumotril.org\/sitio\/wp-content\/uploads\/2016\/06\/Pleno-1-de-junio-1024x768.jpg?resize=350%2C200","width":350,"height":200},"classes":[]},{"id":1839,"url":"https:\/\/iumotril.org\/sitio\/izquierda-unida-reclama-la-exencion-del-pago-de-tasas-municipales-a-los-desempleadosas\/","url_meta":{"origin":2140,"position":3},"title":"IZQUIERDA UNIDA RECLAMA LA EXENCI\u00d3N DEL PAGO DE TASAS MUNICIPALES A LOS DESEMPLEADOS\/AS","author":"Izquierda Unida Motril","date":"26 enero, 2016","format":false,"excerpt":"En una moci\u00f3n que ha presentado al pr\u00f3ximo Pleno municipal, que se celebra el viernes d\u00eda 29, solicita la modificaci\u00f3n de las Ordenanzas fiscales para que se exima del pago de tasas para participar en procesos de selecci\u00f3n de empleo p\u00fablico a las personas que est\u00e9n en situaci\u00f3n de desempleo\u2026","rel":"","context":"En \u00abAyuntamiento\u00bb","block_context":{"text":"Ayuntamiento","link":"https:\/\/iumotril.org\/sitio\/category\/ayuntamiento\/"},"img":{"alt_text":"sae motril","src":"https:\/\/i0.wp.com\/iumotril.org\/sitio\/wp-content\/uploads\/2015\/09\/sae-motril.jpg?resize=350%2C200","width":350,"height":200},"classes":[]},{"id":2449,"url":"https:\/\/iumotril.org\/sitio\/izquierda-unida-reclama-la-puesta-en-marcha-de-un-banco-de-tierras-para-parados\/","url_meta":{"origin":2140,"position":4},"title":"Izquierda Unida reclama la puesta en marcha de un banco de tierras para parados","author":"Izquierda Unida Motril","date":"19 octubre, 2016","format":false,"excerpt":"Desde Izquierda Unida apoyamos decididamente este tipo de iniciativas de los colectivos de parados de Motril. En sentido, animamos a los desempleados y desempleadas a sumarse al proyecto de la Asociaci\u00f3n de Desempleados y Precarios de solicitud de puesta en marcha de un banco de tierras para los parados de\u2026","rel":"","context":"En \u00abEST\u00c1 PASANDO\u00bb","block_context":{"text":"EST\u00c1 PASANDO","link":"https:\/\/iumotril.org\/sitio\/category\/esta-pasando\/"},"img":{"alt_text":"Finca adeprem","src":"http:\/\/iumotril.org\/sitio\/wp-content\/uploads\/2016\/07\/Finca-adeprem.bmp","width":350,"height":200,"srcset":"http:\/\/iumotril.org\/sitio\/wp-content\/uploads\/2016\/07\/Finca-adeprem.bmp 1x, http:\/\/iumotril.org\/sitio\/wp-content\/uploads\/2016\/07\/Finca-adeprem.bmp 1.5x, http:\/\/iumotril.org\/sitio\/wp-content\/uploads\/2016\/07\/Finca-adeprem.bmp 2x"},"classes":[]},{"id":4124,"url":"https:\/\/iumotril.org\/sitio\/exigimos-la-modificacion-de-ordenanzas-fiscales-para-favorecer-a-comerciantes-familias-y-desempleados\/","url_meta":{"origin":2140,"position":5},"title":"Exigimos la modificaci\u00f3n de Ordenanzas Fiscales para favorecer a comerciantes, familias y desempleados","author":"Izquierda Unida Motril","date":"5 noviembre, 2018","format":false,"excerpt":"Izquierda Unida viene denunciando durante todo el mandato de Flor Alm\u00f3n el incumplimiento reiterado por parte del gobierno local de las mociones aprobadas por el Pleno de la Corporaci\u00f3n. Una falta de compromiso que entiende como un desprecio a las reglas de funcionamiento democr\u00e1tico de la instituci\u00f3n municipal y, sobre\u2026","rel":"","context":"En \u00abAyuntamiento\u00bb","block_context":{"text":"Ayuntamiento","link":"https:\/\/iumotril.org\/sitio\/category\/ayuntamiento\/"},"img":{"alt_text":"","src":"https:\/\/i0.wp.com\/iumotril.org\/sitio\/wp-content\/uploads\/2017\/11\/cajero-300x200.jpg?resize=350%2C200","width":350,"height":200},"classes":[]}],"jetpack_likes_enabled":true,"_links":{"self":[{"href":"https:\/\/iumotril.org\/sitio\/wp-json\/wp\/v2\/posts\/2140","targetHints":{"allow":["GET"]}}],"collection":[{"href":"https:\/\/iumotril.org\/sitio\/wp-json\/wp\/v2\/posts"}],"about":[{"href":"https:\/\/iumotril.org\/sitio\/wp-json\/wp\/v2\/types\/post"}],"author":[{"embeddable":true,"href":"https:\/\/iumotril.org\/sitio\/wp-json\/wp\/v2\/users\/1"}],"replies":[{"embeddable":true,"href":"https:\/\/iumotril.org\/sitio\/wp-json\/wp\/v2\/comments?post=2140"}],"version-history":[{"count":6,"href":"https:\/\/iumotril.org\/sitio\/wp-json\/wp\/v2\/posts\/2140\/revisions"}],"predecessor-version":[{"id":2167,"href":"https:\/\/iumotril.org\/sitio\/wp-json\/wp\/v2\/posts\/2140\/revisions\/2167"}],"wp:attachment":[{"href":"https:\/\/iumotril.org\/sitio\/wp-json\/wp\/v2\/media?parent=2140"}],"wp:term":[{"taxonomy":"category","embeddable":true,"href":"https:\/\/iumotril.org\/sitio\/wp-json\/wp\/v2\/categories?post=2140"},{"taxonomy":"post_tag","embeddable":true,"href":"https:\/\/iumotril.org\/sitio\/wp-json\/wp\/v2\/tags?post=2140"}],"curies":[{"name":"wp","href":"https:\/\/api.w.org\/{rel}","templated":true}]}}