{"id":2100,"date":"2016-05-12T12:29:39","date_gmt":"2016-05-12T10:29:39","guid":{"rendered":"http:\/\/iumotril.org\/sitio\/?p=2100"},"modified":"2016-05-12T12:29:39","modified_gmt":"2016-05-12T10:29:39","slug":"los-afiliados-y-simpatizantes-de-izquierda-unida-en-la-costa-de-granada-dan-su-apoyo-mayoritario-a-la-coalicion-electoral-con-podemos","status":"publish","type":"post","link":"https:\/\/iumotril.org\/sitio\/los-afiliados-y-simpatizantes-de-izquierda-unida-en-la-costa-de-granada-dan-su-apoyo-mayoritario-a-la-coalicion-electoral-con-podemos\/","title":{"rendered":"Los afiliados y simpatizantes de Izquierda Unida en la Costa de Granada dan su apoyo mayoritario a la Coalici\u00f3n electoral con Podemos"},"content":{"rendered":"<p>9 de cada 10 de los afiliados y simpatizantes de Izquierda Unida consultados en la Costa han dado su apoyo a la formaci\u00f3n de una Coalici\u00f3n electoral con Podemos de cara al pr\u00f3ximo 26-J.<\/p>\n<p>La<a href=\"https:\/\/iumotril.org\/sitio\/izquierda-unida-motril-consulta-a-sus-bases-sobre-el-acuerdo-con-podemos\/\"> consulta<\/a> de Izquierda Unida a sus afiliados y simpatizantes concluy\u00f3 ayer a las 21 horas con las votaciones presenciales que se realizaron en las diferentes localidades de la comarca.<\/p>\n<p><a href=\"https:\/\/iumotril.org\/sitio\/wp-content\/uploads\/2016\/05\/Sumamos-para-Ganar.jpg\"><img loading=\"lazy\" decoding=\"async\" data-attachment-id=\"2090\" data-permalink=\"https:\/\/iumotril.org\/sitio\/izquierda-unida-motril-consulta-a-sus-bases-sobre-el-acuerdo-con-podemos\/sumamos-para-ganar\/\" data-orig-file=\"https:\/\/iumotril.org\/sitio\/wp-content\/uploads\/2016\/05\/Sumamos-para-Ganar.jpg\" data-orig-size=\"960,640\" data-comments-opened=\"1\" data-image-meta=\"{&quot;aperture&quot;:&quot;0&quot;,&quot;credit&quot;:&quot;&quot;,&quot;camera&quot;:&quot;&quot;,&quot;caption&quot;:&quot;&quot;,&quot;created_timestamp&quot;:&quot;0&quot;,&quot;copyright&quot;:&quot;&quot;,&quot;focal_length&quot;:&quot;0&quot;,&quot;iso&quot;:&quot;0&quot;,&quot;shutter_speed&quot;:&quot;0&quot;,&quot;title&quot;:&quot;&quot;,&quot;orientation&quot;:&quot;0&quot;}\" data-image-title=\"Sumamos para Ganar\" data-image-description=\"\" data-image-caption=\"\" data-large-file=\"https:\/\/iumotril.org\/sitio\/wp-content\/uploads\/2016\/05\/Sumamos-para-Ganar.jpg\" class=\"alignleft wp-image-2090\" src=\"https:\/\/iumotril.org\/sitio\/wp-content\/uploads\/2016\/05\/Sumamos-para-Ganar-300x200.jpg\" alt=\"Sumamos para Ganar\" width=\"460\" height=\"307\" srcset=\"https:\/\/iumotril.org\/sitio\/wp-content\/uploads\/2016\/05\/Sumamos-para-Ganar-300x200.jpg 300w, https:\/\/iumotril.org\/sitio\/wp-content\/uploads\/2016\/05\/Sumamos-para-Ganar-768x512.jpg 768w, https:\/\/iumotril.org\/sitio\/wp-content\/uploads\/2016\/05\/Sumamos-para-Ganar.jpg 960w\" sizes=\"auto, (max-width: 460px) 100vw, 460px\" \/><\/a>Con una participaci\u00f3n del 57%, \u00a0a falta de conocer el resultado de la votaci\u00f3n online el 91% de los votantes ha apoyado el <a href=\"http:\/\/www.izquierda-unida.es\/node\/16125\" target=\"_blank\">acuerdo<\/a> de Izquierda Unida con Podemos para concurrir en coalici\u00f3n a las pr\u00f3ximas elecciones generales.<\/p>\n<p>El 68,2% de los participantes en la consulta ha ejercido su derecho a voto de forma presencial, frente al 32,8 que lo ha hecho online a trav\u00e9s de la plataforma web habilitada al efecto.<\/p>\n<p>En Almu\u00f1\u00e9car se ha registrado una participaci\u00f3n del 53,4%, en Salobre\u00f1a un 97,6% y en V\u00e9lez de Benaudalla un 77%. Por \u00faltimo, en Motril la participaci\u00f3n ha sido del 32,6%.<\/p>\n<p>En la provincia de Granada, a falta de conocer el resultado de las votaciones online, el 89% de los consultados ha dado su apoyo favorable a la coalici\u00f3n, frente al 10% que se ha manifestado contrario. El 2,5 % de los votantes ha se\u00f1alado la opci\u00f3n de la abstenci\u00f3n en la papeleta.<\/p>\n<p>El coordinador de Izquierda Unida en la Costa de Granada, Juani Boto, ha valorado de forma positiva los resultados de la consulta, destacando la participaci\u00f3n registrada en las diferentes localidades y se\u00f1alando que parece claro que el acuerdo alcanzado y el apoyo que est\u00e1 obteniendo, evidencia el car\u00e1cter ilusionante del proyecto de transformaci\u00f3n social que representa.<\/p>\n","protected":false},"excerpt":{"rendered":"<p>9 de cada 10 de los afiliados y simpatizantes de Izquierda Unida consultados en la Costa han dado su apoyo a la formaci\u00f3n de una Coalici\u00f3n electoral con Podemos de cara al pr\u00f3ximo 26-J. 9 de cada 10 de los afiliados y simpatizantes de Izquierda Unida consultados en la Costa han dado su apoyo a la formaci\u00f3n de una Coalici\u00f3n electoral con Podemos de cara al pr\u00f3ximo 26-J.<\/p>\n<p>La consulta de Izquierda Unida a sus afiliados y simpatizantes concluy\u00f3 ayer a las 21 horas con las votaciones presenciales que se realizaron en las diferentes localidades de la comarca.<\/p>\n<p>Con una participaci\u00f3n del 57%,  a falta de conocer el resultado de la votaci\u00f3n online el 91% de los votantes ha apoyado el acuerdo de Izquierda Unida con Podemos para concurrir en coalici\u00f3n a las pr\u00f3ximas elecciones generales.<\/p>\n<p>El 68,2% de los participantes en la consulta ha ejercido su derecho a voto de forma presencial, frente al 32,8 que lo ha hecho online a trav\u00e9s de la plataforma web habilitada al efecto.<\/p>\n<p>En Almu\u00f1\u00e9car se ha registrado una participaci\u00f3n del 53,4%, en Salobre\u00f1a un 97,6% y en V\u00e9lez de Benaudalla un 77%. Por \u00faltimo, en Motril la participaci\u00f3n ha sido del 32,6%.<\/p>\n<p>En la provincia de Granada, a falta de conocer el resultado de las votaciones online, el 89% de los consultados ha dado su apoyo favorable a la coalici\u00f3n, frente al 10% que se ha manifestado contrario. El 2,5 % de los votantes ha se\u00f1alado la opci\u00f3n de la abstenci\u00f3n en la papeleta.<\/p>\n","protected":false},"author":1,"featured_media":0,"comment_status":"open","ping_status":"open","sticky":false,"template":"","format":"standard","meta":{"cybocfi_hide_featured_image":"","_jetpack_newsletter_access":"","_jetpack_dont_email_post_to_subs":false,"_jetpack_newsletter_tier_id":0,"_jetpack_memberships_contains_paywalled_content":false,"_jetpack_memberships_contains_paid_content":false,"footnotes":""},"categories":[265],"tags":[251,495,505,93,207,504],"class_list":["post-2100","post","type-post","status-publish","format-standard","hentry","category-esta-pasando","tag-almunecar","tag-consulta-a-las-bases","tag-costa-de-granada","tag-motril","tag-salobrena","tag-velez-de-benaudalla"],"jetpack_featured_media_url":"","jetpack_sharing_enabled":true,"jetpack_shortlink":"https:\/\/wp.me\/p4QsU5-xS","jetpack-related-posts":[{"id":2082,"url":"https:\/\/iumotril.org\/sitio\/izquierda-unida-motril-consulta-a-sus-bases-sobre-el-acuerdo-con-podemos\/","url_meta":{"origin":2100,"position":0},"title":"Izquierda Unida Motril consulta a sus bases sobre el acuerdo con Podemos","author":"Izquierda Unida Motril","date":"10 mayo, 2016","format":false,"excerpt":"La consulta que Izquierda Unida est\u00e1 realizando a sus bases desde el martes de forma online, se desarrollar\u00e1 presencialmente ma\u00f1ana mi\u00e9rcoles, d\u00eda 11, en Motril en la sede de la formaci\u00f3n de izquierdas de la calle Ancha.","rel":"","context":"En \u00abEST\u00c1 PASANDO\u00bb","block_context":{"text":"EST\u00c1 PASANDO","link":"https:\/\/iumotril.org\/sitio\/category\/esta-pasando\/"},"img":{"alt_text":"Sumamos para Ganar","src":"https:\/\/i0.wp.com\/iumotril.org\/sitio\/wp-content\/uploads\/2016\/05\/Sumamos-para-Ganar.jpg?resize=350%2C200","width":350,"height":200,"srcset":"https:\/\/i0.wp.com\/iumotril.org\/sitio\/wp-content\/uploads\/2016\/05\/Sumamos-para-Ganar.jpg?resize=350%2C200 1x, https:\/\/i0.wp.com\/iumotril.org\/sitio\/wp-content\/uploads\/2016\/05\/Sumamos-para-Ganar.jpg?resize=525%2C300 1.5x"},"classes":[]},{"id":2075,"url":"https:\/\/iumotril.org\/sitio\/izquierda-unida-motril-consulta-a-sus-bases-sobre-un-acuerdo-electoral-con-podemos-y-otras-fuerzas-de-cara-al-26-j\/","url_meta":{"origin":2100,"position":1},"title":"Izquierda Unida Motril consulta a sus bases sobre un acuerdo electoral con Podemos y otras fuerzas de cara al 26-J","author":"Izquierda Unida Motril","date":"4 mayo, 2016","format":false,"excerpt":"La consulta, que est\u00e1 convocada a nivel estatal, permitir\u00e1 a los militantes y simpatizantes de IU Motril, su participaci\u00f3n en la votaci\u00f3n presencial que se desarrollar\u00e1 este mi\u00e9rcoles, d\u00eda 4 de mayo, entre las 18 y las 22 horas, en la sede de la formaci\u00f3n, calle Ancha, 16.","rel":"","context":"En \u00abEST\u00c1 PASANDO\u00bb","block_context":{"text":"EST\u00c1 PASANDO","link":"https:\/\/iumotril.org\/sitio\/category\/esta-pasando\/"},"img":{"alt_text":"cabecera1","src":"https:\/\/i0.wp.com\/iumotril.org\/sitio\/wp-content\/uploads\/2016\/05\/cabecera1.png?resize=350%2C200","width":350,"height":200,"srcset":"https:\/\/i0.wp.com\/iumotril.org\/sitio\/wp-content\/uploads\/2016\/05\/cabecera1.png?resize=350%2C200 1x, https:\/\/i0.wp.com\/iumotril.org\/sitio\/wp-content\/uploads\/2016\/05\/cabecera1.png?resize=525%2C300 1.5x, https:\/\/i0.wp.com\/iumotril.org\/sitio\/wp-content\/uploads\/2016\/05\/cabecera1.png?resize=700%2C400 2x"},"classes":[]},{"id":2135,"url":"https:\/\/iumotril.org\/sitio\/cayo-lara-participa-en-un-acto-publico-en-almunecar\/","url_meta":{"origin":2100,"position":2},"title":"Cayo Lara participa en un acto p\u00fablico en Almu\u00f1\u00e9car","author":"Izquierda Unida Motril","date":"25 mayo, 2016","format":false,"excerpt":"El coordinador federal de Izquierda Unida, Cayo Lara, participa el jueves 26 de mayo en un acto p\u00fablico organizado por la Asamblea Local de IU de Almu\u00f1\u00e9car-La Herradura. Adem\u00e1s de Cayo Lara, intervendr\u00e1n en el acto Diego Castillo y Eva Fern\u00e1ndez, candidatos al Congreso y al Senado respectivamente por la\u2026","rel":"","context":"En \u00abEST\u00c1 PASANDO\u00bb","block_context":{"text":"EST\u00c1 PASANDO","link":"https:\/\/iumotril.org\/sitio\/category\/esta-pasando\/"},"img":{"alt_text":"Cayo en Almu\u00f1ecar_mayo 2016","src":"https:\/\/i0.wp.com\/iumotril.org\/sitio\/wp-content\/uploads\/2016\/05\/Cayo-en-Almu%C3%B1ecar_mayo-2016.jpg?resize=350%2C200","width":350,"height":200},"classes":[]},{"id":2746,"url":"https:\/\/iumotril.org\/sitio\/los-retos-del-pais-en-el-siglo-xxi-alberto-garzon-y-antonio-maillo-en-motril\/","url_meta":{"origin":2100,"position":3},"title":"Los retos del pa\u00eds en el siglo XXI. Alberto Garz\u00f3n y Antonio Ma\u00edllo en Motril","author":"Izquierda Unida Motril","date":"21 marzo, 2017","format":false,"excerpt":"Los m\u00e1ximos responsables en los \u00e1mbitos federal, andaluz y local de Izquierda Unida han elegido Motril para participar en un acto organizado por su formaci\u00f3n, el mi\u00e9rcoles d\u00eda 22, en el que abordar\u00e1n los retos que afronta nuestro pa\u00eds en estos momentos. Desde Izquierda Unida en la Costa de Granada\u2026","rel":"","context":"En \u00abEST\u00c1 PASANDO\u00bb","block_context":{"text":"EST\u00c1 PASANDO","link":"https:\/\/iumotril.org\/sitio\/category\/esta-pasando\/"},"img":{"alt_text":"","src":"https:\/\/i0.wp.com\/iumotril.org\/sitio\/wp-content\/uploads\/2017\/03\/acto-garzon-maillo_marzo-724x1024.jpg?resize=350%2C200","width":350,"height":200,"srcset":"https:\/\/i0.wp.com\/iumotril.org\/sitio\/wp-content\/uploads\/2017\/03\/acto-garzon-maillo_marzo-724x1024.jpg?resize=350%2C200 1x, https:\/\/i0.wp.com\/iumotril.org\/sitio\/wp-content\/uploads\/2017\/03\/acto-garzon-maillo_marzo-724x1024.jpg?resize=525%2C300 1.5x"},"classes":[]},{"id":3641,"url":"https:\/\/iumotril.org\/sitio\/participa-en-la-consulta-sobre-la-confluencia-electoral-con-podemos\/","url_meta":{"origin":2100,"position":4},"title":"Participa en la consulta sobre la confluencia electoral con Podemos","author":"Izquierda Unida Motril","date":"13 junio, 2018","format":false,"excerpt":"Izquierda Unida Motril ha hecho un llamamiento a toda la militancia para votar en la consulta y anima a sus simpatizantes a participar en este proceso. El proceso de consulta se desarrollar\u00e1 entre el 12 y el 16 de junio de forma online y el domingo, 17 presencialmente en la\u2026","rel":"","context":"En \u00abEST\u00c1 PASANDO\u00bb","block_context":{"text":"EST\u00c1 PASANDO","link":"https:\/\/iumotril.org\/sitio\/category\/esta-pasando\/"},"img":{"alt_text":"","src":"https:\/\/i0.wp.com\/iumotril.org\/sitio\/wp-content\/uploads\/2018\/06\/consulta.png?resize=350%2C200","width":350,"height":200,"srcset":"https:\/\/i0.wp.com\/iumotril.org\/sitio\/wp-content\/uploads\/2018\/06\/consulta.png?resize=350%2C200 1x, https:\/\/i0.wp.com\/iumotril.org\/sitio\/wp-content\/uploads\/2018\/06\/consulta.png?resize=525%2C300 1.5x"},"classes":[]},{"id":799,"url":"https:\/\/iumotril.org\/sitio\/daniela-paque-pide-a-los-partidos-que-concurren-a-las-elecciones-que-hagan-publicos-los-gastos-de-sus-campanas\/","url_meta":{"origin":2100,"position":5},"title":"Daniela Paqu\u00e9 pide a los partidos que concurren a las elecciones que hagan p\u00fablicos los gastos de sus campa\u00f1as","author":"Izquierda Unida Motril","date":"22 mayo, 2015","format":false,"excerpt":"La candidata de Izquierda Unida ha informado que su formaci\u00f3n ha gastado en esta campa\u00f1a cerca de 3.500 euros, aportados desde sus organizaciones andaluzas y federal y por sus afiliados y simpatizantes, que tambi\u00e9n han contribuido con su trabajo profesional para la actualizaci\u00f3n de la p\u00e1gina web, la gesti\u00f3n de\u2026","rel":"","context":"En \u00abMunicipales 2015\u00bb","block_context":{"text":"Municipales 2015","link":"https:\/\/iumotril.org\/sitio\/category\/municipales-2015\/"},"img":{"alt_text":"DANIELA","src":"https:\/\/i0.wp.com\/iumotril.org\/sitio\/wp-content\/uploads\/2015\/05\/DANIELA-150x150.jpg?resize=350%2C200","width":350,"height":200},"classes":[]}],"jetpack_likes_enabled":true,"_links":{"self":[{"href":"https:\/\/iumotril.org\/sitio\/wp-json\/wp\/v2\/posts\/2100","targetHints":{"allow":["GET"]}}],"collection":[{"href":"https:\/\/iumotril.org\/sitio\/wp-json\/wp\/v2\/posts"}],"about":[{"href":"https:\/\/iumotril.org\/sitio\/wp-json\/wp\/v2\/types\/post"}],"author":[{"embeddable":true,"href":"https:\/\/iumotril.org\/sitio\/wp-json\/wp\/v2\/users\/1"}],"replies":[{"embeddable":true,"href":"https:\/\/iumotril.org\/sitio\/wp-json\/wp\/v2\/comments?post=2100"}],"version-history":[{"count":6,"href":"https:\/\/iumotril.org\/sitio\/wp-json\/wp\/v2\/posts\/2100\/revisions"}],"predecessor-version":[{"id":2112,"href":"https:\/\/iumotril.org\/sitio\/wp-json\/wp\/v2\/posts\/2100\/revisions\/2112"}],"wp:attachment":[{"href":"https:\/\/iumotril.org\/sitio\/wp-json\/wp\/v2\/media?parent=2100"}],"wp:term":[{"taxonomy":"category","embeddable":true,"href":"https:\/\/iumotril.org\/sitio\/wp-json\/wp\/v2\/categories?post=2100"},{"taxonomy":"post_tag","embeddable":true,"href":"https:\/\/iumotril.org\/sitio\/wp-json\/wp\/v2\/tags?post=2100"}],"curies":[{"name":"wp","href":"https:\/\/api.w.org\/{rel}","templated":true}]}}