{"id":21,"date":"2014-06-20T08:39:36","date_gmt":"2014-06-20T08:39:36","guid":{"rendered":"http:\/\/iumotril.org\/sitio\/?p=21"},"modified":"2014-07-25T08:45:04","modified_gmt":"2014-07-25T08:45:04","slug":"proceso-de-primarias-en-iu","status":"publish","type":"post","link":"https:\/\/iumotril.org\/sitio\/proceso-de-primarias-en-iu\/","title":{"rendered":"Proceso de Primarias en IU"},"content":{"rendered":"<p><span style=\"color: #37404e; font-family: Helvetica, Arial, 'lucida grande', tahoma, verdana, arial, sans-serif; font-size: 14px; font-style: normal; font-variant: normal; font-weight: normal; letter-spacing: normal; line-height: 20px; orphans: auto; text-align: left; text-indent: 0px; text-transform: none; white-space: normal; widows: auto; word-spacing: 0px; -webkit-text-stroke-width: 0px; display: inline !important; float: none; background-color: #ffffff;\"><span style=\"color: #37404e; font-family: Helvetica, Arial, 'lucida grande', tahoma, verdana, arial, sans-serif; font-size: 14px; font-style: normal; font-variant: normal; font-weight: normal; letter-spacing: normal; line-height: 20px; orphans: auto; text-align: left; text-indent: 0px; text-transform: none; white-space: normal; widows: auto; word-spacing: 0px; -webkit-text-stroke-width: 0px; display: inline !important; float: none; background-color: #ffffff;\"><a href=\"https:\/\/iumotril.org\/sitio\/wp-content\/uploads\/2014\/07\/primarias01.jpg\"><img loading=\"lazy\" decoding=\"async\" data-attachment-id=\"22\" data-permalink=\"https:\/\/iumotril.org\/sitio\/proceso-de-primarias-en-iu\/primarias01\/\" data-orig-file=\"https:\/\/iumotril.org\/sitio\/wp-content\/uploads\/2014\/07\/primarias01.jpg\" data-orig-size=\"525,350\" data-comments-opened=\"1\" data-image-meta=\"{&quot;aperture&quot;:&quot;0&quot;,&quot;credit&quot;:&quot;&quot;,&quot;camera&quot;:&quot;&quot;,&quot;caption&quot;:&quot;&quot;,&quot;created_timestamp&quot;:&quot;0&quot;,&quot;copyright&quot;:&quot;&quot;,&quot;focal_length&quot;:&quot;0&quot;,&quot;iso&quot;:&quot;0&quot;,&quot;shutter_speed&quot;:&quot;0&quot;,&quot;title&quot;:&quot;&quot;,&quot;orientation&quot;:&quot;0&quot;}\" data-image-title=\"primarias01\" data-image-description=\"\" data-image-caption=\"\" data-large-file=\"https:\/\/iumotril.org\/sitio\/wp-content\/uploads\/2014\/07\/primarias01.jpg\" class=\"alignleft wp-image-22 size-medium\" src=\"https:\/\/iumotril.org\/sitio\/wp-content\/uploads\/2014\/07\/primarias01-300x200.jpg\" alt=\"primarias01\" width=\"300\" height=\"200\" srcset=\"https:\/\/iumotril.org\/sitio\/wp-content\/uploads\/2014\/07\/primarias01-300x200.jpg 300w, https:\/\/iumotril.org\/sitio\/wp-content\/uploads\/2014\/07\/primarias01.jpg 525w\" sizes=\"auto, (max-width: 300px) 100vw, 300px\" \/><\/a><\/span>Elena Cortes, nuestra compa\u00f1era de IU y Consejera de Fomento y vivienda, visita Motril, para animar a los motrile\u00f1@s a que participen en el proceso de primarias abiertas para elecci\u00f3n del candidat@ de IU a la Presidencia de la Junta de Andalucia.<\/span><br style=\"color: #37404e; font-family: Helvetica, Arial, 'lucida grande', tahoma, verdana, arial, sans-serif; font-size: 14px; font-style: normal; font-variant: normal; font-weight: normal; letter-spacing: normal; line-height: 20px; orphans: auto; text-align: left; text-indent: 0px; text-transform: none; white-space: normal; widows: auto; word-spacing: 0px; -webkit-text-stroke-width: 0px; background-color: #ffffff;\" \/><span style=\"color: #37404e; font-family: Helvetica, Arial, 'lucida grande', tahoma, verdana, arial, sans-serif; font-size: 14px; font-style: normal; font-variant: normal; font-weight: normal; letter-spacing: normal; line-height: 20px; orphans: auto; text-align: left; text-indent: 0px; text-transform: none; white-space: normal; widows: auto; word-spacing: 0px; -webkit-text-stroke-width: 0px; display: inline !important; float: none; background-color: #ffffff;\">Todav\u00eda quedan d\u00edas de plazo para hacerlo. Gracias por vuestro inter\u00e9s! Participa y difunde<span class=\"Apple-converted-space\">\u00a0<\/span><\/span><\/p>\n","protected":false},"excerpt":{"rendered":"<p>Elena Cortes, nuestra compa\u00f1era de IU y Consejera de Fomento [&hellip;]<\/p>\n","protected":false},"author":1,"featured_media":0,"comment_status":"open","ping_status":"open","sticky":false,"template":"","format":"standard","meta":{"cybocfi_hide_featured_image":"","_jetpack_newsletter_access":"","_jetpack_dont_email_post_to_subs":false,"_jetpack_newsletter_tier_id":0,"_jetpack_memberships_contains_paywalled_content":false,"_jetpack_memberships_contains_paid_content":false,"footnotes":""},"categories":[1],"tags":[],"class_list":["post-21","post","type-post","status-publish","format-standard","hentry","category-sin-categoria"],"jetpack_featured_media_url":"","jetpack_sharing_enabled":true,"jetpack_shortlink":"https:\/\/wp.me\/p4QsU5-l","jetpack-related-posts":[{"id":404,"url":"https:\/\/iumotril.org\/sitio\/izquierda-unida-de-motril-pone-en-marcha-su-proceso-de-primarias-abiertas-para-designar-el-candidat-a-la-alcaldia\/","url_meta":{"origin":21,"position":0},"title":"IZQUIERDA UNIDA DE MOTRIL PONE EN MARCHA SU PROCESO DE PRIMARIAS ABIERTAS PARA DESIGNAR EL CANDIDAT@ A LA ALCALD\u00cdA","author":"Izquierda Unida Motril","date":"26 enero, 2015","format":false,"excerpt":"La coordinadora Local de IU Motril, Concha Barros, ha anunciado el inicio del proceso de primarias y ha aclarado que: \u00abAunque la Asamblea local de IU eligi\u00f3 por unanimidad de sus miembros a Daniela Paqu\u00e9 Pe\u00f1a como posible candidata a la Alcald\u00eda, no obstante la elecci\u00f3n definitiva ser\u00e1 el 25\u2026","rel":"","context":"En \u00abSin categor\u00eda\u00bb","block_context":{"text":"Sin categor\u00eda","link":"https:\/\/iumotril.org\/sitio\/category\/sin-categoria\/"},"img":{"alt_text":"concha barros","src":"https:\/\/i0.wp.com\/iumotril.org\/sitio\/wp-content\/uploads\/2015\/01\/concha-barros-300x200.jpg?resize=350%2C200","width":350,"height":200},"classes":[]},{"id":509,"url":"https:\/\/iumotril.org\/sitio\/izquierda-unida-motril-invita-a-los-motrilens-simpatizantes-de-la-formacion-a-que-participen-en-la-elaboracion-de-la-lista-electoral-y-a-su-votacion-final\/","url_meta":{"origin":21,"position":1},"title":"Izquierda Unida Motril invita a los motrile\u00f1@s simpatizantes de la formaci\u00f3n a que participen en la elaboraci\u00f3n de la lista electoral y a su votaci\u00f3n final","author":"Izquierda Unida Motril","date":"8 abril, 2015","format":false,"excerpt":"Al abrir la elecci\u00f3n de los integrantes de la lista electoral con la que concurrir\u00e1n a los comicios municipales del 24 de Mayo, a los simpatizantes \u2014que deber\u00e1n inscribirse en un registro gratuito\u2014 la formaci\u00f3n de izquierdas est\u00e1 convencida de que se tomar\u00e1 la mejor decisi\u00f3n y tendr\u00e1n un mayor\u2026","rel":"","context":"En \u00abSin categor\u00eda\u00bb","block_context":{"text":"Sin categor\u00eda","link":"https:\/\/iumotril.org\/sitio\/category\/sin-categoria\/"},"img":{"alt_text":"cartel primarias","src":"https:\/\/i0.wp.com\/iumotril.org\/sitio\/wp-content\/uploads\/2015\/04\/cartel-primarias-300x200.jpg?resize=350%2C200","width":350,"height":200},"classes":[]},{"id":8725,"url":"https:\/\/iumotril.org\/sitio\/iu-equo-denuncia-el-incumplimiento-de-plazos-y-la-falta-de-diligencia-en-la-resolucion-de-la-bolsa-de-auxiliares-administrativos\/","url_meta":{"origin":21,"position":2},"title":"IU-Equo denuncia el incumplimiento de plazos y la falta de diligencia en la resoluci\u00f3n de la bolsa de Auxiliares Administrativos","author":"Izquierda Unida Motril","date":"2 diciembre, 2022","format":false,"excerpt":"Para la portavoz de IU-Equo estamos ante una clara falta de consideraci\u00f3n y de respeto hacia los aspirantes que han tomado parte en este proceso selectivo, a los que se les exige el cumplimiento riguroso de diferentes requisitos, mientras que el Ayuntamiento incumple de manera flagrante los plazos temporales que\u2026","rel":"","context":"En \u00abAyuntamiento\u00bb","block_context":{"text":"Ayuntamiento","link":"https:\/\/iumotril.org\/sitio\/category\/ayuntamiento\/"},"img":{"alt_text":"","src":"https:\/\/i0.wp.com\/iumotril.org\/sitio\/wp-content\/uploads\/2022\/12\/Captura-Bolsa-auxiliares.png?resize=350%2C200&ssl=1","width":350,"height":200,"srcset":"https:\/\/i0.wp.com\/iumotril.org\/sitio\/wp-content\/uploads\/2022\/12\/Captura-Bolsa-auxiliares.png?resize=350%2C200&ssl=1 1x, https:\/\/i0.wp.com\/iumotril.org\/sitio\/wp-content\/uploads\/2022\/12\/Captura-Bolsa-auxiliares.png?resize=525%2C300&ssl=1 1.5x"},"classes":[]},{"id":143,"url":"https:\/\/iumotril.org\/sitio\/iu-hace-un-llamamiento-a-la-confluencia-programatica-y-electoral-de-todas-las-fuerzas-de-izquierdas\/","url_meta":{"origin":21,"position":3},"title":"IU HACE UN LLAMAMIENTO A LA CONFLUENCIA PROGRAM\u00c1TICA Y ELECTORAL DE TODAS LAS FUERZAS DE IZQUIERDAS.","author":"Izquierda Unida Motril","date":"24 julio, 2014","format":false,"excerpt":"Ante el ataque a la democracia que el PP Motril ha perpetrado con la eliminaci\u00f3n de la Secretaria de Grupo de IU en el Ayto. de Motril, la formaci\u00f3n de izquierdas a trav\u00e9s de su coordinador provincial ha hecho un llamamiento a la confluencia program\u00e1tica y electoral de todas las\u2026","rel":"","context":"En \u00abSin categor\u00eda\u00bb","block_context":{"text":"Sin categor\u00eda","link":"https:\/\/iumotril.org\/sitio\/category\/sin-categoria\/"},"img":{"alt_text":"Felipe Villa junto a Manuel Morales y Daniela Paqu\u00e9","src":"https:\/\/i0.wp.com\/iumotril.org\/sitio\/wp-content\/uploads\/2014\/09\/20140724181150-felipe-y-manuel-300x155.jpg?resize=350%2C200","width":350,"height":200},"classes":[]},{"id":6295,"url":"https:\/\/iumotril.org\/sitio\/iu-equo-reclama-transparencia-en-la-seleccion-de-los-auxiliares-de-control-de-playas\/","url_meta":{"origin":21,"position":4},"title":"IU-Equo reclama transparencia en la selecci\u00f3n de los auxiliares de control de playas","author":"Izquierda Unida Motril","date":"1 junio, 2020","format":false,"excerpt":"Desde el Grupo Municipal de Izquierda Unida-Equo se cuestiona la transparencia y la eficacia de la selecci\u00f3n a trav\u00e9s de la bolsa \u00fanica de empleo de la Junta de Andaluc\u00eda para cubrir las 86 plazas de auxiliares de informaci\u00f3n y control de acceso y aforo de las playas de Motril,\u2026","rel":"","context":"En \u00abCovid_19\u00bb","block_context":{"text":"Covid_19","link":"https:\/\/iumotril.org\/sitio\/category\/covid_19\/"},"img":{"alt_text":"","src":"https:\/\/i0.wp.com\/iumotril.org\/sitio\/wp-content\/uploads\/2020\/06\/PHOTO-2020-06-01-10-17-19-1024x768.jpg?resize=350%2C200","width":350,"height":200,"srcset":"https:\/\/i0.wp.com\/iumotril.org\/sitio\/wp-content\/uploads\/2020\/06\/PHOTO-2020-06-01-10-17-19-1024x768.jpg?resize=350%2C200 1x, https:\/\/i0.wp.com\/iumotril.org\/sitio\/wp-content\/uploads\/2020\/06\/PHOTO-2020-06-01-10-17-19-1024x768.jpg?resize=525%2C300 1.5x"},"classes":[]},{"id":477,"url":"https:\/\/iumotril.org\/sitio\/iu-solicita-que-las-personas-designadas-por-el-ayuntamiento-para-ejercer-de-representantes-de-la-administracion-en-las-elecciones-sean-jovenes-desempleados\/","url_meta":{"origin":21,"position":5},"title":"IU SOLICITA QUE LAS PERSONAS DESIGNADAS POR EL AYUNTAMIENTO PARA EJERCER DE REPRESENTANTES DE LA ADMINISTRACI\u00d3N EN LAS ELECCIONES SEAN  DESEMPLEADOS","author":"Izquierda Unida Motril","date":"23 febrero, 2015","format":false,"excerpt":"La formaci\u00f3n de izquierdas ha registrado una propuesta a Pleno pidiendo que el Ayuntamiento arbitre un mecanismo para que las personas designadas como Representantes de la Administraci\u00f3n por parte del Ayuntamiento para las futuras jornadas electorales, sean personas en situaci\u00f3n de desempleo. \u201cEn todos los comicios que se celebran, el\u2026","rel":"","context":"En \u00abAyuntamiento\u00bb","block_context":{"text":"Ayuntamiento","link":"https:\/\/iumotril.org\/sitio\/category\/ayuntamiento\/"},"img":{"alt_text":"daniela Paque 3","src":"https:\/\/i0.wp.com\/iumotril.org\/sitio\/wp-content\/uploads\/2014\/11\/daniela-Paque-3-300x200.jpg?resize=350%2C200","width":350,"height":200},"classes":[]}],"jetpack_likes_enabled":true,"_links":{"self":[{"href":"https:\/\/iumotril.org\/sitio\/wp-json\/wp\/v2\/posts\/21","targetHints":{"allow":["GET"]}}],"collection":[{"href":"https:\/\/iumotril.org\/sitio\/wp-json\/wp\/v2\/posts"}],"about":[{"href":"https:\/\/iumotril.org\/sitio\/wp-json\/wp\/v2\/types\/post"}],"author":[{"embeddable":true,"href":"https:\/\/iumotril.org\/sitio\/wp-json\/wp\/v2\/users\/1"}],"replies":[{"embeddable":true,"href":"https:\/\/iumotril.org\/sitio\/wp-json\/wp\/v2\/comments?post=21"}],"version-history":[{"count":1,"href":"https:\/\/iumotril.org\/sitio\/wp-json\/wp\/v2\/posts\/21\/revisions"}],"predecessor-version":[{"id":23,"href":"https:\/\/iumotril.org\/sitio\/wp-json\/wp\/v2\/posts\/21\/revisions\/23"}],"wp:attachment":[{"href":"https:\/\/iumotril.org\/sitio\/wp-json\/wp\/v2\/media?parent=21"}],"wp:term":[{"taxonomy":"category","embeddable":true,"href":"https:\/\/iumotril.org\/sitio\/wp-json\/wp\/v2\/categories?post=21"},{"taxonomy":"post_tag","embeddable":true,"href":"https:\/\/iumotril.org\/sitio\/wp-json\/wp\/v2\/tags?post=21"}],"curies":[{"name":"wp","href":"https:\/\/api.w.org\/{rel}","templated":true}]}}