{"id":2088,"date":"2016-05-11T12:02:01","date_gmt":"2016-05-11T10:02:01","guid":{"rendered":"http:\/\/iumotril.org\/sitio\/?p=2088"},"modified":"2020-06-21T18:58:36","modified_gmt":"2020-06-21T16:58:36","slug":"telemotril-contara-con-un-consejo-consultivo-que-garantice-la-imparcialidad-de-sus-informaciones","status":"publish","type":"post","link":"https:\/\/iumotril.org\/sitio\/telemotril-contara-con-un-consejo-consultivo-que-garantice-la-imparcialidad-de-sus-informaciones\/","title":{"rendered":"Telemotril contar\u00e1 con un consejo consultivo que garantice la imparcialidad de sus informaciones"},"content":{"rendered":"<p style=\"text-align: justify;\">Por iniciativa de Izquierda Unida Motril, el consejo de administraci\u00f3n de la televisi\u00f3n local motrile\u00f1a ha acordado la constituci\u00f3n de un consejo consultivo en el que estar\u00e1n representados asociaciones \u00a0ciudadanas, los trabajadores y trabajadoras de la empresa y los grupos pol\u00edticos municipales.<\/p>\n<p style=\"text-align: justify;\"><a href=\"https:\/\/iumotril.org\/sitio\/wp-content\/uploads\/2016\/05\/RP-limdeco-telemotril_3-1024x576.jpg\"><img loading=\"lazy\" decoding=\"async\" data-attachment-id=\"2103\" data-permalink=\"https:\/\/iumotril.org\/sitio\/telemotril-contara-con-un-consejo-consultivo-que-garantice-la-imparcialidad-de-sus-informaciones\/rp-limdeco-telemotril_3-1024x576\/\" data-orig-file=\"https:\/\/iumotril.org\/sitio\/wp-content\/uploads\/2016\/05\/RP-limdeco-telemotril_3-1024x576.jpg\" data-orig-size=\"490,576\" data-comments-opened=\"1\" data-image-meta=\"{&quot;aperture&quot;:&quot;0&quot;,&quot;credit&quot;:&quot;&quot;,&quot;camera&quot;:&quot;&quot;,&quot;caption&quot;:&quot;&quot;,&quot;created_timestamp&quot;:&quot;0&quot;,&quot;copyright&quot;:&quot;&quot;,&quot;focal_length&quot;:&quot;0&quot;,&quot;iso&quot;:&quot;0&quot;,&quot;shutter_speed&quot;:&quot;0&quot;,&quot;title&quot;:&quot;&quot;,&quot;orientation&quot;:&quot;0&quot;}\" data-image-title=\"RP-limdeco-telemotril_3-1024&amp;#215;576\" data-image-description=\"\" data-image-caption=\"\" data-large-file=\"https:\/\/iumotril.org\/sitio\/wp-content\/uploads\/2016\/05\/RP-limdeco-telemotril_3-1024x576.jpg\" class=\"alignleft wp-image-2103 size-medium\" src=\"https:\/\/iumotril.org\/sitio\/wp-content\/uploads\/2016\/05\/RP-limdeco-telemotril_3-1024x576-255x300.jpg\" alt=\"RP-limdeco-telemotril_3-1024x576\" width=\"255\" height=\"300\" srcset=\"https:\/\/iumotril.org\/sitio\/wp-content\/uploads\/2016\/05\/RP-limdeco-telemotril_3-1024x576-255x300.jpg 255w, https:\/\/iumotril.org\/sitio\/wp-content\/uploads\/2016\/05\/RP-limdeco-telemotril_3-1024x576.jpg 490w\" sizes=\"auto, (max-width: 255px) 100vw, 255px\" \/><\/a>El consejo consultivo, que tendr\u00e1 car\u00e1cter asesor, asumir\u00e1 entre otras funciones la de garantizar la objetividad, veracidad e imparcialidad de las informaciones emitidas as\u00ed como el respeto al pluralismo pol\u00edtico, religioso, social y cultural en la programaci\u00f3n de la televisi\u00f3n p\u00fablica motrile\u00f1a.<\/p>\n<p style=\"text-align: justify;\">Adem\u00e1s de esta propuesta, el consejo de administraci\u00f3n ha aprobado otras dos presentadas tambi\u00e9n por Izquierda Unida. La primera de ellas relativa a las funciones que tiene asignadas estatutariamente ese \u00f3rgano, con objeto de que ejerza efectivamente las de direcci\u00f3n, gesti\u00f3n y ejecuci\u00f3n. En este sentido, se modifica la periodicidad delas\u00a0reuniones del Consejo para que se re\u00fana una vez al mes. Adem\u00e1s, se nombrar\u00e1 un comit\u00e9\u00a0de direcci\u00f3n para la mejor gesti\u00f3n de la empresa y se estudiar\u00e1, por \u00faltimo, la modificaci\u00f3n de los estatutos de la sociedad con objeto de adecuarlos a la situaci\u00f3n actual.<\/p>\n<p style=\"text-align: justify;\">La segunda propuesta aprobada supone la adopci\u00f3n y aplicaci\u00f3n de las <a href=\"https:\/\/www.consejoaudiovisualdeandalucia.es\/sites\/default\/files\/recomendacion\/pdf\/1807\/rec_caa_web_final.pdf\">recomendaciones<\/a> a las Corporaciones Locales por parte del Consejo Audiovisual de Andaluc\u00eda, que el pasado mes de diciembre fueron trasladadas a la Corporaci\u00f3n. Estas recomendaciones tienen por\u00a0objeto de garantizar los derechos de libertad de expresi\u00f3n e informaci\u00f3n en el \u00e1mbito de proximidad a la ciudadan\u00eda en el que se presta el servicio local de comunicaciones audiovisuales. Entre otras,\u00a0se se\u00f1ala la necesidad de garantizar la independencia de los periodistas, la promoci\u00f3n de un modelo sostenible que garantice su financiaci\u00f3n p\u00fablica y la adopci\u00f3n de procedimientos de rendici\u00f3n de cuentas.<\/p>\n<p style=\"text-align: justify;\">Jose Garc\u00eda Llorente, consejero de Telemotril en representaci\u00f3n de Izquierda Unida, ha declarado que para su formaci\u00f3n resulta prioritario avanzar hacia una <a href=\"https:\/\/iumotril.org\/sitio\/izquierda-unida-propone-que-la-nueva-direccion-de-radio-television-motril-sea-elegida-por-consenso\/\">televisi\u00f3n de servicio p\u00fablico<\/a> con el menor coste posible para los ciudadanos y ciudadanas, pero que asegure el desarrollo de su funci\u00f3n social. Esto es, una programaci\u00f3n que garantice la pluralidad informativa desde \u00a0los principios b\u00e1sicos de informaci\u00f3n, formaci\u00f3n y entretenimiento a que debe responder todo medio de comunicaci\u00f3n p\u00fablico. En este sentido, ha manifestado que la <a href=\"http:\/\/www.telemotril.com\/\" target=\"_blank\" rel=\"noopener noreferrer\">Radio Televisi\u00f3n Motrile\u00f1a<\/a> debe ser un instrumento esencial para fomentar la transparencia de los asuntos p\u00fablicos y la participaci\u00f3n ciudadana en los temas que les afectan.<\/p>\n<p style=\"text-align: justify;\">El consejo de administraci\u00f3n en la\u00a0reuni\u00f3n con car\u00e1cter extraordinario que ha celebrado hoy ha acordado, asimismo, el nombramiento de Alberto Feixas Cord\u00f3n como nuevo director gerente de la radio televisi\u00f3n p\u00fablica motrile\u00f1a.<\/p>\n","protected":false},"excerpt":{"rendered":"<p>Por iniciativa de Izquierda Unida Motril, el consejo de administraci\u00f3n de la televisi\u00f3n local motrile\u00f1a ha acordado la constituci\u00f3n de un consejo consultivo en el que estar\u00e1n representados las asociaciones de vecinos, los trabajadores y trabajadoras de la empresa y los grupos pol\u00edticos municipales.<\/p>\n","protected":false},"author":1,"featured_media":0,"comment_status":"open","ping_status":"open","sticky":false,"template":"","format":"standard","meta":{"cybocfi_hide_featured_image":"","_jetpack_newsletter_access":"","_jetpack_dont_email_post_to_subs":false,"_jetpack_newsletter_tier_id":0,"_jetpack_memberships_contains_paywalled_content":false,"_jetpack_memberships_contains_paid_content":false,"footnotes":""},"categories":[265],"tags":[502,319,111,503,225],"class_list":["post-2088","post","type-post","status-publish","format-standard","hentry","category-esta-pasando","tag-consejo","tag-consejo-audiovisual-andalucia","tag-participacion","tag-pluralidad","tag-telemotril"],"jetpack_featured_media_url":"","jetpack_sharing_enabled":true,"jetpack_shortlink":"https:\/\/wp.me\/p4QsU5-xG","jetpack-related-posts":[{"id":4893,"url":"https:\/\/iumotril.org\/sitio\/izquierda-unida-celebra-la-aprobacion-del-estatuto-profesional-de-radio-television-motril\/","url_meta":{"origin":2088,"position":0},"title":"Izquierda Unida celebra la aprobaci\u00f3n del Estatuto Profesional de Radio Televisi\u00f3n Motril","author":"Izquierda Unida Motril","date":"2 mayo, 2019","format":false,"excerpt":"Para el representante de Izquierda Unida en el Consejo de Radio Televisi\u00f3n Motril, Jose Llorente, se trata de una excelente noticia que hay que celebrar al tratarse de un instrumento que viene a garantizar la objetividad, la veracidad y la imparcialidad de las informaciones del medio p\u00fablico. El Estatuto es\u2026","rel":"","context":"En \u00abEST\u00c1 PASANDO\u00bb","block_context":{"text":"EST\u00c1 PASANDO","link":"https:\/\/iumotril.org\/sitio\/category\/esta-pasando\/"},"img":{"alt_text":"","src":"https:\/\/i0.wp.com\/iumotril.org\/sitio\/wp-content\/uploads\/2019\/05\/Jose-Llorente_2-mayo-abril-1024x768.jpg?resize=350%2C200","width":350,"height":200},"classes":[]},{"id":2287,"url":"https:\/\/iumotril.org\/sitio\/radio-television-motril-contara-con-un-estatuto-de-redaccion-que-garantice-la-pluralidad-informativa\/","url_meta":{"origin":2088,"position":1},"title":"Radio Televisi\u00f3n Motril contar\u00e1 con un Estatuto de redacci\u00f3n que garantice la pluralidad informativa","author":"Izquierda Unida Motril","date":"15 julio, 2016","format":false,"excerpt":"A propuesta de Izquierda Unida, el Consejo de Administraci\u00f3n de Radio Televisi\u00f3n Motril ha aprobado la creaci\u00f3n de un Estatuto de Redacci\u00f3n que asegure la participaci\u00f3n de los profesionales en su pol\u00edtica informativa. Ser\u00e1 el primer medio p\u00fablico andaluz de \u00e1mbito local que cuente con este instrumento de participaci\u00f3n profesional.","rel":"","context":"En \u00abEST\u00c1 PASANDO\u00bb","block_context":{"text":"EST\u00c1 PASANDO","link":"https:\/\/iumotril.org\/sitio\/category\/esta-pasando\/"},"img":{"alt_text":"estudio realizaci\u00f3n","src":"https:\/\/i0.wp.com\/iumotril.org\/sitio\/wp-content\/uploads\/2016\/07\/estudio-realizaci%C3%B3n.jpg?resize=350%2C200","width":350,"height":200,"srcset":"https:\/\/i0.wp.com\/iumotril.org\/sitio\/wp-content\/uploads\/2016\/07\/estudio-realizaci%C3%B3n.jpg?resize=350%2C200 1x, https:\/\/i0.wp.com\/iumotril.org\/sitio\/wp-content\/uploads\/2016\/07\/estudio-realizaci%C3%B3n.jpg?resize=525%2C300 1.5x"},"classes":[]},{"id":1271,"url":"https:\/\/iumotril.org\/sitio\/izquierda-unida-rechaza-los-pagos-por-asistencia-al-consejo-de-radiotelevision-motril\/","url_meta":{"origin":2088,"position":2},"title":"IZQUIERDA UNIDA RECHAZA LOS PAGOS POR ASISTENCIA AL CONSEJO DE RADIOTELEVISI\u00d3N MOTRIL","author":"Izquierda Unida Motril","date":"1 septiembre, 2015","format":false,"excerpt":"El Consejero en representaci\u00f3n de Izquierda Unida, Jose G. Llorente, ha declarado que su formaci\u00f3n se opone frontalmente a estas retribuciones a los miembros de los consejos de cualquier empresa p\u00fablica por la dif\u00edcil situaci\u00f3n econ\u00f3mica y financiera que atraviesan, adem\u00e1s de considerarla pol\u00edticamente reprochable.","rel":"","context":"En \u00abAyuntamiento\u00bb","block_context":{"text":"Ayuntamiento","link":"https:\/\/iumotril.org\/sitio\/category\/ayuntamiento\/"},"img":{"alt_text":"TELEMOTRIL","src":"https:\/\/i0.wp.com\/iumotril.org\/sitio\/wp-content\/uploads\/2015\/08\/TELEMOTRIL.jpg?resize=350%2C200","width":350,"height":200},"classes":[]},{"id":7605,"url":"https:\/\/iumotril.org\/sitio\/iu-equo-denuncia-una-vez-mas-la-manipulacion-propagandistica-de-telemotril\/","url_meta":{"origin":2088,"position":3},"title":"IU-Equo denuncia una vez m\u00e1s la manipulaci\u00f3n propagand\u00edstica de Telemotril","author":"Izquierda Unida Motril","date":"21 julio, 2021","format":false,"excerpt":"El representante de IU-Equo en el consejo de administraci\u00f3n de Telemotril ha denunciado que la actual direcci\u00f3n est\u00e1 al servicio exclusivo de los intereses partidistas del gobierno local y que est\u00e1 llevando a cabo una gesti\u00f3n pol\u00edtica a su medida y no profesional. Telemotril es la \u201cpunta de lanza de\u2026","rel":"","context":"En \u00abEST\u00c1 PASANDO\u00bb","block_context":{"text":"EST\u00c1 PASANDO","link":"https:\/\/iumotril.org\/sitio\/category\/esta-pasando\/"},"img":{"alt_text":"","src":"https:\/\/i0.wp.com\/iumotril.org\/sitio\/wp-content\/uploads\/2021\/07\/Jose-20-julio-300x292.jpg?resize=350%2C200","width":350,"height":200},"classes":[]},{"id":9700,"url":"https:\/\/iumotril.org\/sitio\/telemotril-dedica-52-minutos-de-cada-hora-de-programacion-informativa-a-la-alcaldesa-y-su-equipo-de-gobierno\/","url_meta":{"origin":2088,"position":4},"title":"Telemotril dedica 52 minutos de cada hora de programaci\u00f3n informativa a la alcaldesa y su equipo de gobierno","author":"Izquierda Unida Motril","date":"16 enero, 2024","format":false,"excerpt":"Desde IU Verdes Equo se considera que \u201cllueve sobre mojado\u201d al ser habituales en los \u00faltimos a\u00f1os las llamadas de atenci\u00f3n del Consejo a la televisi\u00f3n p\u00fablica motrile\u00f1a por su utilizaci\u00f3n abusiva en favor del gobierno local. Su portavoz municipal, Jose G. Llorente, ha criticado la utilizaci\u00f3n de la televisi\u00f3n\u2026","rel":"","context":"En \u00abEST\u00c1 PASANDO\u00bb","block_context":{"text":"EST\u00c1 PASANDO","link":"https:\/\/iumotril.org\/sitio\/category\/esta-pasando\/"},"img":{"alt_text":"","src":"https:\/\/i0.wp.com\/iumotril.org\/sitio\/wp-content\/uploads\/2024\/01\/RP-16-enero-1024x768.jpg?resize=350%2C200&ssl=1","width":350,"height":200},"classes":[]},{"id":7853,"url":"https:\/\/iumotril.org\/sitio\/iu-equo-exige-la-constitucion-del-consejo-profesional-de-radio-television-motril\/","url_meta":{"origin":2088,"position":5},"title":"IU-EQUO exige la constituci\u00f3n del Consejo Profesional de Radio Televisi\u00f3n Motril","author":"Izquierda Unida Motril","date":"24 noviembre, 2021","format":false,"excerpt":"Desde IU-Equo se considera que el incumplimiento de este acuerdo del Consejo de Administraci\u00f3n en 2020 est\u00e1 convirtiendo en papel mojado el compromiso adquirido mayoritariamente por todos los Grupos municipales, excepto el PP, desaprovechando una ocasi\u00f3n inmejorable para reforzar el papel de servicio p\u00fablico de la radio televisi\u00f3n motrile\u00f1a. la\u2026","rel":"","context":"En \u00abAyuntamiento\u00bb","block_context":{"text":"Ayuntamiento","link":"https:\/\/iumotril.org\/sitio\/category\/ayuntamiento\/"},"img":{"alt_text":"","src":"https:\/\/i0.wp.com\/iumotril.org\/sitio\/wp-content\/uploads\/2021\/11\/Jose-24-noviembre-1024x768.jpg?resize=350%2C200","width":350,"height":200,"srcset":"https:\/\/i0.wp.com\/iumotril.org\/sitio\/wp-content\/uploads\/2021\/11\/Jose-24-noviembre-1024x768.jpg?resize=350%2C200 1x, https:\/\/i0.wp.com\/iumotril.org\/sitio\/wp-content\/uploads\/2021\/11\/Jose-24-noviembre-1024x768.jpg?resize=525%2C300 1.5x"},"classes":[]}],"jetpack_likes_enabled":true,"_links":{"self":[{"href":"https:\/\/iumotril.org\/sitio\/wp-json\/wp\/v2\/posts\/2088","targetHints":{"allow":["GET"]}}],"collection":[{"href":"https:\/\/iumotril.org\/sitio\/wp-json\/wp\/v2\/posts"}],"about":[{"href":"https:\/\/iumotril.org\/sitio\/wp-json\/wp\/v2\/types\/post"}],"author":[{"embeddable":true,"href":"https:\/\/iumotril.org\/sitio\/wp-json\/wp\/v2\/users\/1"}],"replies":[{"embeddable":true,"href":"https:\/\/iumotril.org\/sitio\/wp-json\/wp\/v2\/comments?post=2088"}],"version-history":[{"count":6,"href":"https:\/\/iumotril.org\/sitio\/wp-json\/wp\/v2\/posts\/2088\/revisions"}],"predecessor-version":[{"id":6473,"href":"https:\/\/iumotril.org\/sitio\/wp-json\/wp\/v2\/posts\/2088\/revisions\/6473"}],"wp:attachment":[{"href":"https:\/\/iumotril.org\/sitio\/wp-json\/wp\/v2\/media?parent=2088"}],"wp:term":[{"taxonomy":"category","embeddable":true,"href":"https:\/\/iumotril.org\/sitio\/wp-json\/wp\/v2\/categories?post=2088"},{"taxonomy":"post_tag","embeddable":true,"href":"https:\/\/iumotril.org\/sitio\/wp-json\/wp\/v2\/tags?post=2088"}],"curies":[{"name":"wp","href":"https:\/\/api.w.org\/{rel}","templated":true}]}}