{"id":2030,"date":"2016-04-08T11:34:04","date_gmt":"2016-04-08T09:34:04","guid":{"rendered":"http:\/\/iumotril.org\/sitio\/?p=2030"},"modified":"2016-04-08T11:34:04","modified_gmt":"2016-04-08T09:34:04","slug":"izquierda-unida-reclama-el-nombre-de-una-calle-dedicada-al-dr-norman-bethune-y-un-sencillo-monumento-a-los-motrilenos-muertos-en-los-campos-nazis","status":"publish","type":"post","link":"https:\/\/iumotril.org\/sitio\/izquierda-unida-reclama-el-nombre-de-una-calle-dedicada-al-dr-norman-bethune-y-un-sencillo-monumento-a-los-motrilenos-muertos-en-los-campos-nazis\/","title":{"rendered":"IZQUIERDA UNIDA RECLAMA EL NOMBRE DE UNA CALLE DEDICADA AL DR. NORMAN BETHUNE y UN SENCILLO MONUMENTO A LOS MOTRILE\u00d1OS MUERTOS EN LOS CAMPOS NAZIS"},"content":{"rendered":"<p>En el mes de mayo de 2014, el Pleno del Ayuntamiento de Motril aprobaba por unanimidad dar el nombre de una calle o plaza al Doctor Norman Bethune, m\u00e9dico canadiense cuya intervenci\u00f3n humanitaria en la masacre de La Desband\u00e1 es reconocida internacionalmente. Asimismo ha exigido el cumplimiento del acuerdo adoptado en el mismo pleno por el que se aprobaba el levantamiento de un sencillo monumento con los nombres de los <a href=\"http:\/\/www.ideal.es\/granada\/prensa\/20060929\/costa\/monumento-recordara-motrilenos-asesinados_20060929.html\" target=\"_blank\">21 motrile\u00f1os<\/a> muertos en los campos de concentraci\u00f3n nazis.<\/p>\n<p>Casi dos a\u00f1os despu\u00e9s, ninguno de estos acuerdos plenarios ha sido llevado a cabo a pesar de ser aprobados por unanimidad y estar elaborado el correspondiente proyecto en el caso del dise\u00f1o y construcci\u00f3n del monumento erigido en recuerdo de los motrile\u00f1os muertos en los campos de exterminio nazi.<\/p>\n<p><a href=\"https:\/\/iumotril.org\/sitio\/wp-content\/uploads\/2016\/04\/norman-700x389.jpg\"><img loading=\"lazy\" decoding=\"async\" data-attachment-id=\"2040\" data-permalink=\"https:\/\/iumotril.org\/sitio\/izquierda-unida-reclama-el-nombre-de-una-calle-dedicada-al-dr-norman-bethune-y-un-sencillo-monumento-a-los-motrilenos-muertos-en-los-campos-nazis\/norman-700x389\/\" data-orig-file=\"https:\/\/iumotril.org\/sitio\/wp-content\/uploads\/2016\/04\/norman-700x389.jpg\" data-orig-size=\"700,389\" data-comments-opened=\"1\" data-image-meta=\"{&quot;aperture&quot;:&quot;0&quot;,&quot;credit&quot;:&quot;&quot;,&quot;camera&quot;:&quot;&quot;,&quot;caption&quot;:&quot;&quot;,&quot;created_timestamp&quot;:&quot;0&quot;,&quot;copyright&quot;:&quot;&quot;,&quot;focal_length&quot;:&quot;0&quot;,&quot;iso&quot;:&quot;0&quot;,&quot;shutter_speed&quot;:&quot;0&quot;,&quot;title&quot;:&quot;&quot;,&quot;orientation&quot;:&quot;0&quot;}\" data-image-title=\"norman-700&amp;#215;389\" data-image-description=\"\" data-image-caption=\"\" data-large-file=\"https:\/\/iumotril.org\/sitio\/wp-content\/uploads\/2016\/04\/norman-700x389.jpg\" class=\"aligncenter size-full wp-image-2040\" src=\"https:\/\/iumotril.org\/sitio\/wp-content\/uploads\/2016\/04\/norman-700x389.jpg\" alt=\"norman-700x389\" width=\"700\" height=\"389\" srcset=\"https:\/\/iumotril.org\/sitio\/wp-content\/uploads\/2016\/04\/norman-700x389.jpg 700w, https:\/\/iumotril.org\/sitio\/wp-content\/uploads\/2016\/04\/norman-700x389-300x167.jpg 300w\" sizes=\"auto, (max-width: 700px) 100vw, 700px\" \/><\/a>El incumplimiento de estos acuerdos solo puede ser interpretado como una estrategia interesada para ocultar la verdad e imponer el olvido, negando el reconocimiento que en cualquier pa\u00eds democr\u00e1tico y decente se concede a los ciudadanos y ciudadanas que dejaron su vida por la libertad, combatiendo el totalitarismo y defendiendo una sociedad m\u00e1s justa para el conjunto de la ciudadan\u00eda.<\/p>\n<p>Izquierda Unida tambi\u00e9n demanda al Ayuntamiento de Motril una mayor sensibilidad con todos los asuntos relacionados con la Memoria Hist\u00f3rica y Democr\u00e1tica, reclamando la aplicaci\u00f3n rigurosa de lo establecido en la <a href=\"http:\/\/leymemoria.mjusticia.gob.es\/cs\/Satellite\/LeyMemoria\/es\/memoria-historica-522007\" target=\"_blank\">Ley 52\/2007<\/a> de Memoria Hist\u00f3rica. En particular, la adopci\u00f3n de las medidas oportunas para la retirada de insignias, placas y otros objetos o menciones conmemorativa de exaltaci\u00f3n personal o colectiva de la sublevaci\u00f3n militar y de la represi\u00f3n franquista.<\/p>\n<p>En este sentido, su portavoz en el Ayuntamiento ha se\u00f1alado que todav\u00eda quedan calles, plazas y centros educativos dedicados a la exaltaci\u00f3n de los golpistas y de sus colaboradores como es el caso de las calles Crucero Baleares, Alc\u00e1zar de Toledo, Cuartel de la Monta\u00f1a, Batalla de Brunete, Capit\u00e1n Blanco o Capit\u00e1n Haya en distintos barrios de Motril.<\/p>\n<p><strong>Norman Bethune y la Desband\u00e1<\/strong><\/p>\n<p>Doctor e innovador m\u00e9dico canadiense conocido por sus servicios en tiempos de guerra con la intervenci\u00f3n de sus unidades m\u00e9dicas en la contienda espa\u00f1ola tras la sublevaci\u00f3n franquista.<\/p>\n<p>Su <a href=\"https:\/\/es.wikipedia.org\/wiki\/Norman_Bethune\" target=\"_blank\">intervenci\u00f3n<\/a> result\u00f3 decisiva durante la masacre de la carretera M\u00e1laga-Almer\u00eda, La Desband\u00e1, cuando se desplazo desde Valencia hacia M\u00e1laga para socorrer a la poblaci\u00f3n civil que estaba siendo masacrada durante su huida de la ciudad, que hab\u00eda sido tomada por los sublevados, hacia Almer\u00eda.<\/p>\n<p><strong>Motrile\u00f1os en los campos nazis<\/strong><\/p>\n<p><a href=\"https:\/\/iumotril.org\/sitio\/wp-content\/uploads\/2016\/04\/Mauthausen-280px-KZ_Mauthausen.jpg\"><img loading=\"lazy\" decoding=\"async\" data-attachment-id=\"2042\" data-permalink=\"https:\/\/iumotril.org\/sitio\/izquierda-unida-reclama-el-nombre-de-una-calle-dedicada-al-dr-norman-bethune-y-un-sencillo-monumento-a-los-motrilenos-muertos-en-los-campos-nazis\/mauthausen-280px-kz_mauthausen\/\" data-orig-file=\"https:\/\/iumotril.org\/sitio\/wp-content\/uploads\/2016\/04\/Mauthausen-280px-KZ_Mauthausen.jpg\" data-orig-size=\"280,197\" data-comments-opened=\"1\" data-image-meta=\"{&quot;aperture&quot;:&quot;0&quot;,&quot;credit&quot;:&quot;&quot;,&quot;camera&quot;:&quot;&quot;,&quot;caption&quot;:&quot;&quot;,&quot;created_timestamp&quot;:&quot;0&quot;,&quot;copyright&quot;:&quot;&quot;,&quot;focal_length&quot;:&quot;0&quot;,&quot;iso&quot;:&quot;0&quot;,&quot;shutter_speed&quot;:&quot;0&quot;,&quot;title&quot;:&quot;&quot;,&quot;orientation&quot;:&quot;0&quot;}\" data-image-title=\"Mauthausen 280px-KZ_Mauthausen\" data-image-description=\"\" data-image-caption=\"\" data-large-file=\"https:\/\/iumotril.org\/sitio\/wp-content\/uploads\/2016\/04\/Mauthausen-280px-KZ_Mauthausen.jpg\" class=\"size-full wp-image-2042 alignleft\" src=\"https:\/\/iumotril.org\/sitio\/wp-content\/uploads\/2016\/04\/Mauthausen-280px-KZ_Mauthausen.jpg\" alt=\"Mauthausen 280px-KZ_Mauthausen\" width=\"280\" height=\"197\" \/><\/a>Cuando el ej\u00e9rcito estadounidense entr\u00f3 el 5 de mayo de 1945 en el campo de exterminio de Mauthausen, las <a href=\"http:\/\/asociacion14deabril.es\/69-anos-despues\/\" target=\"_blank\">banderas republicanas<\/a> hab\u00edan sustituido a las esv\u00e1sticas nazis y en la puerta principal colgaba una pancarta en la que dec\u00eda \u201c<em>Los espa\u00f1oles antifascistas saludan a las fuerzas libertadoras\u201d.<\/em>\u00a0Fueron los espa\u00f1oles los que lograron resistir y ocultar las\u00a0<a href=\"http:\/\/buscameenelciclodelavida.blogspot.com.es\/2012\/05\/francesc-boix.html\">pruebas fotogr\u00e1ficas<\/a>\u00a0que posteriormente lograr\u00edan incriminar a sus verdugos. En ese recinto del horror fueron asesinadas 100 mil personas, 7 mil de ellas prisioneros republicanos espa\u00f1oles, entregados por las autoridades francesas a los nazis.<\/p>\n<p>En Mauthausen estuvieron confinados\u00a0<a href=\"http:\/\/motrildigital.blogia.com\/2014\/050408-iu-conmemora-el-aniversario-de-la-liberacion-de-los-prisioneros-motrilenos-en-el.php\">21 presos de Motril,<\/a>\u00a0de los que solo sobrevivieron cuatro:<\/p>\n<table width=\"575\">\n<tbody>\n<tr>\n<td width=\"575\">\n<p style=\"padding-left: 180px;\"><a href=\"http:\/\/pares.mcu.es\/Deportados\/servlets\/ServletController?accion=4&amp;opcion=20&amp;loc=936\">ANT\u00daNEZ MEDINA, Antonio<\/a><\/p>\n<\/td>\n<\/tr>\n<tr style=\"font-weight: inherit; font-style: inherit; padding-left: 90px;\">\n<td style=\"font-style: inherit; padding-left: 90px;\" width=\"575\">\n<p style=\"font-weight: inherit; font-style: inherit; padding-left: 90px;\"><span style=\"font-weight: inherit; font-style: inherit;\"><a style=\"font-weight: inherit; font-style: inherit;\" href=\"http:\/\/pares.mcu.es\/Deportados\/servlets\/ServletController?accion=4&amp;opcion=20&amp;loc=937\">BENEGAS FERN\u00c1NDEZ, Francisco<\/a><\/span><\/p>\n<\/td>\n<\/tr>\n<tr style=\"font-weight: inherit; font-style: inherit; padding-left: 90px;\">\n<td style=\"font-style: inherit; padding-left: 90px;\" width=\"575\">\n<p style=\"font-weight: inherit; font-style: inherit; padding-left: 90px;\"><span style=\"font-weight: inherit; font-style: inherit;\"><a style=\"font-weight: inherit; font-style: inherit;\" href=\"http:\/\/pares.mcu.es\/Deportados\/servlets\/ServletController?accion=4&amp;opcion=20&amp;loc=938\">BERJA DOM\u00cdNGUEZ, Manuel<\/a><\/span><\/p>\n<\/td>\n<\/tr>\n<tr style=\"font-weight: inherit; font-style: inherit; padding-left: 90px;\">\n<td style=\"font-style: inherit; padding-left: 90px;\" width=\"575\">\n<p style=\"font-weight: inherit; font-style: inherit; padding-left: 90px;\"><span style=\"font-weight: inherit; font-style: inherit;\"><a style=\"font-weight: inherit; font-style: inherit;\" href=\"http:\/\/pares.mcu.es\/Deportados\/servlets\/ServletController?accion=4&amp;opcion=20&amp;loc=939\">BLANCO MORALES, Antonio<\/a><\/span><\/p>\n<\/td>\n<\/tr>\n<tr style=\"font-weight: inherit; font-style: inherit; padding-left: 90px;\">\n<td style=\"font-style: inherit; padding-left: 90px;\" width=\"575\">\n<p style=\"font-weight: inherit; font-style: inherit; padding-left: 90px;\"><span style=\"font-weight: inherit; font-style: inherit;\"><a style=\"font-weight: inherit; font-style: inherit;\" href=\"http:\/\/pares.mcu.es\/Deportados\/servlets\/ServletController?accion=4&amp;opcion=20&amp;loc=940\">CASARES RODR\u00cdGUEZ, Francisco<\/a><\/span><\/p>\n<\/td>\n<\/tr>\n<tr style=\"font-weight: inherit; font-style: inherit; padding-left: 90px;\">\n<td style=\"font-style: inherit; padding-left: 90px;\" width=\"575\">\n<p style=\"font-weight: inherit; font-style: inherit; padding-left: 90px;\"><span style=\"font-weight: inherit; font-style: inherit;\"><a style=\"font-weight: inherit; font-style: inherit;\" href=\"http:\/\/pares.mcu.es\/Deportados\/servlets\/ServletController?accion=4&amp;opcion=20&amp;loc=941\">CASTRO MIGORANCE, Jos\u00e9<\/a><\/span><\/p>\n<\/td>\n<\/tr>\n<tr style=\"font-weight: inherit; font-style: inherit; padding-left: 90px;\">\n<td style=\"font-style: inherit; padding-left: 90px;\" width=\"575\">\n<p style=\"font-weight: inherit; font-style: inherit; padding-left: 90px;\"><span style=\"font-weight: inherit; font-style: inherit;\"><a style=\"font-weight: inherit; font-style: inherit;\" href=\"http:\/\/pares.mcu.es\/Deportados\/servlets\/ServletController?accion=4&amp;opcion=20&amp;loc=942\">CONST\u00c1N GUERRERO, Jos\u00e9<\/a><\/span><\/p>\n<\/td>\n<\/tr>\n<tr style=\"font-weight: inherit; font-style: inherit; padding-left: 90px;\">\n<td style=\"font-style: inherit; padding-left: 90px;\" width=\"575\">\n<p style=\"font-weight: inherit; font-style: inherit; padding-left: 90px;\"><span style=\"font-weight: inherit; font-style: inherit;\"><a style=\"font-weight: inherit; font-style: inherit;\" href=\"http:\/\/pares.mcu.es\/Deportados\/servlets\/ServletController?accion=4&amp;opcion=20&amp;loc=943\">ESTEBAN CARRASCOSA, Antonio<\/a><\/span><\/p>\n<\/td>\n<\/tr>\n<tr style=\"font-weight: inherit; font-style: inherit; padding-left: 90px;\">\n<td style=\"font-style: inherit; padding-left: 90px;\" width=\"575\">\n<p style=\"font-weight: inherit; font-style: inherit; padding-left: 90px;\"><span style=\"font-weight: inherit; font-style: inherit;\"><a style=\"font-weight: inherit; font-style: inherit;\" href=\"http:\/\/pares.mcu.es\/Deportados\/servlets\/ServletController?accion=4&amp;opcion=20&amp;loc=944\">ESTEVEZ GUTI\u00c9RREZ, Antonio<\/a><\/span><\/p>\n<\/td>\n<\/tr>\n<tr style=\"font-weight: inherit; font-style: inherit; padding-left: 90px;\">\n<td style=\"font-style: inherit; padding-left: 90px;\" width=\"575\">\n<p style=\"font-weight: inherit; font-style: inherit; padding-left: 90px;\"><span style=\"font-weight: inherit; font-style: inherit;\"><a style=\"font-weight: inherit; font-style: inherit;\" href=\"http:\/\/pares.mcu.es\/Deportados\/servlets\/ServletController?accion=4&amp;opcion=20&amp;loc=945\">FERN\u00c1NDEZ ORTEGA, Antonio<\/a><\/span><\/p>\n<\/td>\n<\/tr>\n<tr style=\"font-weight: inherit; font-style: inherit; padding-left: 90px;\">\n<td style=\"font-style: inherit; padding-left: 90px;\" width=\"575\">\n<p style=\"font-weight: inherit; font-style: inherit; padding-left: 90px;\"><span style=\"font-weight: inherit; font-style: inherit;\"><a style=\"font-weight: inherit; font-style: inherit;\" href=\"http:\/\/pares.mcu.es\/Deportados\/servlets\/ServletController?accion=4&amp;opcion=20&amp;loc=946\">GIM\u00c9NEZ ARILLA, Andr\u00e9s<\/a><\/span><\/p>\n<\/td>\n<\/tr>\n<tr style=\"font-weight: inherit; font-style: inherit; padding-left: 90px;\">\n<td style=\"font-style: inherit; padding-left: 90px;\" width=\"575\">\n<p style=\"font-weight: inherit; font-style: inherit; padding-left: 90px;\"><span style=\"font-weight: inherit; font-style: inherit;\"><a style=\"font-weight: inherit; font-style: inherit;\" href=\"http:\/\/pares.mcu.es\/Deportados\/servlets\/ServletController?accion=4&amp;opcion=20&amp;loc=947\">GONZ\u00c1LEZ L\u00d3PEZ, Jos\u00e9<\/a><\/span><\/p>\n<\/td>\n<\/tr>\n<tr style=\"font-weight: inherit; font-style: inherit; padding-left: 90px;\">\n<td style=\"font-style: inherit; padding-left: 90px;\" width=\"575\">\n<p style=\"font-weight: inherit; font-style: inherit; padding-left: 90px;\"><span style=\"font-weight: inherit; font-style: inherit;\"><a style=\"font-weight: inherit; font-style: inherit;\" href=\"http:\/\/pares.mcu.es\/Deportados\/servlets\/ServletController?accion=4&amp;opcion=20&amp;loc=948\">GONZ\u00c1LEZ VILCHES, Antonio<\/a><\/span><\/p>\n<\/td>\n<\/tr>\n<tr style=\"font-weight: inherit; font-style: inherit; padding-left: 90px;\">\n<td style=\"font-style: inherit; padding-left: 90px;\" width=\"575\">\n<p style=\"font-weight: inherit; font-style: inherit; padding-left: 90px;\"><span style=\"font-weight: inherit; font-style: inherit;\"><a style=\"font-weight: inherit; font-style: inherit;\" href=\"http:\/\/pares.mcu.es\/Deportados\/servlets\/ServletController?accion=4&amp;opcion=20&amp;loc=949\">LORENZO GUARDIA, Antonio<\/a><\/span><\/p>\n<\/td>\n<\/tr>\n<tr style=\"font-weight: inherit; font-style: inherit; padding-left: 90px;\">\n<td style=\"font-style: inherit; padding-left: 90px;\" width=\"575\">\n<p style=\"font-weight: inherit; font-style: inherit; padding-left: 90px;\"><span style=\"font-weight: inherit; font-style: inherit;\"><a style=\"font-weight: inherit; font-style: inherit;\" href=\"http:\/\/pares.mcu.es\/Deportados\/servlets\/ServletController?accion=4&amp;opcion=20&amp;loc=950\">MANZANO MURILLO, Juan<\/a><\/span><\/p>\n<\/td>\n<\/tr>\n<tr style=\"font-weight: inherit; font-style: inherit; padding-left: 90px;\">\n<td style=\"font-style: inherit; padding-left: 90px;\" width=\"575\">\n<p style=\"font-weight: inherit; font-style: inherit; padding-left: 90px;\"><span style=\"font-weight: inherit; font-style: inherit;\"><a style=\"font-weight: inherit; font-style: inherit;\" href=\"http:\/\/pares.mcu.es\/Deportados\/servlets\/ServletController?accion=4&amp;opcion=20&amp;loc=951\">MEDINA, Antonio<\/a><\/span><\/p>\n<\/td>\n<\/tr>\n<tr style=\"font-weight: inherit; font-style: inherit; padding-left: 90px;\">\n<td style=\"font-style: inherit; padding-left: 90px;\" width=\"575\">\n<p style=\"font-weight: inherit; font-style: inherit; padding-left: 90px;\"><span style=\"font-weight: inherit; font-style: inherit;\"><a style=\"font-weight: inherit; font-style: inherit;\" href=\"http:\/\/pares.mcu.es\/Deportados\/servlets\/ServletController?accion=4&amp;opcion=20&amp;loc=952\">ORTIZ SANTIAGO, Francisco<\/a><\/span><\/p>\n<\/td>\n<\/tr>\n<tr style=\"font-weight: inherit; font-style: inherit; padding-left: 90px;\">\n<td style=\"font-style: inherit; padding-left: 90px;\" width=\"575\">\n<p style=\"font-weight: inherit; font-style: inherit; padding-left: 90px;\"><span style=\"font-weight: inherit; font-style: inherit;\"><a style=\"font-weight: inherit; font-style: inherit;\" href=\"http:\/\/pares.mcu.es\/Deportados\/servlets\/ServletController?accion=4&amp;opcion=20&amp;loc=953\">P\u00c9REZ GARC\u00cdA, Salvador<\/a><\/span><\/p>\n<\/td>\n<\/tr>\n<tr style=\"font-weight: inherit; font-style: inherit; padding-left: 90px;\">\n<td style=\"font-style: inherit; padding-left: 90px;\" width=\"575\">\n<p style=\"font-weight: inherit; font-style: inherit; padding-left: 90px;\"><span style=\"font-weight: inherit; font-style: inherit;\"><a style=\"font-weight: inherit; font-style: inherit;\" href=\"http:\/\/pares.mcu.es\/Deportados\/servlets\/ServletController?accion=4&amp;opcion=20&amp;loc=954\">RODR\u00cdGUEZ D\u00cdAZ, Antonio<\/a><\/span><\/p>\n<\/td>\n<\/tr>\n<tr style=\"font-weight: inherit; font-style: inherit; padding-left: 90px;\">\n<td style=\"font-style: inherit; padding-left: 90px;\" width=\"575\">\n<p style=\"font-weight: inherit; font-style: inherit; padding-left: 90px;\"><span style=\"font-weight: inherit; font-style: inherit;\"><a style=\"font-weight: inherit; font-style: inherit;\" href=\"http:\/\/pares.mcu.es\/Deportados\/servlets\/ServletController?accion=4&amp;opcion=20&amp;loc=955\">S\u00c1NCHEZ P\u00c9REZ, Ram\u00f3n<\/a><\/span><\/p>\n<\/td>\n<\/tr>\n<tr style=\"font-weight: inherit; font-style: inherit; padding-left: 90px;\">\n<td style=\"font-style: inherit; padding-left: 90px;\" width=\"575\">\n<p style=\"font-weight: inherit; font-style: inherit; padding-left: 90px;\"><span style=\"font-weight: inherit; font-style: inherit;\"><a style=\"font-weight: inherit; font-style: inherit;\" href=\"http:\/\/pares.mcu.es\/Deportados\/servlets\/ServletController?accion=4&amp;opcion=20&amp;loc=956\">VALLECILLO S\u00c1NCHEZ, Antonio<\/a><\/span><\/p>\n<\/td>\n<\/tr>\n<\/tbody>\n<\/table>\n","protected":false},"excerpt":{"rendered":"<p>En el mes de mayo de 2014, el Pleno del Ayuntamiento de Motril aprobaba por unanimidad dar el nombre de una calle o plaza al Doctor Norman Bethune, m\u00e9dico canadiense cuya intervenci\u00f3n humanitaria en la masacre de La Desband\u00e1 es reconocida internacionalmente. Asimismo ha exigido el cumplimiento del acuerdo adoptado en el mismo pleno por el que se aprobaba el levantamiento de un sencillo monumento con los nombres de los 21 motrile\u00f1os muertos en los campos de concentraci\u00f3n nazis.<\/p>\n","protected":false},"author":1,"featured_media":0,"comment_status":"open","ping_status":"open","sticky":false,"template":"","format":"standard","meta":{"cybocfi_hide_featured_image":"","_jetpack_newsletter_access":"","_jetpack_dont_email_post_to_subs":false,"_jetpack_newsletter_tier_id":0,"_jetpack_memberships_contains_paywalled_content":false,"_jetpack_memberships_contains_paid_content":false,"footnotes":""},"categories":[265,1],"tags":[478,480,197,477,479,196,481],"class_list":["post-2030","post","type-post","status-publish","format-standard","hentry","category-esta-pasando","category-sin-categoria","tag-calles-franquistas-motril","tag-cumplimiento-acuerdos-pleno","tag-memoria-democratica","tag-memoria-historica","tag-motrinenos-en-los-campos-nazis","tag-norman-bethune","tag-republica-espanola"],"jetpack_featured_media_url":"","jetpack_sharing_enabled":true,"jetpack_shortlink":"https:\/\/wp.me\/p4QsU5-wK","jetpack-related-posts":[{"id":1139,"url":"https:\/\/iumotril.org\/sitio\/izquierda-unida-presenta-al-pleno-municipal-una-mocion-solicitando-la-retirada-de-la-medalla-de-oro-de-la-ciudad-a-fulgencio-spa\/","url_meta":{"origin":2030,"position":0},"title":"IZQUIERDA UNIDA PRESENTA AL PLENO MUNICIPAL UNA MOCI\u00d3N SOLICITANDO LA RETIRADA DE LA MEDALLA DE ORO DE LA CIUDAD A  FULGENCIO SPA","author":"Izquierda Unida Motril","date":"29 julio, 2015","format":false,"excerpt":"Izquierda Unida entiende que estas distinciones, en primer lugar, deben contar con el necesario consenso de todos los grupos y, sobre todo, no recaer en ning\u00fan caso en personas que se hayan podido caracterizar por actitudes racistas, enaltecedoras de la violencia, la intolerancia o cualesquiera otras relacionadas con el menosprecio\u2026","rel":"","context":"En \u00abAyuntamiento\u00bb","block_context":{"text":"Ayuntamiento","link":"https:\/\/iumotril.org\/sitio\/category\/ayuntamiento\/"},"img":{"alt_text":"Luisa Chamorro y Fulgencio Spa","src":"https:\/\/i0.wp.com\/iumotril.org\/sitio\/wp-content\/uploads\/2015\/06\/Luisa-y-Spa.jpg?resize=350%2C200","width":350,"height":200,"srcset":"https:\/\/i0.wp.com\/iumotril.org\/sitio\/wp-content\/uploads\/2015\/06\/Luisa-y-Spa.jpg?resize=350%2C200 1x, https:\/\/i0.wp.com\/iumotril.org\/sitio\/wp-content\/uploads\/2015\/06\/Luisa-y-Spa.jpg?resize=525%2C300 1.5x"},"classes":[]},{"id":10894,"url":"https:\/\/iumotril.org\/sitio\/iu-pide-que-se-coloque-un-busto-en-recuerdo-a-la-juanita-en-la-calle-cervantes\/","url_meta":{"origin":2030,"position":1},"title":"IU pide que se coloque un busto en recuerdo a \u201cLa Juanita\u201d en la calle Cervantes","author":"Izquierda Unida Motril","date":"9 diciembre, 2025","format":false,"excerpt":"\u201dLa Juanita\u201d forma parte de la historia de Motril y de la memoria de los motrile\u00f1os y motrile\u00f1as. Es fundamental salvaguardar su papel en la historia de Motril como un s\u00edmbolo de libertad y diversidad. Lo que sufri\u00f3 una persona antes de que la sociedad consiguiera normalizar el que cada\u2026","rel":"","context":"En \u00abEST\u00c1 PASANDO\u00bb","block_context":{"text":"EST\u00c1 PASANDO","link":"https:\/\/iumotril.org\/sitio\/category\/esta-pasando\/"},"img":{"alt_text":"","src":"https:\/\/i0.wp.com\/iumotril.org\/sitio\/wp-content\/uploads\/2025\/12\/inma-ana-juanita-scaled.jpeg?resize=350%2C200&ssl=1","width":350,"height":200,"srcset":"https:\/\/i0.wp.com\/iumotril.org\/sitio\/wp-content\/uploads\/2025\/12\/inma-ana-juanita-scaled.jpeg?resize=350%2C200&ssl=1 1x, https:\/\/i0.wp.com\/iumotril.org\/sitio\/wp-content\/uploads\/2025\/12\/inma-ana-juanita-scaled.jpeg?resize=525%2C300&ssl=1 1.5x, https:\/\/i0.wp.com\/iumotril.org\/sitio\/wp-content\/uploads\/2025\/12\/inma-ana-juanita-scaled.jpeg?resize=700%2C400&ssl=1 2x, https:\/\/i0.wp.com\/iumotril.org\/sitio\/wp-content\/uploads\/2025\/12\/inma-ana-juanita-scaled.jpeg?resize=1050%2C600&ssl=1 3x, https:\/\/i0.wp.com\/iumotril.org\/sitio\/wp-content\/uploads\/2025\/12\/inma-ana-juanita-scaled.jpeg?resize=1400%2C800&ssl=1 4x"},"classes":[]},{"id":3434,"url":"https:\/\/iumotril.org\/sitio\/el-partido-popular-se-opone-a-la-aplicacion-de-la-ley-de-memoria-historica-y-democratica-en-motril\/","url_meta":{"origin":2030,"position":2},"title":"El Partido Popular se opone a la aplicaci\u00f3n de la Ley de Memoria Histor\u00edca y Democr\u00e1tica en Motril","author":"Izquierda Unida Motril","date":"23 marzo, 2018","format":false,"excerpt":"La moci\u00f3n presentada por Izquierda Unida para la eliminaci\u00f3n de elementos contrarios a la Memoria Hist\u00f3rica y Democr\u00e1tica de calles y edificios de Motril ha sido, finalmente, aprobada por la mayor\u00eda del pleno municipal que se compromete, de ese modo, con el cumplimiento de la legalidad vigente.","rel":"","context":"En \u00abEST\u00c1 PASANDO\u00bb","block_context":{"text":"EST\u00c1 PASANDO","link":"https:\/\/iumotril.org\/sitio\/category\/esta-pasando\/"},"img":{"alt_text":"","src":"https:\/\/i0.wp.com\/iumotril.org\/sitio\/wp-content\/uploads\/2018\/03\/desbanda33-300x219-300x219.jpg?resize=350%2C200","width":350,"height":200},"classes":[]},{"id":2513,"url":"https:\/\/iumotril.org\/sitio\/el-barrio-de-aviacion-abandonado\/","url_meta":{"origin":2030,"position":3},"title":"EL BARRIO DE AVIACI\u00d3N ABANDONADO","author":"Izquierda Unida Motril","date":"18 noviembre, 2016","format":false,"excerpt":"Calles sin aceras, barreras arquitect\u00f3nicas, aparcamientos en descampados, pistas deportivas fuera de uso amenazadas de convertirse en un espacio dedicado al culto religioso, maleza por doquier, basura, ausencia de contenedores\u2026 Este es el entorno del barrio de Aviaci\u00f3n consecuencia de la desidia e incompetencia de los gobiernos del PP, PA-PSOE,\u2026","rel":"","context":"En \u00abEST\u00c1 PASANDO\u00bb","block_context":{"text":"EST\u00c1 PASANDO","link":"https:\/\/iumotril.org\/sitio\/category\/esta-pasando\/"},"img":{"alt_text":"aviacion","src":"https:\/\/i0.wp.com\/iumotril.org\/sitio\/wp-content\/uploads\/2016\/11\/AVIACI%C3%93N.jpg?resize=350%2C200","width":350,"height":200,"srcset":"https:\/\/i0.wp.com\/iumotril.org\/sitio\/wp-content\/uploads\/2016\/11\/AVIACI%C3%93N.jpg?resize=350%2C200 1x, https:\/\/i0.wp.com\/iumotril.org\/sitio\/wp-content\/uploads\/2016\/11\/AVIACI%C3%93N.jpg?resize=525%2C300 1.5x"},"classes":[]},{"id":2847,"url":"https:\/\/iumotril.org\/sitio\/en-defensa-del-patrimonio-historico-y-cultural-de-motril\/","url_meta":{"origin":2030,"position":4},"title":"En defensa del Patrimonio Hist\u00f3rico y Cultural de Motril","author":"Izquierda Unida Motril","date":"4 mayo, 2017","format":false,"excerpt":"En los \u00faltimos 30 a\u00f1os Motril ha perdido la mayor parte de su patrimonio hist\u00f3rico y cultural. Sin embargo, desde los distintos gobiernos municipales no se ha emprendido actuaci\u00f3n alguna que impidiera esta situaci\u00f3n. Por ello, ante la pasividad del equipo de gobierno local, Izquierda Unida propondr\u00e1 en el pr\u00f3ximo\u2026","rel":"","context":"En \u00abEST\u00c1 PASANDO\u00bb","block_context":{"text":"EST\u00c1 PASANDO","link":"https:\/\/iumotril.org\/sitio\/category\/esta-pasando\/"},"img":{"alt_text":"","src":"http:\/\/iumotril.org\/sitio\/wp-content\/uploads\/2017\/05\/Trece-Rosas.bmp","width":350,"height":200,"srcset":"http:\/\/iumotril.org\/sitio\/wp-content\/uploads\/2017\/05\/Trece-Rosas.bmp 1x, http:\/\/iumotril.org\/sitio\/wp-content\/uploads\/2017\/05\/Trece-Rosas.bmp 1.5x"},"classes":[]},{"id":2443,"url":"https:\/\/iumotril.org\/sitio\/denunciamos-el-trato-de-favor-del-ayuntamiento-hacia-empresas-e-intereses-privados\/","url_meta":{"origin":2030,"position":5},"title":"Denunciamos el trato de favor del Ayuntamiento hacia empresas e intereses privados","author":"Izquierda Unida Motril","date":"17 octubre, 2016","format":false,"excerpt":"Izquierda Unida critica el acuerdo del ayuntamiento con la empresa Mangos del Cielo, al entender que supone un trato de favor inaceptable a favor de determinados intereses privados que suele recaer ser siempre en las mismas empresas o grupos familiares que realizan desde hace mucho tiempo sus negocios en nuestra\u2026","rel":"","context":"En \u00abEST\u00c1 PASANDO\u00bb","block_context":{"text":"EST\u00c1 PASANDO","link":"https:\/\/iumotril.org\/sitio\/category\/esta-pasando\/"},"img":{"alt_text":"mangos-del-cielo","src":"https:\/\/i0.wp.com\/iumotril.org\/sitio\/wp-content\/uploads\/2016\/10\/Mangos-del-cielo-300x186.jpg?resize=350%2C200","width":350,"height":200},"classes":[]}],"jetpack_likes_enabled":true,"_links":{"self":[{"href":"https:\/\/iumotril.org\/sitio\/wp-json\/wp\/v2\/posts\/2030","targetHints":{"allow":["GET"]}}],"collection":[{"href":"https:\/\/iumotril.org\/sitio\/wp-json\/wp\/v2\/posts"}],"about":[{"href":"https:\/\/iumotril.org\/sitio\/wp-json\/wp\/v2\/types\/post"}],"author":[{"embeddable":true,"href":"https:\/\/iumotril.org\/sitio\/wp-json\/wp\/v2\/users\/1"}],"replies":[{"embeddable":true,"href":"https:\/\/iumotril.org\/sitio\/wp-json\/wp\/v2\/comments?post=2030"}],"version-history":[{"count":6,"href":"https:\/\/iumotril.org\/sitio\/wp-json\/wp\/v2\/posts\/2030\/revisions"}],"predecessor-version":[{"id":2043,"href":"https:\/\/iumotril.org\/sitio\/wp-json\/wp\/v2\/posts\/2030\/revisions\/2043"}],"wp:attachment":[{"href":"https:\/\/iumotril.org\/sitio\/wp-json\/wp\/v2\/media?parent=2030"}],"wp:term":[{"taxonomy":"category","embeddable":true,"href":"https:\/\/iumotril.org\/sitio\/wp-json\/wp\/v2\/categories?post=2030"},{"taxonomy":"post_tag","embeddable":true,"href":"https:\/\/iumotril.org\/sitio\/wp-json\/wp\/v2\/tags?post=2030"}],"curies":[{"name":"wp","href":"https:\/\/api.w.org\/{rel}","templated":true}]}}