{"id":2018,"date":"2016-04-06T12:34:39","date_gmt":"2016-04-06T10:34:39","guid":{"rendered":"http:\/\/iumotril.org\/sitio\/?p=2018"},"modified":"2016-04-06T12:34:39","modified_gmt":"2016-04-06T10:34:39","slug":"izquierda-unida-critica-la-falta-de-actuaciones-del-equipo-de-gobierno-para-acabar-con-la-sangria-del-paro-en-motril","status":"publish","type":"post","link":"https:\/\/iumotril.org\/sitio\/izquierda-unida-critica-la-falta-de-actuaciones-del-equipo-de-gobierno-para-acabar-con-la-sangria-del-paro-en-motril\/","title":{"rendered":"IZQUIERDA UNIDA CRITICA LA FALTA DE ACTUACIONES DEL EQUIPO DE GOBIERNO PARA ACABAR CON LA SANGR\u00cdA DEL PARO EN MOTRIL"},"content":{"rendered":"<p style=\"text-align: justify;\">Seg\u00fan los datos de los servicios p\u00fablicos de empleo, en los \u00faltimos 15 meses el paro en Motril no ha bajado de las 6.400 personas y en varios per\u00edodos ha superado las 7.000. A pesar de esta situaci\u00f3n inaceptable, el Ayuntamiento de Motril se limita a gestionar iniciativas de otras administraciones y a utilizar la creaci\u00f3n de empleo como coartada para justificar sus propuestas de recalificaci\u00f3n urban\u00edstica, seg\u00fan ha denunciado Izquierda Unida.<\/p>\n<p style=\"text-align: justify;\"><a href=\"https:\/\/iumotril.org\/sitio\/wp-content\/uploads\/2016\/04\/Paro-y-recalificaciones_Daniela.jpg\"><img loading=\"lazy\" decoding=\"async\" data-attachment-id=\"2032\" data-permalink=\"https:\/\/iumotril.org\/sitio\/izquierda-unida-critica-la-falta-de-actuaciones-del-equipo-de-gobierno-para-acabar-con-la-sangria-del-paro-en-motril\/paro-y-recalificaciones_daniela\/\" data-orig-file=\"https:\/\/iumotril.org\/sitio\/wp-content\/uploads\/2016\/04\/Paro-y-recalificaciones_Daniela.jpg\" data-orig-size=\"1052,780\" data-comments-opened=\"1\" data-image-meta=\"{&quot;aperture&quot;:&quot;0&quot;,&quot;credit&quot;:&quot;&quot;,&quot;camera&quot;:&quot;Aquaris E5&quot;,&quot;caption&quot;:&quot;&quot;,&quot;created_timestamp&quot;:&quot;1039345200&quot;,&quot;copyright&quot;:&quot;&quot;,&quot;focal_length&quot;:&quot;4.6&quot;,&quot;iso&quot;:&quot;100&quot;,&quot;shutter_speed&quot;:&quot;0.03030303030303&quot;,&quot;title&quot;:&quot;&quot;,&quot;orientation&quot;:&quot;1&quot;}\" data-image-title=\"Paro y recalificaciones_Daniela\" data-image-description=\"\" data-image-caption=\"\" data-large-file=\"https:\/\/iumotril.org\/sitio\/wp-content\/uploads\/2016\/04\/Paro-y-recalificaciones_Daniela-1024x759.jpg\" class=\"aligncenter size-full wp-image-2032\" src=\"https:\/\/iumotril.org\/sitio\/wp-content\/uploads\/2016\/04\/Paro-y-recalificaciones_Daniela.jpg\" alt=\"Paro y recalificaciones_Daniela\" width=\"1052\" height=\"780\" srcset=\"https:\/\/iumotril.org\/sitio\/wp-content\/uploads\/2016\/04\/Paro-y-recalificaciones_Daniela.jpg 1052w, https:\/\/iumotril.org\/sitio\/wp-content\/uploads\/2016\/04\/Paro-y-recalificaciones_Daniela-300x222.jpg 300w, https:\/\/iumotril.org\/sitio\/wp-content\/uploads\/2016\/04\/Paro-y-recalificaciones_Daniela-768x569.jpg 768w, https:\/\/iumotril.org\/sitio\/wp-content\/uploads\/2016\/04\/Paro-y-recalificaciones_Daniela-1024x759.jpg 1024w\" sizes=\"auto, (max-width: 1052px) 100vw, 1052px\" \/><\/a>Mientras que en el mes de marzo, en Andaluc\u00eda y en el resto de Espa\u00f1a el paro sigue una tendencia a la baja, en Motril ha aumentado \u00a0en <a href=\"http:\/\/www.juntadeandalucia.es\/servicioandaluzdeempleo\/web\/argos\/demandaEmpleo.do\" target=\"_blank\">170 personas<\/a>, a pesar de los esperados efectos de la semana santa con el incremento de visitantes y la alta ocupaci\u00f3n de hoteles, restaurantes y chiringuitos en la Costa. Esta situaci\u00f3n, seg\u00fan Izquierda Unida, pone en evidencia el fracaso de la reforma laboral del Partido Popular, la inadecuaci\u00f3n de las pol\u00edticas de empleo de la Junta de Andaluc\u00eda y la falta de actuaciones por parte del equipo de gobierno municipal para corregir esta situaci\u00f3n inaceptable.<\/p>\n<p style=\"text-align: justify;\">Para la formaci\u00f3n de izquierdas, la \u00fanica actuaci\u00f3n destacable del equipo de gobierno a lo largo de sus casi diez meses de mandato ha sido la utilizaci\u00f3n indecente de los parados y paradas motrile\u00f1as para sacarlos en las fotos haciendo fila, a la espera de las sesiones informativas acerca de los <a href=\"http:\/\/www.juntadeandalucia.es\/servicioandaluzdeempleo\/web\/websae\/portal\/es\/informacion\/planesEspeciales\/DecretoFomentoEmpleo2015?ticket=nocas\" target=\"_blank\">planes de empleo de la Junta<\/a>, que permitir\u00e1n la contrataci\u00f3n durante seis meses de algo m\u00e1s de 200 personas en dependencias municipales. Unas contrataciones que no se llevar\u00e1n a cabo hasta el mes de septiembre.<\/p>\n<p style=\"text-align: justify;\">Sin embargo, el equipo de gobierno no duda en utilizar el empleo como principal argumento de cualquiera de sus actuaciones, incluso de sus propuestas de recalificaci\u00f3n urban\u00edstica, generando unas expectativas que est\u00e1n lejos de la realidad, como es f\u00e1cilmente comprobable.<\/p>\n<p style=\"text-align: justify;\">La portavoz del Grupo Municipal de Izquierda Unida, Daniela Paqu\u00e9, ha salido al paso de las cr\u00edticas por su oposici\u00f3n a la modificaci\u00f3n urban\u00edstica del MOT 21 que se llev\u00f3 al \u00faltimo pleno, con la intenci\u00f3n de instalar un nuevo centro comercial y que fue rechazada con sus votos y con los del Partido Popular. Daniela Paqu\u00e9 ha insistido en que su formaci\u00f3n no est\u00e1 en contra de la instalaci\u00f3n de <a href=\"http:\/\/www.motril.es\/index.php?id=185&amp;tx_news_pi1%5Bnews%5D=718&amp;tx_news_pi1%5Bcontroller%5D=News&amp;tx_news_pi1%5Baction%5D=detail&amp;cHash=6e14366db467e1903e8037fab420e2ad\" target=\"_blank\">grandes superficies<\/a> en nuestra ciudad, pero s\u00ed de que se haga a cualquier precio.<\/p>\n<p>En este sentido ha recordado que el actual Plan General de Ordenaci\u00f3n Urbana contempla m\u00e1s de 200 mil metros de suelo para su uso comercial, por lo que estas recalificaciones a la carta son innecesarias. En cualquier caso, ha mantenido que si se considera que esas parcelas no resultan id\u00f3neas, lo adecuado ser\u00eda la modificaci\u00f3n del PGOU, tal y como Izquierda Unida viene<a href=\"https:\/\/iumotril.org\/sitio\/el-partido-popular-deja-el-ayuntamiento-recalificando-mas-suelo-publico-en-favor-de-negocios-privados\/\" target=\"_blank\"> reclamando<\/a> desde hace a\u00f1os.<\/p>\n<p>Paqu\u00e9 ha exigido\u00a0al ayuntamiento de Motril la elaboraci\u00f3n de una <a href=\"https:\/\/iumotril.org\/sitio\/a-iniciativa-de-izquierda-unida-se-pondra-en-marcha-una-estrategia-local-por-el-empleo-en-motril\/\" target=\"_blank\">estrategia local<\/a> por el empleo que integre medidas activas para favorecer la inserci\u00f3n laboral de los parados y paradas motrile\u00f1as, especialmente de los j\u00f3venes, las mujeres y los mayores de 45 a\u00f1os. Para la portavoz de Izquierda Unida, la falta de actuaciones del equipo de gobierno condena a la exclusi\u00f3n social a m\u00e1s de 6.000 familias de nuestra ciudad, de las que la mayor parte de ellas no reciben ning\u00fan tipo de percepci\u00f3n o subsidio.<\/p>\n","protected":false},"excerpt":{"rendered":"<p>Seg\u00fan los datos de los servicios p\u00fablicos de empleo, en los \u00faltimos 15 meses el paro en Motril no ha bajado de las 6.400 personas y en varios per\u00edodos ha superado las 7.000. A pesar de esta situaci\u00f3n inaceptable, el Ayuntamiento de Motril se limita a gestionar iniciativas de otras administraciones y a utilizar la creaci\u00f3n de empleo como coartada para justificar sus propuestas de recalificaci\u00f3n urban\u00edstica, seg\u00fan ha denunciado Izquierda Unida.<\/p>\n","protected":false},"author":1,"featured_media":0,"comment_status":"open","ping_status":"open","sticky":false,"template":"","format":"standard","meta":{"cybocfi_hide_featured_image":"","_jetpack_newsletter_access":"","_jetpack_dont_email_post_to_subs":false,"_jetpack_newsletter_tier_id":0,"_jetpack_memberships_contains_paywalled_content":false,"_jetpack_memberships_contains_paid_content":false,"footnotes":""},"categories":[265],"tags":[476,47,244,74],"class_list":["post-2018","post","type-post","status-publish","format-standard","hentry","category-esta-pasando","tag-coartadas","tag-empleo-2","tag-paro","tag-recalificaciones"],"jetpack_featured_media_url":"","jetpack_sharing_enabled":true,"jetpack_shortlink":"https:\/\/wp.me\/p4QsU5-wy","jetpack-related-posts":[{"id":4746,"url":"https:\/\/iumotril.org\/sitio\/la-falta-de-politicas-de-empleo-y-formacion-municipales-favorece-la-precariedad-laboral-de-las-mujeres-en-motril\/","url_meta":{"origin":2018,"position":0},"title":"La falta de pol\u00edticas de empleo y formaci\u00f3n municipales favorece la precariedad laboral de las mujeres en Motril","author":"Izquierda Unida Motril","date":"7 marzo, 2019","format":false,"excerpt":"Seg\u00fan los \u00faltimos datos oficiales, en el mes de febrero 3.127 mujeres estaban registradas en las listas del paro, casi el 60% de las personas registradas (5.478). En esa misma fecha, de los 1.258 contratos realizados a mujeres 1.208 fueron contratos temporales y 50 indefinidos. A la vista de estos\u2026","rel":"","context":"En \u00abEST\u00c1 PASANDO\u00bb","block_context":{"text":"EST\u00c1 PASANDO","link":"https:\/\/iumotril.org\/sitio\/category\/esta-pasando\/"},"img":{"alt_text":"","src":"https:\/\/i0.wp.com\/iumotril.org\/sitio\/wp-content\/uploads\/2018\/12\/Inma-Omiste_avda-europa_12-diciembre.jpg?resize=350%2C200","width":350,"height":200},"classes":[]},{"id":3457,"url":"https:\/\/iumotril.org\/sitio\/izquierda-unida-exige-actuaciones-para-combatir-el-paro-en-motril\/","url_meta":{"origin":2018,"position":1},"title":"Izquierda Unida exige actuaciones para combatir el paro en Motril","author":"Izquierda Unida Motril","date":"6 abril, 2018","format":false,"excerpt":"Desde Izquierda Unida se entiende que en la gesti\u00f3n de los asuntos municipales hay espacio suficiente para articular pol\u00edticas y medidas a favor de la mayor\u00eda social, dirigidas a las personas m\u00e1s desfavorecidas y no s\u00f3lo para llevar a cabo actuaciones especulativas que benefician a las grandes empresas y a\u2026","rel":"","context":"En \u00abempleo\u00bb","block_context":{"text":"empleo","link":"https:\/\/iumotril.org\/sitio\/category\/empleo\/"},"img":{"alt_text":"","src":"https:\/\/i0.wp.com\/iumotril.org\/sitio\/wp-content\/uploads\/2018\/04\/Daniela-Paqu%C3%A9-Inma-Omiste-denuncian-privatizacion-servicios-municipales_abril.jpg?resize=350%2C200&ssl=1","width":350,"height":200,"srcset":"https:\/\/i0.wp.com\/iumotril.org\/sitio\/wp-content\/uploads\/2018\/04\/Daniela-Paqu%C3%A9-Inma-Omiste-denuncian-privatizacion-servicios-municipales_abril.jpg?resize=350%2C200&ssl=1 1x, https:\/\/i0.wp.com\/iumotril.org\/sitio\/wp-content\/uploads\/2018\/04\/Daniela-Paqu%C3%A9-Inma-Omiste-denuncian-privatizacion-servicios-municipales_abril.jpg?resize=525%2C300&ssl=1 1.5x, https:\/\/i0.wp.com\/iumotril.org\/sitio\/wp-content\/uploads\/2018\/04\/Daniela-Paqu%C3%A9-Inma-Omiste-denuncian-privatizacion-servicios-municipales_abril.jpg?resize=700%2C400&ssl=1 2x, https:\/\/i0.wp.com\/iumotril.org\/sitio\/wp-content\/uploads\/2018\/04\/Daniela-Paqu%C3%A9-Inma-Omiste-denuncian-privatizacion-servicios-municipales_abril.jpg?resize=1050%2C600&ssl=1 3x, https:\/\/i0.wp.com\/iumotril.org\/sitio\/wp-content\/uploads\/2018\/04\/Daniela-Paqu%C3%A9-Inma-Omiste-denuncian-privatizacion-servicios-municipales_abril.jpg?resize=1400%2C800&ssl=1 4x"},"classes":[]},{"id":7935,"url":"https:\/\/iumotril.org\/sitio\/iu-equo-critica-la-utilizacion-interesada-de-los-datos-del-paro-para-los-fines-propagandisticos-de-la-alcaldesa\/","url_meta":{"origin":2018,"position":2},"title":"IU-Equo critica la utilizaci\u00f3n interesada de los datos del paro para los fines propagand\u00edsticos de la alcaldesa","author":"Izquierda Unida Motril","date":"5 enero, 2022","format":false,"excerpt":"\u201cDurante los 29 meses de gobierno del PP y Ciudadanos en Motril se han destruido 113 empleos\u201d. La \u201cgesti\u00f3n de las derechas\u201d en Motril tiene como consecuencias el aumento del paro, de la pobreza y de la exclusi\u00f3n social entre los m\u00e1s desfavorecidos y no, como propaga la alcaldesa, el\u2026","rel":"","context":"En \u00abempleo\u00bb","block_context":{"text":"empleo","link":"https:\/\/iumotril.org\/sitio\/category\/empleo\/"},"img":{"alt_text":"","src":"https:\/\/i0.wp.com\/iumotril.org\/sitio\/wp-content\/uploads\/2022\/01\/Paro-julio-2019-diciembre-2021.png?resize=350%2C200","width":350,"height":200,"srcset":"https:\/\/i0.wp.com\/iumotril.org\/sitio\/wp-content\/uploads\/2022\/01\/Paro-julio-2019-diciembre-2021.png?resize=350%2C200 1x, https:\/\/i0.wp.com\/iumotril.org\/sitio\/wp-content\/uploads\/2022\/01\/Paro-julio-2019-diciembre-2021.png?resize=525%2C300 1.5x, https:\/\/i0.wp.com\/iumotril.org\/sitio\/wp-content\/uploads\/2022\/01\/Paro-julio-2019-diciembre-2021.png?resize=700%2C400 2x"},"classes":[]},{"id":6836,"url":"https:\/\/iumotril.org\/sitio\/iu-equo-reclama-un-plan-urgente-de-empleo-para-combatir-el-paro-en-motril\/","url_meta":{"origin":2018,"position":3},"title":"IU-Equo reclama un Plan urgente de Empleo para combatir el paro en Motril","author":"Izquierda Unida Motril","date":"28 octubre, 2020","format":false,"excerpt":"IU-Equo presenta al pr\u00f3ximo pleno una moci\u00f3n para la puesta en marcha de actuaciones y medidas urgentes para la creaci\u00f3n de empleo, reclamando pol\u00edticas activas para promover la inserci\u00f3n laboral de los desempleados a trav\u00e9s de planes integrales de orientaci\u00f3n, formaci\u00f3n y pr\u00e1cticas laborales. El desempleo, la precariedad y la\u2026","rel":"","context":"En \u00abempleo\u00bb","block_context":{"text":"empleo","link":"https:\/\/iumotril.org\/sitio\/category\/empleo\/"},"img":{"alt_text":"","src":"https:\/\/i0.wp.com\/iumotril.org\/sitio\/wp-content\/uploads\/2020\/10\/Jose-28-octubre_2-176x176.jpg?resize=350%2C200","width":350,"height":200,"srcset":"https:\/\/i0.wp.com\/iumotril.org\/sitio\/wp-content\/uploads\/2020\/10\/Jose-28-octubre_2-176x176.jpg?resize=350%2C200 1x, https:\/\/i0.wp.com\/iumotril.org\/sitio\/wp-content\/uploads\/2020\/10\/Jose-28-octubre_2-176x176.jpg?resize=525%2C300 1.5x"},"classes":[]},{"id":3347,"url":"https:\/\/iumotril.org\/sitio\/izquierda-unida-denuncia-la-ausencia-de-politicas-activas-de-empleo-en-motril\/","url_meta":{"origin":2018,"position":4},"title":"Izquierda Unida denuncia la ausencia de pol\u00edticas activas de empleo en Motril","author":"Izquierda Unida Motril","date":"8 febrero, 2018","format":false,"excerpt":"Izquierda Unida ha recordado que, desde 2015, viene reclamando un Plan de empleo local para Motril que incluya, entre otras medidas, una oferta p\u00fablica de empleo municipal, incentivos a la contrataci\u00f3n de j\u00f3venes, mujeres y mayores de 45 a\u00f1os y la puesta en marcha de programas de formaci\u00f3n para el\u2026","rel":"","context":"En \u00abEST\u00c1 PASANDO\u00bb","block_context":{"text":"EST\u00c1 PASANDO","link":"https:\/\/iumotril.org\/sitio\/category\/esta-pasando\/"},"img":{"alt_text":"","src":"https:\/\/i0.wp.com\/iumotril.org\/sitio\/wp-content\/uploads\/2018\/02\/Christina-e-Inma_febrero-e1518088146912-768x1024.jpg?resize=350%2C200","width":350,"height":200},"classes":[]},{"id":4678,"url":"https:\/\/iumotril.org\/sitio\/motril-necesita-politicas-activas-de-empleo-y-formacion\/","url_meta":{"origin":2018,"position":5},"title":"Motril necesita pol\u00edticas activas de empleo y formaci\u00f3n","author":"Izquierda Unida Motril","date":"6 febrero, 2019","format":false,"excerpt":"Hay que ser serios cuando se aborda cualquier aspecto relacionado con la creaci\u00f3n de empleo, ha afirmado. Detr\u00e1s de los n\u00fameros y de los porcentajes hay personas, hombres y mujeres, j\u00f3venes, familias que est\u00e1n viviendo un drama cotidiano, que tienen dificultades para subsistir y para sacar adelante en condiciones dignas\u2026","rel":"","context":"En \u00abAyuntamiento\u00bb","block_context":{"text":"Ayuntamiento","link":"https:\/\/iumotril.org\/sitio\/category\/ayuntamiento\/"},"img":{"alt_text":"","src":"https:\/\/i0.wp.com\/iumotril.org\/sitio\/wp-content\/uploads\/2019\/02\/Inma-Dani-y-Jose_6-febrero-1024x497.jpg?resize=350%2C200","width":350,"height":200},"classes":[]}],"jetpack_likes_enabled":true,"_links":{"self":[{"href":"https:\/\/iumotril.org\/sitio\/wp-json\/wp\/v2\/posts\/2018","targetHints":{"allow":["GET"]}}],"collection":[{"href":"https:\/\/iumotril.org\/sitio\/wp-json\/wp\/v2\/posts"}],"about":[{"href":"https:\/\/iumotril.org\/sitio\/wp-json\/wp\/v2\/types\/post"}],"author":[{"embeddable":true,"href":"https:\/\/iumotril.org\/sitio\/wp-json\/wp\/v2\/users\/1"}],"replies":[{"embeddable":true,"href":"https:\/\/iumotril.org\/sitio\/wp-json\/wp\/v2\/comments?post=2018"}],"version-history":[{"count":4,"href":"https:\/\/iumotril.org\/sitio\/wp-json\/wp\/v2\/posts\/2018\/revisions"}],"predecessor-version":[{"id":2034,"href":"https:\/\/iumotril.org\/sitio\/wp-json\/wp\/v2\/posts\/2018\/revisions\/2034"}],"wp:attachment":[{"href":"https:\/\/iumotril.org\/sitio\/wp-json\/wp\/v2\/media?parent=2018"}],"wp:term":[{"taxonomy":"category","embeddable":true,"href":"https:\/\/iumotril.org\/sitio\/wp-json\/wp\/v2\/categories?post=2018"},{"taxonomy":"post_tag","embeddable":true,"href":"https:\/\/iumotril.org\/sitio\/wp-json\/wp\/v2\/tags?post=2018"}],"curies":[{"name":"wp","href":"https:\/\/api.w.org\/{rel}","templated":true}]}}