{"id":185,"date":"2014-10-03T17:09:18","date_gmt":"2014-10-03T16:09:18","guid":{"rendered":"http:\/\/iumotril.org\/sitio\/?p=185"},"modified":"2014-10-03T12:19:23","modified_gmt":"2014-10-03T11:19:23","slug":"iu-reclama-a-la-alcaldesa-la-puesta-en-marcha-de-un-plan-de-choque-contra-el-desempleo-de-forma-inmediata","status":"publish","type":"post","link":"https:\/\/iumotril.org\/sitio\/iu-reclama-a-la-alcaldesa-la-puesta-en-marcha-de-un-plan-de-choque-contra-el-desempleo-de-forma-inmediata\/","title":{"rendered":"IU RECLAMA A LA ALCALDESA LA PUESTA EN MARCHA DE UN PLAN DE CHOQUE CONTRA EL DESEMPLEO DE FORMA INMEDIATA."},"content":{"rendered":"<p><a href=\"https:\/\/iumotril.org\/sitio\/wp-content\/uploads\/2014\/10\/actual.jpg\"><img loading=\"lazy\" decoding=\"async\" data-attachment-id=\"187\" data-permalink=\"https:\/\/iumotril.org\/sitio\/iu-reclama-a-la-alcaldesa-la-puesta-en-marcha-de-un-plan-de-choque-contra-el-desempleo-de-forma-inmediata\/actual\/\" data-orig-file=\"https:\/\/iumotril.org\/sitio\/wp-content\/uploads\/2014\/10\/actual.jpg\" data-orig-size=\"130,130\" data-comments-opened=\"1\" data-image-meta=\"{&quot;aperture&quot;:&quot;0&quot;,&quot;credit&quot;:&quot;&quot;,&quot;camera&quot;:&quot;&quot;,&quot;caption&quot;:&quot;&quot;,&quot;created_timestamp&quot;:&quot;0&quot;,&quot;copyright&quot;:&quot;&quot;,&quot;focal_length&quot;:&quot;0&quot;,&quot;iso&quot;:&quot;0&quot;,&quot;shutter_speed&quot;:&quot;0&quot;,&quot;title&quot;:&quot;&quot;,&quot;orientation&quot;:&quot;0&quot;}\" data-image-title=\"actual\" data-image-description=\"\" data-image-caption=\"\" data-large-file=\"https:\/\/iumotril.org\/sitio\/wp-content\/uploads\/2014\/10\/actual.jpg\" src=\"https:\/\/iumotril.org\/sitio\/wp-content\/uploads\/2014\/10\/actual.jpg\" alt=\"actual\" width=\"130\" height=\"130\" class=\"aligncenter size-full wp-image-187\" srcset=\"https:\/\/iumotril.org\/sitio\/wp-content\/uploads\/2014\/10\/actual.jpg 130w, https:\/\/iumotril.org\/sitio\/wp-content\/uploads\/2014\/10\/actual-36x36.jpg 36w, https:\/\/iumotril.org\/sitio\/wp-content\/uploads\/2014\/10\/actual-115x115.jpg 115w\" sizes=\"auto, (max-width: 130px) 100vw, 130px\" \/><\/a><\/p>\n<p>Los datos que acaban de hacerse p\u00fablicos sobre el desempleo en Motril muestran un aumento de 420 personas respecto del mes pasado, lo que significa un incremento de m\u00e1s del 6% en nuestro municipio, situ\u00e1ndolo por encima incluso del dato del a\u00f1o pasado.<\/p>\n<p>Esta situaci\u00f3n tr\u00e1gica para muchas familias motrile\u00f1as es consecuencia directa de las pol\u00edticas neoliberales del Partido Popular en Motril. En nuestro municipio estas pol\u00edticas se han concretado en una enorme e injusta presi\u00f3n fiscal que ha agravado el empobrecimiento de la poblaci\u00f3n y una pol\u00edtica de concesiones y privilegios para unos pocos. En Motril el desempleo sube en todos los sectores a excepci\u00f3n de los afiliados al PP.<\/p>\n<p>Los datos reflejan la gran mentira que desde los medios de comunicaci\u00f3n municipales se traslada a diario sobre el estado de la ciudad y muestra que Motril hoy es un espacio donde los m\u00e1s j\u00f3venes y los desempleados carecen de oportunidades para encontrar empleo. <\/p>\n<p>IU, ha exigido a la alcaldesa la elaboraci\u00f3n de \u00abun plan de choque contra el desempleo. Para ello es imprescindible la modificaci\u00f3n del presupuesto municipal para dar prioridad a las pol\u00edticas de contrataci\u00f3n y obra p\u00fablica, las bonificaciones en  los impuestos municipales a las empresas que contraten de forma indefinida, la revisi\u00f3n del Plan General de Ordenaci\u00f3n Urbana para favorecer la implantaci\u00f3n de actividades locales, el apoyo al peque\u00f1o comercio y a los aut\u00f3nomos, la creaci\u00f3n de una bolsa de trabajo juvenil, la facilitaci\u00f3n de pr\u00e1cticas de empresa para j\u00f3venes en las empresas del municipio, la rebaja fiscal en funci\u00f3n de las restas, entre otras medidas.<\/p>\n<p>Para IU la alcaldesa debe dejar a un lado la pol\u00edtica de confrontaci\u00f3n y escaparate y dar un cambio radical a las pol\u00edticas que su partido viene desarrollando en nuestra ciudad, que han convertido a Motril en una ciudad en decadencia y sin futuro.<\/p>\n","protected":false},"excerpt":{"rendered":"<p>Los datos que acaban de hacerse p\u00fablicos sobre el desempleo [&hellip;]<\/p>\n","protected":false},"author":1,"featured_media":0,"comment_status":"open","ping_status":"open","sticky":false,"template":"","format":"standard","meta":{"cybocfi_hide_featured_image":"","_jetpack_newsletter_access":"","_jetpack_dont_email_post_to_subs":false,"_jetpack_newsletter_tier_id":0,"_jetpack_memberships_contains_paywalled_content":false,"_jetpack_memberships_contains_paid_content":false,"footnotes":""},"categories":[7,1],"tags":[],"class_list":["post-185","post","type-post","status-publish","format-standard","hentry","category-ayuntamiento","category-sin-categoria"],"jetpack_featured_media_url":"","jetpack_sharing_enabled":true,"jetpack_shortlink":"https:\/\/wp.me\/p4QsU5-2Z","jetpack-related-posts":[{"id":7302,"url":"https:\/\/iumotril.org\/sitio\/la-situacion-de-desempleo-en-motril-es-inaceptable-y-exige-actuaciones-urgentes\/","url_meta":{"origin":185,"position":0},"title":"La situaci\u00f3n de desempleo en Motril es inaceptable y exige actuaciones urgentes","author":"Izquierda Unida Motril","date":"8 abril, 2021","format":false,"excerpt":"El gobierno de Garc\u00eda Chamorro ha apostado por la realizaci\u00f3n de grandes proyectos en el medio y largo plazo y por el \u201cembellecimiento\u201d de la ciudad, confiando la creaci\u00f3n de empleo a estas actuaciones. Se pretende vender a los vecinos una ciudad de colores que no se corresponde con la\u2026","rel":"","context":"En \u00abEST\u00c1 PASANDO\u00bb","block_context":{"text":"EST\u00c1 PASANDO","link":"https:\/\/iumotril.org\/sitio\/category\/esta-pasando\/"},"img":{"alt_text":"","src":"https:\/\/i0.wp.com\/iumotril.org\/sitio\/wp-content\/uploads\/2021\/04\/Inma-Omiste-8-de-abril-2021-768x1024.jpg?resize=350%2C200","width":350,"height":200,"srcset":"https:\/\/i0.wp.com\/iumotril.org\/sitio\/wp-content\/uploads\/2021\/04\/Inma-Omiste-8-de-abril-2021-768x1024.jpg?resize=350%2C200 1x, https:\/\/i0.wp.com\/iumotril.org\/sitio\/wp-content\/uploads\/2021\/04\/Inma-Omiste-8-de-abril-2021-768x1024.jpg?resize=525%2C300 1.5x"},"classes":[]},{"id":7251,"url":"https:\/\/iumotril.org\/sitio\/el-gobierno-local-esta-utilizando-la-convocatoria-de-bolsas-de-trabajo-para-camuflar-la-falta-de-actuaciones-frente-al-desempleo-en-motril\/","url_meta":{"origin":185,"position":1},"title":"El gobierno local est\u00e1 utilizando la convocatoria de bolsas de trabajo para camuflar la falta de actuaciones frente al desempleo en Motril","author":"Izquierda Unida Motril","date":"30 marzo, 2021","format":false,"excerpt":"En el a\u00f1o 2020, fueron 387 los motrile\u00f1os y motrile\u00f1as que solicitaron formar parte de alguna de las tres bolsas de trabajo convocadas (conductores del servicio limpieza, peones de limpieza y personal de limpieza de edificios). Sin embargo, s\u00f3lo se llevaron a cabo 9 contrataciones finalmente. Izquierda Unida-Equo ha vuelto\u2026","rel":"","context":"En \u00abEST\u00c1 PASANDO\u00bb","block_context":{"text":"EST\u00c1 PASANDO","link":"https:\/\/iumotril.org\/sitio\/category\/esta-pasando\/"},"img":{"alt_text":"","src":"https:\/\/i0.wp.com\/iumotril.org\/sitio\/wp-content\/uploads\/2021\/03\/Inma-Omiste_30-marzo-1024x768.jpg?resize=350%2C200","width":350,"height":200,"srcset":"https:\/\/i0.wp.com\/iumotril.org\/sitio\/wp-content\/uploads\/2021\/03\/Inma-Omiste_30-marzo-1024x768.jpg?resize=350%2C200 1x, https:\/\/i0.wp.com\/iumotril.org\/sitio\/wp-content\/uploads\/2021\/03\/Inma-Omiste_30-marzo-1024x768.jpg?resize=525%2C300 1.5x"},"classes":[]},{"id":10929,"url":"https:\/\/iumotril.org\/sitio\/paro-y-pobreza-el-mejor-resumen-de-la-gestion-municipal-de-garcia-chamorro-al-frente-del-ayuntamiento-de-motril-a-lo-largo-de-los-ultimos-6-anos\/","url_meta":{"origin":185,"position":2},"title":"Paro y pobreza, el mejor resumen de la gesti\u00f3n municipal de Garc\u00eda Chamorro al frente del Ayuntamiento de Motril a lo largo de los \u00faltimos 6 a\u00f1os.","author":"Izquierda Unida Motril","date":"26 enero, 2026","format":false,"excerpt":"Los datos de pobreza de caritas referentes al 2025 alertan de una situaci\u00f3n de pobreza cr\u00f3nica en la provincia, siendo los principales problemas el desempleo y el acceso a la vivienda. Mientras conocemos estos datos, el gobierno del PP en Motril continua en su campa\u00f1a permanente de imagen, anuncios propagand\u00edsticos\u2026","rel":"","context":"En \u00abAyuntamiento\u00bb","block_context":{"text":"Ayuntamiento","link":"https:\/\/iumotril.org\/sitio\/category\/ayuntamiento\/"},"img":{"alt_text":"","src":"https:\/\/i0.wp.com\/iumotril.org\/sitio\/wp-content\/uploads\/2026\/01\/Ana-e-Inma-scaled.jpeg?resize=350%2C200&ssl=1","width":350,"height":200,"srcset":"https:\/\/i0.wp.com\/iumotril.org\/sitio\/wp-content\/uploads\/2026\/01\/Ana-e-Inma-scaled.jpeg?resize=350%2C200&ssl=1 1x, https:\/\/i0.wp.com\/iumotril.org\/sitio\/wp-content\/uploads\/2026\/01\/Ana-e-Inma-scaled.jpeg?resize=525%2C300&ssl=1 1.5x, https:\/\/i0.wp.com\/iumotril.org\/sitio\/wp-content\/uploads\/2026\/01\/Ana-e-Inma-scaled.jpeg?resize=700%2C400&ssl=1 2x, https:\/\/i0.wp.com\/iumotril.org\/sitio\/wp-content\/uploads\/2026\/01\/Ana-e-Inma-scaled.jpeg?resize=1050%2C600&ssl=1 3x, https:\/\/i0.wp.com\/iumotril.org\/sitio\/wp-content\/uploads\/2026\/01\/Ana-e-Inma-scaled.jpeg?resize=1400%2C800&ssl=1 4x"},"classes":[]},{"id":4746,"url":"https:\/\/iumotril.org\/sitio\/la-falta-de-politicas-de-empleo-y-formacion-municipales-favorece-la-precariedad-laboral-de-las-mujeres-en-motril\/","url_meta":{"origin":185,"position":3},"title":"La falta de pol\u00edticas de empleo y formaci\u00f3n municipales favorece la precariedad laboral de las mujeres en Motril","author":"Izquierda Unida Motril","date":"7 marzo, 2019","format":false,"excerpt":"Seg\u00fan los \u00faltimos datos oficiales, en el mes de febrero 3.127 mujeres estaban registradas en las listas del paro, casi el 60% de las personas registradas (5.478). En esa misma fecha, de los 1.258 contratos realizados a mujeres 1.208 fueron contratos temporales y 50 indefinidos. A la vista de estos\u2026","rel":"","context":"En \u00abEST\u00c1 PASANDO\u00bb","block_context":{"text":"EST\u00c1 PASANDO","link":"https:\/\/iumotril.org\/sitio\/category\/esta-pasando\/"},"img":{"alt_text":"","src":"https:\/\/i0.wp.com\/iumotril.org\/sitio\/wp-content\/uploads\/2018\/12\/Inma-Omiste_avda-europa_12-diciembre.jpg?resize=350%2C200","width":350,"height":200},"classes":[]},{"id":7935,"url":"https:\/\/iumotril.org\/sitio\/iu-equo-critica-la-utilizacion-interesada-de-los-datos-del-paro-para-los-fines-propagandisticos-de-la-alcaldesa\/","url_meta":{"origin":185,"position":4},"title":"IU-Equo critica la utilizaci\u00f3n interesada de los datos del paro para los fines propagand\u00edsticos de la alcaldesa","author":"Izquierda Unida Motril","date":"5 enero, 2022","format":false,"excerpt":"\u201cDurante los 29 meses de gobierno del PP y Ciudadanos en Motril se han destruido 113 empleos\u201d. La \u201cgesti\u00f3n de las derechas\u201d en Motril tiene como consecuencias el aumento del paro, de la pobreza y de la exclusi\u00f3n social entre los m\u00e1s desfavorecidos y no, como propaga la alcaldesa, el\u2026","rel":"","context":"En \u00abempleo\u00bb","block_context":{"text":"empleo","link":"https:\/\/iumotril.org\/sitio\/category\/empleo\/"},"img":{"alt_text":"","src":"https:\/\/i0.wp.com\/iumotril.org\/sitio\/wp-content\/uploads\/2022\/01\/Paro-julio-2019-diciembre-2021.png?resize=350%2C200","width":350,"height":200,"srcset":"https:\/\/i0.wp.com\/iumotril.org\/sitio\/wp-content\/uploads\/2022\/01\/Paro-julio-2019-diciembre-2021.png?resize=350%2C200 1x, https:\/\/i0.wp.com\/iumotril.org\/sitio\/wp-content\/uploads\/2022\/01\/Paro-julio-2019-diciembre-2021.png?resize=525%2C300 1.5x, https:\/\/i0.wp.com\/iumotril.org\/sitio\/wp-content\/uploads\/2022\/01\/Paro-julio-2019-diciembre-2021.png?resize=700%2C400 2x"},"classes":[]},{"id":6866,"url":"https:\/\/iumotril.org\/sitio\/el-gobierno-de-garcia-chamorro-se-ha-desentendido-del-gravisimo-problema-del-paro-en-motril\/","url_meta":{"origin":185,"position":5},"title":"El gobierno de Garc\u00eda Chamorro se ha desentendido del grav\u00edsimo problema del paro en Motril","author":"Izquierda Unida Motril","date":"6 noviembre, 2020","format":false,"excerpt":"Desde que Luisa Garc\u00eda Chamorro ocupara la Alcald\u00eda de Motril, en julio de 2019, el desempleo no ha dejado de aumentar en nuestra ciudad, increment\u00e1ndose en 1.392 personas que han pasado a sumarse a las listas del paro. Desde IU-Equo, le pedimos, le exigimos que se preocupe y se ocupe\u2026","rel":"","context":"En \u00abempleo\u00bb","block_context":{"text":"empleo","link":"https:\/\/iumotril.org\/sitio\/category\/empleo\/"},"img":{"alt_text":"","src":"https:\/\/i0.wp.com\/iumotril.org\/sitio\/wp-content\/uploads\/2020\/11\/Llorente-6-noviembre-176x176.jpg?resize=350%2C200","width":350,"height":200},"classes":[]}],"jetpack_likes_enabled":true,"_links":{"self":[{"href":"https:\/\/iumotril.org\/sitio\/wp-json\/wp\/v2\/posts\/185","targetHints":{"allow":["GET"]}}],"collection":[{"href":"https:\/\/iumotril.org\/sitio\/wp-json\/wp\/v2\/posts"}],"about":[{"href":"https:\/\/iumotril.org\/sitio\/wp-json\/wp\/v2\/types\/post"}],"author":[{"embeddable":true,"href":"https:\/\/iumotril.org\/sitio\/wp-json\/wp\/v2\/users\/1"}],"replies":[{"embeddable":true,"href":"https:\/\/iumotril.org\/sitio\/wp-json\/wp\/v2\/comments?post=185"}],"version-history":[{"count":2,"href":"https:\/\/iumotril.org\/sitio\/wp-json\/wp\/v2\/posts\/185\/revisions"}],"predecessor-version":[{"id":188,"href":"https:\/\/iumotril.org\/sitio\/wp-json\/wp\/v2\/posts\/185\/revisions\/188"}],"wp:attachment":[{"href":"https:\/\/iumotril.org\/sitio\/wp-json\/wp\/v2\/media?parent=185"}],"wp:term":[{"taxonomy":"category","embeddable":true,"href":"https:\/\/iumotril.org\/sitio\/wp-json\/wp\/v2\/categories?post=185"},{"taxonomy":"post_tag","embeddable":true,"href":"https:\/\/iumotril.org\/sitio\/wp-json\/wp\/v2\/tags?post=185"}],"curies":[{"name":"wp","href":"https:\/\/api.w.org\/{rel}","templated":true}]}}