{"id":1681,"date":"2015-11-23T21:16:43","date_gmt":"2015-11-23T20:16:43","guid":{"rendered":"http:\/\/iumotril.org\/sitio\/?p=1681"},"modified":"2015-11-23T21:16:43","modified_gmt":"2015-11-23T20:16:43","slug":"avanza-a-buen-ritmo-la-construccion-de-la-parroquia-de-nuestra-senora-del-carmen-en-playa-granada","status":"publish","type":"post","link":"https:\/\/iumotril.org\/sitio\/avanza-a-buen-ritmo-la-construccion-de-la-parroquia-de-nuestra-senora-del-carmen-en-playa-granada\/","title":{"rendered":"AVANZA A BUEN RITMO LA CONSTRUCCI\u00d3N DE LA PARROQUIA DE NUESTRA SE\u00d1ORA DEL CARMEN EN PLAYA GRANADA"},"content":{"rendered":"<p class=\"p1\">No todo iba a ser malas noticias en nuestra ciudad.<\/p>\n<p class=\"p1\">Apenas 8 meses despu\u00e9s de que el PP de Motril, con el dinero de todos los contribuyentes, cediera por 75 a\u00f1os una <a href=\"https:\/\/iumotril.org\/sitio\/los-romanones-y-la-capilla-de-playa-granada\/\">parcela de 450 metros cuadrados de dominio p\u00fablico municipal<\/a> valorada en 296.325 de euros al Arzobispado de Granada, la capilla inicialmente proyectada va tomando forma de Parroquia. Una construcci\u00f3n moderna que se mimetizar\u00e1 con las casitas de este barrio alto de Motril que es Playa Granada.<\/p>\n<p class=\"p1\"><a href=\"https:\/\/iumotril.org\/sitio\/wp-content\/uploads\/2015\/11\/parroquia-.jpg\"><img loading=\"lazy\" decoding=\"async\" data-attachment-id=\"1685\" data-permalink=\"https:\/\/iumotril.org\/sitio\/avanza-a-buen-ritmo-la-construccion-de-la-parroquia-de-nuestra-senora-del-carmen-en-playa-granada\/parroquia\/\" data-orig-file=\"https:\/\/iumotril.org\/sitio\/wp-content\/uploads\/2015\/11\/parroquia-.jpg\" data-orig-size=\"2552,2229\" data-comments-opened=\"1\" data-image-meta=\"{&quot;aperture&quot;:&quot;2.2&quot;,&quot;credit&quot;:&quot;&quot;,&quot;camera&quot;:&quot;iPhone 6&quot;,&quot;caption&quot;:&quot;&quot;,&quot;created_timestamp&quot;:&quot;1448184874&quot;,&quot;copyright&quot;:&quot;&quot;,&quot;focal_length&quot;:&quot;4.15&quot;,&quot;iso&quot;:&quot;32&quot;,&quot;shutter_speed&quot;:&quot;0.0003030303030303&quot;,&quot;title&quot;:&quot;&quot;,&quot;orientation&quot;:&quot;0&quot;}\" data-image-title=\"parroquia\" data-image-description=\"\" data-image-caption=\"\" data-large-file=\"https:\/\/iumotril.org\/sitio\/wp-content\/uploads\/2015\/11\/parroquia--1024x894.jpg\" class=\"alignleft wp-image-1685 size-large\" src=\"https:\/\/iumotril.org\/sitio\/wp-content\/uploads\/2015\/11\/parroquia--1024x894.jpg\" alt=\"parroquia\" width=\"620\" height=\"541\" srcset=\"https:\/\/iumotril.org\/sitio\/wp-content\/uploads\/2015\/11\/parroquia--1024x894.jpg 1024w, https:\/\/iumotril.org\/sitio\/wp-content\/uploads\/2015\/11\/parroquia--300x262.jpg 300w, https:\/\/iumotril.org\/sitio\/wp-content\/uploads\/2015\/11\/parroquia--768x671.jpg 768w\" sizes=\"auto, (max-width: 620px) 100vw, 620px\" \/><\/a>Como todos sabemos, la construcci\u00f3n de una parroquia en Playa Granada es una obra imprescindible. Vecinos y visitantes podr\u00e1n participar en el culto despu\u00e9s de practicar su deporte favorito en los campos cercanos. Los domingos podr\u00e1n recuperar esa sana tradici\u00f3n, lamentablemente en desuso, de asistir en familia vestidos de domingo a misa de 12 para, despu\u00e9s, tomar el aperitivo en cualquiera de los cuidados establecimientos de la zona.\u00a0A nadie se nos\u00a0escapa que la labor piadosa y humanitaria de la iglesia cat\u00f3lica resulta especialmente necesaria a la vista del desarraigo y de la vulnerabilidad social de numerosas familias de la zona. En fin.<\/p>\n<p class=\"p1\">La derecha siempre hace sus deberes. En Motril ha dejado atados y bien atados los intereses de la iglesia cat\u00f3lica y de los negocios privados a trav\u00e9s de cesiones de suelo gratuitas y ventajosas para ac\u00f3litos y amigos (V\u00e9ase, si no, los casos del Centro Deportivo UP y del chiringuito <a href=\"https:\/\/iumotril.org\/sitio\/izquierda-unida-lleva-al-pleno-una-mocion-para-que-se-realice-una-auditoria-sobre-la-gestion-municipal-en-2011-2015\/\">Oleaje<\/a>, entre otros. Asuntos sobre los que Flor Alm\u00f3n y su equipo, callan).<\/p>\n<p class=\"p1\">A la espera de que dise\u00f1en planes especiales de tr\u00e1fico ante la previsible afluencia de masas enfervorecidas en los d\u00edas de culto, habr\u00e1 que estar atentos no vaya a ser que este nuevo lugar de oraci\u00f3n del Arzobispado sea utilizado por los <a href=\"https:\/\/iumotril.org\/sitio\/los-romanones-y-la-capilla-de-playa-granada\/\">Romanones<\/a> de turno para su encomiable labor pastoral con los m\u00e1s j\u00f3venes.<\/p>\n<p class=\"p1\">En cualquier caso, habr\u00e1 que felicitarse porque desde el pr\u00f3ximo a\u00f1o el templo pagar\u00e1 el IBI, como todos los cristianos. \u00bfO no?<\/p>\n<p class=\"p1\">Pero, \u00bfpor qu\u00e9 corren tanto?<\/p>\n","protected":false},"excerpt":{"rendered":"<p>Apenas 8 meses despu\u00e9s de que el PP de Motril, con el dinero de todos los contribuyentes, cediera por 75 a\u00f1os una parcela de 450 metros cuadrados de dominio p\u00fablico municipal valorada en 296.325 de euros al Arzobispado de Granada, la capilla inicialmente proyectada va tomando forma de Parroquia. Una construcci\u00f3n moderna que se mimetizar\u00e1 con las casitas de este barrio alto de Motril que es Playa Granada<br \/>\nLa derecha siempre hace sus deberes. En Motril ha dejado atados y bien atados los intereses de la iglesia cat\u00f3lica y de los negocios privados a trav\u00e9s de cesiones de suelo gratuitas y ventajosas para ac\u00f3litos y amigos (V\u00e9ase, si no, los casos del Centro Deportivo UP y del chiringuito Oleaje, entre otros. Asuntos sobre los que Flor Alm\u00f3n y su equipo, callan).<\/p>\n","protected":false},"author":1,"featured_media":0,"comment_status":"open","ping_status":"open","sticky":false,"template":"","format":"standard","meta":{"cybocfi_hide_featured_image":"","_jetpack_newsletter_access":"","_jetpack_dont_email_post_to_subs":false,"_jetpack_newsletter_tier_id":0,"_jetpack_memberships_contains_paywalled_content":false,"_jetpack_memberships_contains_paid_content":false,"footnotes":""},"categories":[265],"tags":[358,356,192,357,175,52,359],"class_list":["post-1681","post","type-post","status-publish","format-standard","hentry","category-esta-pasando","tag-cesiones-suelo","tag-iglesia","tag-oleaje","tag-partido-popular","tag-playa-granada","tag-romanones","tag-up"],"jetpack_featured_media_url":"","jetpack_sharing_enabled":true,"jetpack_shortlink":"https:\/\/wp.me\/p4QsU5-r7","jetpack-related-posts":[{"id":5208,"url":"https:\/\/iumotril.org\/sitio\/iu-equo-critica-el-apoyo-absoluto-del-ayuntamiento-al-proyecto-de-la-marina-de-playa-granada\/","url_meta":{"origin":1681,"position":0},"title":"IU-Equo critica el \u201capoyo absoluto\u201d del Ayuntamiento al proyecto de la Marina de Playa Granada.","author":"Izquierda Unida Motril","date":"16 julio, 2019","format":false,"excerpt":"Para los representantes de Izquierda Unida, Equo, Adelante Andaluc\u00eda y las Asociaciones Ecologistas en Acci\u00f3n y Buxus, este apoyo es un claro indicativo del modelo de crecimiento y de desarrollo tur\u00edstico por el que apuestan las derechas en nuestra ciudad y en Andaluc\u00eda. Un modelo especulativo basado en la destrucci\u00f3n\u2026","rel":"","context":"En \u00abEST\u00c1 PASANDO\u00bb","block_context":{"text":"EST\u00c1 PASANDO","link":"https:\/\/iumotril.org\/sitio\/category\/esta-pasando\/"},"img":{"alt_text":"","src":"https:\/\/i0.wp.com\/iumotril.org\/sitio\/wp-content\/uploads\/2019\/07\/IMG_4120-1024x768.jpg?resize=350%2C200","width":350,"height":200,"srcset":"https:\/\/i0.wp.com\/iumotril.org\/sitio\/wp-content\/uploads\/2019\/07\/IMG_4120-1024x768.jpg?resize=350%2C200 1x, https:\/\/i0.wp.com\/iumotril.org\/sitio\/wp-content\/uploads\/2019\/07\/IMG_4120-1024x768.jpg?resize=525%2C300 1.5x"},"classes":[]},{"id":423,"url":"https:\/\/iumotril.org\/sitio\/los-romanones-y-la-capilla-de-playa-granada\/","url_meta":{"origin":1681,"position":1},"title":"Los Romanones y la capilla de Playa Granada","author":"Izquierda Unida Motril","date":"9 febrero, 2015","format":false,"excerpt":"El equipo de Gobierno del Ayuntamiento de Motril, con su Alcaldesa al frente, ha adjudicado directamente al Arzobispado de Granada la cesi\u00f3n por 75 a\u00f1os de 450 metros cuadrados de suelo de dominio p\u00fablico municipal valorados en 296.325 euros de euros, para la construcci\u00f3n de una capilla religiosa en Playa\u2026","rel":"","context":"En \u00abAyuntamiento\u00bb","block_context":{"text":"Ayuntamiento","link":"https:\/\/iumotril.org\/sitio\/category\/ayuntamiento\/"},"img":{"alt_text":"Arzobispo Granada","src":"https:\/\/i0.wp.com\/iumotril.org\/sitio\/wp-content\/uploads\/2015\/02\/arzobispo-Granada-hablar-abusos-sexuales_TINIMA20141129_0605_51-300x168.jpg?resize=350%2C200","width":350,"height":200},"classes":[]},{"id":10535,"url":"https:\/\/iumotril.org\/sitio\/las-obras-de-reordenacion-y-remodelacion-de-la-zona-de-playa-granada-llegan-tarde-y-mal\/","url_meta":{"origin":1681,"position":2},"title":"Las obras de reordenaci\u00f3n y remodelaci\u00f3n de la zona de playa Granada llegan tarde y mal","author":"Izquierda Unida Motril","date":"2 abril, 2025","format":false,"excerpt":"\u00abApostar por nuestras playas es hacerlo por la desestacionalizaci\u00f3n de su oferta\u00bb, es decir, por tenerlas en perfecto estado de uso para vecinos, vecinas y visitantes a lo largo de todo el a\u00f1o, ha declarado. Algo que es posible, desde las competencias municipales, interviniendo para mejorar el estado y la\u2026","rel":"","context":"En \u00abEST\u00c1 PASANDO\u00bb","block_context":{"text":"EST\u00c1 PASANDO","link":"https:\/\/iumotril.org\/sitio\/category\/esta-pasando\/"},"img":{"alt_text":"","src":"https:\/\/i0.wp.com\/iumotril.org\/sitio\/wp-content\/uploads\/2025\/04\/Captura-de-pantalla-2025-04-02-a-las-13.16.34.png?resize=350%2C200&ssl=1","width":350,"height":200,"srcset":"https:\/\/i0.wp.com\/iumotril.org\/sitio\/wp-content\/uploads\/2025\/04\/Captura-de-pantalla-2025-04-02-a-las-13.16.34.png?resize=350%2C200&ssl=1 1x, https:\/\/i0.wp.com\/iumotril.org\/sitio\/wp-content\/uploads\/2025\/04\/Captura-de-pantalla-2025-04-02-a-las-13.16.34.png?resize=525%2C300&ssl=1 1.5x, https:\/\/i0.wp.com\/iumotril.org\/sitio\/wp-content\/uploads\/2025\/04\/Captura-de-pantalla-2025-04-02-a-las-13.16.34.png?resize=700%2C400&ssl=1 2x, https:\/\/i0.wp.com\/iumotril.org\/sitio\/wp-content\/uploads\/2025\/04\/Captura-de-pantalla-2025-04-02-a-las-13.16.34.png?resize=1050%2C600&ssl=1 3x"},"classes":[]},{"id":5598,"url":"https:\/\/iumotril.org\/sitio\/iu-equo-reclama-actuaciones-de-mantenimiento-y-mejora-en-todos-los-barrios-y-en-los-centros-educativos-de-motril\/","url_meta":{"origin":1681,"position":3},"title":"IU-Equo reclama actuaciones de mantenimiento y mejora en todos los barrios y en los centros educativos de Motril","author":"Izquierda Unida Motril","date":"19 febrero, 2020","format":false,"excerpt":"Inma Omiste ha reclamado a Garc\u00eda Chamorro que las actuaciones de mantenimiento y mejora de la ciudad que se lleven a cabo respondan a criterios objetivos y transparentes. Que se tenga en cuenta las decisiones consensuadas por la Corporaci\u00f3n, as\u00ed como las reclamadas razonablemente por los vecinos y vecinas.\u00a0En definitiva,\u2026","rel":"","context":"En \u00abCiudad\u00bb","block_context":{"text":"Ciudad","link":"https:\/\/iumotril.org\/sitio\/category\/ciudad\/"},"img":{"alt_text":"","src":"https:\/\/i0.wp.com\/iumotril.org\/sitio\/wp-content\/uploads\/2020\/02\/20-febrero_mantenimiento-ciudad-1-1024x768.jpg?resize=350%2C200","width":350,"height":200,"srcset":"https:\/\/i0.wp.com\/iumotril.org\/sitio\/wp-content\/uploads\/2020\/02\/20-febrero_mantenimiento-ciudad-1-1024x768.jpg?resize=350%2C200 1x, https:\/\/i0.wp.com\/iumotril.org\/sitio\/wp-content\/uploads\/2020\/02\/20-febrero_mantenimiento-ciudad-1-1024x768.jpg?resize=525%2C300 1.5x"},"classes":[]},{"id":3552,"url":"https:\/\/iumotril.org\/sitio\/el-grupo-parlamentario-de-unidos-podemos-presentara-en-el-congreso-una-propuesta-de-mejora-de-las-playas-de-la-costa\/","url_meta":{"origin":1681,"position":4},"title":"El Grupo Parlamentario de Unidos Podemos presentar\u00e1 en el Congreso una propuesta de mejora de las playas de la Costa","author":"Izquierda Unida Motril","date":"9 mayo, 2018","format":false,"excerpt":"La portavoz de IU ha declarado que, con independencia de la construcci\u00f3n de espigones, son diversas las actuaciones que pueden llevarse a cabo para la mejora de las playas de nuestra ciudad. Se ha referido, en este sentido, a la construcci\u00f3n de un \u201cpaseo blando\u201d entre la playa de las\u2026","rel":"","context":"En \u00abEST\u00c1 PASANDO\u00bb","block_context":{"text":"EST\u00c1 PASANDO","link":"https:\/\/iumotril.org\/sitio\/category\/esta-pasando\/"},"img":{"alt_text":"","src":"https:\/\/i0.wp.com\/iumotril.org\/sitio\/wp-content\/uploads\/2018\/02\/portada-redes-iu.jpg?resize=350%2C200&ssl=1","width":350,"height":200,"srcset":"https:\/\/i0.wp.com\/iumotril.org\/sitio\/wp-content\/uploads\/2018\/02\/portada-redes-iu.jpg?resize=350%2C200&ssl=1 1x, https:\/\/i0.wp.com\/iumotril.org\/sitio\/wp-content\/uploads\/2018\/02\/portada-redes-iu.jpg?resize=525%2C300&ssl=1 1.5x, https:\/\/i0.wp.com\/iumotril.org\/sitio\/wp-content\/uploads\/2018\/02\/portada-redes-iu.jpg?resize=700%2C400&ssl=1 2x"},"classes":[]},{"id":10698,"url":"https:\/\/iumotril.org\/sitio\/iu-verdes-equo-exige-explicaciones-por-los-retrasos-en-las-obras-de-playa-granada-y-playa-de-poniente\/","url_meta":{"origin":1681,"position":5},"title":"IU Verdes Equo exige explicaciones por los retrasos en las obras de Playa Granada y Playa de Poniente","author":"Izquierda Unida Motril","date":"9 julio, 2025","format":false,"excerpt":"Omiste ha se\u00f1alado que, desde el punto de vista de la gesti\u00f3n, la principal carencia de las playas es la limpieza y el mantenimiento, sobre todo fuera de la temporada estival, en las que las playas quedan en situaci\u00f3n de semiabandono: no hay recogida de la basura, no se desarrollan\u2026","rel":"","context":"En \u00abAyuntamiento\u00bb","block_context":{"text":"Ayuntamiento","link":"https:\/\/iumotril.org\/sitio\/category\/ayuntamiento\/"},"img":{"alt_text":"","src":"https:\/\/i0.wp.com\/iumotril.org\/sitio\/wp-content\/uploads\/2025\/07\/a564f30e-afcb-471e-9e44-3c557b18f1ba.jpeg?resize=350%2C200&ssl=1","width":350,"height":200,"srcset":"https:\/\/i0.wp.com\/iumotril.org\/sitio\/wp-content\/uploads\/2025\/07\/a564f30e-afcb-471e-9e44-3c557b18f1ba.jpeg?resize=350%2C200&ssl=1 1x, https:\/\/i0.wp.com\/iumotril.org\/sitio\/wp-content\/uploads\/2025\/07\/a564f30e-afcb-471e-9e44-3c557b18f1ba.jpeg?resize=525%2C300&ssl=1 1.5x, https:\/\/i0.wp.com\/iumotril.org\/sitio\/wp-content\/uploads\/2025\/07\/a564f30e-afcb-471e-9e44-3c557b18f1ba.jpeg?resize=700%2C400&ssl=1 2x, https:\/\/i0.wp.com\/iumotril.org\/sitio\/wp-content\/uploads\/2025\/07\/a564f30e-afcb-471e-9e44-3c557b18f1ba.jpeg?resize=1050%2C600&ssl=1 3x, https:\/\/i0.wp.com\/iumotril.org\/sitio\/wp-content\/uploads\/2025\/07\/a564f30e-afcb-471e-9e44-3c557b18f1ba.jpeg?resize=1400%2C800&ssl=1 4x"},"classes":[]}],"jetpack_likes_enabled":true,"_links":{"self":[{"href":"https:\/\/iumotril.org\/sitio\/wp-json\/wp\/v2\/posts\/1681","targetHints":{"allow":["GET"]}}],"collection":[{"href":"https:\/\/iumotril.org\/sitio\/wp-json\/wp\/v2\/posts"}],"about":[{"href":"https:\/\/iumotril.org\/sitio\/wp-json\/wp\/v2\/types\/post"}],"author":[{"embeddable":true,"href":"https:\/\/iumotril.org\/sitio\/wp-json\/wp\/v2\/users\/1"}],"replies":[{"embeddable":true,"href":"https:\/\/iumotril.org\/sitio\/wp-json\/wp\/v2\/comments?post=1681"}],"version-history":[{"count":4,"href":"https:\/\/iumotril.org\/sitio\/wp-json\/wp\/v2\/posts\/1681\/revisions"}],"predecessor-version":[{"id":1687,"href":"https:\/\/iumotril.org\/sitio\/wp-json\/wp\/v2\/posts\/1681\/revisions\/1687"}],"wp:attachment":[{"href":"https:\/\/iumotril.org\/sitio\/wp-json\/wp\/v2\/media?parent=1681"}],"wp:term":[{"taxonomy":"category","embeddable":true,"href":"https:\/\/iumotril.org\/sitio\/wp-json\/wp\/v2\/categories?post=1681"},{"taxonomy":"post_tag","embeddable":true,"href":"https:\/\/iumotril.org\/sitio\/wp-json\/wp\/v2\/tags?post=1681"}],"curies":[{"name":"wp","href":"https:\/\/api.w.org\/{rel}","templated":true}]}}