{"id":1650,"date":"2015-11-19T20:36:40","date_gmt":"2015-11-19T19:36:40","guid":{"rendered":"http:\/\/iumotril.org\/sitio\/?p=1650"},"modified":"2015-11-19T20:36:40","modified_gmt":"2015-11-19T19:36:40","slug":"izquierda-unida-lanza-una-campana-en-defensa-de-la-gestion-publica-del-agua","status":"publish","type":"post","link":"https:\/\/iumotril.org\/sitio\/izquierda-unida-lanza-una-campana-en-defensa-de-la-gestion-publica-del-agua\/","title":{"rendered":"IZQUIERDA UNIDA LANZA UNA CAMPA\u00d1A EN DEFENSA DE LA GESTI\u00d3N P\u00daBLICA DEL AGUA"},"content":{"rendered":"<p class=\"p1\"><span class=\"s1\">La semana pasada la direcci\u00f3n provincial de IU puso en conocimiento de la Junta de Andaluc\u00eda las presuntas irregularidades desveladas por una auditor\u00eda del servicio durante el per\u00edodo 2010-2013, reclamando que se emprendieran, en su caso, las actuaciones legales oportunas. Para apoyar estas denuncias, IU Motril ha iniciado hoy una campa\u00f1a para recabar el apoyo ciudadano para la recuperaci\u00f3n p\u00fablica de la gesti\u00f3n del Agua, que se desarrollar\u00e1 en toda la Comarca de la Costa.<\/span><\/p>\n<p class=\"p1\"><span class=\"s1\"><a href=\"https:\/\/iumotril.org\/sitio\/wp-content\/uploads\/2015\/11\/IMG_1015.jpg\"><img loading=\"lazy\" decoding=\"async\" data-attachment-id=\"1663\" data-permalink=\"https:\/\/iumotril.org\/sitio\/izquierda-unida-lanza-una-campana-en-defensa-de-la-gestion-publica-del-agua\/img_1015\/\" data-orig-file=\"https:\/\/iumotril.org\/sitio\/wp-content\/uploads\/2015\/11\/IMG_1015.jpg\" data-orig-size=\"2448,3264\" data-comments-opened=\"1\" data-image-meta=\"{&quot;aperture&quot;:&quot;2.2&quot;,&quot;credit&quot;:&quot;&quot;,&quot;camera&quot;:&quot;iPhone 6&quot;,&quot;caption&quot;:&quot;&quot;,&quot;created_timestamp&quot;:&quot;1447929593&quot;,&quot;copyright&quot;:&quot;&quot;,&quot;focal_length&quot;:&quot;4.15&quot;,&quot;iso&quot;:&quot;32&quot;,&quot;shutter_speed&quot;:&quot;0.0015432098765432&quot;,&quot;title&quot;:&quot;&quot;,&quot;orientation&quot;:&quot;1&quot;}\" data-image-title=\"IMG_1015\" data-image-description=\"\" data-image-caption=\"\" data-large-file=\"https:\/\/iumotril.org\/sitio\/wp-content\/uploads\/2015\/11\/IMG_1015-768x1024.jpg\" class=\"alignleft wp-image-1663 size-medium\" src=\"https:\/\/iumotril.org\/sitio\/wp-content\/uploads\/2015\/11\/IMG_1015-225x300.jpg\" alt=\"IMG_1015\" width=\"225\" height=\"300\" srcset=\"https:\/\/iumotril.org\/sitio\/wp-content\/uploads\/2015\/11\/IMG_1015-225x300.jpg 225w, https:\/\/iumotril.org\/sitio\/wp-content\/uploads\/2015\/11\/IMG_1015-768x1024.jpg 768w\" sizes=\"auto, (max-width: 225px) 100vw, 225px\" \/><\/a>Izquierda Unida ha presentado esta ma\u00f1ana la campa\u00f1a en Motril, delante de las oficinas de Aguas y Servicios, donde Inmaculada Omiste concejal de la Mancomunidad ha manifestado que su formaci\u00f3n reclama la recuperaci\u00f3n de todos los servicios p\u00fablicos privatizados ya que las consecuencias de estas privatizaciones son, fundamentalmente, el empeoramiento de la calidad del servicio, el incremento de los recibos que pagan los vecinos y vecinas y la precarizaci\u00f3n de las condiciones laborales de los trabajadores y trabajadoras.<\/span><\/p>\n<p class=\"p1\"><span class=\"s1\">Entre otras irregularidades, el Informe de auditor\u00eda se\u00f1ala la falta de colaboraci\u00f3n de<span class=\"Apple-converted-space\">\u00a0 <\/span>Aguas y Servicios en la labor de la empresa auditora lo que ha dificultado enormemente el reflejo fiel de la realidad contable de la empresa. Adem\u00e1s, pone en duda la legalidad de la pr\u00f3rroga del contrato, acordado siete a\u00f1os antes de la finalizaci\u00f3n de su vigencia.<\/span><\/p>\n<p class=\"p1\"><span class=\"s1\">Izquierda Unida ha hecho un llamamiento a toda la ciudadan\u00eda de la Comarca a que apoye esta Campa\u00f1a aportando su firma para evidenciar el malestar ciudadano ante los tejemanejes de los gestores pol\u00edticos en su propio beneficio, a espaldas de los intereses de los vecinos que tienen como principal objetivo hacer del agua un negocio, con la consecuencia inmediata de su encarecimiento.\u00a0<\/span><\/p>\n","protected":false},"excerpt":{"rendered":"<p>Izquierda Unida ha presentado esta ma\u00f1ana la campa\u00f1a en Motril, delante de las oficinas de Aguas y Servicios, donde Inmaculada Omiste concejal de la Mancomunidad ha manifestado que su formaci\u00f3n reclama la recuperaci\u00f3n de todos los servicios p\u00fablicos privatizados ya que las consecuencias de estas privatizaciones son, fundamentalmente, el empeoramiento de la calidad del servicio, el incremento de los recibos que pagan los vecinos y vecinas y la precarizaci\u00f3n de las condiciones laborales de los trabajadores y trabajadoras.<\/p>\n","protected":false},"author":1,"featured_media":0,"comment_status":"open","ping_status":"open","sticky":false,"template":"","format":"standard","meta":{"cybocfi_hide_featured_image":"","_jetpack_newsletter_access":"","_jetpack_dont_email_post_to_subs":false,"_jetpack_newsletter_tier_id":0,"_jetpack_memberships_contains_paywalled_content":false,"_jetpack_memberships_contains_paid_content":false,"footnotes":""},"categories":[1],"tags":[],"class_list":["post-1650","post","type-post","status-publish","format-standard","hentry","category-sin-categoria"],"jetpack_featured_media_url":"","jetpack_sharing_enabled":true,"jetpack_shortlink":"https:\/\/wp.me\/p4QsU5-qC","jetpack-related-posts":[{"id":2925,"url":"https:\/\/iumotril.org\/sitio\/los-vecinos-exigen-a-la-mancomunidad-que-defienda-sus-derechos-por-encima-de-los-intereses-de-aguas-y-servicios\/","url_meta":{"origin":1650,"position":0},"title":"LOS VECINOS EXIGEN A LA MANCOMUNIDAD QUE DEFIENDA SUS DERECHOS POR ENCIMA DE LOS INTERESES DE AGUAS Y SERVICIOS","author":"Izquierda Unida Motril","date":"29 mayo, 2017","format":false,"excerpt":"Vecinos y vecinas de Motril, Almu\u00f1\u00e9car y Salobre\u00f1a y representantes de diferentes organizaciones pol\u00edticas, como Podemos y de colectivos sociales, como STOP Desahucios y la Asociaci\u00f3n de Parados de Motril, han apoyado la presentaci\u00f3n de este escrito que se ha acompa\u00f1ado, adem\u00e1s, de la firma de decenas de ciudadanos que\u2026","rel":"","context":"En \u00abEST\u00c1 PASANDO\u00bb","block_context":{"text":"EST\u00c1 PASANDO","link":"https:\/\/iumotril.org\/sitio\/category\/esta-pasando\/"},"img":{"alt_text":"","src":"https:\/\/i0.wp.com\/iumotril.org\/sitio\/wp-content\/uploads\/2017\/05\/Escrito-presentado-Mancomunidad_29-mayo-768x1024.jpeg?resize=350%2C200","width":350,"height":200},"classes":[]},{"id":2888,"url":"https:\/\/iumotril.org\/sitio\/iu-critica-las-contrataciones-de-profesionales-afines-al-presidente-en-la-mancomunidad\/","url_meta":{"origin":1650,"position":1},"title":"IU CRITICA LA CONTRATACI\u00d3N DE PROFESIONALES AFINES AL PRESIDENTE EN LA MANCOMUNIDAD","author":"Izquierda Unida Motril","date":"24 mayo, 2017","format":false,"excerpt":"Izquierda Unida llama a la ciudadan\u00eda a protestar en la sede de la Mancomunidad por su mala gesti\u00f3n y falta de transparencia. El lunes, 29 a las 11 horas en la sede de la Mancomunidad.","rel":"","context":"En \u00abEST\u00c1 PASANDO\u00bb","block_context":{"text":"EST\u00c1 PASANDO","link":"https:\/\/iumotril.org\/sitio\/category\/esta-pasando\/"},"img":{"alt_text":"","src":"https:\/\/i0.wp.com\/iumotril.org\/sitio\/wp-content\/uploads\/2017\/05\/Juani-Boto-e-Inma-Omiste_mayo-2017-1024x768.jpeg?resize=350%2C200","width":350,"height":200,"srcset":"https:\/\/i0.wp.com\/iumotril.org\/sitio\/wp-content\/uploads\/2017\/05\/Juani-Boto-e-Inma-Omiste_mayo-2017-1024x768.jpeg?resize=350%2C200 1x, https:\/\/i0.wp.com\/iumotril.org\/sitio\/wp-content\/uploads\/2017\/05\/Juani-Boto-e-Inma-Omiste_mayo-2017-1024x768.jpeg?resize=525%2C300 1.5x"},"classes":[]},{"id":4176,"url":"https:\/\/iumotril.org\/sitio\/proponemos-mayores-bonificaciones-en-el-recibo-del-agua-para-familias-y-pensionistas\/","url_meta":{"origin":1650,"position":2},"title":"Proponemos mayores bonificaciones en el recibo del agua para familias y pensionistas","author":"Izquierda Unida Motril","date":"14 noviembre, 2018","format":false,"excerpt":"Izquierda Unida considera que los recibos por consumo de agua son excesivos para la mayor parte de los vecinos y vecinas y, de manera especial, para los colectivos y familias en riesgo de exclusi\u00f3n social. Por ello, reclama una bajada de las tarifas y un incremento de las bonificaciones.","rel":"","context":"En \u00abEST\u00c1 PASANDO\u00bb","block_context":{"text":"EST\u00c1 PASANDO","link":"https:\/\/iumotril.org\/sitio\/category\/esta-pasando\/"},"img":{"alt_text":"","src":"https:\/\/i0.wp.com\/iumotril.org\/sitio\/wp-content\/uploads\/2017\/11\/Agua_Mancomunidad_20-noviembre-1024x497.jpg?resize=350%2C200","width":350,"height":200},"classes":[]},{"id":1891,"url":"https:\/\/iumotril.org\/sitio\/iu-exige-a-la-mancomunidad-que-depure-responsabilidades-por-la-prorroga-del-contrato-de-aguas-y-servicios\/","url_meta":{"origin":1650,"position":3},"title":"IU EXIGE A LA MANCOMUNIDAD QUE DEPURE RESPONSABILIDADES POR LA PRORROGA DEL CONTRATO DE AGUAS Y SERVICIOS","author":"Izquierda Unida Motril","date":"18 febrero, 2016","format":false,"excerpt":"\u00c1ngel Coello, portavoz del Grupo Municipal de Izquierda Unida en el ayuntamiento de Salobre\u00f1a ha informado de que la privatizaci\u00f3n del servicio ha supuesto una importante financiaci\u00f3n de los ayuntamientos gobernados por PP y por PSOE en la comarca y, tambi\u00e9n de algunas actuaciones de car\u00e1cter partidista, a la vez\u2026","rel":"","context":"En \u00abEST\u00c1 PASANDO\u00bb","block_context":{"text":"EST\u00c1 PASANDO","link":"https:\/\/iumotril.org\/sitio\/category\/esta-pasando\/"},"img":{"alt_text":"prensa mancomunidad 2","src":"https:\/\/i0.wp.com\/iumotril.org\/sitio\/wp-content\/uploads\/2016\/02\/prensa-mancomunidad-2-300x222.jpg?resize=350%2C200","width":350,"height":200},"classes":[]},{"id":2895,"url":"https:\/\/iumotril.org\/sitio\/izquierda-unida-exige-que-aguas-y-servicios-cese-en-los-cortes-de-suministro-a-familias-sin-recursos\/","url_meta":{"origin":1650,"position":4},"title":"Izquierda Unida exige que Aguas y Servicios cese en los cortes de suministro a familias sin recursos","author":"Izquierda Unida Motril","date":"25 mayo, 2017","format":false,"excerpt":"Izquierda Unida hace un llamamiento a los vecinos y vecinas para que apoyen estas reivindicaciones con su presencia el pr\u00f3ximo lunes, d\u00eda 29, a las 11 horas, en las oficinas de la Mancomunidad (Casa Garach en Motril) donde se presentar\u00e1 por escrito estas reclamaciones.","rel":"","context":"En \u00abEST\u00c1 PASANDO\u00bb","block_context":{"text":"EST\u00c1 PASANDO","link":"https:\/\/iumotril.org\/sitio\/category\/esta-pasando\/"},"img":{"alt_text":"","src":"https:\/\/i0.wp.com\/iumotril.org\/sitio\/wp-content\/uploads\/2017\/05\/Cartel-movilizaciones-mancomunidad_mayo-2017-724x1024.jpg?resize=350%2C200","width":350,"height":200},"classes":[]},{"id":7418,"url":"https:\/\/iumotril.org\/sitio\/luchando-a-tu-lado\/","url_meta":{"origin":1650,"position":5},"title":"IU Motril lanza la campa\u00f1a 35 a\u00f1os luchando a tu lado","author":"Izquierda Unida Motril","date":"13 mayo, 2021","format":false,"excerpt":"Nos sentimos orgullosas y orgullosos de la historia de nuestra organizaci\u00f3n, de la coherencia de nuestros planteamientos y de la vigencia de nuestro proyecto pol\u00edtico a favor del inter\u00e9s general, de los servicios p\u00fablicos y de la mejora de las condiciones de vida de la ciudadan\u00eda, ha declarado Jose Llorente,\u2026","rel":"","context":"En \u00abEST\u00c1 PASANDO\u00bb","block_context":{"text":"EST\u00c1 PASANDO","link":"https:\/\/iumotril.org\/sitio\/category\/esta-pasando\/"},"img":{"alt_text":"","src":"https:\/\/i0.wp.com\/iumotril.org\/sitio\/wp-content\/uploads\/2021\/05\/Luchando-a-tu-lado-35-anos_Mayo-2021.png?resize=350%2C200","width":350,"height":200,"srcset":"https:\/\/i0.wp.com\/iumotril.org\/sitio\/wp-content\/uploads\/2021\/05\/Luchando-a-tu-lado-35-anos_Mayo-2021.png?resize=350%2C200 1x, https:\/\/i0.wp.com\/iumotril.org\/sitio\/wp-content\/uploads\/2021\/05\/Luchando-a-tu-lado-35-anos_Mayo-2021.png?resize=525%2C300 1.5x, https:\/\/i0.wp.com\/iumotril.org\/sitio\/wp-content\/uploads\/2021\/05\/Luchando-a-tu-lado-35-anos_Mayo-2021.png?resize=700%2C400 2x"},"classes":[]}],"jetpack_likes_enabled":true,"_links":{"self":[{"href":"https:\/\/iumotril.org\/sitio\/wp-json\/wp\/v2\/posts\/1650","targetHints":{"allow":["GET"]}}],"collection":[{"href":"https:\/\/iumotril.org\/sitio\/wp-json\/wp\/v2\/posts"}],"about":[{"href":"https:\/\/iumotril.org\/sitio\/wp-json\/wp\/v2\/types\/post"}],"author":[{"embeddable":true,"href":"https:\/\/iumotril.org\/sitio\/wp-json\/wp\/v2\/users\/1"}],"replies":[{"embeddable":true,"href":"https:\/\/iumotril.org\/sitio\/wp-json\/wp\/v2\/comments?post=1650"}],"version-history":[{"count":4,"href":"https:\/\/iumotril.org\/sitio\/wp-json\/wp\/v2\/posts\/1650\/revisions"}],"predecessor-version":[{"id":1664,"href":"https:\/\/iumotril.org\/sitio\/wp-json\/wp\/v2\/posts\/1650\/revisions\/1664"}],"wp:attachment":[{"href":"https:\/\/iumotril.org\/sitio\/wp-json\/wp\/v2\/media?parent=1650"}],"wp:term":[{"taxonomy":"category","embeddable":true,"href":"https:\/\/iumotril.org\/sitio\/wp-json\/wp\/v2\/categories?post=1650"},{"taxonomy":"post_tag","embeddable":true,"href":"https:\/\/iumotril.org\/sitio\/wp-json\/wp\/v2\/tags?post=1650"}],"curies":[{"name":"wp","href":"https:\/\/api.w.org\/{rel}","templated":true}]}}