{"id":1507,"date":"2015-10-21T12:56:48","date_gmt":"2015-10-21T10:56:48","guid":{"rendered":"http:\/\/iumotril.org\/sitio\/?p=1507"},"modified":"2015-10-21T14:17:47","modified_gmt":"2015-10-21T12:17:47","slug":"izquierda-unida-denuncia-que-en-el-proyecto-de-presupuestos-de-la-junta-de-andalucia-se-deja-de-lado-a-la-costa","status":"publish","type":"post","link":"https:\/\/iumotril.org\/sitio\/izquierda-unida-denuncia-que-en-el-proyecto-de-presupuestos-de-la-junta-de-andalucia-se-deja-de-lado-a-la-costa\/","title":{"rendered":"IZQUIERDA UNIDA DENUNCIA QUE EN EL PROYECTO DE PRESUPUESTOS DE LA JUNTA DE ANDALUC\u00cdA SE  DEJA DE LADO A LA COSTA"},"content":{"rendered":"<p>La parlamentaria andaluza por IULV-CA se ha interesado hoy en Motril por diversos asuntos de inter\u00e9s para la ciudad y para la Costa, entre otros por las quejas de los vecinos de El Varadero por los ruidos que producen la actividad de los ferrys en el Puerto y por la destrucci\u00f3n de empleo que se est\u00e1 produciendo en Motril.<\/p>\n<p><a href=\"https:\/\/iumotril.org\/sitio\/wp-content\/uploads\/2015\/10\/mari-carmen-perez-2_octubre-2015.bmp\"><img loading=\"lazy\" decoding=\"async\" data-attachment-id=\"1517\" data-permalink=\"https:\/\/iumotril.org\/sitio\/izquierda-unida-denuncia-que-en-el-proyecto-de-presupuestos-de-la-junta-de-andalucia-se-deja-de-lado-a-la-costa\/mari-carmen-perez-2_octubre-2015\/\" data-orig-file=\"https:\/\/iumotril.org\/sitio\/wp-content\/uploads\/2015\/10\/mari-carmen-perez-2_octubre-2015.bmp\" data-orig-size=\"480,480\" data-comments-opened=\"1\" data-image-meta=\"{&quot;aperture&quot;:&quot;0&quot;,&quot;credit&quot;:&quot;&quot;,&quot;camera&quot;:&quot;&quot;,&quot;caption&quot;:&quot;&quot;,&quot;created_timestamp&quot;:&quot;0&quot;,&quot;copyright&quot;:&quot;&quot;,&quot;focal_length&quot;:&quot;0&quot;,&quot;iso&quot;:&quot;0&quot;,&quot;shutter_speed&quot;:&quot;0&quot;,&quot;title&quot;:&quot;&quot;,&quot;orientation&quot;:&quot;0&quot;}\" data-image-title=\"mari carmen perez 2_octubre 2015\" data-image-description=\"\" data-image-caption=\"\" data-large-file=\"https:\/\/iumotril.org\/sitio\/wp-content\/uploads\/2015\/10\/mari-carmen-perez-2_octubre-2015.bmp\" class=\"alignleft size-full wp-image-1517\" src=\"https:\/\/iumotril.org\/sitio\/wp-content\/uploads\/2015\/10\/mari-carmen-perez-2_octubre-2015.bmp\" alt=\"mari carmen perez 2_octubre 2015\" width=\"480\" height=\"480\" \/><\/a>Mari Carmen P\u00e9rez, parlamentaria andaluza por IULV-CA, ha mantenido hoy en Motril diversas reuniones con vecinos y trabajadores, adem\u00e1s de repasar con representantes de la Asamblea local de Izquierda Unida y de su Grupo municipal los temas de mayor prioridad para el desarrollo de la ciudad y para la Costa. P\u00e9rez ha calificado de \u201cinflado\u201d el proyecto de de presupuestos del Gobierno andaluz, que, en general, no\u00a0 da respuestas a las demandas reales de la mayor\u00eda ciudadana y, en particular, no prev\u00e9 la ejecuci\u00f3n de las actuaciones necesarias en Motril y en la Costa de Granada.<\/p>\n<p>Los vecinos de El Varadero, en el Puerto de Motril, le han trasladado sus quejas y las reclamaciones que vienen haciendo desde 2013 por el nivel de ruidos que soportan de d\u00eda y de noche debido a la proximidad del atraque de los ferrys de la Naviera Armas con sus viviendas.<\/p>\n<p>Tras dicha reuni\u00f3n, P\u00e9rez se ha referido a este problema que afecta directamente a m\u00e1s de 60 familias y, en general, a todos los vecinos de El Varadero, haciendo p\u00fablico un informe de la Junta de Andaluc\u00eda en el que califica de \u201cmuy grave\u201d la afecci\u00f3n ac\u00fastica que produce la actividad en el Puerto superando los 6 decibelios, muy por encima del l\u00edmite permitido.<\/p>\n<p>Aunque dicho Informe se\u00f1ala que la Autoridad Portuaria es la responsable de buscar una soluci\u00f3n, hasta el d\u00eda de hoy el nivel de ruidos sigue manteni\u00e9ndose.<\/p>\n<p>La diputada auton\u00f3mica ha reclamado al Presidente de la Autoridad Portuaria, \u00c1lvarez de la Chica, \u00a0que convoque una mesa de negociaci\u00f3n con los vecinos y con voluntad pol\u00edtica, a trav\u00e9s del di\u00e1logo y del entendimiento, se busque la mejor soluci\u00f3n para todas las partes.<\/p>\n<p>P\u00e9rez ha reiterado que su formaci\u00f3n defiende la continuidad y la potenciaci\u00f3n de la actividad del Puerto de Motril, denunciando que ni la Junta de Andaluc\u00eda ni el Gobierno de Espa\u00f1a lo est\u00e1n haciendo en el mismo sentido.<\/p>\n<p><strong>La situaci\u00f3n de desempleo en Motril resulta alarmante<\/strong><\/p>\n<p>Mari Carmen P\u00e9rez se ha reunido tambi\u00e9n con Francisco Morata, el trabajador de Torras Papel recientemente despedido de la f\u00e1brica, se\u00f1alando que es necesario revisar las ayudas que la Papelera ha recibido en los \u00faltimos a\u00f1os tanto del Gobierno de Espa\u00f1a para la Junta de Andaluc\u00eda para el mantenimiento y la creaci\u00f3n de empleo en la factor\u00eda de Motril.<\/p>\n<p>La parlamentaria de Izquierda Unida ha trasladado el total apoyo y solidaridad de su formaci\u00f3n al trabajador despedido haci\u00e9ndola extensiva a los trabajadores y trabajadoras de Limpiezas del Sur, que tambi\u00e9n se enfrentan a incertidumbres en su futuro laboral.<\/p>\n<p>Para P\u00e9rez los datos de desempleo en Motril \u2013que no han dejado de crecer en \u00faltimos meses, alcanzando en el mes de septiembre a m\u00e1s de 7.200 personas&#8211; son alarmantes reclamando de todas las administraciones la puesta en marcha de iniciativas coordinadas que logren atajar esta situaci\u00f3n de emergencia social que est\u00e1n sufriendo miles de familias en Andaluc\u00eda y en nuestra ciudad.<\/p>\n<p>La diputada andaluza se ha comprometido a presentar diversas iniciativas parlamentarias en los \u00e1mbitos auton\u00f3mico y nacional a trav\u00e9s de su Grupo para sacar adelante propuestas y medidas de mejora para Motril y para la Costa que tengan cabida en los pr\u00f3ximos presupuestos<\/p>\n","protected":false},"excerpt":{"rendered":"<p>La diputada andaluza se ha comprometido a presentar diversas iniciativas parlamentarias en los \u00e1mbitos auton\u00f3mico y nacional a trav\u00e9s de su Grupo para sacar adelante propuestas y medidas de mejora para Motril y para la Comarca de la Costa para que tengan cabida en los pr\u00f3ximos presupuestos para 2016.<\/p>\n","protected":false},"author":1,"featured_media":0,"comment_status":"open","ping_status":"open","sticky":false,"template":"","format":"standard","meta":{"cybocfi_hide_featured_image":"","_jetpack_newsletter_access":"","_jetpack_dont_email_post_to_subs":false,"_jetpack_newsletter_tier_id":0,"_jetpack_memberships_contains_paywalled_content":false,"_jetpack_memberships_contains_paid_content":false,"footnotes":""},"categories":[265],"tags":[295,47,294,292,297,157,293,296,193],"class_list":["post-1507","post","type-post","status-publish","format-standard","hentry","category-esta-pasando","tag-armas","tag-empleo-2","tag-ferrys","tag-mari-carmen-perez","tag-presupuestos-andalucia-2016","tag-puerto-motril","tag-ruidos-puerto","tag-torras","tag-varadero"],"jetpack_featured_media_url":"","jetpack_sharing_enabled":true,"jetpack_shortlink":"https:\/\/wp.me\/p4QsU5-oj","jetpack-related-posts":[{"id":2633,"url":"https:\/\/iumotril.org\/sitio\/izquierda-unida-denunciara-ante-el-parlamento-andaluz-los-despidos-en-mercomotril\/","url_meta":{"origin":1507,"position":0},"title":"IZQUIERDA UNIDA DENUNCIAR\u00c1 ANTE EL PARLAMENTO ANDALUZ LOS DESPIDOS EN MERCOMOTRIL","author":"Izquierda Unida Motril","date":"29 diciembre, 2016","format":false,"excerpt":"Tras participar en la concentraci\u00f3n que las trabajadoras y trabajadores de Mercomotril realizan diariamente a las puertas de la empresa y reunirse con representantes del comit\u00e9 de empresa, Mari Carmen P\u00e9rez ha anunciado que presentar\u00e1 una iniciativa parlamentaria contra el expediente de regulaci\u00f3n de empleo presentado, solicitando la intervenci\u00f3n de\u2026","rel":"","context":"En \u00abEST\u00c1 PASANDO\u00bb","block_context":{"text":"EST\u00c1 PASANDO","link":"https:\/\/iumotril.org\/sitio\/category\/esta-pasando\/"},"img":{"alt_text":"","src":"https:\/\/i0.wp.com\/iumotril.org\/sitio\/wp-content\/uploads\/2016\/12\/mari-carmen-mercomotril-1024x591.jpg?resize=350%2C200","width":350,"height":200,"srcset":"https:\/\/i0.wp.com\/iumotril.org\/sitio\/wp-content\/uploads\/2016\/12\/mari-carmen-mercomotril-1024x591.jpg?resize=350%2C200 1x, https:\/\/i0.wp.com\/iumotril.org\/sitio\/wp-content\/uploads\/2016\/12\/mari-carmen-mercomotril-1024x591.jpg?resize=525%2C300 1.5x"},"classes":[]},{"id":3205,"url":"https:\/\/iumotril.org\/sitio\/enmiendas-al-presupuesto-de-la-junta-para-mejorar-motril\/","url_meta":{"origin":1507,"position":1},"title":"Enmiendas al Presupuesto de la Junta para mejorar Motril","author":"Izquierda Unida Motril","date":"26 noviembre, 2017","format":false,"excerpt":"Izquierda Unida propone la creaci\u00f3n de una partida presupuestaria de 2 millones de euros para la rehabilitaci\u00f3n de la F\u00e1brica del Pilar de Motril y del Museo Industrial del Az\u00facar. Adem\u00e1s, ha registrado una segunda enmienda para la dotaci\u00f3n presupuestaria de un Plan de dinamizaci\u00f3n de la Costa de Granada,\u2026","rel":"","context":"En \u00abEST\u00c1 PASANDO\u00bb","block_context":{"text":"EST\u00c1 PASANDO","link":"https:\/\/iumotril.org\/sitio\/category\/esta-pasando\/"},"img":{"alt_text":"","src":"https:\/\/i0.wp.com\/iumotril.org\/sitio\/wp-content\/uploads\/2017\/11\/fabrica.jpeg?resize=350%2C200","width":350,"height":200},"classes":[]},{"id":3140,"url":"https:\/\/iumotril.org\/sitio\/motril-no-esta-en-el-mapa-de-la-junta-de-andalucia\/","url_meta":{"origin":1507,"position":2},"title":"MOTRIL NO EST\u00c1 EN EL MAPA DE LA JUNTA DE ANDALUC\u00cdA","author":"Izquierda Unida Motril","date":"24 octubre, 2017","format":false,"excerpt":"Para la diputada andaluza, el anteproyecto de presupuestos presentado por el gobierno andaluz es otra vuelta de tuerca m\u00e1s en la profundizaci\u00f3n de las desigualdades en Andaluc\u00eda y la continuidad de pol\u00edticas contrarias a los intereses de la mayor\u00eda de las andaluzas y andaluces. Un a\u00f1o m\u00e1s, el presupuesto del\u2026","rel":"","context":"En \u00abEST\u00c1 PASANDO\u00bb","block_context":{"text":"EST\u00c1 PASANDO","link":"https:\/\/iumotril.org\/sitio\/category\/esta-pasando\/"},"img":{"alt_text":"","src":"https:\/\/i0.wp.com\/img.youtube.com\/vi\/FoQ9hhaHLew\/0.jpg?resize=350%2C200","width":350,"height":200},"classes":[]},{"id":1534,"url":"https:\/\/iumotril.org\/sitio\/izquierda-unida-presenta-al-pleno-una-mocion-demandando-un-puerto-limpio-sin-ruidos-y-en-convivencia-con-la-ciudad\/","url_meta":{"origin":1507,"position":3},"title":"IZQUIERDA UNIDA PRESENTA AL PLENO UNA MOCI\u00d3N DEMANDANDO UN PUERTO LIMPIO, SIN RUIDOS Y EN CONVIVENCIA CON LA CIUDAD","author":"Izquierda Unida Motril","date":"27 octubre, 2015","format":false,"excerpt":"Izquierda Unida ha hecho p\u00fablicas las mociones que presenta al pr\u00f3ximo Pleno del Ayuntamiento, entre otras la que solicita que el Puerto de Motril desarrolle sus actividades conforme a la legislaci\u00f3n medioambiental. El concejal de Izquierda Unida, Christian Linares, ha subrayado que la Delegaci\u00f3n de Agricultura, Pesca y Medio Ambiente\u2026","rel":"","context":"En \u00abEST\u00c1 PASANDO\u00bb","block_context":{"text":"EST\u00c1 PASANDO","link":"https:\/\/iumotril.org\/sitio\/category\/esta-pasando\/"},"img":{"alt_text":"IMG_0832","src":"https:\/\/i0.wp.com\/iumotril.org\/sitio\/wp-content\/uploads\/2015\/10\/IMG_0832-233x300.jpg?resize=350%2C200","width":350,"height":200},"classes":[]},{"id":3085,"url":"https:\/\/iumotril.org\/sitio\/daniela-paque-se-incorpora-al-nuevo-consejo-provincial-de-iu-granada\/","url_meta":{"origin":1507,"position":4},"title":"DANIELA PAQU\u00c9 SE INCORPORA AL NUEVO CONSEJO PROVINCIAL DE IU GRANADA","author":"Izquierda Unida Motril","date":"26 septiembre, 2017","format":false,"excerpt":"Adem\u00e1s de Daniela Paqu\u00e9, portavoz del Grupo Municipal de IU en Motril, se incorporan al consejo el coordinador de la asamblea local de Motril, Jose Garc\u00eda Llorente, y otros cuatro representantes de Almu\u00f1\u00e9car y \u00a0de la asamblea de Salobre\u00f1a.\u00a0La nueva coordinadora elegida por unanimidad, Mari Carmen P\u00e9rez, quiere de este\u2026","rel":"","context":"En \u00abEST\u00c1 PASANDO\u00bb","block_context":{"text":"EST\u00c1 PASANDO","link":"https:\/\/iumotril.org\/sitio\/category\/esta-pasando\/"},"img":{"alt_text":"","src":"https:\/\/i0.wp.com\/iumotril.org\/sitio\/wp-content\/uploads\/2017\/09\/Consejo-provincial-300x198.jpeg?resize=350%2C200","width":350,"height":200},"classes":[]},{"id":3550,"url":"https:\/\/iumotril.org\/sitio\/reclamamos-soluciones-para-el-hospital-de-motril\/","url_meta":{"origin":1507,"position":5},"title":"Reclamamos soluciones para el Hospital de Motril","author":"Izquierda Unida Motril","date":"8 mayo, 2018","format":false,"excerpt":"Mejorar y garantizar la calidad de los servicios p\u00fablicos, de modo especial la sanidad, la educaci\u00f3n y las pensiones son la se\u00f1a de identidad de cualquier pol\u00edtica de izquierdas por que atender y dar una respuesta adecuada a las necesidades esenciales de las personas debe ser el principal foco de\u2026","rel":"","context":"En \u00abdenuncia\u00bb","block_context":{"text":"denuncia","link":"https:\/\/iumotril.org\/sitio\/category\/denuncia\/"},"img":{"alt_text":"","src":"https:\/\/i0.wp.com\/iumotril.org\/sitio\/wp-content\/uploads\/2016\/01\/IULVCA.jpg?resize=350%2C200&ssl=1","width":350,"height":200},"classes":[]}],"jetpack_likes_enabled":true,"_links":{"self":[{"href":"https:\/\/iumotril.org\/sitio\/wp-json\/wp\/v2\/posts\/1507","targetHints":{"allow":["GET"]}}],"collection":[{"href":"https:\/\/iumotril.org\/sitio\/wp-json\/wp\/v2\/posts"}],"about":[{"href":"https:\/\/iumotril.org\/sitio\/wp-json\/wp\/v2\/types\/post"}],"author":[{"embeddable":true,"href":"https:\/\/iumotril.org\/sitio\/wp-json\/wp\/v2\/users\/1"}],"replies":[{"embeddable":true,"href":"https:\/\/iumotril.org\/sitio\/wp-json\/wp\/v2\/comments?post=1507"}],"version-history":[{"count":6,"href":"https:\/\/iumotril.org\/sitio\/wp-json\/wp\/v2\/posts\/1507\/revisions"}],"predecessor-version":[{"id":1521,"href":"https:\/\/iumotril.org\/sitio\/wp-json\/wp\/v2\/posts\/1507\/revisions\/1521"}],"wp:attachment":[{"href":"https:\/\/iumotril.org\/sitio\/wp-json\/wp\/v2\/media?parent=1507"}],"wp:term":[{"taxonomy":"category","embeddable":true,"href":"https:\/\/iumotril.org\/sitio\/wp-json\/wp\/v2\/categories?post=1507"},{"taxonomy":"post_tag","embeddable":true,"href":"https:\/\/iumotril.org\/sitio\/wp-json\/wp\/v2\/tags?post=1507"}],"curies":[{"name":"wp","href":"https:\/\/api.w.org\/{rel}","templated":true}]}}