{"id":1472,"date":"2015-10-13T18:08:10","date_gmt":"2015-10-13T16:08:10","guid":{"rendered":"http:\/\/iumotril.org\/sitio\/?p=1472"},"modified":"2015-10-13T18:08:10","modified_gmt":"2015-10-13T16:08:10","slug":"izquierda-unida-rechaza-la-modificacion-de-las-ordenanzas-fiscales","status":"publish","type":"post","link":"https:\/\/iumotril.org\/sitio\/izquierda-unida-rechaza-la-modificacion-de-las-ordenanzas-fiscales\/","title":{"rendered":"IZQUIERDA UNIDA RECHAZA LA MODIFICACI\u00d3N DE LAS ORDENANZAS FISCALES"},"content":{"rendered":"<p class=\"p1\"><span class=\"s1\">Como ya hab\u00eda anunciado, Izquierda Unida ha rechazado las Ordenanzas Fiscales presentadas por el equipo de gobierno al considerar que resultan totalmente insuficientes y no responden al criterio b\u00e1sico e irrenunciable de progresividad fiscal: que paguen m\u00e1s los que m\u00e1s tienen.<\/span><\/p>\n<p class=\"p1\"><span class=\"s1\"><a href=\"https:\/\/iumotril.org\/sitio\/wp-content\/uploads\/2015\/10\/Pleno-del-Ayuntamiento-de-Motril-13-10-2015_opt.jpg\"><img loading=\"lazy\" decoding=\"async\" data-attachment-id=\"1483\" data-permalink=\"https:\/\/iumotril.org\/sitio\/izquierda-unida-rechaza-la-modificacion-de-las-ordenanzas-fiscales\/pleno-del-ayuntamiento-de-motril-13-10-2015_opt\/\" data-orig-file=\"https:\/\/iumotril.org\/sitio\/wp-content\/uploads\/2015\/10\/Pleno-del-Ayuntamiento-de-Motril-13-10-2015_opt.jpg\" data-orig-size=\"400,197\" data-comments-opened=\"1\" data-image-meta=\"{&quot;aperture&quot;:&quot;3.5&quot;,&quot;credit&quot;:&quot;&quot;,&quot;camera&quot;:&quot;Canon EOS 550D&quot;,&quot;caption&quot;:&quot;&quot;,&quot;created_timestamp&quot;:&quot;1444720109&quot;,&quot;copyright&quot;:&quot;&quot;,&quot;focal_length&quot;:&quot;21&quot;,&quot;iso&quot;:&quot;640&quot;,&quot;shutter_speed&quot;:&quot;0.033333333333333&quot;,&quot;title&quot;:&quot;&quot;,&quot;orientation&quot;:&quot;1&quot;}\" data-image-title=\"Pleno-del-Ayuntamiento-de-Motril-13-10-2015_opt\" data-image-description=\"\" data-image-caption=\"\" data-large-file=\"https:\/\/iumotril.org\/sitio\/wp-content\/uploads\/2015\/10\/Pleno-del-Ayuntamiento-de-Motril-13-10-2015_opt.jpg\" class=\"alignleft size-full wp-image-1483\" src=\"https:\/\/iumotril.org\/sitio\/wp-content\/uploads\/2015\/10\/Pleno-del-Ayuntamiento-de-Motril-13-10-2015_opt.jpg\" alt=\"Pleno-del-Ayuntamiento-de-Motril-13-10-2015_opt\" width=\"400\" height=\"197\" srcset=\"https:\/\/iumotril.org\/sitio\/wp-content\/uploads\/2015\/10\/Pleno-del-Ayuntamiento-de-Motril-13-10-2015_opt.jpg 400w, https:\/\/iumotril.org\/sitio\/wp-content\/uploads\/2015\/10\/Pleno-del-Ayuntamiento-de-Motril-13-10-2015_opt-300x148.jpg 300w\" sizes=\"auto, (max-width: 400px) 100vw, 400px\" \/><\/a>Daniela Paqu\u00e9, portavoz del Grupo Municipal de Izquierda Unida, ha recordado a Flor Alm\u00f3n que en el Acuerdo de investidura alcanzado entre sus dos formaciones se recogi\u00f3 que se adoptar\u00edan medidas de fiscalidad justa y progresivas, proporcionales a la capacidad econ\u00f3mica de los contribuyentes. Sin embargo, para IU<\/span><span class=\"s1\">\u00a0la propuesta presentada por el equipo de gobierno al Pleno municipal celebrado hoy no responde<span class=\"Apple-converted-space\">\u00a0 <\/span>al contenido de ese Acuerdo y, por lo tanto, no puede compartirla. En concreto la portavoz del Grupo Municipal de Izquierda Unida ha se\u00f1alado los siguientes puntos de discrepancia:<\/span><\/p>\n<ul>\n<li class=\"p2\">No aborda una modificaci\u00f3n integral de las Ordenanzas fiscales, lo que permitir\u00eda avanzar en la definici\u00f3n de un modelo de ciudad m\u00e1s justa, equilibrada socialmente y sostenible.<\/li>\n<li class=\"p2\"><span class=\"s1\">No contiene una reducci\u00f3n significativa de los recibos que pagar\u00e1n los ciudadanos\/as.<\/span><\/li>\n<li class=\"p2\"><span class=\"s1\">No contempla medidas o subvenciones adecuadas para parados de larga duraci\u00f3n.\u00a0<\/span><\/li>\n<li class=\"p2\"><span class=\"s1\">No se incluye ning\u00fan impuesto a las grandes superficies.<\/span><\/li>\n<li class=\"p2\"><span class=\"s1\">No se incluyen tasas ni recargos a empresas grandes generadoras de residuos<\/span><\/li>\n<li class=\"p2\"><span class=\"s1\">Tampoco incorpora recargos en las viviendas que permanezcan permanentemente vac\u00edas.<\/span><\/li>\n<li class=\"p1\"><span class=\"s1\">Para Izquierda Unida su posici\u00f3n y su rechazo nada tiene que ver con el voto contrario a la propuesta por parte del Partido Popular que ha respondido a criterios de oportunismo pol\u00edtico al margen de la defensa de los intereses generales de la ciudadan\u00eda.<\/span><\/li>\n<\/ul>\n<p class=\"p1\"><span class=\"s1\">Despu\u00e9s de su etapa de gobierno en que la presi\u00f3n fiscal a los motrile\u00f1os no dej\u00f3 de incrementarse, su rechazo se ha fundamentado b\u00e1sicamente en su desacuerdo con la progresividad en la aplicaci\u00f3n de bonificaciones a las familias numerosas. Para el Partido Popular es injusto que una familia con una renta de m\u00e1s de 45 mil euros tenga menor bonificaci\u00f3n que las unidades familiares cuya renta no llegue a los 30 mil euros. Todo un ejemplo de justicia social el de los populares.<\/span><\/p>\n","protected":false},"excerpt":{"rendered":"<p>Daniela Paqu\u00e9, portavoz del Grupo Municipal de Izquierda Unida, ha recordado a Flor Alm\u00f3n que en el Acuerdo de investidura alcanzado entre sus dos formaciones se recogi\u00f3 que se adoptar\u00edan medidas de fiscalidad justa y progresivas, proporcionales a la capacidad econ\u00f3mica de los contribuyentes. Sin embargo, para IU la propuesta presentada por el equipo de gobierno al Pleno municipal celebrado hoy no responde  al contenido de ese Acuerdo y, por lo tanto, no puede compartirla. Finalmente, la propuesta ha sido rechazada por la mayor\u00eda del Pleno municipal.<\/p>\n","protected":false},"author":1,"featured_media":0,"comment_status":"open","ping_status":"open","sticky":false,"template":"","format":"standard","meta":{"cybocfi_hide_featured_image":"","_jetpack_newsletter_access":"","_jetpack_dont_email_post_to_subs":false,"_jetpack_newsletter_tier_id":0,"_jetpack_memberships_contains_paywalled_content":false,"_jetpack_memberships_contains_paid_content":false,"footnotes":""},"categories":[265],"tags":[84,278,279,280],"class_list":["post-1472","post","type-post","status-publish","format-standard","hentry","category-esta-pasando","tag-daniela-paque","tag-impuestos-locales","tag-ordenanzas-fiscales","tag-rechazo"],"jetpack_featured_media_url":"","jetpack_sharing_enabled":true,"jetpack_shortlink":"https:\/\/wp.me\/p4QsU5-nK","jetpack-related-posts":[{"id":3260,"url":"https:\/\/iumotril.org\/sitio\/izquierda-unida-critica-la-inaccion-del-gobierno-de-flor-almon-en-2017\/","url_meta":{"origin":1472,"position":0},"title":"Izquierda Unida critica la inacci\u00f3n del Gobierno de Flor Alm\u00f3n en 2017","author":"Izquierda Unida Motril","date":"29 diciembre, 2017","format":false,"excerpt":"Daniela Paqu\u00e9, portavoz del Grupo Municipal de Izquierda Unida, ha hecho balance del gobierno de Alm\u00f3n durante 2017 y ha rendido cuentas de la actividad de su Grupo pol\u00edtico, a su juicio \u00fanica oposici\u00f3n al equipo de gobierno del PSOE y del PA , ya que \u00e9ste ha contado con\u2026","rel":"","context":"En \u00abEST\u00c1 PASANDO\u00bb","block_context":{"text":"EST\u00c1 PASANDO","link":"https:\/\/iumotril.org\/sitio\/category\/esta-pasando\/"},"img":{"alt_text":"","src":"https:\/\/i0.wp.com\/iumotril.org\/sitio\/wp-content\/uploads\/2017\/12\/IMG_1659-497x1024.jpg?resize=350%2C200","width":350,"height":200},"classes":[]},{"id":1544,"url":"https:\/\/iumotril.org\/sitio\/izquierda-unida-rechazara-de-nuevo-la-modificacion-de-las-ordenanzas-fiscales-por-considerarlas-socialmente-injustas\/","url_meta":{"origin":1472,"position":1},"title":"IZQUIERDA UNIDA RECHAZAR\u00c1 DE NUEVO LA MODIFICACI\u00d3N DE LAS ORDENANZAS FISCALES POR CONSIDERARLAS SOCIALMENTE INJUSTAS","author":"Izquierda Unida Motril","date":"29 octubre, 2015","format":false,"excerpt":"Izquierda Unida cree que esta \u201ctenaza\u201d entre el PSOE y la derecha motrile\u00f1a pone de manifiesto la bajeza pol\u00edtica y la falta de proyecto pol\u00edtico del equipo de gobierno que acus\u00f3 a Izquierda Unida de irresponsabilidad al rechazar la anterior propuesta (que supon\u00eda una reducci\u00f3n de 4 euros en los\u2026","rel":"","context":"En \u00abEST\u00c1 PASANDO\u00bb","block_context":{"text":"EST\u00c1 PASANDO","link":"https:\/\/iumotril.org\/sitio\/category\/esta-pasando\/"},"img":{"alt_text":"Daniela_3010","src":"https:\/\/i0.wp.com\/iumotril.org\/sitio\/wp-content\/uploads\/2015\/10\/Daniela_3010-809x1024.jpg?resize=350%2C200","width":350,"height":200,"srcset":"https:\/\/i0.wp.com\/iumotril.org\/sitio\/wp-content\/uploads\/2015\/10\/Daniela_3010-809x1024.jpg?resize=350%2C200 1x, https:\/\/i0.wp.com\/iumotril.org\/sitio\/wp-content\/uploads\/2015\/10\/Daniela_3010-809x1024.jpg?resize=525%2C300 1.5x"},"classes":[]},{"id":919,"url":"https:\/\/iumotril.org\/sitio\/izquierda-unida-apoyara-la-eleccion-de-flor-almon-como-alcaldesa-de-motril\/","url_meta":{"origin":1472,"position":2},"title":"IZQUIERDA UNIDA APOYAR\u00c1 LA ELECCI\u00d3N DE FLOR ALM\u00d3N COMO ALCALDESA DE MOTRIL","author":"Izquierda Unida Motril","date":"12 junio, 2015","format":false,"excerpt":"Izquierda Unida no entrar\u00e1 a formar parte del equipo de Gobierno Municipal. Una decisi\u00f3n adoptada por su Asamblea que, desde el primer momento, ha respaldado la negociaci\u00f3n de un Acuerdo basado en pol\u00edticas a favor de los intereses populares y no en el reparto de cargos o sillones. El Acuerdo\u2026","rel":"","context":"En \u00abMunicipales 2015\u00bb","block_context":{"text":"Municipales 2015","link":"https:\/\/iumotril.org\/sitio\/category\/municipales-2015\/"},"img":{"alt_text":"Firma Acuerdo Daniela Flor","src":"https:\/\/i0.wp.com\/iumotril.org\/sitio\/wp-content\/uploads\/2015\/06\/CHTB-vVWIAA13KF-300x200.jpg?resize=350%2C200","width":350,"height":200},"classes":[]},{"id":1154,"url":"https:\/\/iumotril.org\/sitio\/flor-almon-da-por-amortizado-su-acuerdo-con-izquierda-unida\/","url_meta":{"origin":1472,"position":3},"title":"Flor Alm\u00f3n da por amortizado su acuerdo con Izquierda Unida","author":"Izquierda Unida Motril","date":"3 agosto, 2015","format":false,"excerpt":"La portavoz del Grupo municipal de Izquierda Unida ha reclamado a Flor Alm\u00f3n el cumplimiento de los Acuerdos alcanzados entre ambas formaciones que hicieron posible la investidura de la candidata socialista como alcaldesa de Motril, record\u00e1ndole que ese acuerdo no es un cheque en blanco que pueda utilizar a su\u2026","rel":"","context":"En \u00abAyuntamiento\u00bb","block_context":{"text":"Ayuntamiento","link":"https:\/\/iumotril.org\/sitio\/category\/ayuntamiento\/"},"img":{"alt_text":"Alm\u00f3n y Esc\u00e1mez","src":"https:\/\/i0.wp.com\/iumotril.org\/sitio\/wp-content\/uploads\/2015\/06\/gr-costa-575x323-277x300.jpg?resize=350%2C200","width":350,"height":200},"classes":[]},{"id":4124,"url":"https:\/\/iumotril.org\/sitio\/exigimos-la-modificacion-de-ordenanzas-fiscales-para-favorecer-a-comerciantes-familias-y-desempleados\/","url_meta":{"origin":1472,"position":4},"title":"Exigimos la modificaci\u00f3n de Ordenanzas Fiscales para favorecer a comerciantes, familias y desempleados","author":"Izquierda Unida Motril","date":"5 noviembre, 2018","format":false,"excerpt":"Izquierda Unida viene denunciando durante todo el mandato de Flor Alm\u00f3n el incumplimiento reiterado por parte del gobierno local de las mociones aprobadas por el Pleno de la Corporaci\u00f3n. Una falta de compromiso que entiende como un desprecio a las reglas de funcionamiento democr\u00e1tico de la instituci\u00f3n municipal y, sobre\u2026","rel":"","context":"En \u00abAyuntamiento\u00bb","block_context":{"text":"Ayuntamiento","link":"https:\/\/iumotril.org\/sitio\/category\/ayuntamiento\/"},"img":{"alt_text":"","src":"https:\/\/i0.wp.com\/iumotril.org\/sitio\/wp-content\/uploads\/2017\/11\/cajero-300x200.jpg?resize=350%2C200","width":350,"height":200},"classes":[]},{"id":3825,"url":"https:\/\/iumotril.org\/sitio\/izquierda-unida-reclama-el-cumplimiento-de-diversas-mociones-de-caracter-social-aprobadas-por-el-pleno\/","url_meta":{"origin":1472,"position":5},"title":"Izquierda Unida reclama el cumplimiento de diversas mociones de car\u00e1cter social aprobadas por el Pleno","author":"Izquierda Unida Motril","date":"19 septiembre, 2018","format":false,"excerpt":"Ya es hora de que la pol\u00edtica municipal se dirija prioritariamente a las familias que est\u00e1n padeciendo el paro y la precariedad en el empleo y a los colectivos m\u00e1s vulnerables de nuestro municipio, ha afirmado. Para la portavoz de Izquierda Unida, la actuaci\u00f3n del gobierno local de Motril evidencia,\u2026","rel":"","context":"En \u00abAyuntamiento\u00bb","block_context":{"text":"Ayuntamiento","link":"https:\/\/iumotril.org\/sitio\/category\/ayuntamiento\/"},"img":{"alt_text":"","src":"https:\/\/i0.wp.com\/iumotril.org\/sitio\/wp-content\/uploads\/2018\/09\/Daniela-y-Jose_RP_11-julio-300x200.jpg?resize=350%2C200","width":350,"height":200},"classes":[]}],"jetpack_likes_enabled":true,"_links":{"self":[{"href":"https:\/\/iumotril.org\/sitio\/wp-json\/wp\/v2\/posts\/1472","targetHints":{"allow":["GET"]}}],"collection":[{"href":"https:\/\/iumotril.org\/sitio\/wp-json\/wp\/v2\/posts"}],"about":[{"href":"https:\/\/iumotril.org\/sitio\/wp-json\/wp\/v2\/types\/post"}],"author":[{"embeddable":true,"href":"https:\/\/iumotril.org\/sitio\/wp-json\/wp\/v2\/users\/1"}],"replies":[{"embeddable":true,"href":"https:\/\/iumotril.org\/sitio\/wp-json\/wp\/v2\/comments?post=1472"}],"version-history":[{"count":5,"href":"https:\/\/iumotril.org\/sitio\/wp-json\/wp\/v2\/posts\/1472\/revisions"}],"predecessor-version":[{"id":1485,"href":"https:\/\/iumotril.org\/sitio\/wp-json\/wp\/v2\/posts\/1472\/revisions\/1485"}],"wp:attachment":[{"href":"https:\/\/iumotril.org\/sitio\/wp-json\/wp\/v2\/media?parent=1472"}],"wp:term":[{"taxonomy":"category","embeddable":true,"href":"https:\/\/iumotril.org\/sitio\/wp-json\/wp\/v2\/categories?post=1472"},{"taxonomy":"post_tag","embeddable":true,"href":"https:\/\/iumotril.org\/sitio\/wp-json\/wp\/v2\/tags?post=1472"}],"curies":[{"name":"wp","href":"https:\/\/api.w.org\/{rel}","templated":true}]}}