{"id":1469,"date":"2015-10-09T12:06:27","date_gmt":"2015-10-09T10:06:27","guid":{"rendered":"http:\/\/iumotril.org\/sitio\/?p=1469"},"modified":"2015-10-09T12:06:27","modified_gmt":"2015-10-09T10:06:27","slug":"izquierda-unida-no-apoyara-bajadas-simbolicas-de-los-impuestos-municipales","status":"publish","type":"post","link":"https:\/\/iumotril.org\/sitio\/izquierda-unida-no-apoyara-bajadas-simbolicas-de-los-impuestos-municipales\/","title":{"rendered":"IZQUIERDA UNIDA NO APOYAR\u00c1 BAJADAS SIMB\u00d3LICAS DE LOS IMPUESTOS MUNICIPALES"},"content":{"rendered":"<p>Ante la pr\u00f3xima modificaci\u00f3n de las Ordenanzas fiscales reguladoras de diferentes tasas e impuestos, entre ellos el de la contribuci\u00f3n (Impuesto de Bienes Inmuebles), la tasa de basuras y otras, el Grupo municipal de Izquierda Unida ha anunciado que defender\u00e1 una bajada real en los recibos, especialmente para los contribuyentes con menores recursos econ\u00f3micos.<\/p>\n<p>Izquierda Unida solicitar\u00e1 al equipo de gobierno que los presupuestos municipales para el pr\u00f3ximo a\u00f1o recojan una bajada significativa del recibo de la contribuci\u00f3n (Impuesto de Bienes Inmuebles) que beneficie, sobre todo, a las familias m\u00e1s desfavorecidas.<\/p>\n<p>La formaci\u00f3n de izquierdas considera que, a pesar de lo que se ha querido vender, en los \u00faltimos a\u00f1os los impuestos que pagan los ciudadanos\/as de Motril han subido sustancialmente, increment\u00e1ndose la presi\u00f3n fiscal a los motrile\u00f1os de una forma muy considerable. Por lo tanto, propone que el presupuesto para 2016 comience a corregir esa situaci\u00f3n, bajando de forma progresiva los principales impuestos municipales.<\/p>\n<p><a href=\"https:\/\/iumotril.org\/sitio\/wp-content\/uploads\/2015\/09\/Motril-libre-desahucios_2.jpg\"><img loading=\"lazy\" decoding=\"async\" data-attachment-id=\"1381\" data-permalink=\"https:\/\/iumotril.org\/sitio\/izquierda-unida-reclama-la-creacion-de-una-oficina-municipal-antidesahucios\/motril-libre-desahucios_2\/\" data-orig-file=\"https:\/\/iumotril.org\/sitio\/wp-content\/uploads\/2015\/09\/Motril-libre-desahucios_2.jpg\" data-orig-size=\"1060,483\" data-comments-opened=\"1\" data-image-meta=\"{&quot;aperture&quot;:&quot;0&quot;,&quot;credit&quot;:&quot;&quot;,&quot;camera&quot;:&quot;&quot;,&quot;caption&quot;:&quot;&quot;,&quot;created_timestamp&quot;:&quot;0&quot;,&quot;copyright&quot;:&quot;&quot;,&quot;focal_length&quot;:&quot;0&quot;,&quot;iso&quot;:&quot;0&quot;,&quot;shutter_speed&quot;:&quot;0&quot;,&quot;title&quot;:&quot;&quot;,&quot;orientation&quot;:&quot;0&quot;}\" data-image-title=\"Motril libre desahucios_2\" data-image-description=\"\" data-image-caption=\"\" data-large-file=\"https:\/\/iumotril.org\/sitio\/wp-content\/uploads\/2015\/09\/Motril-libre-desahucios_2-1024x467.jpg\" class=\"alignleft wp-image-1381 size-large\" src=\"https:\/\/iumotril.org\/sitio\/wp-content\/uploads\/2015\/09\/Motril-libre-desahucios_2-1024x467.jpg\" alt=\"Motril libre desahucios_2\" width=\"620\" height=\"283\" srcset=\"https:\/\/iumotril.org\/sitio\/wp-content\/uploads\/2015\/09\/Motril-libre-desahucios_2-1024x467.jpg 1024w, https:\/\/iumotril.org\/sitio\/wp-content\/uploads\/2015\/09\/Motril-libre-desahucios_2-300x137.jpg 300w, https:\/\/iumotril.org\/sitio\/wp-content\/uploads\/2015\/09\/Motril-libre-desahucios_2-768x350.jpg 768w, https:\/\/iumotril.org\/sitio\/wp-content\/uploads\/2015\/09\/Motril-libre-desahucios_2.jpg 1060w\" sizes=\"auto, (max-width: 620px) 100vw, 620px\" \/><\/a>En concreto propone que, entre las bonificaciones aplicables a la contribuci\u00f3n, se tenga en cuenta el umbral de la renta familiar en el caso de las familias n\u00fameros para que no se aplique con car\u00e1cter general el 90% de bonificaci\u00f3n a familias con ingresos superiores a los 45.000 euros. Adem\u00e1s defiende que se incremente el porcentaje de subvenci\u00f3n propuesta para parados de larga duraci\u00f3n (actualmente es del 50% cuando el valor catastral del inmueble sea inferior a 80.000 euros), estableci\u00e9ndose en el 90% con un valor catastral inferior a los 60.000 euros.<\/p>\n<p>Un incremento\u00a0que\u00a0est\u00e1 totalmente justificado a la vista de las escandalosos datos de paro en nuestra ciudad (El paro registrado en Motril en el mes de septiembre alcanz\u00f3 a 7.285 personas).<\/p>\n<p>Tambi\u00e9n reclama que, en el caso de la Tasa de basuras, se incremente el valor de los ingresos mensuales para aplicar subvenciones a los pensionistas (actualmente tienen una bonificaci\u00f3n del 50% aquellos que tengan ingresos inferiores a 900 euros mensuales) aumentando el techo m\u00e1ximo hasta los 1.200 euros.<\/p>\n<p>Para Izquierda Unida la prioridad de los presupuestos para el pr\u00f3ximo a\u00f1o debe ser el gasto social, que es la deuda m\u00e1s importante que tiene el Ayuntamiento de Motril, seg\u00fan ha declarado Daniela Paqu\u00e9, portavoz del Grupo municipal de Izquierda Unida. Por ello, propone a los responsables municipales a que valoren otras v\u00edas de financiaci\u00f3n que compensen la previsible merma de ingresos que pueda suponer la bajada en los recibos.<\/p>\n<p>En este sentido, ha apuntado, entre otras posibles, el establecimiento de recargos en las viviendas que permanezcan vac\u00edas (lo que podr\u00eda favorecer iniciativas como el alquiler social), el pago de cuotas tributarias por parte de las viviendas \u201cdiseminadas\u201d (construcciones ilegales en suelo r\u00fastico), los recargos para algunos usos no residenciales en funci\u00f3n del valor catastral o la aplicaci\u00f3n de tasas a las grandes superficies y a las empresas grandes generadoras de residuos.<\/p>\n<p>Por \u00faltimo, Izquierda Unida critica la actitud perezosa del equipo de Gobierno municipal al no acometer otras modificaciones en las Ordenanzas que permitir\u00edan avanzar en el modelo de desarrollo econ\u00f3mico de la ciudad, por ejemplo la revisi\u00f3n de la tasa por licencia de apertura de nuevos negocios, lo que contribuir\u00eda a\u00a0favorecer la actividad emprendedora, fomentar el comercio de proximidad y, en definitiva, contribuir a la creaci\u00f3n de empleo.<\/p>\n","protected":false},"excerpt":{"rendered":"<p>Ante la pr\u00f3xima modificaci\u00f3n de las Ordenanzas fiscales reguladoras de diferentes tasas e impuestos, entre ellos el de la contribuci\u00f3n (Impuesto de Bienes Inmuebles), la tasa de basuras y otras, el Grupo municipal de Izquierda Unida ha anunciado que defender\u00e1 una bajada real en los recibos, especialmente para los contribuyentes con menores recursos econ\u00f3micos.<br \/>\nPara Izquierda Unida la prioridad de los presupuestos para el pr\u00f3ximo a\u00f1o debe ser el gasto social, que es la deuda m\u00e1s importante que tiene el Ayuntamiento de Motril, seg\u00fan ha declarado Daniela Paqu\u00e9, portavoz del Grupo municipal de Izquierda Unida. Por ello, propone a los responsables municipales a que valoren otras v\u00edas de financiaci\u00f3n que compensen la previsible merma de ingresos que pueda suponer la bajada en los recibos.<\/p>\n","protected":false},"author":1,"featured_media":0,"comment_status":"open","ping_status":"open","sticky":false,"template":"","format":"standard","meta":{"cybocfi_hide_featured_image":"","_jetpack_newsletter_access":"","_jetpack_dont_email_post_to_subs":false,"_jetpack_newsletter_tier_id":0,"_jetpack_memberships_contains_paywalled_content":false,"_jetpack_memberships_contains_paid_content":false,"footnotes":""},"categories":[265],"tags":[264,263,276,277],"class_list":["post-1469","post","type-post","status-publish","format-standard","hentry","category-esta-pasando","tag-contribucion","tag-ibi","tag-impuestos-municipales","tag-presupuestos-2016"],"jetpack_featured_media_url":"","jetpack_sharing_enabled":true,"jetpack_shortlink":"https:\/\/wp.me\/p4QsU5-nH","jetpack-related-posts":[{"id":1384,"url":"https:\/\/iumotril.org\/sitio\/izquierda-unida-propone-una-bajada-real-en-los-impuestos-municipales\/","url_meta":{"origin":1469,"position":0},"title":"Izquierda Unida propone una bajada real en los impuestos municipales","author":"Izquierda Unida Motril","date":"21 septiembre, 2015","format":false,"excerpt":"Izquierda Unida solicitar\u00e1 al equipo de gobierno que los presupuestos municipales para el pr\u00f3ximo a\u00f1o recojan una bajada significativa del recibo de la contribuci\u00f3n (Impuesto de Bienes Inmuebles) que beneficie sobre todo a las familias m\u00e1s desfavorecidas. Defender\u00e1 que la prioridad de los presupuestos para el pr\u00f3ximo a\u00f1o debe ser\u2026","rel":"","context":"En \u00abAyuntamiento\u00bb","block_context":{"text":"Ayuntamiento","link":"https:\/\/iumotril.org\/sitio\/category\/ayuntamiento\/"},"img":{"alt_text":"Daniela Paque_2","src":"https:\/\/i0.wp.com\/iumotril.org\/sitio\/wp-content\/uploads\/2015\/09\/Daniela-Paque_2-291x300.jpg?resize=350%2C200","width":350,"height":200},"classes":[]},{"id":1493,"url":"https:\/\/iumotril.org\/sitio\/carta-abierta-a-los-comerciantes-y-hosteleros-de-motril\/","url_meta":{"origin":1469,"position":1},"title":"Carta abierta  a los comerciantes y hosteleros de Motril","author":"Izquierda Unida Motril","date":"16 octubre, 2015","format":false,"excerpt":"Izquierda Unida no se ha opuesto a una bajada de la tasa de utilizaci\u00f3n de dominio p\u00fablico. Ha rechazado una propuesta injusta y desfavorable para la mayor\u00eda ciudadana. Seguir\u00e1 defendiendo una bajada justa y progresiva de los impuestos municipales que beneficie a la mayor\u00eda de los ciudadanos, en defensa del\u2026","rel":"","context":"En \u00abEST\u00c1 PASANDO\u00bb","block_context":{"text":"EST\u00c1 PASANDO","link":"https:\/\/iumotril.org\/sitio\/category\/esta-pasando\/"},"img":{"alt_text":"Rebaja Impuestos REDUCIDA","src":"https:\/\/i0.wp.com\/iumotril.org\/sitio\/wp-content\/uploads\/2015\/10\/Rebaja-Impuestos-REDUCIDA-300x212.jpg?resize=350%2C200","width":350,"height":200},"classes":[]},{"id":7913,"url":"https:\/\/iumotril.org\/sitio\/iu-equo-reclama-una-politica-fiscal-progresiva-y-mas-justa-para-los-vecinos\/","url_meta":{"origin":1469,"position":2},"title":"IU-Equo reclama una pol\u00edtica fiscal progresiva  y m\u00e1s justa para los vecinos","author":"Izquierda Unida Motril","date":"28 diciembre, 2021","format":false,"excerpt":"Inma Omiste ha denunciado la \u201cimpostura del gobierno de derechas\u201d, que no deja de anunciar bajadas generalizadas de impuestos cuando est\u00e1 en la oposici\u00f3n y, a la hora de la verdad, cuando gobierna, s\u00f3lo se reducen impuestos a los m\u00e1s ricos y a las grandes empresas en detrimento de las\u2026","rel":"","context":"En \u00abAyuntamiento\u00bb","block_context":{"text":"Ayuntamiento","link":"https:\/\/iumotril.org\/sitio\/category\/ayuntamiento\/"},"img":{"alt_text":"","src":"https:\/\/i0.wp.com\/iumotril.org\/sitio\/wp-content\/uploads\/2021\/11\/Inma-23-noviembre.jpg?resize=350%2C200","width":350,"height":200,"srcset":"https:\/\/i0.wp.com\/iumotril.org\/sitio\/wp-content\/uploads\/2021\/11\/Inma-23-noviembre.jpg?resize=350%2C200 1x, https:\/\/i0.wp.com\/iumotril.org\/sitio\/wp-content\/uploads\/2021\/11\/Inma-23-noviembre.jpg?resize=525%2C300 1.5x, https:\/\/i0.wp.com\/iumotril.org\/sitio\/wp-content\/uploads\/2021\/11\/Inma-23-noviembre.jpg?resize=700%2C400 2x, https:\/\/i0.wp.com\/iumotril.org\/sitio\/wp-content\/uploads\/2021\/11\/Inma-23-noviembre.jpg?resize=1050%2C600 3x, https:\/\/i0.wp.com\/iumotril.org\/sitio\/wp-content\/uploads\/2021\/11\/Inma-23-noviembre.jpg?resize=1400%2C800 4x"},"classes":[]},{"id":2522,"url":"https:\/\/iumotril.org\/sitio\/si-estas-parad-tienes-derecho-a-bonificarte-el-ibi-aunque-el-ayuntamiento-no-quiera-que-lo-sepas\/","url_meta":{"origin":1469,"position":3},"title":"SI EST\u00c1S PARAD@, TIENES DERECHO A BONIFICARTE EL IBI, AUNQUE EL AYUNTAMIENTO NO QUIERA QUE LO SEPAS","author":"Izquierda Unida Motril","date":"22 noviembre, 2016","format":false,"excerpt":"Desde IU Motril se considera que el equipo de gobierno no se est\u00e1 dando la difusi\u00f3n adecuada a la subvenci\u00f3n del 50% en el pago del Impuesto de Bienes Inmuebles (IBI), la contribuci\u00f3n, que se contempla en la Ordenanza Fiscal de dicho Impuesto, seg\u00fan propuso Izquierda Unida en sus alegaciones.","rel":"","context":"En \u00abEST\u00c1 PASANDO\u00bb","block_context":{"text":"EST\u00c1 PASANDO","link":"https:\/\/iumotril.org\/sitio\/category\/esta-pasando\/"},"img":{"alt_text":"archivo_000-10","src":"https:\/\/i0.wp.com\/iumotril.org\/sitio\/wp-content\/uploads\/2016\/11\/Archivo_000-10-e1479814807903-225x300.jpeg?resize=350%2C200","width":350,"height":200},"classes":[]},{"id":327,"url":"https:\/\/iumotril.org\/sitio\/iu-acusa-al-pp-de-mantener-impuestos-injustos-que-provocan-que-pague-mas-el-que-menos-tiene\/","url_meta":{"origin":1469,"position":4},"title":"IU acusa al PP de mantener impuestos injustos que provocan que pague m\u00e1s el que menos tiene","author":"Izquierda Unida Motril","date":"12 noviembre, 2014","format":false,"excerpt":"IU critica como la din\u00e1mica electoralista de los \u00faltimos meses del PP para intentar frenar su debacle electoral, les lleva a buscar titulares con los que intentan enga\u00f1ar a los ciudadan@s. \u201cEsta inercia electoralista incluso les lleva a anunciar bajadas de impuestos que no son reales, Porque la realidad de\u2026","rel":"","context":"En \u00abimpuestos locales\u00bb","block_context":{"text":"impuestos locales","link":"https:\/\/iumotril.org\/sitio\/category\/impuestos-locales\/"},"img":{"alt_text":"daniela IV","src":"https:\/\/i0.wp.com\/iumotril.org\/sitio\/wp-content\/uploads\/2014\/10\/daniela-IV-300x208.jpg?resize=350%2C200","width":350,"height":200},"classes":[]},{"id":1544,"url":"https:\/\/iumotril.org\/sitio\/izquierda-unida-rechazara-de-nuevo-la-modificacion-de-las-ordenanzas-fiscales-por-considerarlas-socialmente-injustas\/","url_meta":{"origin":1469,"position":5},"title":"IZQUIERDA UNIDA RECHAZAR\u00c1 DE NUEVO LA MODIFICACI\u00d3N DE LAS ORDENANZAS FISCALES POR CONSIDERARLAS SOCIALMENTE INJUSTAS","author":"Izquierda Unida Motril","date":"29 octubre, 2015","format":false,"excerpt":"Izquierda Unida cree que esta \u201ctenaza\u201d entre el PSOE y la derecha motrile\u00f1a pone de manifiesto la bajeza pol\u00edtica y la falta de proyecto pol\u00edtico del equipo de gobierno que acus\u00f3 a Izquierda Unida de irresponsabilidad al rechazar la anterior propuesta (que supon\u00eda una reducci\u00f3n de 4 euros en los\u2026","rel":"","context":"En \u00abEST\u00c1 PASANDO\u00bb","block_context":{"text":"EST\u00c1 PASANDO","link":"https:\/\/iumotril.org\/sitio\/category\/esta-pasando\/"},"img":{"alt_text":"Daniela_3010","src":"https:\/\/i0.wp.com\/iumotril.org\/sitio\/wp-content\/uploads\/2015\/10\/Daniela_3010-809x1024.jpg?resize=350%2C200","width":350,"height":200,"srcset":"https:\/\/i0.wp.com\/iumotril.org\/sitio\/wp-content\/uploads\/2015\/10\/Daniela_3010-809x1024.jpg?resize=350%2C200 1x, https:\/\/i0.wp.com\/iumotril.org\/sitio\/wp-content\/uploads\/2015\/10\/Daniela_3010-809x1024.jpg?resize=525%2C300 1.5x"},"classes":[]}],"jetpack_likes_enabled":true,"_links":{"self":[{"href":"https:\/\/iumotril.org\/sitio\/wp-json\/wp\/v2\/posts\/1469","targetHints":{"allow":["GET"]}}],"collection":[{"href":"https:\/\/iumotril.org\/sitio\/wp-json\/wp\/v2\/posts"}],"about":[{"href":"https:\/\/iumotril.org\/sitio\/wp-json\/wp\/v2\/types\/post"}],"author":[{"embeddable":true,"href":"https:\/\/iumotril.org\/sitio\/wp-json\/wp\/v2\/users\/1"}],"replies":[{"embeddable":true,"href":"https:\/\/iumotril.org\/sitio\/wp-json\/wp\/v2\/comments?post=1469"}],"version-history":[{"count":7,"href":"https:\/\/iumotril.org\/sitio\/wp-json\/wp\/v2\/posts\/1469\/revisions"}],"predecessor-version":[{"id":1478,"href":"https:\/\/iumotril.org\/sitio\/wp-json\/wp\/v2\/posts\/1469\/revisions\/1478"}],"wp:attachment":[{"href":"https:\/\/iumotril.org\/sitio\/wp-json\/wp\/v2\/media?parent=1469"}],"wp:term":[{"taxonomy":"category","embeddable":true,"href":"https:\/\/iumotril.org\/sitio\/wp-json\/wp\/v2\/categories?post=1469"},{"taxonomy":"post_tag","embeddable":true,"href":"https:\/\/iumotril.org\/sitio\/wp-json\/wp\/v2\/tags?post=1469"}],"curies":[{"name":"wp","href":"https:\/\/api.w.org\/{rel}","templated":true}]}}