{"id":1447,"date":"2015-10-02T12:39:02","date_gmt":"2015-10-02T10:39:02","guid":{"rendered":"http:\/\/iumotril.org\/sitio\/?p=1447"},"modified":"2015-10-02T12:39:02","modified_gmt":"2015-10-02T10:39:02","slug":"iu-exige-una-hoja-de-ruta-para-el-cumplimiento-de-su-acuerdo-con-el-psoe-para-garantizar-la-estabilidad-del-gobierno-municipal","status":"publish","type":"post","link":"https:\/\/iumotril.org\/sitio\/iu-exige-una-hoja-de-ruta-para-el-cumplimiento-de-su-acuerdo-con-el-psoe-para-garantizar-la-estabilidad-del-gobierno-municipal\/","title":{"rendered":"IU EXIGE UNA HOJA DE RUTA PARA EL CUMPLIMIENTO DE SU ACUERDO CON EL PSOE PARA GARANTIZAR LA ESTABILIDAD DEL GOBIERNO MUNICIPAL"},"content":{"rendered":"<p>Los afiliados y simpatizantes de Izquierda Unida han exigido al PSOE que considere prioritarios en su acci\u00f3n de gobierno los acuerdos alcanzados entre ambas formaciones que permitieron la investidura de Flor Alm\u00f3n como Alcaldesa de Motril.<\/p>\n<p><a href=\"https:\/\/iumotril.org\/sitio\/wp-content\/uploads\/2015\/10\/Asamblea-100-dias.jpg\"><img loading=\"lazy\" decoding=\"async\" data-attachment-id=\"1455\" data-permalink=\"https:\/\/iumotril.org\/sitio\/iu-exige-una-hoja-de-ruta-para-el-cumplimiento-de-su-acuerdo-con-el-psoe-para-garantizar-la-estabilidad-del-gobierno-municipal\/asamblea-100-dias\/\" data-orig-file=\"https:\/\/iumotril.org\/sitio\/wp-content\/uploads\/2015\/10\/Asamblea-100-dias.jpg\" data-orig-size=\"640,475\" data-comments-opened=\"1\" data-image-meta=\"{&quot;aperture&quot;:&quot;0&quot;,&quot;credit&quot;:&quot;&quot;,&quot;camera&quot;:&quot;Aquaris E5&quot;,&quot;caption&quot;:&quot;&quot;,&quot;created_timestamp&quot;:&quot;1039345200&quot;,&quot;copyright&quot;:&quot;&quot;,&quot;focal_length&quot;:&quot;4.6&quot;,&quot;iso&quot;:&quot;400&quot;,&quot;shutter_speed&quot;:&quot;0.05&quot;,&quot;title&quot;:&quot;&quot;,&quot;orientation&quot;:&quot;0&quot;}\" data-image-title=\"Asamblea 100 dias\" data-image-description=\"\" data-image-caption=\"\" data-large-file=\"https:\/\/iumotril.org\/sitio\/wp-content\/uploads\/2015\/10\/Asamblea-100-dias.jpg\" class=\"alignleft wp-image-1455 size-medium\" src=\"https:\/\/iumotril.org\/sitio\/wp-content\/uploads\/2015\/10\/Asamblea-100-dias-300x223.jpg\" alt=\"Asamblea 100 dias\" width=\"300\" height=\"223\" srcset=\"https:\/\/iumotril.org\/sitio\/wp-content\/uploads\/2015\/10\/Asamblea-100-dias-300x223.jpg 300w, https:\/\/iumotril.org\/sitio\/wp-content\/uploads\/2015\/10\/Asamblea-100-dias.jpg 640w\" sizes=\"auto, (max-width: 300px) 100vw, 300px\" \/><\/a>La asamblea de Izquierda Unida celebrada ayer, jueves 1 de octubre, ha realizado una valoraci\u00f3n muy negativa de los cien primeros d\u00edas del gobierno municipal en Motril, tanto por la falta de iniciativas pol\u00edticas como por la tibieza en acometer los compromisos alcanzados en su momento con Izquierda Unida que pretend\u00edan un cambio radical en la manera de gestionar los asuntos municipales.<\/p>\n<p>Los tres concejales que integran su Grupo municipal han repasado los doce compromisos recogidos en el acuerdo, que se sustentan en tres ejes program\u00e1ticos: fomento de la econom\u00eda local y creaci\u00f3n de empleo, defensa de los servicios p\u00fablicos y, por \u00faltimo, transparencia y lucha contra la corrupci\u00f3n.<\/p>\n<p>Seg\u00fan la valoraci\u00f3n realizada, la t\u00f3nica general en estos tres primeros meses ha sido la inacci\u00f3n y la falta de iniciativas y de proyecto pol\u00edtico por parte del gobierno de la ciudad, lo que ha contribuido a que todo siga igual que durante el mandato del Partido Popular, una situaci\u00f3n que est\u00e1 defraudando las expectativas ciudadanas que confiaron en que se abrir\u00eda una nueva etapa para la ciudad de Motril<\/p>\n<p>En este sentido se manifest\u00f3 Daniela Paqu\u00e9, portavoz del Grupo municipal, que record\u00f3 que, como ya dijo en su intervenci\u00f3n en la investidura de Alm\u00f3n, el voto de Izquierda Unida es, en cualquier caso, un apoyo condicionado al compromiso de llevar adelante pol\u00edticas a favor de la mayor\u00eda social y medidas de regeneraci\u00f3n democr\u00e1tica, transparencia, justicia social y desarrollo sostenible.\u00a0 En caso contrario, Izquierda Unida ejercer\u00e1 una oposici\u00f3n frontal y activa ante cualquier desviaci\u00f3n en el cumplimiento de esos compromisos.<\/p>\n<p>La asamblea prest\u00f3 su apoyo a las iniciativas del Grupo municipal en lo relativo a la necesidad de intervenir de forma decidida en las empresas p\u00fablicas Limdeco y Radio Televisi\u00f3n Motril con objeto de mejorar la calidad de sus servicios y la eficiencia de su gesti\u00f3n, asegurar su viabilidad econ\u00f3mica y garantizar el mantenimiento del empleo.<\/p>\n<p>Tras los debates y distintas intervenciones de los participantes, la asamblea acord\u00f3 negociar con el Grupo municipal socialista una hoja de ruta, con plazos temporales concretos, para el cumplimiento de los compromisos alcanzados en el acuerdo de investidura como condici\u00f3n necesaria para garantizar la estabilidad del gobierno municipal.<\/p>\n","protected":false},"excerpt":{"rendered":"<p>Seg\u00fan la valoraci\u00f3n realizada, la t\u00f3nica general en estos tres primeros meses ha sido la inacci\u00f3n y la falta de iniciativas y de proyecto pol\u00edtico por parte del gobierno de la ciudad, lo que ha contribuido a que todo siga igual que durante el mandato del Partido Popular, una situaci\u00f3n que est\u00e1 defraudando las expectativas ciudadanas que confiaron en que se abrir\u00eda una nueva etapa para la ciudad de Motril.<\/p>\n","protected":false},"author":1,"featured_media":0,"comment_status":"open","ping_status":"open","sticky":false,"template":"","format":"standard","meta":{"cybocfi_hide_featured_image":"","_jetpack_newsletter_access":"","_jetpack_dont_email_post_to_subs":false,"_jetpack_newsletter_tier_id":0,"_jetpack_memberships_contains_paywalled_content":false,"_jetpack_memberships_contains_paid_content":false,"footnotes":""},"categories":[265],"tags":[271,273,272,270,93],"class_list":["post-1447","post","type-post","status-publish","format-standard","hentry","category-esta-pasando","tag-100-dias","tag-acuerdo-investidura","tag-asamblea","tag-balance","tag-motril"],"jetpack_featured_media_url":"","jetpack_sharing_enabled":true,"jetpack_shortlink":"https:\/\/wp.me\/p4QsU5-nl","jetpack-related-posts":[{"id":919,"url":"https:\/\/iumotril.org\/sitio\/izquierda-unida-apoyara-la-eleccion-de-flor-almon-como-alcaldesa-de-motril\/","url_meta":{"origin":1447,"position":0},"title":"IZQUIERDA UNIDA APOYAR\u00c1 LA ELECCI\u00d3N DE FLOR ALM\u00d3N COMO ALCALDESA DE MOTRIL","author":"Izquierda Unida Motril","date":"12 junio, 2015","format":false,"excerpt":"Izquierda Unida no entrar\u00e1 a formar parte del equipo de Gobierno Municipal. Una decisi\u00f3n adoptada por su Asamblea que, desde el primer momento, ha respaldado la negociaci\u00f3n de un Acuerdo basado en pol\u00edticas a favor de los intereses populares y no en el reparto de cargos o sillones. El Acuerdo\u2026","rel":"","context":"En \u00abMunicipales 2015\u00bb","block_context":{"text":"Municipales 2015","link":"https:\/\/iumotril.org\/sitio\/category\/municipales-2015\/"},"img":{"alt_text":"Firma Acuerdo Daniela Flor","src":"https:\/\/i0.wp.com\/iumotril.org\/sitio\/wp-content\/uploads\/2015\/06\/CHTB-vVWIAA13KF-300x200.jpg?resize=350%2C200","width":350,"height":200},"classes":[]},{"id":2217,"url":"https:\/\/iumotril.org\/sitio\/izquierda-unida-revisara-su-acuerdo-de-gobierno-con-el-psoe-en-el-ayuntamiento-de-motril\/","url_meta":{"origin":1447,"position":1},"title":"Izquierda Unida revisar\u00e1 su acuerdo de gobierno con el PSOE en el Ayuntamiento de Motril","author":"Izquierda Unida Motril","date":"17 junio, 2016","format":false,"excerpt":"Izquierda Unida valora negativamente la acci\u00f3n de gobierno llevada a cabo por el PA-PSOE durante su primer a\u00f1o al frente del Ayuntamiento de Motril. Para la formaci\u00f3n de izquierdas, el equipo de gobierno ha mantenido las mismas l\u00edneas de actuaci\u00f3n que el Partido Popular en su etapa de gobierno. Considera,\u2026","rel":"","context":"En \u00abEST\u00c1 PASANDO\u00bb","block_context":{"text":"EST\u00c1 PASANDO","link":"https:\/\/iumotril.org\/sitio\/category\/esta-pasando\/"},"img":{"alt_text":"Investidura Flor Alm\u00f3n, Alcaldesa Motil","src":"https:\/\/i0.wp.com\/iumotril.org\/sitio\/wp-content\/uploads\/2015\/06\/motril-alcaldese-575x323.jpg?resize=350%2C200","width":350,"height":200,"srcset":"https:\/\/i0.wp.com\/iumotril.org\/sitio\/wp-content\/uploads\/2015\/06\/motril-alcaldese-575x323.jpg?resize=350%2C200 1x, https:\/\/i0.wp.com\/iumotril.org\/sitio\/wp-content\/uploads\/2015\/06\/motril-alcaldese-575x323.jpg?resize=525%2C300 1.5x"},"classes":[]},{"id":1426,"url":"https:\/\/iumotril.org\/sitio\/izquierda-unida-hace-balance-de-los-100-dias-de-gobierno-municipal-en-una-asamblea-abierta\/","url_meta":{"origin":1447,"position":2},"title":"IZQUIERDA UNIDA HACE BALANCE DE LOS 100 D\u00cdAS DE GOBIERNO MUNICIPAL EN UNA ASAMBLEA ABIERTA","author":"Izquierda Unida Motril","date":"1 octubre, 2015","format":false,"excerpt":"La Asamblea tendr\u00e1 lugar en el CEP de Motril (Plaza de la Libertad) a las 19 horas y est\u00e1 abierta a toda la ciudadan\u00eda con la intenci\u00f3n de dar la voz y la palabra a todos los vecinos y vecinas para que puedan expresar libremente sus opiniones, sus valoraciones y\u2026","rel":"","context":"En \u00abEST\u00c1 PASANDO\u00bb","block_context":{"text":"EST\u00c1 PASANDO","link":"https:\/\/iumotril.org\/sitio\/category\/esta-pasando\/"},"img":{"alt_text":"portada-web1.jpg","src":"https:\/\/i0.wp.com\/iumotril.org\/sitio\/wp-content\/uploads\/2015\/06\/portada-web1.jpg?resize=350%2C200","width":350,"height":200,"srcset":"https:\/\/i0.wp.com\/iumotril.org\/sitio\/wp-content\/uploads\/2015\/06\/portada-web1.jpg?resize=350%2C200 1x, https:\/\/i0.wp.com\/iumotril.org\/sitio\/wp-content\/uploads\/2015\/06\/portada-web1.jpg?resize=525%2C300 1.5x, https:\/\/i0.wp.com\/iumotril.org\/sitio\/wp-content\/uploads\/2015\/06\/portada-web1.jpg?resize=700%2C400 2x"},"classes":[]},{"id":1154,"url":"https:\/\/iumotril.org\/sitio\/flor-almon-da-por-amortizado-su-acuerdo-con-izquierda-unida\/","url_meta":{"origin":1447,"position":3},"title":"Flor Alm\u00f3n da por amortizado su acuerdo con Izquierda Unida","author":"Izquierda Unida Motril","date":"3 agosto, 2015","format":false,"excerpt":"La portavoz del Grupo municipal de Izquierda Unida ha reclamado a Flor Alm\u00f3n el cumplimiento de los Acuerdos alcanzados entre ambas formaciones que hicieron posible la investidura de la candidata socialista como alcaldesa de Motril, record\u00e1ndole que ese acuerdo no es un cheque en blanco que pueda utilizar a su\u2026","rel":"","context":"En \u00abAyuntamiento\u00bb","block_context":{"text":"Ayuntamiento","link":"https:\/\/iumotril.org\/sitio\/category\/ayuntamiento\/"},"img":{"alt_text":"Alm\u00f3n y Esc\u00e1mez","src":"https:\/\/i0.wp.com\/iumotril.org\/sitio\/wp-content\/uploads\/2015\/06\/gr-costa-575x323-277x300.jpg?resize=350%2C200","width":350,"height":200},"classes":[]},{"id":882,"url":"https:\/\/iumotril.org\/sitio\/izquierda-unida-apoyara-la-candidata-del-psoe-a-la-alcaldia-de-motril-si-se-cumplen-determinadas-condiciones\/","url_meta":{"origin":1447,"position":4},"title":"Izquierda Unida apoyar\u00e1 a la candidata del PSOE a la Alcald\u00eda de Motril si se cumplen determinadas condiciones","author":"Izquierda Unida Motril","date":"8 junio, 2015","format":false,"excerpt":"Izquierda Unida reitera que, seg\u00fan lo que ha decidido mayoritariamente su Asamblea, la salida del Partido Popular del Ayuntamiento debe ser una prioridad democr\u00e1tica por lo que podr\u00eda considerar prestar su apoyo a la investidura de la candidata del PSOE siempre que se acepten determinadas condiciones m\u00ednimas relativas a actuaciones\u2026","rel":"","context":"En \u00abAyuntamiento\u00bb","block_context":{"text":"Ayuntamiento","link":"https:\/\/iumotril.org\/sitio\/category\/ayuntamiento\/"},"img":{"alt_text":"Condiciones programa","src":"https:\/\/i0.wp.com\/iumotril.org\/sitio\/wp-content\/uploads\/2015\/06\/Hoja-Lineas-Rojas.001-225x300.jpg?resize=350%2C200","width":350,"height":200},"classes":[]},{"id":895,"url":"https:\/\/iumotril.org\/sitio\/aviso-para-navegantes-nuestro-apoyo-no-sera-un-cheque-en-blanco\/","url_meta":{"origin":1447,"position":5},"title":"Aviso para navegantes: nuestro apoyo no ser\u00e1 un cheque en blanco","author":"Izquierda Unida Motril","date":"10 junio, 2015","format":false,"excerpt":"Izquierda Unida no va a ser part\u00edcipe de la venta de las instituciones a las ambiciones personales de algunos partidos, ha manifestado Daniela Paqu\u00e9, que se ha mostrado profundamente decepcionada por la confusi\u00f3n entre lo p\u00fablico y lo privado que se viene manifestando en los \u00faltimos d\u00edas. Izquierda Unida s\u00f3lo\u2026","rel":"","context":"En \u00abAyuntamiento\u00bb","block_context":{"text":"Ayuntamiento","link":"https:\/\/iumotril.org\/sitio\/category\/ayuntamiento\/"},"img":{"alt_text":"Alm\u00f3n y Esc\u00e1mez","src":"https:\/\/i0.wp.com\/iumotril.org\/sitio\/wp-content\/uploads\/2015\/06\/gr-costa-575x323-277x300.jpg?resize=350%2C200","width":350,"height":200},"classes":[]}],"jetpack_likes_enabled":true,"_links":{"self":[{"href":"https:\/\/iumotril.org\/sitio\/wp-json\/wp\/v2\/posts\/1447","targetHints":{"allow":["GET"]}}],"collection":[{"href":"https:\/\/iumotril.org\/sitio\/wp-json\/wp\/v2\/posts"}],"about":[{"href":"https:\/\/iumotril.org\/sitio\/wp-json\/wp\/v2\/types\/post"}],"author":[{"embeddable":true,"href":"https:\/\/iumotril.org\/sitio\/wp-json\/wp\/v2\/users\/1"}],"replies":[{"embeddable":true,"href":"https:\/\/iumotril.org\/sitio\/wp-json\/wp\/v2\/comments?post=1447"}],"version-history":[{"count":4,"href":"https:\/\/iumotril.org\/sitio\/wp-json\/wp\/v2\/posts\/1447\/revisions"}],"predecessor-version":[{"id":1456,"href":"https:\/\/iumotril.org\/sitio\/wp-json\/wp\/v2\/posts\/1447\/revisions\/1456"}],"wp:attachment":[{"href":"https:\/\/iumotril.org\/sitio\/wp-json\/wp\/v2\/media?parent=1447"}],"wp:term":[{"taxonomy":"category","embeddable":true,"href":"https:\/\/iumotril.org\/sitio\/wp-json\/wp\/v2\/categories?post=1447"},{"taxonomy":"post_tag","embeddable":true,"href":"https:\/\/iumotril.org\/sitio\/wp-json\/wp\/v2\/tags?post=1447"}],"curies":[{"name":"wp","href":"https:\/\/api.w.org\/{rel}","templated":true}]}}