{"id":1384,"date":"2015-09-21T13:46:33","date_gmt":"2015-09-21T11:46:33","guid":{"rendered":"http:\/\/iumotril.org\/sitio\/?p=1384"},"modified":"2015-09-21T13:46:33","modified_gmt":"2015-09-21T11:46:33","slug":"izquierda-unida-propone-una-bajada-real-en-los-impuestos-municipales","status":"publish","type":"post","link":"https:\/\/iumotril.org\/sitio\/izquierda-unida-propone-una-bajada-real-en-los-impuestos-municipales\/","title":{"rendered":"Izquierda Unida propone una bajada real en los impuestos municipales"},"content":{"rendered":"<p>Ante la pr\u00f3xima modificaci\u00f3n de las Ordenanzas fiscales reguladoras de diferentes impuestos, entre ellos el de la contribuci\u00f3n (Impuesto de Bienes Inmuebles), el Grupo municipal de Izquierda Unida ha anunciado que defender\u00e1 una bajada en los recibos, especialmente en los de los contribuyentes con menores recursos econ\u00f3micos.<\/p>\n<p><a href=\"https:\/\/iumotril.org\/sitio\/wp-content\/uploads\/2015\/09\/Daniela-Paque_2.jpg\"><img loading=\"lazy\" decoding=\"async\" data-attachment-id=\"1395\" data-permalink=\"https:\/\/iumotril.org\/sitio\/izquierda-unida-propone-una-bajada-real-en-los-impuestos-municipales\/daniela-paque_2\/\" data-orig-file=\"https:\/\/iumotril.org\/sitio\/wp-content\/uploads\/2015\/09\/Daniela-Paque_2.jpg\" data-orig-size=\"600,619\" data-comments-opened=\"1\" data-image-meta=\"{&quot;aperture&quot;:&quot;5&quot;,&quot;credit&quot;:&quot;&quot;,&quot;camera&quot;:&quot;Canon EOS 550D&quot;,&quot;caption&quot;:&quot;&quot;,&quot;created_timestamp&quot;:&quot;1438250853&quot;,&quot;copyright&quot;:&quot;&quot;,&quot;focal_length&quot;:&quot;39&quot;,&quot;iso&quot;:&quot;3200&quot;,&quot;shutter_speed&quot;:&quot;0.033333333333333&quot;,&quot;title&quot;:&quot;&quot;,&quot;orientation&quot;:&quot;1&quot;}\" data-image-title=\"Daniela Paque_2\" data-image-description=\"\" data-image-caption=\"\" data-large-file=\"https:\/\/iumotril.org\/sitio\/wp-content\/uploads\/2015\/09\/Daniela-Paque_2.jpg\" class=\"alignleft wp-image-1395 size-medium\" src=\"https:\/\/iumotril.org\/sitio\/wp-content\/uploads\/2015\/09\/Daniela-Paque_2-291x300.jpg\" alt=\"Daniela Paque_2\" width=\"291\" height=\"300\" srcset=\"https:\/\/iumotril.org\/sitio\/wp-content\/uploads\/2015\/09\/Daniela-Paque_2-291x300.jpg 291w, https:\/\/iumotril.org\/sitio\/wp-content\/uploads\/2015\/09\/Daniela-Paque_2-36x36.jpg 36w, https:\/\/iumotril.org\/sitio\/wp-content\/uploads\/2015\/09\/Daniela-Paque_2.jpg 600w\" sizes=\"auto, (max-width: 291px) 100vw, 291px\" \/><\/a>Izquierda Unida solicitar\u00e1 al equipo de gobierno que los presupuestos municipales para el pr\u00f3ximo a\u00f1o recojan una bajada significativa del recibo de la contribuci\u00f3n (Impuesto de Bienes Inmuebles) que beneficie sobre todo a las familias m\u00e1s desfavorecidas.<\/p>\n<p>La formaci\u00f3n de izquierdas considera que, a pesar de lo que se ha querido vender, en los \u00faltimos a\u00f1os los impuestos que pagan los ciudadanos\/as de Motril han subido una barbaridad, increment\u00e1ndose la presi\u00f3n fiscal de \u00a0forma muy considerable.<\/p>\n<p>Con anterioridad a la elaboraci\u00f3n de los presupuestos, ser\u00e1 necesaria la adecuaci\u00f3n de los tipos de gravamen aplicables al recibo del IBI como consecuencia de la revisi\u00f3n integral de los valores catastrales a partir de enero de 2016. Por ello, propone que por medio de bonificaciones y subvenciones se act\u00fae con car\u00e1cter progresivo para la reducci\u00f3n de los recibos de los contribuyentes que sean propietarios de una vivienda, es decir, para su uso residencial. Estas bonificaciones o subvenciones ir\u00e1n dirigidas, preferentemente, a parados de larga duraci\u00f3n y a las familias numerosas, a \u00e9stas \u00faltimas de forma proporcional a sus ingresos econ\u00f3micos \u2013no como hasta ahora que todas ellas se beneficiaban de una deducci\u00f3n del 90%, con independencia de su capacidad econ\u00f3mica&#8211;.<\/p>\n<p>Izquierda Unida defender\u00e1 que la prioridad de los presupuestos para el pr\u00f3ximo a\u00f1o debe ser el gasto social, que es la deuda m\u00e1s importante que tiene el Ayuntamiento de Motril, seg\u00fan ha declarado Daniela Paqu\u00e9, portavoz del Grupo municipal de Izquierda Unida, \u00a0que ha emplazado a los responsables municipales a que valoren otras v\u00edas de financiaci\u00f3n que compensen la previsible merma de ingresos que pueda suponer la bajada en los recibos.<\/p>\n<p>Ha apuntado, entre otras, el establecimiento de recargos en las viviendas que permanezcan vac\u00edas, el pago de cuotas tributarias por parte de las viviendas \u201cdiseminadas\u201d (construcciones ilegales en suelo r\u00fastico), los recargos para algunos usos no residenciales en funci\u00f3n del valor catastral o la aplicaci\u00f3n de tasas a las grandes superficies y a las empresas grandes generadoras de residuos.<\/p>\n","protected":false},"excerpt":{"rendered":"<p>Izquierda Unida solicitar\u00e1 al equipo de gobierno que los presupuestos municipales para el pr\u00f3ximo a\u00f1o recojan una bajada significativa del recibo de la contribuci\u00f3n (Impuesto de Bienes Inmuebles) que beneficie sobre todo a las familias m\u00e1s desfavorecidas.  Defender\u00e1 que la prioridad de los presupuestos para el pr\u00f3ximo a\u00f1o debe ser el gasto social, que es la deuda m\u00e1s importante que tiene el Ayuntamiento de Motril.<\/p>\n","protected":false},"author":1,"featured_media":0,"comment_status":"open","ping_status":"open","sticky":false,"template":"","format":"standard","meta":{"cybocfi_hide_featured_image":"","_jetpack_newsletter_access":"","_jetpack_dont_email_post_to_subs":false,"_jetpack_newsletter_tier_id":0,"_jetpack_memberships_contains_paywalled_content":false,"_jetpack_memberships_contains_paid_content":false,"footnotes":""},"categories":[7,43],"tags":[262,264,263,261,63],"class_list":["post-1384","post","type-post","status-publish","format-standard","hentry","category-ayuntamiento","category-impuestos-locales","tag-bajada-impuestos","tag-contribucion","tag-ibi","tag-presion-fiscal","tag-propuestas"],"jetpack_featured_media_url":"","jetpack_sharing_enabled":true,"jetpack_shortlink":"https:\/\/wp.me\/p4QsU5-mk","jetpack-related-posts":[{"id":1469,"url":"https:\/\/iumotril.org\/sitio\/izquierda-unida-no-apoyara-bajadas-simbolicas-de-los-impuestos-municipales\/","url_meta":{"origin":1384,"position":0},"title":"IZQUIERDA UNIDA NO APOYAR\u00c1 BAJADAS SIMB\u00d3LICAS DE LOS IMPUESTOS MUNICIPALES","author":"Izquierda Unida Motril","date":"9 octubre, 2015","format":false,"excerpt":"Ante la pr\u00f3xima modificaci\u00f3n de las Ordenanzas fiscales reguladoras de diferentes tasas e impuestos, entre ellos el de la contribuci\u00f3n (Impuesto de Bienes Inmuebles), la tasa de basuras y otras, el Grupo municipal de Izquierda Unida ha anunciado que defender\u00e1 una bajada real en los recibos, especialmente para los contribuyentes\u2026","rel":"","context":"En \u00abEST\u00c1 PASANDO\u00bb","block_context":{"text":"EST\u00c1 PASANDO","link":"https:\/\/iumotril.org\/sitio\/category\/esta-pasando\/"},"img":{"alt_text":"Motril libre desahucios_2","src":"https:\/\/i0.wp.com\/iumotril.org\/sitio\/wp-content\/uploads\/2015\/09\/Motril-libre-desahucios_2-1024x467.jpg?resize=350%2C200","width":350,"height":200,"srcset":"https:\/\/i0.wp.com\/iumotril.org\/sitio\/wp-content\/uploads\/2015\/09\/Motril-libre-desahucios_2-1024x467.jpg?resize=350%2C200 1x, https:\/\/i0.wp.com\/iumotril.org\/sitio\/wp-content\/uploads\/2015\/09\/Motril-libre-desahucios_2-1024x467.jpg?resize=525%2C300 1.5x"},"classes":[]},{"id":1493,"url":"https:\/\/iumotril.org\/sitio\/carta-abierta-a-los-comerciantes-y-hosteleros-de-motril\/","url_meta":{"origin":1384,"position":1},"title":"Carta abierta  a los comerciantes y hosteleros de Motril","author":"Izquierda Unida Motril","date":"16 octubre, 2015","format":false,"excerpt":"Izquierda Unida no se ha opuesto a una bajada de la tasa de utilizaci\u00f3n de dominio p\u00fablico. Ha rechazado una propuesta injusta y desfavorable para la mayor\u00eda ciudadana. Seguir\u00e1 defendiendo una bajada justa y progresiva de los impuestos municipales que beneficie a la mayor\u00eda de los ciudadanos, en defensa del\u2026","rel":"","context":"En \u00abEST\u00c1 PASANDO\u00bb","block_context":{"text":"EST\u00c1 PASANDO","link":"https:\/\/iumotril.org\/sitio\/category\/esta-pasando\/"},"img":{"alt_text":"Rebaja Impuestos REDUCIDA","src":"https:\/\/i0.wp.com\/iumotril.org\/sitio\/wp-content\/uploads\/2015\/10\/Rebaja-Impuestos-REDUCIDA-300x212.jpg?resize=350%2C200","width":350,"height":200},"classes":[]},{"id":327,"url":"https:\/\/iumotril.org\/sitio\/iu-acusa-al-pp-de-mantener-impuestos-injustos-que-provocan-que-pague-mas-el-que-menos-tiene\/","url_meta":{"origin":1384,"position":2},"title":"IU acusa al PP de mantener impuestos injustos que provocan que pague m\u00e1s el que menos tiene","author":"Izquierda Unida Motril","date":"12 noviembre, 2014","format":false,"excerpt":"IU critica como la din\u00e1mica electoralista de los \u00faltimos meses del PP para intentar frenar su debacle electoral, les lleva a buscar titulares con los que intentan enga\u00f1ar a los ciudadan@s. \u201cEsta inercia electoralista incluso les lleva a anunciar bajadas de impuestos que no son reales, Porque la realidad de\u2026","rel":"","context":"En \u00abimpuestos locales\u00bb","block_context":{"text":"impuestos locales","link":"https:\/\/iumotril.org\/sitio\/category\/impuestos-locales\/"},"img":{"alt_text":"daniela IV","src":"https:\/\/i0.wp.com\/iumotril.org\/sitio\/wp-content\/uploads\/2014\/10\/daniela-IV-300x208.jpg?resize=350%2C200","width":350,"height":200},"classes":[]},{"id":7913,"url":"https:\/\/iumotril.org\/sitio\/iu-equo-reclama-una-politica-fiscal-progresiva-y-mas-justa-para-los-vecinos\/","url_meta":{"origin":1384,"position":3},"title":"IU-Equo reclama una pol\u00edtica fiscal progresiva  y m\u00e1s justa para los vecinos","author":"Izquierda Unida Motril","date":"28 diciembre, 2021","format":false,"excerpt":"Inma Omiste ha denunciado la \u201cimpostura del gobierno de derechas\u201d, que no deja de anunciar bajadas generalizadas de impuestos cuando est\u00e1 en la oposici\u00f3n y, a la hora de la verdad, cuando gobierna, s\u00f3lo se reducen impuestos a los m\u00e1s ricos y a las grandes empresas en detrimento de las\u2026","rel":"","context":"En \u00abAyuntamiento\u00bb","block_context":{"text":"Ayuntamiento","link":"https:\/\/iumotril.org\/sitio\/category\/ayuntamiento\/"},"img":{"alt_text":"","src":"https:\/\/i0.wp.com\/iumotril.org\/sitio\/wp-content\/uploads\/2021\/11\/Inma-23-noviembre.jpg?resize=350%2C200","width":350,"height":200,"srcset":"https:\/\/i0.wp.com\/iumotril.org\/sitio\/wp-content\/uploads\/2021\/11\/Inma-23-noviembre.jpg?resize=350%2C200 1x, https:\/\/i0.wp.com\/iumotril.org\/sitio\/wp-content\/uploads\/2021\/11\/Inma-23-noviembre.jpg?resize=525%2C300 1.5x, https:\/\/i0.wp.com\/iumotril.org\/sitio\/wp-content\/uploads\/2021\/11\/Inma-23-noviembre.jpg?resize=700%2C400 2x, https:\/\/i0.wp.com\/iumotril.org\/sitio\/wp-content\/uploads\/2021\/11\/Inma-23-noviembre.jpg?resize=1050%2C600 3x, https:\/\/i0.wp.com\/iumotril.org\/sitio\/wp-content\/uploads\/2021\/11\/Inma-23-noviembre.jpg?resize=1400%2C800 4x"},"classes":[]},{"id":1544,"url":"https:\/\/iumotril.org\/sitio\/izquierda-unida-rechazara-de-nuevo-la-modificacion-de-las-ordenanzas-fiscales-por-considerarlas-socialmente-injustas\/","url_meta":{"origin":1384,"position":4},"title":"IZQUIERDA UNIDA RECHAZAR\u00c1 DE NUEVO LA MODIFICACI\u00d3N DE LAS ORDENANZAS FISCALES POR CONSIDERARLAS SOCIALMENTE INJUSTAS","author":"Izquierda Unida Motril","date":"29 octubre, 2015","format":false,"excerpt":"Izquierda Unida cree que esta \u201ctenaza\u201d entre el PSOE y la derecha motrile\u00f1a pone de manifiesto la bajeza pol\u00edtica y la falta de proyecto pol\u00edtico del equipo de gobierno que acus\u00f3 a Izquierda Unida de irresponsabilidad al rechazar la anterior propuesta (que supon\u00eda una reducci\u00f3n de 4 euros en los\u2026","rel":"","context":"En \u00abEST\u00c1 PASANDO\u00bb","block_context":{"text":"EST\u00c1 PASANDO","link":"https:\/\/iumotril.org\/sitio\/category\/esta-pasando\/"},"img":{"alt_text":"Daniela_3010","src":"https:\/\/i0.wp.com\/iumotril.org\/sitio\/wp-content\/uploads\/2015\/10\/Daniela_3010-809x1024.jpg?resize=350%2C200","width":350,"height":200,"srcset":"https:\/\/i0.wp.com\/iumotril.org\/sitio\/wp-content\/uploads\/2015\/10\/Daniela_3010-809x1024.jpg?resize=350%2C200 1x, https:\/\/i0.wp.com\/iumotril.org\/sitio\/wp-content\/uploads\/2015\/10\/Daniela_3010-809x1024.jpg?resize=525%2C300 1.5x"},"classes":[]},{"id":10170,"url":"https:\/\/iumotril.org\/sitio\/rechazamos-la-supresion-de-beneficios-sociales-en-impuestos-y-tasas-municipales-a-parados-y-familias-vulnerables\/","url_meta":{"origin":1384,"position":5},"title":"Rechazamos la supresi\u00f3n de beneficios sociales en impuestos y tasas municipales a parados y familias vulnerables","author":"Izquierda Unida Motril","date":"10 octubre, 2024","format":false,"excerpt":"En los cinco a\u00f1os de gobierno de las derechas motrile\u00f1as en la ciudad, ninguna de las modificaciones fiscales que se han llevado a cabo ha sido en beneficio de la ciudadan\u00eda y a\u00fan menos de las familias m\u00e1s vulnerables. Ha recordado la subida de la tasa de basura de principios\u2026","rel":"","context":"En \u00abAyuntamiento\u00bb","block_context":{"text":"Ayuntamiento","link":"https:\/\/iumotril.org\/sitio\/category\/ayuntamiento\/"},"img":{"alt_text":"","src":"https:\/\/i0.wp.com\/iumotril.org\/sitio\/wp-content\/uploads\/2024\/10\/Impuestos-municipales.jpg?resize=350%2C200&ssl=1","width":350,"height":200},"classes":[]}],"jetpack_likes_enabled":true,"_links":{"self":[{"href":"https:\/\/iumotril.org\/sitio\/wp-json\/wp\/v2\/posts\/1384","targetHints":{"allow":["GET"]}}],"collection":[{"href":"https:\/\/iumotril.org\/sitio\/wp-json\/wp\/v2\/posts"}],"about":[{"href":"https:\/\/iumotril.org\/sitio\/wp-json\/wp\/v2\/types\/post"}],"author":[{"embeddable":true,"href":"https:\/\/iumotril.org\/sitio\/wp-json\/wp\/v2\/users\/1"}],"replies":[{"embeddable":true,"href":"https:\/\/iumotril.org\/sitio\/wp-json\/wp\/v2\/comments?post=1384"}],"version-history":[{"count":4,"href":"https:\/\/iumotril.org\/sitio\/wp-json\/wp\/v2\/posts\/1384\/revisions"}],"predecessor-version":[{"id":1396,"href":"https:\/\/iumotril.org\/sitio\/wp-json\/wp\/v2\/posts\/1384\/revisions\/1396"}],"wp:attachment":[{"href":"https:\/\/iumotril.org\/sitio\/wp-json\/wp\/v2\/media?parent=1384"}],"wp:term":[{"taxonomy":"category","embeddable":true,"href":"https:\/\/iumotril.org\/sitio\/wp-json\/wp\/v2\/categories?post=1384"},{"taxonomy":"post_tag","embeddable":true,"href":"https:\/\/iumotril.org\/sitio\/wp-json\/wp\/v2\/tags?post=1384"}],"curies":[{"name":"wp","href":"https:\/\/api.w.org\/{rel}","templated":true}]}}