{"id":138,"date":"2014-08-14T10:33:43","date_gmt":"2014-08-14T09:33:43","guid":{"rendered":"http:\/\/iumotril.org\/sitio\/?p=138"},"modified":"2014-09-18T11:44:31","modified_gmt":"2014-09-18T10:44:31","slug":"iu-califica-de-fracaso-la-feria-de-dia","status":"publish","type":"post","link":"https:\/\/iumotril.org\/sitio\/iu-califica-de-fracaso-la-feria-de-dia\/","title":{"rendered":"IU CALIFICA DE FRACASO LA FERIA DE D\u00cdA"},"content":{"rendered":"<p>Como ya predijo hace unas semanas Christian Linares, coordinador del \u00c1rea de Juventud de IU-Motril, \u201cel PP de nuestra localidad est\u00e1 condenando nuestra feria de d\u00eda al fracaso\u201d.<br \/>\nY as\u00ed parecen corroborarlo los hechos, ya que a juicio de Linares \u201cno hay m\u00e1s que echar un vistazo a las redes sociales para darse cuenta de las verdaderas opiniones de la gente. Palabras como bodrio, declive, cr\u00edticas a la Polic\u00eda Local, frases ingeniosas burl\u00e1ndose de la feria de este a\u00f1o&#8230; Y as\u00ed, un sinf\u00edn de comentarios que ponen en tela de juicio lo que el Equipo de Gobierno nos vendi\u00f3 como una mejora y un lavado de cara radical a este evento\u201d.<br \/>\n\u201cEl PP -contin\u00faa el responsable de Juventud de IU- nos ha vuelto a vender humo. Crean una caseta de 600 metros cuadrados en las que todo el mundo tiene que estar hacinado. 600 metros cuadrados para una poblaci\u00f3n de m\u00e1s de sesenta mil habitantes\u201d.<br \/>\nLinares recuerda que el PP justific\u00f3 este cambio de ubicaci\u00f3n en las molestias a los vecinos del centro durante las horas de la feria de d\u00eda \u201cy, sin embargo, ahora ampl\u00edan el horario en otra zona c\u00e9ntrica, sin tener en cuenta a quienes viven en las zonas colindantes de la plaza y que sufren el ruido y la suciedad durante m\u00e1s tiempo que en otros a\u00f1os\u201d.<br \/>\nAdem\u00e1s, Christian Linares comenta la m\u00e1s que cuestionable actitud de la Polic\u00eda Local \u201cquienes realizan su trabajo en las zonas-l\u00edmite de los espacios donde est\u00e1 permitido beber, m\u00e1s preocupados en pillar a qui\u00e9nes se saltan el bando municipal que en actuar en los lugares donde se pueden originar conflictos (es una de las cr\u00edticas que se les realiza en redes sociales como Twitter). Igualmente, se dan situaciones tan esperp\u00e9nticas como la intimidaci\u00f3n a un grupo de j\u00f3venes por llevar agua. Son escenas que solo ocurren en una ciudad gobernada sin mirar a los ciudadanos y ciudadanas\u201d.<br \/>\nPara terminar, y respondiendo al Concejal de Fiestas en un desafortunado comentario, Linares dice que \u201cno nos planteamos que la juventud motrile\u00f1a sea como la cubana o la venezolana, simplemente queremos que la Feria de D\u00eda recupere el car\u00e1cter que la ha<\/p>\n<p>llevado a ser una de las m\u00e1s aclamadas de la costa, algo que ustedes, desde su postura absolutista, est\u00e1n enterrando a pasos agigantados\u201d.<\/p>\n","protected":false},"excerpt":{"rendered":"<p>Como ya predijo hace unas semanas Christian Linares, coordinador del [&hellip;]<\/p>\n","protected":false},"author":1,"featured_media":0,"comment_status":"open","ping_status":"open","sticky":false,"template":"","format":"standard","meta":{"cybocfi_hide_featured_image":"","_jetpack_newsletter_access":"","_jetpack_dont_email_post_to_subs":false,"_jetpack_newsletter_tier_id":0,"_jetpack_memberships_contains_paywalled_content":false,"_jetpack_memberships_contains_paid_content":false,"footnotes":""},"categories":[1],"tags":[],"class_list":["post-138","post","type-post","status-publish","format-standard","hentry","category-sin-categoria"],"jetpack_featured_media_url":"","jetpack_sharing_enabled":true,"jetpack_shortlink":"https:\/\/wp.me\/p4QsU5-2e","jetpack-related-posts":[{"id":10092,"url":"https:\/\/iumotril.org\/sitio\/nuestra-disconformidad-con-la-organizacion-y-la-programacion-de-actuaciones-de-la-feria-de-motril\/","url_meta":{"origin":138,"position":0},"title":"Nuestra disconformidad con la organizaci\u00f3n y la programaci\u00f3n de actuaciones de la Feria de Motril","author":"Izquierda Unida Motril","date":"7 agosto, 2024","format":false,"excerpt":"Como otros a\u00f1os, nos encontramos con una feria dividida en dos: la feria de noche en el Cortijo del Conde, y la feria de d\u00eda en el centro. En lugar de juntar ambas celebraciones en el mismo espacio, como ocurre en la feria de Almu\u00f1\u00e9car o la de Granada, por\u2026","rel":"","context":"En \u00abAyuntamiento\u00bb","block_context":{"text":"Ayuntamiento","link":"https:\/\/iumotril.org\/sitio\/category\/ayuntamiento\/"},"img":{"alt_text":"","src":"https:\/\/i0.wp.com\/iumotril.org\/sitio\/wp-content\/uploads\/2024\/08\/Presentacion-Fiestas-Patronales-2024.jpeg?resize=350%2C200&ssl=1","width":350,"height":200,"srcset":"https:\/\/i0.wp.com\/iumotril.org\/sitio\/wp-content\/uploads\/2024\/08\/Presentacion-Fiestas-Patronales-2024.jpeg?resize=350%2C200&ssl=1 1x, https:\/\/i0.wp.com\/iumotril.org\/sitio\/wp-content\/uploads\/2024\/08\/Presentacion-Fiestas-Patronales-2024.jpeg?resize=525%2C300&ssl=1 1.5x, https:\/\/i0.wp.com\/iumotril.org\/sitio\/wp-content\/uploads\/2024\/08\/Presentacion-Fiestas-Patronales-2024.jpeg?resize=700%2C400&ssl=1 2x, https:\/\/i0.wp.com\/iumotril.org\/sitio\/wp-content\/uploads\/2024\/08\/Presentacion-Fiestas-Patronales-2024.jpeg?resize=1050%2C600&ssl=1 3x, https:\/\/i0.wp.com\/iumotril.org\/sitio\/wp-content\/uploads\/2024\/08\/Presentacion-Fiestas-Patronales-2024.jpeg?resize=1400%2C800&ssl=1 4x"},"classes":[]},{"id":120,"url":"https:\/\/iumotril.org\/sitio\/denunciamos-el-estado-de-dejadez-en-el-que-se-encuentra-el-mirador-de-san-nicolas-de-motril\/","url_meta":{"origin":138,"position":1},"title":"Denunciamos el estado de dejadez en el que se encuentra el mirador de San Nicol\u00e1s de Motril","author":"Izquierda Unida Motril","date":"16 septiembre, 2014","format":false,"excerpt":"Si hace unos d\u00edas, la alcaldesa de nuestra ciudad ironizaba en las redes sociales sobre el estado en el que se encuentra la Rambla de las Brujas al sugerir que se podr\u00eda realizar un \u00abestudio bot\u00e1nico dada la cantidad de matorrales que hay\u00bb. Esa visi\u00f3n cr\u00edtica sobre los lugares que\u2026","rel":"","context":"En \u00abSin categor\u00eda\u00bb","block_context":{"text":"Sin categor\u00eda","link":"https:\/\/iumotril.org\/sitio\/category\/sin-categoria\/"},"img":{"alt_text":"MIRADOR ZONA NORTE","src":"https:\/\/i0.wp.com\/iumotril.org\/sitio\/wp-content\/uploads\/2014\/09\/MIRADOR-ZONA-NORTE-300x168.jpg?resize=350%2C200","width":350,"height":200},"classes":[]},{"id":381,"url":"https:\/\/iumotril.org\/sitio\/el-pp-descuida-el-parque-de-los-pueblos-de-america\/","url_meta":{"origin":138,"position":2},"title":"El PP descuida el Parque de los Pueblos de Am\u00e9rica","author":"Izquierda Unida Motril","date":"9 enero, 2015","format":false,"excerpt":"As\u00ed lo confirman desde el \u00c1rea de Juventud de IU-Motril, que, durante varios d\u00edas aleatorios, ha querido conocer la opini\u00f3n de motrile\u00f1os, motrile\u00f1as y visitantes de nuestra localidad acerca del estado en el que se encuentra uno de los pulmones de la Costa Tropical. Su portavoz, Christian Linares, es contundente\u2026","rel":"","context":"En \u00abSin categor\u00eda\u00bb","block_context":{"text":"Sin categor\u00eda","link":"https:\/\/iumotril.org\/sitio\/category\/sin-categoria\/"},"img":{"alt_text":"christian 2014","src":"https:\/\/i0.wp.com\/iumotril.org\/sitio\/wp-content\/uploads\/2015\/01\/christian-2014-198x300.jpg?resize=350%2C200","width":350,"height":200},"classes":[]},{"id":10052,"url":"https:\/\/iumotril.org\/sitio\/iu-verdes-equo-critica-el-retraso-de-la-puesta-en-marcha-del-centro-para-la-juventud-formacion-y-empleo-en-la-rambla-de-los-alamos\/","url_meta":{"origin":138,"position":3},"title":"IU-Verdes Equo critica el retraso de la puesta en marcha del Centro para la Juventud, Formaci\u00f3n y Empleo en la Rambla de los \u00c1lamos","author":"Izquierda Unida Motril","date":"16 julio, 2024","format":false,"excerpt":"La realidad de todo ese gran anuncio es un edificio cerrado.-ha declarado el portavoz de Juventud, Christian linares-. Esta situaci\u00f3n no solo refleja una falta de compromiso con la juventud, sino tambi\u00e9n una grave carencia en la planificaci\u00f3n y ejecuci\u00f3n de pol\u00edticas que verdaderamente beneficien a nuestra comunidad Y, por\u2026","rel":"","context":"En \u00abAyuntamiento\u00bb","block_context":{"text":"Ayuntamiento","link":"https:\/\/iumotril.org\/sitio\/category\/ayuntamiento\/"},"img":{"alt_text":"","src":"https:\/\/i0.wp.com\/iumotril.org\/sitio\/wp-content\/uploads\/2024\/07\/Centro-juventud-y-empleo-los-Alamos.jpeg?resize=350%2C200&ssl=1","width":350,"height":200,"srcset":"https:\/\/i0.wp.com\/iumotril.org\/sitio\/wp-content\/uploads\/2024\/07\/Centro-juventud-y-empleo-los-Alamos.jpeg?resize=350%2C200&ssl=1 1x, https:\/\/i0.wp.com\/iumotril.org\/sitio\/wp-content\/uploads\/2024\/07\/Centro-juventud-y-empleo-los-Alamos.jpeg?resize=525%2C300&ssl=1 1.5x, https:\/\/i0.wp.com\/iumotril.org\/sitio\/wp-content\/uploads\/2024\/07\/Centro-juventud-y-empleo-los-Alamos.jpeg?resize=700%2C400&ssl=1 2x, https:\/\/i0.wp.com\/iumotril.org\/sitio\/wp-content\/uploads\/2024\/07\/Centro-juventud-y-empleo-los-Alamos.jpeg?resize=1050%2C600&ssl=1 3x"},"classes":[]},{"id":435,"url":"https:\/\/iumotril.org\/sitio\/iu-motril-advierte-de-que-el-pp-vuelve-a-vender-humo-con-el-carril-bici-de-los-alamos\/","url_meta":{"origin":138,"position":4},"title":"IU-Motril advierte de que el PP vuelve a vender humo con el Carril Bici de los \u00c1lamos","author":"Izquierda Unida Motril","date":"30 enero, 2015","format":false,"excerpt":"As\u00ed lo anuncian desde el \u00c1rea de Juventud de la formaci\u00f3n de izquierdas tras percatarse de que, tras la sonada inauguraci\u00f3n del carril, el mismo est\u00e1 necesitando el arreglo de diferentes zonas que imposibilitan su recorrido. Christian Linares, coordinador del \u00e1rea, lamenta que \u201cel PP motrile\u00f1o demuestre, una vez m\u00e1s,\u2026","rel":"","context":"En \u00abSin categor\u00eda\u00bb","block_context":{"text":"Sin categor\u00eda","link":"https:\/\/iumotril.org\/sitio\/category\/sin-categoria\/"},"img":{"alt_text":"IMG-20150130-WA0002","src":"https:\/\/i0.wp.com\/iumotril.org\/sitio\/wp-content\/uploads\/2015\/01\/IMG-20150130-WA0002-300x168.jpg?resize=350%2C200","width":350,"height":200},"classes":[]},{"id":10770,"url":"https:\/\/iumotril.org\/sitio\/iu-verdes-equo-critica-la-falta-de-originalidad-de-la-programacion-de-propuestas-en-las-fiestas-patronales\/","url_meta":{"origin":138,"position":5},"title":"IU Verdes Equo critica la falta de originalidad de la programaci\u00f3n de propuestas en las fiestas patronales","author":"Izquierda Unida Motril","date":"5 agosto, 2025","format":false,"excerpt":"En cuanto a las fiestas locales de nuestra ciudad, volvemos a encontrarnos con una programaci\u00f3n descafeinada que acaba por no contentar a nadie, a pesar de que hay algunos cambios que merecen especial consideraci\u00f3n por parte de nuestro grupo municipal: Me refiero a la feria de d\u00eda, trasladada algunos d\u00edas\u2026","rel":"","context":"En \u00abAyuntamiento\u00bb","block_context":{"text":"Ayuntamiento","link":"https:\/\/iumotril.org\/sitio\/category\/ayuntamiento\/"},"img":{"alt_text":"","src":"https:\/\/i0.wp.com\/iumotril.org\/sitio\/wp-content\/uploads\/2025\/08\/PHOTO-2025-08-05-11-04-16-scaled.jpg?resize=350%2C200&ssl=1","width":350,"height":200,"srcset":"https:\/\/i0.wp.com\/iumotril.org\/sitio\/wp-content\/uploads\/2025\/08\/PHOTO-2025-08-05-11-04-16-scaled.jpg?resize=350%2C200&ssl=1 1x, https:\/\/i0.wp.com\/iumotril.org\/sitio\/wp-content\/uploads\/2025\/08\/PHOTO-2025-08-05-11-04-16-scaled.jpg?resize=525%2C300&ssl=1 1.5x, https:\/\/i0.wp.com\/iumotril.org\/sitio\/wp-content\/uploads\/2025\/08\/PHOTO-2025-08-05-11-04-16-scaled.jpg?resize=700%2C400&ssl=1 2x, https:\/\/i0.wp.com\/iumotril.org\/sitio\/wp-content\/uploads\/2025\/08\/PHOTO-2025-08-05-11-04-16-scaled.jpg?resize=1050%2C600&ssl=1 3x, https:\/\/i0.wp.com\/iumotril.org\/sitio\/wp-content\/uploads\/2025\/08\/PHOTO-2025-08-05-11-04-16-scaled.jpg?resize=1400%2C800&ssl=1 4x"},"classes":[]}],"jetpack_likes_enabled":true,"_links":{"self":[{"href":"https:\/\/iumotril.org\/sitio\/wp-json\/wp\/v2\/posts\/138","targetHints":{"allow":["GET"]}}],"collection":[{"href":"https:\/\/iumotril.org\/sitio\/wp-json\/wp\/v2\/posts"}],"about":[{"href":"https:\/\/iumotril.org\/sitio\/wp-json\/wp\/v2\/types\/post"}],"author":[{"embeddable":true,"href":"https:\/\/iumotril.org\/sitio\/wp-json\/wp\/v2\/users\/1"}],"replies":[{"embeddable":true,"href":"https:\/\/iumotril.org\/sitio\/wp-json\/wp\/v2\/comments?post=138"}],"version-history":[{"count":1,"href":"https:\/\/iumotril.org\/sitio\/wp-json\/wp\/v2\/posts\/138\/revisions"}],"predecessor-version":[{"id":139,"href":"https:\/\/iumotril.org\/sitio\/wp-json\/wp\/v2\/posts\/138\/revisions\/139"}],"wp:attachment":[{"href":"https:\/\/iumotril.org\/sitio\/wp-json\/wp\/v2\/media?parent=138"}],"wp:term":[{"taxonomy":"category","embeddable":true,"href":"https:\/\/iumotril.org\/sitio\/wp-json\/wp\/v2\/categories?post=138"},{"taxonomy":"post_tag","embeddable":true,"href":"https:\/\/iumotril.org\/sitio\/wp-json\/wp\/v2\/tags?post=138"}],"curies":[{"name":"wp","href":"https:\/\/api.w.org\/{rel}","templated":true}]}}