{"id":1376,"date":"2015-09-17T13:07:06","date_gmt":"2015-09-17T11:07:06","guid":{"rendered":"http:\/\/iumotril.org\/sitio\/?p=1376"},"modified":"2015-09-17T13:07:06","modified_gmt":"2015-09-17T11:07:06","slug":"izquierda-unida-denuncia-persecucion-sindical-en-limdeco-y-reclama-el-cese-de-inmediato-del-gerente","status":"publish","type":"post","link":"https:\/\/iumotril.org\/sitio\/izquierda-unida-denuncia-persecucion-sindical-en-limdeco-y-reclama-el-cese-de-inmediato-del-gerente\/","title":{"rendered":"IZQUIERDA UNIDA DENUNCIA PERSECUCI\u00d3N SINDICAL EN LIMDECO Y RECLAMA EL CESE DE INMEDIATO DEL GERENTE"},"content":{"rendered":"<p>La direcci\u00f3n de LIMDECO ha demandado judicialmente a cinco delegados sindicales (cuatro de CC.OO y uno de CGT) por acoso laboral, una estrategia que pretende desviar la atenci\u00f3n de su incapacidad e incompetencia manifiesta para cumplir con su cometido: organizar eficazmente el servicio y limpiar de suciedad las calles y playas de Motril. Tras conocer esta actuaci\u00f3n, el Grupo municipal de Izquierda Unida ha solicitado la convocatoria urgente del Consejo de Administraci\u00f3n para acordar el cese inmediato de su Gerente.<\/p>\n<p><a href=\"https:\/\/iumotril.org\/sitio\/wp-content\/uploads\/2015\/09\/basura-limdeco.jpg\"><img loading=\"lazy\" decoding=\"async\" data-attachment-id=\"1386\" data-permalink=\"https:\/\/iumotril.org\/sitio\/izquierda-unida-denuncia-persecucion-sindical-en-limdeco-y-reclama-el-cese-de-inmediato-del-gerente\/basura-limdeco\/\" data-orig-file=\"https:\/\/iumotril.org\/sitio\/wp-content\/uploads\/2015\/09\/basura-limdeco.jpg\" data-orig-size=\"286,328\" data-comments-opened=\"1\" data-image-meta=\"{&quot;aperture&quot;:&quot;0&quot;,&quot;credit&quot;:&quot;&quot;,&quot;camera&quot;:&quot;&quot;,&quot;caption&quot;:&quot;&quot;,&quot;created_timestamp&quot;:&quot;0&quot;,&quot;copyright&quot;:&quot;&quot;,&quot;focal_length&quot;:&quot;0&quot;,&quot;iso&quot;:&quot;0&quot;,&quot;shutter_speed&quot;:&quot;0&quot;,&quot;title&quot;:&quot;&quot;,&quot;orientation&quot;:&quot;0&quot;}\" data-image-title=\"basura limdeco\" data-image-description=\"\" data-image-caption=\"\" data-large-file=\"https:\/\/iumotril.org\/sitio\/wp-content\/uploads\/2015\/09\/basura-limdeco.jpg\" class=\"alignleft size-full wp-image-1386\" src=\"https:\/\/iumotril.org\/sitio\/wp-content\/uploads\/2015\/09\/basura-limdeco.jpg\" alt=\"basura limdeco\" width=\"286\" height=\"328\" srcset=\"https:\/\/iumotril.org\/sitio\/wp-content\/uploads\/2015\/09\/basura-limdeco.jpg 286w, https:\/\/iumotril.org\/sitio\/wp-content\/uploads\/2015\/09\/basura-limdeco-262x300.jpg 262w\" sizes=\"auto, (max-width: 286px) 100vw, 286px\" \/><\/a>La Representaci\u00f3n Legal de los Trabajadores de LIMDECO, en el ejercicio de sus funciones, viene denunciando p\u00fablicamente desde hace a\u00f1os lo que considera que constituyen diversas irregularidades e ineficiencias en la gesti\u00f3n de la empresa p\u00fablica. Entre otras, su mala gesti\u00f3n econ\u00f3mica, su ca\u00f3tica o inexistente organizaci\u00f3n del trabajo y su arbitraria y discrecional pol\u00edtica de recursos humanos. Unas actuaciones amparadas, todas ellas, por la Ley Org\u00e1nica de Libertad Sindical que reconoce este cometido a los representantes de los trabajadores elegidos democr\u00e1ticamente a trav\u00e9s de elecciones sindicales.<\/p>\n<p>Al contrario, el Gerente de la empresa, elegido unilateralmente por un partido pol\u00edtico, en vez de desarrollar su tarea, por las que le pagamos todos los motrile\u00f1os y motrile\u00f1as, se dedica a presentar demandas judiciales contra los representantes de los trabajadores que s\u00f3lo pretenden acallar las cr\u00edticas hacia su gesti\u00f3n y, en definitiva, cercenar el derecho constitucional a la libertad sindical.<\/p>\n<p>Entre otras cuestiones, los representantes de los trabajadores han denunciado que, despu\u00e9s de que el Ayuntamiento de Motril hubiera reconocido y asumido su deuda\u00a0 de 18 millones de euros, alcanzando as\u00ed el equilibro presupuestario, en s\u00f3lo tres meses el Gerente ha generado m\u00e1s de 100 mil euros de nueva deuda lo que vuelve a comprometer la viabilidad y el futuro de la compa\u00f1\u00eda.<\/p>\n<p>El Grupo municipal de Izquierda Unida entiende que la permanencia en el cargo del actual Gerente es insostenible por lo que ha reclamado al Equipo de gobierno la convocatoria de una reuni\u00f3n extraordinaria y urgente del Consejo de administraci\u00f3n en el que se aborde esta propuesta. Para Daniela Paqu\u00e9, portavoz del Grupo municipal, \u00e9se es el espacio donde los administradores de la empresa deben actuar y no con campa\u00f1as propagand\u00edsticas como la iniciada por el Partido Popular para presentar quejas formales ante el Defensor del Pueblo Andaluz, o con actitudes pusil\u00e1nimes, como la del PA que, en este caso, mira para otro lado mientras que, en otros, se le llena la boca con la defensa de las empresas motrile\u00f1as.<\/p>\n<p>Motril est\u00e1 sucio, asqueroso en algunas zonas, poniendo de manifiesto la deficiente gesti\u00f3n de la empresa de limpieza. Entonces \u00bfpor qu\u00e9 no se nombra a un nuevo equipo de direcci\u00f3n?<\/p>\n","protected":false},"excerpt":{"rendered":"<p>El Grupo municipal de Izquierda Unida entiende que la permanencia en el cargo del actual Gerente es insostenible por lo que ha reclamado al Equipo de gobierno la convocatoria de una reuni\u00f3n extraordinaria y urgente del Consejo de administraci\u00f3n en el que se aborde esta propuesta. Para Daniela Paqu\u00e9, portavoz del Grupo municipal, \u00e9se es el espacio donde los administradores de la empresa deben actuar y no con campa\u00f1as propagand\u00edsticas como la iniciada por el Partido Popular para presentar quejas formales ante el Defensor del Pueblo Andaluz, o con actitudes pusil\u00e1nimes, como la del PA que, en este caso, mira para otro lado mientras que, en otros, se le llena la boca con la defensa de las empresas motrile\u00f1as.<\/p>\n","protected":false},"author":1,"featured_media":0,"comment_status":"open","ping_status":"open","sticky":false,"template":"","format":"standard","meta":{"cybocfi_hide_featured_image":"","_jetpack_newsletter_access":"","_jetpack_dont_email_post_to_subs":false,"_jetpack_newsletter_tier_id":0,"_jetpack_memberships_contains_paywalled_content":false,"_jetpack_memberships_contains_paid_content":false,"footnotes":""},"categories":[7,177],"tags":[259,260,257,213,258],"class_list":["post-1376","post","type-post","status-publish","format-standard","hentry","category-ayuntamiento","category-ciudad","tag-cese-gerente","tag-consejo-administracion","tag-libertad-sindical","tag-limdeco","tag-limpieza-ciudad"],"jetpack_featured_media_url":"","jetpack_sharing_enabled":true,"jetpack_shortlink":"https:\/\/wp.me\/p4QsU5-mc","jetpack-related-posts":[{"id":2647,"url":"https:\/\/iumotril.org\/sitio\/izquierda-unida-denuncia-su-exclusion-del-consejo-de-limdeco\/","url_meta":{"origin":1376,"position":0},"title":"IZQUIERDA UNIDA DENUNCIA SU EXCLUSI\u00d3N DEL CONSEJO DE LIMDECO","author":"Izquierda Unida Motril","date":"13 enero, 2017","format":false,"excerpt":"Durante este per\u00edodo con la ausencia de representaci\u00f3n de IU, el Consejo de Administraci\u00f3n de LIMDECO ha nombrado director gerente de la empresa al anterior adjunto a la gerencia, con el consiguiente incremento salarial \u00ad\u2011-lo que le sit\u00faa como uno de los salarios p\u00fablicos m\u00e1s elevados de la Corporaci\u00f3n municipal--.\u2026","rel":"","context":"En \u00abEST\u00c1 PASANDO\u00bb","block_context":{"text":"EST\u00c1 PASANDO","link":"https:\/\/iumotril.org\/sitio\/category\/esta-pasando\/"},"img":{"alt_text":"","src":"https:\/\/i0.wp.com\/iumotril.org\/sitio\/wp-content\/uploads\/2015\/08\/LIMDECO-2-255x300.jpg?resize=350%2C200","width":350,"height":200},"classes":[]},{"id":3148,"url":"https:\/\/iumotril.org\/sitio\/exigimos-responsabilidades-a-los-administradores-y-al-gerente-de-limdeco-por-la-disolucion-de-la-empresa\/","url_meta":{"origin":1376,"position":1},"title":"EXIGIMOS RESPONSABILIDADES A LOS ADMINISTRADORES Y AL GERENTE DE LIMDECO POR LA DISOLUCI\u00d3N DE LA EMPRESA","author":"Izquierda Unida Motril","date":"2 noviembre, 2017","format":false,"excerpt":"Izquierda Unida, que lleva dos a\u00f1os excluida del Consejo de Administraci\u00f3n y se le niegan las actas de las reuniones celebradas, considera que la instrumentalizaci\u00f3n pol\u00edtica de la empresa, su gesti\u00f3n no profesional, el clientelismo y las intenciones privatizadoras de la derecha motrile\u00f1a son las principales causas de la disoluci\u00f3n\u2026","rel":"","context":"En \u00abEST\u00c1 PASANDO\u00bb","block_context":{"text":"EST\u00c1 PASANDO","link":"https:\/\/iumotril.org\/sitio\/category\/esta-pasando\/"},"img":{"alt_text":"","src":"https:\/\/i0.wp.com\/iumotril.org\/sitio\/wp-content\/uploads\/2017\/11\/Limdeco_barredora-1.jpg?resize=350%2C200","width":350,"height":200},"classes":[]},{"id":1248,"url":"https:\/\/iumotril.org\/sitio\/covocatoria-urgente-de-los-consejos-de-administracion-de-limdeco-y-radio-television-motril\/","url_meta":{"origin":1376,"position":2},"title":"COVOCATORIA URGENTE DE LOS CONSEJOS DE ADMINISTRACI\u00d3N DE LIMDECO Y RADIO TELEVISI\u00d3N MOTRIL","author":"Izquierda Unida Motril","date":"20 agosto, 2015","format":false,"excerpt":"La nefasta e interesada gesti\u00f3n del Partido Popular de estas empresas municipales durante los \u00faltimos ocho a\u00f1os las ha dejado \u201ca los pies de los caballos\u201d seg\u00fan Daniela Paqu\u00e9, portavoz del Grupo Municipal de Izquierda Unida, que ha insistido en la necesidad de garantizar su car\u00e1cter p\u00fablico profesionalizando su gesti\u00f3n,\u2026","rel":"","context":"En \u00abAyuntamiento\u00bb","block_context":{"text":"Ayuntamiento","link":"https:\/\/iumotril.org\/sitio\/category\/ayuntamiento\/"},"img":{"alt_text":"LIMDECO 2","src":"https:\/\/i0.wp.com\/iumotril.org\/sitio\/wp-content\/uploads\/2015\/08\/LIMDECO-2-255x300.jpg?resize=350%2C200","width":350,"height":200},"classes":[]},{"id":2975,"url":"https:\/\/iumotril.org\/sitio\/denunciamos-las-actuaciones-de-responsables-municipales-contrarias-al-interes-general-de-la-ciudad\/","url_meta":{"origin":1376,"position":3},"title":"DENUNCIAMOS LAS ACTUACIONES DE RESPONSABLES MUNICIPALES CONTRARIAS AL INTER\u00c9S GENERAL DE LA CIUDAD.","author":"Izquierda Unida Motril","date":"23 junio, 2017","format":false,"excerpt":"La portavoz de IU ha exigido responsabilidades pol\u00edticas y administrativas, en su caso, al Teniente de Alcalde y presidente del Consejo de Administraci\u00f3n de Limdeco, S\u00e1nchez Cantalejo y a Antonio Esc\u00e1mez, Teniente de alcalde de Urbanismo, al considerarlos principales responsables de estas decisiones. Desde Izquierda Unida se considera que en\u2026","rel":"","context":"En \u00abEST\u00c1 PASANDO\u00bb","block_context":{"text":"EST\u00c1 PASANDO","link":"https:\/\/iumotril.org\/sitio\/category\/esta-pasando\/"},"img":{"alt_text":"","src":"http:\/\/iumotril.org\/sitio\/wp-content\/uploads\/2017\/06\/Escamez-y-Ca-ntalejo.bmp","width":350,"height":200,"srcset":"http:\/\/iumotril.org\/sitio\/wp-content\/uploads\/2017\/06\/Escamez-y-Ca-ntalejo.bmp 1x, http:\/\/iumotril.org\/sitio\/wp-content\/uploads\/2017\/06\/Escamez-y-Ca-ntalejo.bmp 1.5x"},"classes":[]},{"id":1901,"url":"https:\/\/iumotril.org\/sitio\/izquierda-unida-denuncia-el-abandono-de-limdeco-y-telemotril\/","url_meta":{"origin":1376,"position":4},"title":"Izquierda Unida denuncia el abandono de LIMDECO y Telemotril","author":"Izquierda Unida Motril","date":"23 febrero, 2016","format":false,"excerpt":"Ocho meses despu\u00e9s de llegar a la Alcald\u00eda, el gobierno de Flor Alm\u00f3n no ha hecho pr\u00e1cticamente nada en ning\u00fan \u00e1mbito para dar soluci\u00f3n a los muchos problemas que tiene Motril, exigi\u00e9ndole que se ponga a trabajar para solucionar los muchos problemas que tiene la ciudad. En el caso de\u2026","rel":"","context":"En \u00abEST\u00c1 PASANDO\u00bb","block_context":{"text":"EST\u00c1 PASANDO","link":"https:\/\/iumotril.org\/sitio\/category\/esta-pasando\/"},"img":{"alt_text":"FullSizeRender (7)","src":"https:\/\/i0.wp.com\/iumotril.org\/sitio\/wp-content\/uploads\/2016\/02\/FullSizeRender-7-1024x760.jpg?resize=350%2C200","width":350,"height":200,"srcset":"https:\/\/i0.wp.com\/iumotril.org\/sitio\/wp-content\/uploads\/2016\/02\/FullSizeRender-7-1024x760.jpg?resize=350%2C200 1x, https:\/\/i0.wp.com\/iumotril.org\/sitio\/wp-content\/uploads\/2016\/02\/FullSizeRender-7-1024x760.jpg?resize=525%2C300 1.5x"},"classes":[]},{"id":2849,"url":"https:\/\/iumotril.org\/sitio\/rechazamos-frontalmente-la-privatizacion-de-la-grua-municipal\/","url_meta":{"origin":1376,"position":5},"title":"RECHAZAMOS FRONTALMENTE LA PRIVATIZACI\u00d3N DE LA GR\u00daA MUNICIPAL","author":"Izquierda Unida Motril","date":"4 mayo, 2017","format":false,"excerpt":"La excusa del gobierno de Alm\u00f3n para privatizar el servicio es liberar a LIMDECO de la encomienda de la gesti\u00f3n de retirada, traspaso, dep\u00f3sito y custodia de veh\u00edculos, lo que le supone un d\u00e9ficit anual medio de 154 mil euros, dedicando a dicha gesti\u00f3n a 4,5 trabajadores. Una excusa tramposa\u2026","rel":"","context":"En \u00abEST\u00c1 PASANDO\u00bb","block_context":{"text":"EST\u00c1 PASANDO","link":"https:\/\/iumotril.org\/sitio\/category\/esta-pasando\/"},"img":{"alt_text":"","src":"https:\/\/i0.wp.com\/iumotril.org\/sitio\/wp-content\/uploads\/2017\/05\/Grua-municipal-1024x754.jpg?resize=350%2C200","width":350,"height":200,"srcset":"https:\/\/i0.wp.com\/iumotril.org\/sitio\/wp-content\/uploads\/2017\/05\/Grua-municipal-1024x754.jpg?resize=350%2C200 1x, https:\/\/i0.wp.com\/iumotril.org\/sitio\/wp-content\/uploads\/2017\/05\/Grua-municipal-1024x754.jpg?resize=525%2C300 1.5x"},"classes":[]}],"jetpack_likes_enabled":true,"_links":{"self":[{"href":"https:\/\/iumotril.org\/sitio\/wp-json\/wp\/v2\/posts\/1376","targetHints":{"allow":["GET"]}}],"collection":[{"href":"https:\/\/iumotril.org\/sitio\/wp-json\/wp\/v2\/posts"}],"about":[{"href":"https:\/\/iumotril.org\/sitio\/wp-json\/wp\/v2\/types\/post"}],"author":[{"embeddable":true,"href":"https:\/\/iumotril.org\/sitio\/wp-json\/wp\/v2\/users\/1"}],"replies":[{"embeddable":true,"href":"https:\/\/iumotril.org\/sitio\/wp-json\/wp\/v2\/comments?post=1376"}],"version-history":[{"count":3,"href":"https:\/\/iumotril.org\/sitio\/wp-json\/wp\/v2\/posts\/1376\/revisions"}],"predecessor-version":[{"id":1387,"href":"https:\/\/iumotril.org\/sitio\/wp-json\/wp\/v2\/posts\/1376\/revisions\/1387"}],"wp:attachment":[{"href":"https:\/\/iumotril.org\/sitio\/wp-json\/wp\/v2\/media?parent=1376"}],"wp:term":[{"taxonomy":"category","embeddable":true,"href":"https:\/\/iumotril.org\/sitio\/wp-json\/wp\/v2\/categories?post=1376"},{"taxonomy":"post_tag","embeddable":true,"href":"https:\/\/iumotril.org\/sitio\/wp-json\/wp\/v2\/tags?post=1376"}],"curies":[{"name":"wp","href":"https:\/\/api.w.org\/{rel}","templated":true}]}}