{"id":1307,"date":"2015-09-05T13:34:12","date_gmt":"2015-09-05T11:34:12","guid":{"rendered":"http:\/\/iumotril.org\/sitio\/?p=1307"},"modified":"2015-09-05T13:34:12","modified_gmt":"2015-09-05T11:34:12","slug":"izquierda-unida-propone-que-la-nueva-direccion-de-radio-television-motril-sea-elegida-por-consenso","status":"publish","type":"post","link":"https:\/\/iumotril.org\/sitio\/izquierda-unida-propone-que-la-nueva-direccion-de-radio-television-motril-sea-elegida-por-consenso\/","title":{"rendered":"Izquierda Unida propone que la nueva direcci\u00f3n de Radio Televisi\u00f3n Motril sea elegida por consenso"},"content":{"rendered":"<p>Izquierda Unida ha anunciado en una comparecencia p\u00fablica sus propuestas para hacer de Radio Televisi\u00f3n Motril un medio de comunicaci\u00f3n de servicio p\u00fablico de utilidad para todos los motrile\u00f1os y motrile\u00f1as. La\u00a0primeras medida que propone para alcanzar este objetivo es que su nuevo equipo de direcci\u00f3n cuente con el m\u00e1ximo consenso posible.<\/p>\n<p><a href=\"https:\/\/iumotril.org\/sitio\/wp-content\/uploads\/2015\/09\/RP-limdeco_telemotril_2.jpg\"><img loading=\"lazy\" decoding=\"async\" data-attachment-id=\"1303\" data-permalink=\"https:\/\/iumotril.org\/sitio\/izquierda-unida-propone-que-la-nueva-direccion-de-radio-television-motril-sea-elegida-por-consenso\/rp-limdeco_telemotril_2\/\" data-orig-file=\"https:\/\/iumotril.org\/sitio\/wp-content\/uploads\/2015\/09\/RP-limdeco_telemotril_2.jpg\" data-orig-size=\"5312,2988\" data-comments-opened=\"1\" data-image-meta=\"{&quot;aperture&quot;:&quot;2.2&quot;,&quot;credit&quot;:&quot;&quot;,&quot;camera&quot;:&quot;SM-N910F&quot;,&quot;caption&quot;:&quot;&quot;,&quot;created_timestamp&quot;:&quot;1441275718&quot;,&quot;copyright&quot;:&quot;&quot;,&quot;focal_length&quot;:&quot;4.8&quot;,&quot;iso&quot;:&quot;80&quot;,&quot;shutter_speed&quot;:&quot;0.03030303030303&quot;,&quot;title&quot;:&quot;&quot;,&quot;orientation&quot;:&quot;1&quot;}\" data-image-title=\"RP limdeco_telemotril_2\" data-image-description=\"\" data-image-caption=\"\" data-large-file=\"https:\/\/iumotril.org\/sitio\/wp-content\/uploads\/2015\/09\/RP-limdeco_telemotril_2-1024x576.jpg\" class=\"alignleft wp-image-1303 size-medium\" src=\"https:\/\/iumotril.org\/sitio\/wp-content\/uploads\/2015\/09\/RP-limdeco_telemotril_2-300x169.jpg\" alt=\"RP limdeco_telemotril_2\" width=\"300\" height=\"169\" srcset=\"https:\/\/iumotril.org\/sitio\/wp-content\/uploads\/2015\/09\/RP-limdeco_telemotril_2-300x169.jpg 300w, https:\/\/iumotril.org\/sitio\/wp-content\/uploads\/2015\/09\/RP-limdeco_telemotril_2-768x432.jpg 768w, https:\/\/iumotril.org\/sitio\/wp-content\/uploads\/2015\/09\/RP-limdeco_telemotril_2-1024x576.jpg 1024w, https:\/\/iumotril.org\/sitio\/wp-content\/uploads\/2015\/09\/RP-limdeco_telemotril_2-195x110.jpg 195w\" sizes=\"auto, (max-width: 300px) 100vw, 300px\" \/><\/a>El representante de Izquierda Unida en el consejo de administraci\u00f3n de Radio Televisi\u00f3n Motril, Jose G. Llorente, ha informado de los asuntos abordados en su primera reuni\u00f3n celebrada el pasado d\u00eda 26 de agosto a instancias de su formaci\u00f3n, en la que, entre otros asuntos, se acord\u00f3 el cese del actual gerente. Adem\u00e1s, ha anunciado las propuestas de su formaci\u00f3n para hacer de Radio Televisi\u00f3n Motril una televisi\u00f3n de servicio p\u00fablico de utilidad para todos los motrile\u00f1os y motrile\u00f1as.<\/p>\n<p>Izquierda Unida defiende para todas las empresas p\u00fablicas municipales una gesti\u00f3n profesional que asegure su viabilidad empresarial y garantice la eficacia y eficiencia en la prestaci\u00f3n de sus servicios. En este sentido, su representante ha anunciado que defender\u00e1 que el nuevo equipo de direcci\u00f3n de la empresa p\u00fablica cuente con el m\u00e1ximo acuerdo posible por parte de todos los grupos municipales.<\/p>\n<p>Para Izquierda Unida es necesario que el nuevo equipo de direcci\u00f3n se ponga a trabajar decididamente para dise\u00f1ar una programaci\u00f3n que garantice la pluralidad informativa y que responda a los principios b\u00e1sicos de informaci\u00f3n, formaci\u00f3n y entretenimiento que debe atender todo medio de comunicaci\u00f3n p\u00fablico.<\/p>\n<p>La Radio Televisi\u00f3n Motrile\u00f1a debe ser un instrumento esencial para canalizar la informaci\u00f3n relativa a la actividad municipal de inter\u00e9s para los vecinos\/as, fomentar la transparencia de los asuntos p\u00fablicos y promover la participaci\u00f3n ciudadana. Para ello, ser\u00e1 esencial la profesionalizaci\u00f3n de la cadena articulando mecanismos que aseguren la despolitizaci\u00f3n de su gesti\u00f3n y la independencia de la labor de sus t\u00e9cnicos y profesionales.<\/p>\n<p>Llorente\u00a0ha anticipado que su formaci\u00f3n est\u00e1 trabajando en la elaboraci\u00f3n de una Propuesta de actuaciones para garantizar la pluralidad informativa y ofrecer una programaci\u00f3n de utilidad y de servicio p\u00fablico para todos los motrile\u00f1os\/as con el objetivo de incrementar la audiencia de la radio y de la televisi\u00f3n y poner en valor el ente p\u00fablico.<\/p>\n<p>Esta propuesta de actuaciones que se articular\u00e1 en torno a tres ejes: organizaci\u00f3n y gesti\u00f3n, programaci\u00f3n de servicio p\u00fablico y financiaci\u00f3n, contemplar\u00e1 la constituci\u00f3n de un consejo consultivo, de car\u00e1cter asesor, y de un consejo profesional de redacci\u00f3n de modo que su gesti\u00f3n y su actividad cuenten con la mayor participaci\u00f3n posible.<\/p>\n","protected":false},"excerpt":{"rendered":"<p>Izquierda Unida defiende para todas las empresas p\u00fablicas municipales una gesti\u00f3n profesional que asegure su viabilidad empresarial y garantice la eficacia y eficiencia en la prestaci\u00f3n de sus servicios. En este sentido, su representante ha anunciado que defender\u00e1 que el nuevo equipo de direcci\u00f3n de la empresa p\u00fablica cuente con el m\u00e1ximo acuerdo posible por parte de todos los grupos municipales.<\/p>\n","protected":false},"author":1,"featured_media":0,"comment_status":"open","ping_status":"open","sticky":false,"template":"","format":"standard","meta":{"cybocfi_hide_featured_image":"","_jetpack_newsletter_access":"","_jetpack_dont_email_post_to_subs":false,"_jetpack_newsletter_tier_id":0,"_jetpack_memberships_contains_paywalled_content":false,"_jetpack_memberships_contains_paid_content":false,"footnotes":""},"categories":[231],"tags":[216,217,111,214,230],"class_list":["post-1307","post","type-post","status-publish","format-standard","hentry","category-empresas-municipales","tag-consenso","tag-empresas-publicas","tag-participacion","tag-radio-television-motril","tag-servicio-publico"],"jetpack_featured_media_url":"","jetpack_sharing_enabled":true,"jetpack_shortlink":"https:\/\/wp.me\/p4QsU5-l5","jetpack-related-posts":[{"id":1248,"url":"https:\/\/iumotril.org\/sitio\/covocatoria-urgente-de-los-consejos-de-administracion-de-limdeco-y-radio-television-motril\/","url_meta":{"origin":1307,"position":0},"title":"COVOCATORIA URGENTE DE LOS CONSEJOS DE ADMINISTRACI\u00d3N DE LIMDECO Y RADIO TELEVISI\u00d3N MOTRIL","author":"Izquierda Unida Motril","date":"20 agosto, 2015","format":false,"excerpt":"La nefasta e interesada gesti\u00f3n del Partido Popular de estas empresas municipales durante los \u00faltimos ocho a\u00f1os las ha dejado \u201ca los pies de los caballos\u201d seg\u00fan Daniela Paqu\u00e9, portavoz del Grupo Municipal de Izquierda Unida, que ha insistido en la necesidad de garantizar su car\u00e1cter p\u00fablico profesionalizando su gesti\u00f3n,\u2026","rel":"","context":"En \u00abAyuntamiento\u00bb","block_context":{"text":"Ayuntamiento","link":"https:\/\/iumotril.org\/sitio\/category\/ayuntamiento\/"},"img":{"alt_text":"LIMDECO 2","src":"https:\/\/i0.wp.com\/iumotril.org\/sitio\/wp-content\/uploads\/2015\/08\/LIMDECO-2-255x300.jpg?resize=350%2C200","width":350,"height":200},"classes":[]},{"id":1426,"url":"https:\/\/iumotril.org\/sitio\/izquierda-unida-hace-balance-de-los-100-dias-de-gobierno-municipal-en-una-asamblea-abierta\/","url_meta":{"origin":1307,"position":1},"title":"IZQUIERDA UNIDA HACE BALANCE DE LOS 100 D\u00cdAS DE GOBIERNO MUNICIPAL EN UNA ASAMBLEA ABIERTA","author":"Izquierda Unida Motril","date":"1 octubre, 2015","format":false,"excerpt":"La Asamblea tendr\u00e1 lugar en el CEP de Motril (Plaza de la Libertad) a las 19 horas y est\u00e1 abierta a toda la ciudadan\u00eda con la intenci\u00f3n de dar la voz y la palabra a todos los vecinos y vecinas para que puedan expresar libremente sus opiniones, sus valoraciones y\u2026","rel":"","context":"En \u00abEST\u00c1 PASANDO\u00bb","block_context":{"text":"EST\u00c1 PASANDO","link":"https:\/\/iumotril.org\/sitio\/category\/esta-pasando\/"},"img":{"alt_text":"portada-web1.jpg","src":"https:\/\/i0.wp.com\/iumotril.org\/sitio\/wp-content\/uploads\/2015\/06\/portada-web1.jpg?resize=350%2C200","width":350,"height":200,"srcset":"https:\/\/i0.wp.com\/iumotril.org\/sitio\/wp-content\/uploads\/2015\/06\/portada-web1.jpg?resize=350%2C200 1x, https:\/\/i0.wp.com\/iumotril.org\/sitio\/wp-content\/uploads\/2015\/06\/portada-web1.jpg?resize=525%2C300 1.5x, https:\/\/i0.wp.com\/iumotril.org\/sitio\/wp-content\/uploads\/2015\/06\/portada-web1.jpg?resize=700%2C400 2x"},"classes":[]},{"id":2557,"url":"https:\/\/iumotril.org\/sitio\/propuestas-para-desbloquear-los-presupuestos-municipales\/","url_meta":{"origin":1307,"position":2},"title":"PROPUESTAS PARA DESBLOQUEAR LOS PRESUPUESTOS MUNICIPALES","author":"Izquierda Unida Motril","date":"1 diciembre, 2016","format":false,"excerpt":"La portavoz del Grupo Municipal ha detallado lo seis ejes de actuaci\u00f3n que integran esta propuesta program\u00e1tica: resituar Motril en el mapa provincial; recuperar los servicios p\u00fablicos; medidas de transparencia y lucha contra la corrupci\u00f3n; apoyo a la econom\u00eda local; racionalizaci\u00f3n del gasto p\u00fabico y participaci\u00f3n ciudadana en la gesti\u00f3n\u2026","rel":"","context":"En \u00abEST\u00c1 PASANDO\u00bb","block_context":{"text":"EST\u00c1 PASANDO","link":"https:\/\/iumotril.org\/sitio\/category\/esta-pasando\/"},"img":{"alt_text":"archivo_000-20","src":"https:\/\/i0.wp.com\/iumotril.org\/sitio\/wp-content\/uploads\/2016\/12\/Archivo_000-20-1024x768.jpeg?resize=350%2C200","width":350,"height":200,"srcset":"https:\/\/i0.wp.com\/iumotril.org\/sitio\/wp-content\/uploads\/2016\/12\/Archivo_000-20-1024x768.jpeg?resize=350%2C200 1x, https:\/\/i0.wp.com\/iumotril.org\/sitio\/wp-content\/uploads\/2016\/12\/Archivo_000-20-1024x768.jpeg?resize=525%2C300 1.5x"},"classes":[]},{"id":4893,"url":"https:\/\/iumotril.org\/sitio\/izquierda-unida-celebra-la-aprobacion-del-estatuto-profesional-de-radio-television-motril\/","url_meta":{"origin":1307,"position":3},"title":"Izquierda Unida celebra la aprobaci\u00f3n del Estatuto Profesional de Radio Televisi\u00f3n Motril","author":"Izquierda Unida Motril","date":"2 mayo, 2019","format":false,"excerpt":"Para el representante de Izquierda Unida en el Consejo de Radio Televisi\u00f3n Motril, Jose Llorente, se trata de una excelente noticia que hay que celebrar al tratarse de un instrumento que viene a garantizar la objetividad, la veracidad y la imparcialidad de las informaciones del medio p\u00fablico. El Estatuto es\u2026","rel":"","context":"En \u00abEST\u00c1 PASANDO\u00bb","block_context":{"text":"EST\u00c1 PASANDO","link":"https:\/\/iumotril.org\/sitio\/category\/esta-pasando\/"},"img":{"alt_text":"","src":"https:\/\/i0.wp.com\/iumotril.org\/sitio\/wp-content\/uploads\/2019\/05\/Jose-Llorente_2-mayo-abril-1024x768.jpg?resize=350%2C200","width":350,"height":200},"classes":[]},{"id":2287,"url":"https:\/\/iumotril.org\/sitio\/radio-television-motril-contara-con-un-estatuto-de-redaccion-que-garantice-la-pluralidad-informativa\/","url_meta":{"origin":1307,"position":4},"title":"Radio Televisi\u00f3n Motril contar\u00e1 con un Estatuto de redacci\u00f3n que garantice la pluralidad informativa","author":"Izquierda Unida Motril","date":"15 julio, 2016","format":false,"excerpt":"A propuesta de Izquierda Unida, el Consejo de Administraci\u00f3n de Radio Televisi\u00f3n Motril ha aprobado la creaci\u00f3n de un Estatuto de Redacci\u00f3n que asegure la participaci\u00f3n de los profesionales en su pol\u00edtica informativa. Ser\u00e1 el primer medio p\u00fablico andaluz de \u00e1mbito local que cuente con este instrumento de participaci\u00f3n profesional.","rel":"","context":"En \u00abEST\u00c1 PASANDO\u00bb","block_context":{"text":"EST\u00c1 PASANDO","link":"https:\/\/iumotril.org\/sitio\/category\/esta-pasando\/"},"img":{"alt_text":"estudio realizaci\u00f3n","src":"https:\/\/i0.wp.com\/iumotril.org\/sitio\/wp-content\/uploads\/2016\/07\/estudio-realizaci%C3%B3n.jpg?resize=350%2C200","width":350,"height":200,"srcset":"https:\/\/i0.wp.com\/iumotril.org\/sitio\/wp-content\/uploads\/2016\/07\/estudio-realizaci%C3%B3n.jpg?resize=350%2C200 1x, https:\/\/i0.wp.com\/iumotril.org\/sitio\/wp-content\/uploads\/2016\/07\/estudio-realizaci%C3%B3n.jpg?resize=525%2C300 1.5x"},"classes":[]},{"id":2088,"url":"https:\/\/iumotril.org\/sitio\/telemotril-contara-con-un-consejo-consultivo-que-garantice-la-imparcialidad-de-sus-informaciones\/","url_meta":{"origin":1307,"position":5},"title":"Telemotril contar\u00e1 con un consejo consultivo que garantice la imparcialidad de sus informaciones","author":"Izquierda Unida Motril","date":"11 mayo, 2016","format":false,"excerpt":"Por iniciativa de Izquierda Unida Motril, el consejo de administraci\u00f3n de la televisi\u00f3n local motrile\u00f1a ha acordado la constituci\u00f3n de un consejo consultivo en el que estar\u00e1n representados las asociaciones de vecinos, los trabajadores y trabajadoras de la empresa y los grupos pol\u00edticos municipales.","rel":"","context":"En \u00abEST\u00c1 PASANDO\u00bb","block_context":{"text":"EST\u00c1 PASANDO","link":"https:\/\/iumotril.org\/sitio\/category\/esta-pasando\/"},"img":{"alt_text":"RP-limdeco-telemotril_3-1024x576","src":"https:\/\/i0.wp.com\/iumotril.org\/sitio\/wp-content\/uploads\/2016\/05\/RP-limdeco-telemotril_3-1024x576-255x300.jpg?resize=350%2C200","width":350,"height":200},"classes":[]}],"jetpack_likes_enabled":true,"_links":{"self":[{"href":"https:\/\/iumotril.org\/sitio\/wp-json\/wp\/v2\/posts\/1307","targetHints":{"allow":["GET"]}}],"collection":[{"href":"https:\/\/iumotril.org\/sitio\/wp-json\/wp\/v2\/posts"}],"about":[{"href":"https:\/\/iumotril.org\/sitio\/wp-json\/wp\/v2\/types\/post"}],"author":[{"embeddable":true,"href":"https:\/\/iumotril.org\/sitio\/wp-json\/wp\/v2\/users\/1"}],"replies":[{"embeddable":true,"href":"https:\/\/iumotril.org\/sitio\/wp-json\/wp\/v2\/comments?post=1307"}],"version-history":[{"count":6,"href":"https:\/\/iumotril.org\/sitio\/wp-json\/wp\/v2\/posts\/1307\/revisions"}],"predecessor-version":[{"id":1318,"href":"https:\/\/iumotril.org\/sitio\/wp-json\/wp\/v2\/posts\/1307\/revisions\/1318"}],"wp:attachment":[{"href":"https:\/\/iumotril.org\/sitio\/wp-json\/wp\/v2\/media?parent=1307"}],"wp:term":[{"taxonomy":"category","embeddable":true,"href":"https:\/\/iumotril.org\/sitio\/wp-json\/wp\/v2\/categories?post=1307"},{"taxonomy":"post_tag","embeddable":true,"href":"https:\/\/iumotril.org\/sitio\/wp-json\/wp\/v2\/tags?post=1307"}],"curies":[{"name":"wp","href":"https:\/\/api.w.org\/{rel}","templated":true}]}}