{"id":1266,"date":"2015-08-26T20:45:05","date_gmt":"2015-08-26T18:45:05","guid":{"rendered":"http:\/\/iumotril.org\/sitio\/?p=1266"},"modified":"2015-08-27T11:41:37","modified_gmt":"2015-08-27T09:41:37","slug":"por-un-empleo-digno-y-con-derechos-en-la-celulosa","status":"publish","type":"post","link":"https:\/\/iumotril.org\/sitio\/por-un-empleo-digno-y-con-derechos-en-la-celulosa\/","title":{"rendered":"Por un empleo digno y con derechos en la Celulosa"},"content":{"rendered":"<p>Todos los grupos pol\u00edticos municipales &#8211;excepto el Partido Popular&#8211;, \u00a0las secciones sindicales de CC.OO, SIMPA-SAT y UGT en la f\u00e1brica, junto con representantes de otras organizaciones pol\u00edticas motrile\u00f1as hemos prestado nuestro apoyo p\u00fablico a Paco Morata, sindicalista despedido recientemente de la empresa papelera, en una comparecencia ante los medios de comunicaci\u00f3n en la que de forma un\u00e1nime se ha rechazado la actuaci\u00f3n de Torraspapel.<\/p>\n<p><a href=\"https:\/\/iumotril.org\/sitio\/wp-content\/uploads\/2015\/08\/Rueda-prensa-celulosa-2608.jpg\"><img loading=\"lazy\" decoding=\"async\" data-attachment-id=\"1272\" data-permalink=\"https:\/\/iumotril.org\/sitio\/por-un-empleo-digno-y-con-derechos-en-la-celulosa\/rueda-prensa-celulosa-2608\/\" data-orig-file=\"https:\/\/iumotril.org\/sitio\/wp-content\/uploads\/2015\/08\/Rueda-prensa-celulosa-2608.jpg\" data-orig-size=\"640,480\" data-comments-opened=\"1\" data-image-meta=\"{&quot;aperture&quot;:&quot;2.2&quot;,&quot;credit&quot;:&quot;&quot;,&quot;camera&quot;:&quot;iPhone 6&quot;,&quot;caption&quot;:&quot;&quot;,&quot;created_timestamp&quot;:&quot;1440578906&quot;,&quot;copyright&quot;:&quot;&quot;,&quot;focal_length&quot;:&quot;4.15&quot;,&quot;iso&quot;:&quot;40&quot;,&quot;shutter_speed&quot;:&quot;0.03030303030303&quot;,&quot;title&quot;:&quot;&quot;,&quot;orientation&quot;:&quot;0&quot;}\" data-image-title=\"Rueda prensa celulosa 2608\" data-image-description=\"\" data-image-caption=\"\" data-large-file=\"https:\/\/iumotril.org\/sitio\/wp-content\/uploads\/2015\/08\/Rueda-prensa-celulosa-2608.jpg\" class=\"alignleft wp-image-1272 size-medium\" src=\"https:\/\/iumotril.org\/sitio\/wp-content\/uploads\/2015\/08\/Rueda-prensa-celulosa-2608-300x225.jpg\" alt=\"Rueda prensa celulosa 2608\" width=\"300\" height=\"225\" srcset=\"https:\/\/iumotril.org\/sitio\/wp-content\/uploads\/2015\/08\/Rueda-prensa-celulosa-2608-300x225.jpg 300w, https:\/\/iumotril.org\/sitio\/wp-content\/uploads\/2015\/08\/Rueda-prensa-celulosa-2608.jpg 640w\" sizes=\"auto, (max-width: 300px) 100vw, 300px\" \/><\/a>Izquierda Unida, a trav\u00e9s de su concejal Christian Linares, ha reiterado la posici\u00f3n firme de nuestra organizaci\u00f3n en defensa de un empleo digno y con derechos para todos los trabajadores y trabajadoras, a la vez que ha denunciado nuevamente la estrategia empresarial de Torraspapel que, con el fin de maximizar sus beneficios empresariales, tiene intenci\u00f3n de externalizar algunos de sus procesos productivos llevando a cabo de este modo una regulaci\u00f3n de empleo encubierta. Estas actuaciones ponen en serio riesgo el futuro de cientos de familias motrile\u00f1as y de su comarca que dependen del empleo directo e indirecto que genera la actividad productiva de la empresa papelera.<\/p>\n<p>Izquierda Unida no cejar\u00e1 en promover todas las medias de presi\u00f3n que considere adecuadas para lograr la readmisi\u00f3n del compa\u00f1ero Paco Morata, as\u00ed como para forzar a Torraspapel a que abandone sus pretensiones de reducir su actividad productiva en la f\u00e1brica de Motril y oriente sus actuaciones desde la necesaria responsabilidad social empresarial que demanda la ciudadan\u00eda.<\/p>\n","protected":false},"excerpt":{"rendered":"<p>Izquierda Unida no cejar\u00e1 en promover todas las medias de presi\u00f3n que considere adecuadas para lograr la readmisi\u00f3n del compa\u00f1ero Paco Morata, as\u00ed como para forzar a Torraspapel a que abandone sus pretensiones de reducir su actividad productiva en la f\u00e1brica de Motril y oriente sus actuaciones desde la necesaria responsabilidad social empresarial que demanda la ciudadan\u00eda.<\/p>\n","protected":false},"author":1,"featured_media":0,"comment_status":"open","ping_status":"open","sticky":false,"template":"","format":"standard","meta":{"cybocfi_hide_featured_image":"","_jetpack_newsletter_access":"","_jetpack_dont_email_post_to_subs":false,"_jetpack_newsletter_tier_id":0,"_jetpack_memberships_contains_paywalled_content":false,"_jetpack_memberships_contains_paid_content":false,"footnotes":""},"categories":[44],"tags":[224,102,47,218,219],"class_list":["post-1266","post","type-post","status-publish","format-standard","hentry","category-empleo","tag-celulosa","tag-christian-linares","tag-empleo-2","tag-paco-morata","tag-torraspapel"],"jetpack_featured_media_url":"","jetpack_sharing_enabled":true,"jetpack_shortlink":"https:\/\/wp.me\/p4QsU5-kq","jetpack-related-posts":[{"id":1258,"url":"https:\/\/iumotril.org\/sitio\/izquierda-unida-denuncia-el-despido-del-sindicalista-francisco-morata-de-torraspapel\/","url_meta":{"origin":1266,"position":0},"title":"IZQUIERDA UNIDA DENUNCIA EL DESPIDO DEL SINDICALISTA FRANCISCO MORATA DE TORRASPAPEL","author":"Izquierda Unida Motril","date":"21 agosto, 2015","format":false,"excerpt":"Izquierda Unida quiere denunciar, una vez m\u00e1s, la estrategia empresarial del grupo Torraspapel que no cesa en la imposici\u00f3n de medidas y actuaciones que suponen una precarizaci\u00f3n cada vez mayor de las condiciones laborales. Pol\u00edticas todas ellas que est\u00e1n en consonancia con los intereses del capitalismo m\u00e1s feroz, del que\u2026","rel":"","context":"En \u00abSin categor\u00eda\u00bb","block_context":{"text":"Sin categor\u00eda","link":"https:\/\/iumotril.org\/sitio\/category\/sin-categoria\/"},"img":{"alt_text":"Torras","src":"https:\/\/i0.wp.com\/iumotril.org\/sitio\/wp-content\/uploads\/2015\/08\/Torras.jpg?resize=350%2C200","width":350,"height":200},"classes":[]},{"id":1480,"url":"https:\/\/iumotril.org\/sitio\/izquierda-unida-denuncia-los-despidos-en-limpiezas-del-sur-y-en-torras-papel\/","url_meta":{"origin":1266,"position":1},"title":"IZQUIERDA UNIDA DENUNCIA LOS DESPIDOS EN LIMPIEZAS DEL SUR Y EN TORRAS PAPEL","author":"Izquierda Unida Motril","date":"14 octubre, 2015","format":false,"excerpt":"A la vista de estas situaciones en la que se pone de manifiesto la falta de responsabilidad social de las empresas y, sobre todo, la codicia empresarial que s\u00f3lo persigue la maximizaci\u00f3n de los beneficios empresariales por encima de los derechos de las personas y de los trabajadores, Izquierda Unida\u2026","rel":"","context":"En \u00abEST\u00c1 PASANDO\u00bb","block_context":{"text":"EST\u00c1 PASANDO","link":"https:\/\/iumotril.org\/sitio\/category\/esta-pasando\/"},"img":{"alt_text":"Trabajadores limpieza","src":"https:\/\/i0.wp.com\/iumotril.org\/sitio\/wp-content\/uploads\/2015\/10\/Trabajadores-limpieza.jpg?resize=350%2C200","width":350,"height":200},"classes":[]},{"id":3347,"url":"https:\/\/iumotril.org\/sitio\/izquierda-unida-denuncia-la-ausencia-de-politicas-activas-de-empleo-en-motril\/","url_meta":{"origin":1266,"position":2},"title":"Izquierda Unida denuncia la ausencia de pol\u00edticas activas de empleo en Motril","author":"Izquierda Unida Motril","date":"8 febrero, 2018","format":false,"excerpt":"Izquierda Unida ha recordado que, desde 2015, viene reclamando un Plan de empleo local para Motril que incluya, entre otras medidas, una oferta p\u00fablica de empleo municipal, incentivos a la contrataci\u00f3n de j\u00f3venes, mujeres y mayores de 45 a\u00f1os y la puesta en marcha de programas de formaci\u00f3n para el\u2026","rel":"","context":"En \u00abEST\u00c1 PASANDO\u00bb","block_context":{"text":"EST\u00c1 PASANDO","link":"https:\/\/iumotril.org\/sitio\/category\/esta-pasando\/"},"img":{"alt_text":"","src":"https:\/\/i0.wp.com\/iumotril.org\/sitio\/wp-content\/uploads\/2018\/02\/Christina-e-Inma_febrero-e1518088146912-768x1024.jpg?resize=350%2C200","width":350,"height":200},"classes":[]},{"id":4951,"url":"https:\/\/iumotril.org\/sitio\/izquierda-unida-equo-promovera-la-creacion-de-guarderias-en-las-proximidades-de-los-centros-de-trabajo-hortofruticolas-2\/","url_meta":{"origin":1266,"position":3},"title":"Izquierda Unida-Equo promover\u00e1 la creaci\u00f3n de guarder\u00edas en las proximidades de los centros de trabajo hortofrut\u00edcolas","author":"Izquierda Unida Motril","date":"10 mayo, 2019","format":false,"excerpt":"a candidata de IU-Equo, Inma Omiste, ha informado de las propuestas principales de su proyecto de gobierno para Motril, cuyo objetivo final es la creaci\u00f3n de empleo de calidad y con derechos: Queremos que Motril sea una ciudad donde se trabaje para vivir y no se viva para trabajar, ha\u2026","rel":"","context":"En \u00abElecciones\u00bb","block_context":{"text":"Elecciones","link":"https:\/\/iumotril.org\/sitio\/category\/elecciones\/"},"img":{"alt_text":"","src":"https:\/\/i0.wp.com\/iumotril.org\/sitio\/wp-content\/uploads\/2019\/05\/empleo.jpg?resize=350%2C200","width":350,"height":200,"srcset":"https:\/\/i0.wp.com\/iumotril.org\/sitio\/wp-content\/uploads\/2019\/05\/empleo.jpg?resize=350%2C200 1x, https:\/\/i0.wp.com\/iumotril.org\/sitio\/wp-content\/uploads\/2019\/05\/empleo.jpg?resize=525%2C300 1.5x, https:\/\/i0.wp.com\/iumotril.org\/sitio\/wp-content\/uploads\/2019\/05\/empleo.jpg?resize=700%2C400 2x, https:\/\/i0.wp.com\/iumotril.org\/sitio\/wp-content\/uploads\/2019\/05\/empleo.jpg?resize=1050%2C600 3x, https:\/\/i0.wp.com\/iumotril.org\/sitio\/wp-content\/uploads\/2019\/05\/empleo.jpg?resize=1400%2C800 4x"},"classes":[]},{"id":2667,"url":"https:\/\/iumotril.org\/sitio\/izquierda-unida-reclama-un-plan-de-movilidad-para-motril\/","url_meta":{"origin":1266,"position":4},"title":"IZQUIERDA UNIDA RECLAMA UN PLAN DE MOVILIDAD PARA MOTRIL","author":"Izquierda Unida Motril","date":"28 enero, 2017","format":false,"excerpt":"Mar\u00eda \u00c1ngeles Esc\u00e1mez, como responsable directa de esta situaci\u00f3n, ha dado muestras, una vez m\u00e1s, de su incompetencia e incapacidad para la gesti\u00f3n de cualquier asunto municipal. Parad\u00f3jicamente, la Teniente de Alcalde, aunque su dedicaci\u00f3n al ayuntamiento es parcial, asume las \u00e1reas de Personal y R\u00e9gimen Interior, Formaci\u00f3n y Empleo,\u2026","rel":"","context":"En \u00abEST\u00c1 PASANDO\u00bb","block_context":{"text":"EST\u00c1 PASANDO","link":"https:\/\/iumotril.org\/sitio\/category\/esta-pasando\/"},"img":{"alt_text":"","src":"https:\/\/i0.wp.com\/iumotril.org\/sitio\/wp-content\/uploads\/2017\/01\/MariaAngelesEscamez-300x300.jpg?resize=350%2C200","width":350,"height":200},"classes":[]},{"id":1551,"url":"https:\/\/iumotril.org\/sitio\/a-iniciativa-de-izquierda-unida-se-pondra-en-marcha-una-estrategia-local-por-el-empleo-en-motril\/","url_meta":{"origin":1266,"position":5},"title":"A INICIATIVA DE IZQUIERDA UNIDA SE PONDR\u00c1 EN MARCHA UNA ESTRATEGIA LOCAL POR EL EMPLEO EN MOTRIL","author":"Izquierda Unida Motril","date":"31 octubre, 2015","format":false,"excerpt":"Entre las propuestas acordadas se incluye, adem\u00e1s, que el \u00c1rea de Empleo y Formaci\u00f3n municipal haga p\u00fablicos los perfiles profesionales y los criterios de selecci\u00f3n de los 212 contratos de seis meses de duraci\u00f3n que realizar\u00e1 pr\u00f3ximamente el Consistorio con financiaci\u00f3n de la Junta de Andaluc\u00eda. La portavoz de IU,\u2026","rel":"","context":"En \u00abempleo\u00bb","block_context":{"text":"empleo","link":"https:\/\/iumotril.org\/sitio\/category\/empleo\/"},"img":{"alt_text":"IMG_0868","src":"https:\/\/i0.wp.com\/iumotril.org\/sitio\/wp-content\/uploads\/2015\/10\/IMG_0868-1024x469.jpg?resize=350%2C200","width":350,"height":200,"srcset":"https:\/\/i0.wp.com\/iumotril.org\/sitio\/wp-content\/uploads\/2015\/10\/IMG_0868-1024x469.jpg?resize=350%2C200 1x, https:\/\/i0.wp.com\/iumotril.org\/sitio\/wp-content\/uploads\/2015\/10\/IMG_0868-1024x469.jpg?resize=525%2C300 1.5x"},"classes":[]}],"jetpack_likes_enabled":true,"_links":{"self":[{"href":"https:\/\/iumotril.org\/sitio\/wp-json\/wp\/v2\/posts\/1266","targetHints":{"allow":["GET"]}}],"collection":[{"href":"https:\/\/iumotril.org\/sitio\/wp-json\/wp\/v2\/posts"}],"about":[{"href":"https:\/\/iumotril.org\/sitio\/wp-json\/wp\/v2\/types\/post"}],"author":[{"embeddable":true,"href":"https:\/\/iumotril.org\/sitio\/wp-json\/wp\/v2\/users\/1"}],"replies":[{"embeddable":true,"href":"https:\/\/iumotril.org\/sitio\/wp-json\/wp\/v2\/comments?post=1266"}],"version-history":[{"count":8,"href":"https:\/\/iumotril.org\/sitio\/wp-json\/wp\/v2\/posts\/1266\/revisions"}],"predecessor-version":[{"id":1279,"href":"https:\/\/iumotril.org\/sitio\/wp-json\/wp\/v2\/posts\/1266\/revisions\/1279"}],"wp:attachment":[{"href":"https:\/\/iumotril.org\/sitio\/wp-json\/wp\/v2\/media?parent=1266"}],"wp:term":[{"taxonomy":"category","embeddable":true,"href":"https:\/\/iumotril.org\/sitio\/wp-json\/wp\/v2\/categories?post=1266"},{"taxonomy":"post_tag","embeddable":true,"href":"https:\/\/iumotril.org\/sitio\/wp-json\/wp\/v2\/tags?post=1266"}],"curies":[{"name":"wp","href":"https:\/\/api.w.org\/{rel}","templated":true}]}}