{"id":1258,"date":"2015-08-21T14:07:57","date_gmt":"2015-08-21T12:07:57","guid":{"rendered":"http:\/\/iumotril.org\/sitio\/?p=1258"},"modified":"2015-08-21T14:07:57","modified_gmt":"2015-08-21T12:07:57","slug":"izquierda-unida-denuncia-el-despido-del-sindicalista-francisco-morata-de-torraspapel","status":"publish","type":"post","link":"https:\/\/iumotril.org\/sitio\/izquierda-unida-denuncia-el-despido-del-sindicalista-francisco-morata-de-torraspapel\/","title":{"rendered":"IZQUIERDA UNIDA DENUNCIA EL DESPIDO DEL SINDICALISTA FRANCISCO MORATA DE TORRASPAPEL"},"content":{"rendered":"<p>Tras conocer el despido fulminante del sindicalista y exmiembro del comit\u00e9 de empresa en representaci\u00f3n del Sindicato Independiente Motrile\u00f1o de Papeleros (SIMPA), Izquierda Unida ha denunciado la actuaci\u00f3n de Torraspapel al considerar que pretende ser un aviso a los trabajadores\/as ante las movilizaciones que se est\u00e1n llevando a cabo contra la externalizaci\u00f3n de determinados servicios.<\/p>\n<p><a href=\"https:\/\/iumotril.org\/sitio\/wp-content\/uploads\/2015\/08\/Torras.jpg\"><img loading=\"lazy\" decoding=\"async\" data-attachment-id=\"1268\" data-permalink=\"https:\/\/iumotril.org\/sitio\/izquierda-unida-denuncia-el-despido-del-sindicalista-francisco-morata-de-torraspapel\/torras\/\" data-orig-file=\"https:\/\/iumotril.org\/sitio\/wp-content\/uploads\/2015\/08\/Torras.jpg\" data-orig-size=\"480,360\" data-comments-opened=\"1\" data-image-meta=\"{&quot;aperture&quot;:&quot;0&quot;,&quot;credit&quot;:&quot;&quot;,&quot;camera&quot;:&quot;&quot;,&quot;caption&quot;:&quot;&quot;,&quot;created_timestamp&quot;:&quot;0&quot;,&quot;copyright&quot;:&quot;&quot;,&quot;focal_length&quot;:&quot;0&quot;,&quot;iso&quot;:&quot;0&quot;,&quot;shutter_speed&quot;:&quot;0&quot;,&quot;title&quot;:&quot;&quot;,&quot;orientation&quot;:&quot;0&quot;}\" data-image-title=\"Torras\" data-image-description=\"\" data-image-caption=\"\" data-large-file=\"https:\/\/iumotril.org\/sitio\/wp-content\/uploads\/2015\/08\/Torras.jpg\" class=\"alignleft wp-image-1268 size-full\" src=\"https:\/\/iumotril.org\/sitio\/wp-content\/uploads\/2015\/08\/Torras.jpg\" alt=\"Torras\" width=\"480\" height=\"360\" srcset=\"https:\/\/iumotril.org\/sitio\/wp-content\/uploads\/2015\/08\/Torras.jpg 480w, https:\/\/iumotril.org\/sitio\/wp-content\/uploads\/2015\/08\/Torras-300x225.jpg 300w\" sizes=\"auto, (max-width: 480px) 100vw, 480px\" \/><\/a>El largo recorrido de Paco Morata al lado de los trabajadores\/as de Torraspapel le ha hecho acreedor de un importante prestigio y reconocimiento por la defensa de sus intereses frente a las pol\u00edticas de la papelera que, en los \u00faltimos a\u00f1os, ha ido endureciendo sus condiciones de trabajo debido fundamentalmente a la nula creaci\u00f3n de empleo y a la b\u00fasqueda de incrementos en sus beneficios econ\u00f3micos.<\/p>\n<p>Una vez conocidas las causas del despido de Morata, Izquierda Unida entiende que se trata de una clara represalia a aquellos que se significan en la lucha sindical y en la defensa de los intereses de los trabajadores y trabajadoras, ya que la empresa ha aprovechado su no pertenencia al comit\u00e9 para proceder a su despido fulminante.<\/p>\n<p>Izquierda Unida quiere denunciar, una vez m\u00e1s, la estrategia empresarial del grupo \u00a0Torraspapel que no cesa en la imposici\u00f3n de medidas y actuaciones que suponen una precarizaci\u00f3n cada vez mayor de las condiciones laborales. Pol\u00edticas todas ellas que est\u00e1n en consonancia con los intereses del capitalismo m\u00e1s feroz, \u00a0del que es adalid el Gobierno del Partido Popular, que no duda en pisotear los derechos de las personas y de los trabajadores\/as para maximizar sus beneficios empresariales.<\/p>\n<p>Desde Izquierda Unida queremos expresar toda nuestra solidaridad con el compa\u00f1ero Paco Morata y brindarle todo nuestro apoyo.<\/p>\n","protected":false},"excerpt":{"rendered":"<p>Izquierda Unida quiere denunciar, una vez m\u00e1s, la estrategia empresarial del grupo  Torraspapel que no cesa en la imposici\u00f3n de medidas y actuaciones que suponen una precarizaci\u00f3n cada vez mayor de las condiciones laborales. Pol\u00edticas todas ellas que est\u00e1n en consonancia con los intereses del capitalismo m\u00e1s feroz,  del que es adalid el Gobierno del Partido Popular, que no duda en pisotear los derechos de las personas y de los trabajadores\/as para maximizar sus beneficios empresariales.<\/p>\n","protected":false},"author":1,"featured_media":0,"comment_status":"open","ping_status":"open","sticky":false,"template":"","format":"standard","meta":{"cybocfi_hide_featured_image":"","_jetpack_newsletter_access":"","_jetpack_dont_email_post_to_subs":false,"_jetpack_newsletter_tier_id":0,"_jetpack_memberships_contains_paywalled_content":false,"_jetpack_memberships_contains_paid_content":false,"footnotes":""},"categories":[1],"tags":[218,221,220,219],"class_list":["post-1258","post","type-post","status-publish","format-standard","hentry","category-sin-categoria","tag-paco-morata","tag-precariedad-laboral","tag-represion-sindical","tag-torraspapel"],"jetpack_featured_media_url":"","jetpack_sharing_enabled":true,"jetpack_shortlink":"https:\/\/wp.me\/p4QsU5-ki","jetpack-related-posts":[{"id":1266,"url":"https:\/\/iumotril.org\/sitio\/por-un-empleo-digno-y-con-derechos-en-la-celulosa\/","url_meta":{"origin":1258,"position":0},"title":"Por un empleo digno y con derechos en la Celulosa","author":"Izquierda Unida Motril","date":"26 agosto, 2015","format":false,"excerpt":"Izquierda Unida no cejar\u00e1 en promover todas las medias de presi\u00f3n que considere adecuadas para lograr la readmisi\u00f3n del compa\u00f1ero Paco Morata, as\u00ed como para forzar a Torraspapel a que abandone sus pretensiones de reducir su actividad productiva en la f\u00e1brica de Motril y oriente sus actuaciones desde la necesaria\u2026","rel":"","context":"En \u00abempleo\u00bb","block_context":{"text":"empleo","link":"https:\/\/iumotril.org\/sitio\/category\/empleo\/"},"img":{"alt_text":"Rueda prensa celulosa 2608","src":"https:\/\/i0.wp.com\/iumotril.org\/sitio\/wp-content\/uploads\/2015\/08\/Rueda-prensa-celulosa-2608-300x225.jpg?resize=350%2C200","width":350,"height":200},"classes":[]},{"id":1480,"url":"https:\/\/iumotril.org\/sitio\/izquierda-unida-denuncia-los-despidos-en-limpiezas-del-sur-y-en-torras-papel\/","url_meta":{"origin":1258,"position":1},"title":"IZQUIERDA UNIDA DENUNCIA LOS DESPIDOS EN LIMPIEZAS DEL SUR Y EN TORRAS PAPEL","author":"Izquierda Unida Motril","date":"14 octubre, 2015","format":false,"excerpt":"A la vista de estas situaciones en la que se pone de manifiesto la falta de responsabilidad social de las empresas y, sobre todo, la codicia empresarial que s\u00f3lo persigue la maximizaci\u00f3n de los beneficios empresariales por encima de los derechos de las personas y de los trabajadores, Izquierda Unida\u2026","rel":"","context":"En \u00abEST\u00c1 PASANDO\u00bb","block_context":{"text":"EST\u00c1 PASANDO","link":"https:\/\/iumotril.org\/sitio\/category\/esta-pasando\/"},"img":{"alt_text":"Trabajadores limpieza","src":"https:\/\/i0.wp.com\/iumotril.org\/sitio\/wp-content\/uploads\/2015\/10\/Trabajadores-limpieza.jpg?resize=350%2C200","width":350,"height":200},"classes":[]},{"id":929,"url":"https:\/\/iumotril.org\/sitio\/orgullosos-de-haber-contribuido-a-entregarles-su-carta-de-despido\/","url_meta":{"origin":1258,"position":2},"title":"Orgullosos de haber contribuido a entregarles su carta de despido","author":"Izquierda Unida Motril","date":"14 junio, 2015","format":false,"excerpt":"Nos congratulamos de haber contribuido a que hoy podamos entregarles la carta de despido, la misma que ustedes notificaron a los trabajadores\/as de la Banda Municipal de M\u00fasica, casi todos j\u00f3venes m\u00fasicos con estudios superiores en el conservatorio; similar a la que entregaron a los profesores de la Escuela Municipal\u2026","rel":"","context":"En \u00abAyuntamiento\u00bb","block_context":{"text":"Ayuntamiento","link":"https:\/\/iumotril.org\/sitio\/category\/ayuntamiento\/"},"img":{"alt_text":"Christian Linares promete su cargo como Concejal del Ayuntamiento de Motril","src":"https:\/\/i0.wp.com\/iumotril.org\/sitio\/wp-content\/uploads\/2015\/06\/Christian_5634-150x150.jpg?resize=350%2C200","width":350,"height":200},"classes":[]},{"id":1507,"url":"https:\/\/iumotril.org\/sitio\/izquierda-unida-denuncia-que-en-el-proyecto-de-presupuestos-de-la-junta-de-andalucia-se-deja-de-lado-a-la-costa\/","url_meta":{"origin":1258,"position":3},"title":"IZQUIERDA UNIDA DENUNCIA QUE EN EL PROYECTO DE PRESUPUESTOS DE LA JUNTA DE ANDALUC\u00cdA SE  DEJA DE LADO A LA COSTA","author":"Izquierda Unida Motril","date":"21 octubre, 2015","format":false,"excerpt":"La diputada andaluza se ha comprometido a presentar diversas iniciativas parlamentarias en los \u00e1mbitos auton\u00f3mico y nacional a trav\u00e9s de su Grupo para sacar adelante propuestas y medidas de mejora para Motril y para la Comarca de la Costa para que tengan cabida en los pr\u00f3ximos presupuestos para 2016.","rel":"","context":"En \u00abEST\u00c1 PASANDO\u00bb","block_context":{"text":"EST\u00c1 PASANDO","link":"https:\/\/iumotril.org\/sitio\/category\/esta-pasando\/"},"img":{"alt_text":"mari carmen perez 2_octubre 2015","src":"http:\/\/iumotril.org\/sitio\/wp-content\/uploads\/2015\/10\/mari-carmen-perez-2_octubre-2015.bmp","width":350,"height":200},"classes":[]},{"id":4762,"url":"https:\/\/iumotril.org\/sitio\/izquierda-unida-reclama-al-ayuntamiento-que-defienda-a-los-trabajadores-del-chiringuito-oleaje\/","url_meta":{"origin":1258,"position":4},"title":"Izquierda Unida reclama al Ayuntamiento que defienda a los trabajadores del Chiringuito Oleaje","author":"Izquierda Unida Motril","date":"14 marzo, 2019","format":false,"excerpt":"La candidata de IU a la Alcald\u00eda de Motril ha se\u00f1alado que los gobiernos del PP y del PSOE son responsables de que se haya llegado a una situaci\u00f3n en la que, una vez m\u00e1s, se perjudica a los motrile\u00f1os y motrile\u00f1as que se da un trato de favor a\u2026","rel":"","context":"En \u00abEST\u00c1 PASANDO\u00bb","block_context":{"text":"EST\u00c1 PASANDO","link":"https:\/\/iumotril.org\/sitio\/category\/esta-pasando\/"},"img":{"alt_text":"","src":"https:\/\/i0.wp.com\/iumotril.org\/sitio\/wp-content\/uploads\/2019\/03\/PP-Oleaje.jpg?resize=350%2C200","width":350,"height":200},"classes":[]},{"id":4686,"url":"https:\/\/iumotril.org\/sitio\/izquierda-unida-propone-mejoras-en-el-area-de-deportes-municipal\/","url_meta":{"origin":1258,"position":5},"title":"Izquierda Unida propone mejoras en el \u00c1rea de Deportes municipal","author":"Izquierda Unida Motril","date":"13 febrero, 2019","format":false,"excerpt":"La candidata de IU se ha comprometido con la representaci\u00f3n de los trabajadores del \u00c1rea a tener en cuenta sus demandas e incorporar sus propuestas al programa de Deportes que su formaci\u00f3n presentar\u00e1 en las pr\u00f3ximas elecciones municipales con el objetivo de profesionalizar la gesti\u00f3n del \u00c1rea y trabajar en\u2026","rel":"","context":"En \u00abAyuntamiento\u00bb","block_context":{"text":"Ayuntamiento","link":"https:\/\/iumotril.org\/sitio\/category\/ayuntamiento\/"},"img":{"alt_text":"","src":"https:\/\/i0.wp.com\/iumotril.org\/sitio\/wp-content\/uploads\/2019\/01\/Inma_2_Balance-2018_4-enero.jpg?resize=350%2C200","width":350,"height":200},"classes":[]}],"jetpack_likes_enabled":true,"_links":{"self":[{"href":"https:\/\/iumotril.org\/sitio\/wp-json\/wp\/v2\/posts\/1258","targetHints":{"allow":["GET"]}}],"collection":[{"href":"https:\/\/iumotril.org\/sitio\/wp-json\/wp\/v2\/posts"}],"about":[{"href":"https:\/\/iumotril.org\/sitio\/wp-json\/wp\/v2\/types\/post"}],"author":[{"embeddable":true,"href":"https:\/\/iumotril.org\/sitio\/wp-json\/wp\/v2\/users\/1"}],"replies":[{"embeddable":true,"href":"https:\/\/iumotril.org\/sitio\/wp-json\/wp\/v2\/comments?post=1258"}],"version-history":[{"count":3,"href":"https:\/\/iumotril.org\/sitio\/wp-json\/wp\/v2\/posts\/1258\/revisions"}],"predecessor-version":[{"id":1269,"href":"https:\/\/iumotril.org\/sitio\/wp-json\/wp\/v2\/posts\/1258\/revisions\/1269"}],"wp:attachment":[{"href":"https:\/\/iumotril.org\/sitio\/wp-json\/wp\/v2\/media?parent=1258"}],"wp:term":[{"taxonomy":"category","embeddable":true,"href":"https:\/\/iumotril.org\/sitio\/wp-json\/wp\/v2\/categories?post=1258"},{"taxonomy":"post_tag","embeddable":true,"href":"https:\/\/iumotril.org\/sitio\/wp-json\/wp\/v2\/tags?post=1258"}],"curies":[{"name":"wp","href":"https:\/\/api.w.org\/{rel}","templated":true}]}}