{"id":120,"date":"2014-09-16T12:53:38","date_gmt":"2014-09-16T11:53:38","guid":{"rendered":"http:\/\/iumotril.org\/sitio\/?p=120"},"modified":"2014-09-17T11:33:57","modified_gmt":"2014-09-17T10:33:57","slug":"denunciamos-el-estado-de-dejadez-en-el-que-se-encuentra-el-mirador-de-san-nicolas-de-motril","status":"publish","type":"post","link":"https:\/\/iumotril.org\/sitio\/denunciamos-el-estado-de-dejadez-en-el-que-se-encuentra-el-mirador-de-san-nicolas-de-motril\/","title":{"rendered":"Denunciamos el estado de dejadez en el que se encuentra el mirador de San Nicol\u00e1s de Motril"},"content":{"rendered":"<p style=\"padding-left: 30px;\"><a href=\"https:\/\/iumotril.org\/sitio\/wp-content\/uploads\/2014\/09\/MIRADOR-ZONA-NORTE.jpg\"><img loading=\"lazy\" decoding=\"async\" data-attachment-id=\"123\" data-permalink=\"https:\/\/iumotril.org\/sitio\/denunciamos-el-estado-de-dejadez-en-el-que-se-encuentra-el-mirador-de-san-nicolas-de-motril\/mirador-zona-norte\/\" data-orig-file=\"https:\/\/iumotril.org\/sitio\/wp-content\/uploads\/2014\/09\/MIRADOR-ZONA-NORTE.jpg\" data-orig-size=\"1280,720\" data-comments-opened=\"1\" data-image-meta=\"{&quot;aperture&quot;:&quot;0&quot;,&quot;credit&quot;:&quot;&quot;,&quot;camera&quot;:&quot;&quot;,&quot;caption&quot;:&quot;&quot;,&quot;created_timestamp&quot;:&quot;0&quot;,&quot;copyright&quot;:&quot;&quot;,&quot;focal_length&quot;:&quot;0&quot;,&quot;iso&quot;:&quot;0&quot;,&quot;shutter_speed&quot;:&quot;0&quot;,&quot;title&quot;:&quot;&quot;,&quot;orientation&quot;:&quot;0&quot;}\" data-image-title=\"MIRADOR ZONA NORTE\" data-image-description=\"\" data-image-caption=\"\" data-large-file=\"https:\/\/iumotril.org\/sitio\/wp-content\/uploads\/2014\/09\/MIRADOR-ZONA-NORTE-1024x576.jpg\" class=\" wp-image-123 alignright\" src=\"https:\/\/iumotril.org\/sitio\/wp-content\/uploads\/2014\/09\/MIRADOR-ZONA-NORTE-300x168.jpg\" alt=\"MIRADOR ZONA NORTE\" width=\"309\" height=\"186\" \/><\/a><\/p>\n<p>Si hace unos d\u00edas, la alcaldesa de nuestra ciudad ironizaba en las redes sociales sobre el estado en el que se encuentra la Rambla de las Brujas al sugerir que se podr\u00eda realizar un \u00abestudio bot\u00e1nico dada la cantidad de matorrales que hay\u00bb. Esa visi\u00f3n cr\u00edtica sobre los lugares que no son de su competencia, desaparece cuando se trata de lugares de su total competencia como el Mirador de la Zona Norte de Motril<\/p>\n<p>&nbsp;<\/p>\n<p>\u201cEs obvio que no se hace la misma pregunta sobre la posibilidad de existencia de vida \u00a0en el mirador mencionado puesto que la respuesta es contundente y clara: no hay vida posible en un ambiente tan abandonado por parte del Gobierno Popular.<\/p>\n<p><a href=\"https:\/\/iumotril.org\/sitio\/wp-content\/uploads\/2014\/09\/MIRADOR-IV.jpg\"><img loading=\"lazy\" decoding=\"async\" data-attachment-id=\"122\" data-permalink=\"https:\/\/iumotril.org\/sitio\/denunciamos-el-estado-de-dejadez-en-el-que-se-encuentra-el-mirador-de-san-nicolas-de-motril\/mirador-iv\/\" data-orig-file=\"https:\/\/iumotril.org\/sitio\/wp-content\/uploads\/2014\/09\/MIRADOR-IV.jpg\" data-orig-size=\"1280,720\" data-comments-opened=\"1\" data-image-meta=\"{&quot;aperture&quot;:&quot;0&quot;,&quot;credit&quot;:&quot;&quot;,&quot;camera&quot;:&quot;&quot;,&quot;caption&quot;:&quot;&quot;,&quot;created_timestamp&quot;:&quot;0&quot;,&quot;copyright&quot;:&quot;&quot;,&quot;focal_length&quot;:&quot;0&quot;,&quot;iso&quot;:&quot;0&quot;,&quot;shutter_speed&quot;:&quot;0&quot;,&quot;title&quot;:&quot;&quot;,&quot;orientation&quot;:&quot;0&quot;}\" data-image-title=\"MIRADOR IV\" data-image-description=\"\" data-image-caption=\"\" data-large-file=\"https:\/\/iumotril.org\/sitio\/wp-content\/uploads\/2014\/09\/MIRADOR-IV-1024x576.jpg\" class=\"aligncenter  wp-image-122\" src=\"https:\/\/iumotril.org\/sitio\/wp-content\/uploads\/2014\/09\/MIRADOR-IV-300x168.jpg\" alt=\"MIRADOR IV\" width=\"300\" height=\"189\" \/><\/a><\/p>\n<p>As\u00ed, Christian Linares, coordinador de juventud de la formaci\u00f3n de izquierdas, aconseja a la se\u00f1ora Chamorro \u201climpiar los propios trapos sucios antes de pedir limpiar los dem\u00e1s\u201d. \u201cEl mirador -contin\u00faa Linares- es una de las pocas zonas de ocio alternativo y relacionado con la naturaleza con los que cuenta nuestra ciudad y, una vez m\u00e1s, el equipo de gobierno motrile\u00f1o parece no estar interesado con el mismo ya que la basura se amontona en diferentes sitios, incluso cristales que podr\u00edan causar alg\u00fan da\u00f1o grave. De esta manera, el mirador se convierte en algo muy lejano a un espacio de distensi\u00f3n familiar donde admirar el entorno natural del que disponemos as\u00ed como de las vistas que el lugar ofrece\u201d.<\/p>\n<p><a href=\"https:\/\/iumotril.org\/sitio\/wp-content\/uploads\/2014\/09\/MIRADOR-III.jpg\"><img loading=\"lazy\" decoding=\"async\" data-attachment-id=\"121\" data-permalink=\"https:\/\/iumotril.org\/sitio\/denunciamos-el-estado-de-dejadez-en-el-que-se-encuentra-el-mirador-de-san-nicolas-de-motril\/mirador-iii\/\" data-orig-file=\"https:\/\/iumotril.org\/sitio\/wp-content\/uploads\/2014\/09\/MIRADOR-III.jpg\" data-orig-size=\"1280,720\" data-comments-opened=\"1\" data-image-meta=\"{&quot;aperture&quot;:&quot;0&quot;,&quot;credit&quot;:&quot;&quot;,&quot;camera&quot;:&quot;&quot;,&quot;caption&quot;:&quot;&quot;,&quot;created_timestamp&quot;:&quot;0&quot;,&quot;copyright&quot;:&quot;&quot;,&quot;focal_length&quot;:&quot;0&quot;,&quot;iso&quot;:&quot;0&quot;,&quot;shutter_speed&quot;:&quot;0&quot;,&quot;title&quot;:&quot;&quot;,&quot;orientation&quot;:&quot;0&quot;}\" data-image-title=\"MIRADOR III\" data-image-description=\"\" data-image-caption=\"\" data-large-file=\"https:\/\/iumotril.org\/sitio\/wp-content\/uploads\/2014\/09\/MIRADOR-III-1024x576.jpg\" class=\"aligncenter size-medium wp-image-121\" src=\"https:\/\/iumotril.org\/sitio\/wp-content\/uploads\/2014\/09\/MIRADOR-III-300x168.jpg\" alt=\"MIRADOR III\" width=\"300\" height=\"168\" \/><\/a><\/p>\n<p>A juicio del grupo municipal de IU, \u201cen pocos d\u00edas hemos visto c\u00f3mo la limpieza brilla por su ausencia dentro del propio casco urbano de la ciudad, con la p\u00e9sima imagen tur\u00edstica y los problemas de salud que pueden derivar de esta mala gesti\u00f3n de las \u00e1reas competentes del ayuntamiento. Una vez m\u00e1s, traemos la prueba de que este gobierno del PP est\u00e1 m\u00e1s preocupado por su propia imagen que por la de la ciudad\u201d.<\/p>\n<p>&nbsp;<\/p>\n<p>\u201cNos encontramos, por tanto -prosigue Linares- ante problemas a los que el PP motrile\u00f1o no da importancia alguna pero que podr\u00edan derivar en casos mucho m\u00e1s serios y que parecen no importar a quienes permiten que esta situaci\u00f3n permanezca as\u00ed desde hace mucho tiempo\u201d.<\/p>\n<p>&nbsp;<\/p>\n<p>Para terminar, el coordinador juvenil de IU matiza que \u201csi disponemos de un concejal que tiene a su cargo las \u00e1reas de Calidad Urbana y Mantenimiento; un concejal de Medio Ambiente y una concejala de Salud que no velan para que se cumplan sus funciones, lo mejor que podr\u00edan hacer es presentar su dimisi\u00f3n y dejar paso a quien s\u00ed sepa hacerlo\u201d.<\/p>\n<p>&nbsp;<\/p>\n","protected":false},"excerpt":{"rendered":"<p>Si hace unos d\u00edas, la alcaldesa de nuestra ciudad ironizaba [&hellip;]<\/p>\n","protected":false},"author":1,"featured_media":0,"comment_status":"open","ping_status":"open","sticky":false,"template":"","format":"standard","meta":{"cybocfi_hide_featured_image":"","_jetpack_newsletter_access":"","_jetpack_dont_email_post_to_subs":false,"_jetpack_newsletter_tier_id":0,"_jetpack_memberships_contains_paywalled_content":false,"_jetpack_memberships_contains_paid_content":false,"footnotes":""},"categories":[1],"tags":[],"class_list":["post-120","post","type-post","status-publish","format-standard","hentry","category-sin-categoria"],"jetpack_featured_media_url":"","jetpack_sharing_enabled":true,"jetpack_shortlink":"https:\/\/wp.me\/p4QsU5-1W","jetpack-related-posts":[{"id":381,"url":"https:\/\/iumotril.org\/sitio\/el-pp-descuida-el-parque-de-los-pueblos-de-america\/","url_meta":{"origin":120,"position":0},"title":"El PP descuida el Parque de los Pueblos de Am\u00e9rica","author":"Izquierda Unida Motril","date":"9 enero, 2015","format":false,"excerpt":"As\u00ed lo confirman desde el \u00c1rea de Juventud de IU-Motril, que, durante varios d\u00edas aleatorios, ha querido conocer la opini\u00f3n de motrile\u00f1os, motrile\u00f1as y visitantes de nuestra localidad acerca del estado en el que se encuentra uno de los pulmones de la Costa Tropical. Su portavoz, Christian Linares, es contundente\u2026","rel":"","context":"En \u00abSin categor\u00eda\u00bb","block_context":{"text":"Sin categor\u00eda","link":"https:\/\/iumotril.org\/sitio\/category\/sin-categoria\/"},"img":{"alt_text":"christian 2014","src":"https:\/\/i0.wp.com\/iumotril.org\/sitio\/wp-content\/uploads\/2015\/01\/christian-2014-198x300.jpg?resize=350%2C200","width":350,"height":200},"classes":[]},{"id":3560,"url":"https:\/\/iumotril.org\/sitio\/el-lamentable-estado-de-dejadez-de-motril\/","url_meta":{"origin":120,"position":1},"title":"El lamentable estado de dejadez de Motril","author":"Izquierda Unida Motril","date":"10 mayo, 2018","format":false,"excerpt":"Christian Linares ha se\u00f1alado que\u00a0 la principal actuaci\u00f3n de Flor Alm\u00f3n y de su equipo durante estos tres a\u00f1os de gobierno ha sido el desmantelamiento de la empresa p\u00fablica de limpieza LIMDECO, algunos de cuyos servicios han sido progresivamente privatizados en una estrategia acordada con la derecha motrile\u00f1a para, finalmente,\u2026","rel":"","context":"En \u00abCiudad\u00bb","block_context":{"text":"Ciudad","link":"https:\/\/iumotril.org\/sitio\/category\/ciudad\/"},"img":{"alt_text":"","src":"https:\/\/i0.wp.com\/iumotril.org\/sitio\/wp-content\/uploads\/2018\/05\/IMG-20180502-WA0024.jpg?resize=350%2C200&ssl=1","width":350,"height":200,"srcset":"https:\/\/i0.wp.com\/iumotril.org\/sitio\/wp-content\/uploads\/2018\/05\/IMG-20180502-WA0024.jpg?resize=350%2C200&ssl=1 1x, https:\/\/i0.wp.com\/iumotril.org\/sitio\/wp-content\/uploads\/2018\/05\/IMG-20180502-WA0024.jpg?resize=525%2C300&ssl=1 1.5x, https:\/\/i0.wp.com\/iumotril.org\/sitio\/wp-content\/uploads\/2018\/05\/IMG-20180502-WA0024.jpg?resize=700%2C400&ssl=1 2x, https:\/\/i0.wp.com\/iumotril.org\/sitio\/wp-content\/uploads\/2018\/05\/IMG-20180502-WA0024.jpg?resize=1050%2C600&ssl=1 3x, https:\/\/i0.wp.com\/iumotril.org\/sitio\/wp-content\/uploads\/2018\/05\/IMG-20180502-WA0024.jpg?resize=1400%2C800&ssl=1 4x"},"classes":[]},{"id":1714,"url":"https:\/\/iumotril.org\/sitio\/los-parques-y-jardines-de-motril-en-un-estado-deplorable\/","url_meta":{"origin":120,"position":2},"title":"LOS PARQUES Y JARDINES DE MOTRIL EN UN ESTADO DEPLORABLE","author":"Izquierda Unida Motril","date":"29 noviembre, 2015","format":false,"excerpt":"El Gobierno de Flor Alm\u00f3n parece no estar por la labor de cuidar y mantener los espacios verdes motrile\u00f1os a juzgar por las condiciones en las que se encuentran casi todos ellos, sobre todo los m\u00e1s emblem\u00e1ticos. Suciedad, mobiliario inexistente o deteriorado y abandono son los rasgos comunes de los\u2026","rel":"","context":"En \u00abdenuncia\u00bb","block_context":{"text":"denuncia","link":"https:\/\/iumotril.org\/sitio\/category\/denuncia\/"},"img":{"alt_text":"Parques_3","src":"https:\/\/i0.wp.com\/iumotril.org\/sitio\/wp-content\/uploads\/2015\/11\/Parques_3-150x150.jpg?resize=350%2C200","width":350,"height":200},"classes":[]},{"id":5598,"url":"https:\/\/iumotril.org\/sitio\/iu-equo-reclama-actuaciones-de-mantenimiento-y-mejora-en-todos-los-barrios-y-en-los-centros-educativos-de-motril\/","url_meta":{"origin":120,"position":3},"title":"IU-Equo reclama actuaciones de mantenimiento y mejora en todos los barrios y en los centros educativos de Motril","author":"Izquierda Unida Motril","date":"19 febrero, 2020","format":false,"excerpt":"Inma Omiste ha reclamado a Garc\u00eda Chamorro que las actuaciones de mantenimiento y mejora de la ciudad que se lleven a cabo respondan a criterios objetivos y transparentes. Que se tenga en cuenta las decisiones consensuadas por la Corporaci\u00f3n, as\u00ed como las reclamadas razonablemente por los vecinos y vecinas.\u00a0En definitiva,\u2026","rel":"","context":"En \u00abCiudad\u00bb","block_context":{"text":"Ciudad","link":"https:\/\/iumotril.org\/sitio\/category\/ciudad\/"},"img":{"alt_text":"","src":"https:\/\/i0.wp.com\/iumotril.org\/sitio\/wp-content\/uploads\/2020\/02\/20-febrero_mantenimiento-ciudad-1-1024x768.jpg?resize=350%2C200","width":350,"height":200,"srcset":"https:\/\/i0.wp.com\/iumotril.org\/sitio\/wp-content\/uploads\/2020\/02\/20-febrero_mantenimiento-ciudad-1-1024x768.jpg?resize=350%2C200 1x, https:\/\/i0.wp.com\/iumotril.org\/sitio\/wp-content\/uploads\/2020\/02\/20-febrero_mantenimiento-ciudad-1-1024x768.jpg?resize=525%2C300 1.5x"},"classes":[]},{"id":10944,"url":"https:\/\/iumotril.org\/sitio\/iu-verdes-equo-solicita-la-declaracion-de-la-antigua-fabrica-de-san-jose-como-lugar-de-la-memoria-democratica-de-andalucia\/","url_meta":{"origin":120,"position":4},"title":"IU Verdes Equo solicita la declaraci\u00f3n de la antigua f\u00e1brica de San Jos\u00e9 como lugar de la memoria Democr\u00e1tica de Andalucia.","author":"Izquierda Unida Motril","date":"2 febrero, 2026","format":false,"excerpt":"A trav\u00e9s de una moci\u00f3n que ha sido aprobada en el Pleno Municipal,\u00a0acuerde\u00a0instar a la Consejer\u00eda de Cultura y Deporte de Andaluc\u00eda a la incoaci\u00f3n del expediente para\u00a0declarar los edificios existentes de la antigua f\u00e1brica de San Jos\u00e9 de El Varadero como Lugar de Memoria Democr\u00e1tica\u00a0de Andaluc\u00eda. \u00a0 Asimismo, mientras\u2026","rel":"","context":"En \u00abAyuntamiento\u00bb","block_context":{"text":"Ayuntamiento","link":"https:\/\/iumotril.org\/sitio\/category\/ayuntamiento\/"},"img":{"alt_text":"","src":"https:\/\/i0.wp.com\/iumotril.org\/sitio\/wp-content\/uploads\/2026\/02\/G_6gvXiXQAAiLMu.jpg?resize=350%2C200&ssl=1","width":350,"height":200,"srcset":"https:\/\/i0.wp.com\/iumotril.org\/sitio\/wp-content\/uploads\/2026\/02\/G_6gvXiXQAAiLMu.jpg?resize=350%2C200&ssl=1 1x, https:\/\/i0.wp.com\/iumotril.org\/sitio\/wp-content\/uploads\/2026\/02\/G_6gvXiXQAAiLMu.jpg?resize=525%2C300&ssl=1 1.5x, https:\/\/i0.wp.com\/iumotril.org\/sitio\/wp-content\/uploads\/2026\/02\/G_6gvXiXQAAiLMu.jpg?resize=700%2C400&ssl=1 2x"},"classes":[]},{"id":10951,"url":"https:\/\/iumotril.org\/sitio\/iu-equo-acusa-al-gobierno-local-de-falta-de-planificacion-y-de-gestion-de-los-servicios-publicos\/","url_meta":{"origin":120,"position":5},"title":"IU-Equo acusa al gobierno local de falta de planificaci\u00f3n y de gesti\u00f3n de los servicios p\u00fablicos.","author":"Izquierda Unida Motril","date":"10 febrero, 2026","format":false,"excerpt":"En los \u00faltimos a\u00f1os se multiplican episodios como ca\u00eddas de \u00e1rboles, talas incontroladas, colapso de muros, goteras en edificios p\u00fablicos, cuyo origen se encuentra en la falta de planificaci\u00f3n, gesti\u00f3n y control por parte del gobierno Local.","rel":"","context":"En \u00abAyuntamiento\u00bb","block_context":{"text":"Ayuntamiento","link":"https:\/\/iumotril.org\/sitio\/category\/ayuntamiento\/"},"img":{"alt_text":"","src":"https:\/\/i0.wp.com\/iumotril.org\/sitio\/wp-content\/uploads\/2025\/04\/mociones-abril-scaled.jpeg?resize=350%2C200&ssl=1","width":350,"height":200,"srcset":"https:\/\/i0.wp.com\/iumotril.org\/sitio\/wp-content\/uploads\/2025\/04\/mociones-abril-scaled.jpeg?resize=350%2C200&ssl=1 1x, https:\/\/i0.wp.com\/iumotril.org\/sitio\/wp-content\/uploads\/2025\/04\/mociones-abril-scaled.jpeg?resize=525%2C300&ssl=1 1.5x, https:\/\/i0.wp.com\/iumotril.org\/sitio\/wp-content\/uploads\/2025\/04\/mociones-abril-scaled.jpeg?resize=700%2C400&ssl=1 2x, https:\/\/i0.wp.com\/iumotril.org\/sitio\/wp-content\/uploads\/2025\/04\/mociones-abril-scaled.jpeg?resize=1050%2C600&ssl=1 3x, https:\/\/i0.wp.com\/iumotril.org\/sitio\/wp-content\/uploads\/2025\/04\/mociones-abril-scaled.jpeg?resize=1400%2C800&ssl=1 4x"},"classes":[]}],"jetpack_likes_enabled":true,"_links":{"self":[{"href":"https:\/\/iumotril.org\/sitio\/wp-json\/wp\/v2\/posts\/120","targetHints":{"allow":["GET"]}}],"collection":[{"href":"https:\/\/iumotril.org\/sitio\/wp-json\/wp\/v2\/posts"}],"about":[{"href":"https:\/\/iumotril.org\/sitio\/wp-json\/wp\/v2\/types\/post"}],"author":[{"embeddable":true,"href":"https:\/\/iumotril.org\/sitio\/wp-json\/wp\/v2\/users\/1"}],"replies":[{"embeddable":true,"href":"https:\/\/iumotril.org\/sitio\/wp-json\/wp\/v2\/comments?post=120"}],"version-history":[{"count":11,"href":"https:\/\/iumotril.org\/sitio\/wp-json\/wp\/v2\/posts\/120\/revisions"}],"predecessor-version":[{"id":134,"href":"https:\/\/iumotril.org\/sitio\/wp-json\/wp\/v2\/posts\/120\/revisions\/134"}],"wp:attachment":[{"href":"https:\/\/iumotril.org\/sitio\/wp-json\/wp\/v2\/media?parent=120"}],"wp:term":[{"taxonomy":"category","embeddable":true,"href":"https:\/\/iumotril.org\/sitio\/wp-json\/wp\/v2\/categories?post=120"},{"taxonomy":"post_tag","embeddable":true,"href":"https:\/\/iumotril.org\/sitio\/wp-json\/wp\/v2\/tags?post=120"}],"curies":[{"name":"wp","href":"https:\/\/api.w.org\/{rel}","templated":true}]}}