{"id":1139,"date":"2015-07-29T14:41:19","date_gmt":"2015-07-29T12:41:19","guid":{"rendered":"http:\/\/iumotril.org\/sitio\/?p=1139"},"modified":"2015-07-29T14:41:19","modified_gmt":"2015-07-29T12:41:19","slug":"izquierda-unida-presenta-al-pleno-municipal-una-mocion-solicitando-la-retirada-de-la-medalla-de-oro-de-la-ciudad-a-fulgencio-spa","status":"publish","type":"post","link":"https:\/\/iumotril.org\/sitio\/izquierda-unida-presenta-al-pleno-municipal-una-mocion-solicitando-la-retirada-de-la-medalla-de-oro-de-la-ciudad-a-fulgencio-spa\/","title":{"rendered":"IZQUIERDA UNIDA PRESENTA AL PLENO MUNICIPAL UNA MOCI\u00d3N SOLICITANDO LA RETIRADA DE LA MEDALLA DE ORO DE LA CIUDAD A  FULGENCIO SPA"},"content":{"rendered":"<p>La formaci\u00f3n de izquierdas ha presentado para su debate en el pleno municipal que tendr\u00e1 lugar ma\u00f1ana,\u00a0 d\u00eda 30 de julio, una moci\u00f3n solicitando la retirada de la medalla de la ciudad a Fulgencio Spa por sus afirmaciones ofensivas y denigratorias hacia las v\u00edctimas y familiares de la violencia franquista y hacia la mayor\u00eda ciudadana de Motril. Unas manifestaciones contrarias, por lo tanto, a los principios constitucionales de convivencia pac\u00edfica y democr\u00e1tica.<\/p>\n<p><a href=\"https:\/\/iumotril.org\/sitio\/wp-content\/uploads\/2015\/06\/Luisa-y-Spa.jpg\"><img loading=\"lazy\" decoding=\"async\" data-attachment-id=\"974\" data-permalink=\"https:\/\/iumotril.org\/sitio\/izquierda-unida-solicitara-la-retirada-de-la-medalla-de-oro-de-la-ciudad-a-fulgencio-spa\/luisa-y-spa\/\" data-orig-file=\"https:\/\/iumotril.org\/sitio\/wp-content\/uploads\/2015\/06\/Luisa-y-Spa.jpg\" data-orig-size=\"600,400\" data-comments-opened=\"1\" data-image-meta=\"{&quot;aperture&quot;:&quot;0&quot;,&quot;credit&quot;:&quot;&quot;,&quot;camera&quot;:&quot;&quot;,&quot;caption&quot;:&quot;&quot;,&quot;created_timestamp&quot;:&quot;0&quot;,&quot;copyright&quot;:&quot;&quot;,&quot;focal_length&quot;:&quot;0&quot;,&quot;iso&quot;:&quot;0&quot;,&quot;shutter_speed&quot;:&quot;0&quot;,&quot;title&quot;:&quot;&quot;,&quot;orientation&quot;:&quot;0&quot;}\" data-image-title=\"Luisa y Spa\" data-image-description=\"\" data-image-caption=\"\" data-large-file=\"https:\/\/iumotril.org\/sitio\/wp-content\/uploads\/2015\/06\/Luisa-y-Spa.jpg\" class=\"alignleft wp-image-974 size-full\" src=\"https:\/\/iumotril.org\/sitio\/wp-content\/uploads\/2015\/06\/Luisa-y-Spa.jpg\" alt=\"Luisa Chamorro y Fulgencio Spa\" width=\"600\" height=\"400\" srcset=\"https:\/\/iumotril.org\/sitio\/wp-content\/uploads\/2015\/06\/Luisa-y-Spa.jpg 600w, https:\/\/iumotril.org\/sitio\/wp-content\/uploads\/2015\/06\/Luisa-y-Spa-300x200.jpg 300w\" sizes=\"auto, (max-width: 600px) 100vw, 600px\" \/><\/a>Como ya anunci\u00f3 en su <a href=\"http:\/\/wp.me\/p4QsU5-fE\" target=\"_blank\">momento<\/a> tras conocerse las manifestaciones del Sr. Spa vertidas en una carta p\u00fablica dirigida a la exalcaldesa de Motril, Luisa Garc\u00eda Chamorro, Izquierda Unida presenta para su debate en el Pleno municipal una moci\u00f3n en la que se solicita la retirada de la medalla de oro de la ciudad, que le fue concedida, sin la unanimidad de los grupos, \u00a0en el mes de mayo de 2014.<\/p>\n<p>Izquierda Unida entiende que estas distinciones, en primer lugar, deben contar con el necesario consenso de todos los grupos y, sobre todo, no recaer en ning\u00fan caso en personas que se hayan podido caracterizar por actitudes racistas, enaltecedoras de la violencia, la intolerancia o cualesquiera otras relacionadas con el menosprecio de los derechos humanos. Este es el caso del Sr. Spa, que ha interpretado en<a href=\"http:\/\/www.elfaromotril.es\/2015\/06\/24\/la-cabra-tira-al-monte\/\" target=\"_blank\"> clave guerra civilista<\/a> los resultados de las \u00faltimas elecciones municipales en nuestra ciudad.<\/p>\n<p>Seg\u00fan se\u00f1ala la portavoz de Izquierda Unida, Daniela Paqu\u00e9, en el mismo Pleno que se acord\u00f3 la concesi\u00f3n de la medalla a Spa, tambi\u00e9n se acord\u00f3, en este caso por unanimidad, declarar nominativamente una calle o plaza al Dr. Norman Bethune \u2013el m\u00e9dico canadiense que destac\u00f3 por su comportamiento y valores humanitarias en los cr\u00edmenes de la carretera M\u00e1laga-Almer\u00eda, el episodio conocido como la Desband\u00e1\u2014 y el levantamiento de un sencillo monumento con los nombres y apellidos de los 21 motrile\u00f1os muertos en los campos nazis. Sin embargo, a diferencia que en el caso de Spa, que recibi\u00f3 la medalla en los d\u00edas siguientes a su concesi\u00f3n, 14 meses despu\u00e9s el<a href=\"https:\/\/es.wikipedia.org\/wiki\/Norman_Bethune\" target=\"_blank\"> Dr. Bethune<\/a> sigue sin plaza y los motrile\u00f1os muertos en los campos nazis sin su sencillo monumento.<\/p>\n<p>La portavoz del Grupo municipal de Izquierda Unida ha reclamado que se lleven a cabo de forma inmediata esas actuaciones y que el Ayuntamiento de Motril apueste decididamente por la aplicaci\u00f3n de pol\u00edticas p\u00fablicas de Memoria democr\u00e1tica en nuestra ciudad.<\/p>\n<p>Record\u00f3, por \u00faltimo que, 39 a\u00f1os despu\u00e9s de la muerte del dictador, contin\u00faan desaparecidos m\u00e1s de 114 mil v\u00edctimas de la represi\u00f3n de la dictadura franquista, de ellos cerca de 47 mil en fosas y cunetas de Andaluc\u00eda, lo que es equiparable a cualquier otro genocidio. Conocer la verdad, hacer justicia y reparar a las v\u00edctimas o a sus familiares son condiciones necesarias para que este pa\u00eds pueda mirar hacia el futuro sin verg\u00fcenza y, de este modo, afrontar la regeneraci\u00f3n democr\u00e1tica que reclama la mayor parte de la ciudadan\u00eda, concluy\u00f3.<\/p>\n","protected":false},"excerpt":{"rendered":"<p>Izquierda Unida entiende que estas distinciones, en primer lugar, deben contar con el necesario consenso de todos los grupos y, sobre todo, no recaer en ning\u00fan caso en personas que se hayan podido caracterizar por actitudes racistas, enaltecedoras de la violencia, la intolerancia o cualesquiera otras relacionadas con el menosprecio de los derechos humanos. Este es el caso del Sr. Spa, que ha interpretado en clave guerra civilista los resultados de las \u00faltimas elecciones municipales en nuestra ciudad.<\/p>\n","protected":false},"author":1,"featured_media":0,"comment_status":"open","ping_status":"open","sticky":false,"template":"","format":"standard","meta":{"cybocfi_hide_featured_image":"","_jetpack_newsletter_access":"","_jetpack_dont_email_post_to_subs":false,"_jetpack_newsletter_tier_id":0,"_jetpack_memberships_contains_paywalled_content":false,"_jetpack_memberships_contains_paid_content":false,"footnotes":""},"categories":[7,36],"tags":[84,198,194,197,196,199],"class_list":["post-1139","post","type-post","status-publish","format-standard","hentry","category-ayuntamiento","category-mociones-pleno","tag-daniela-paque","tag-franquismo","tag-fulgencio-spa","tag-memoria-democratica","tag-norman-bethune","tag-victimas"],"jetpack_featured_media_url":"","jetpack_sharing_enabled":true,"jetpack_shortlink":"https:\/\/wp.me\/p4QsU5-in","jetpack-related-posts":[{"id":970,"url":"https:\/\/iumotril.org\/sitio\/izquierda-unida-solicitara-la-retirada-de-la-medalla-de-oro-de-la-ciudad-a-fulgencio-spa\/","url_meta":{"origin":1139,"position":0},"title":"Izquierda Unida solicitar\u00e1 la retirada de la Medalla de Oro de la Ciudad a Fulgencio Spa","author":"Izquierda Unida Motril","date":"26 junio, 2015","format":false,"excerpt":"Izquierda Unida vot\u00f3 en contra de dicha concesi\u00f3n al considerar que cualquier distinci\u00f3n de estas caracter\u00edsticas debe contar con el apoyo un\u00e1nime de la corporaci\u00f3n. Adem\u00e1s entend\u00eda, y sigue haci\u00e9ndolo, que el Sr. Spa representa a una parte minoritaria de la sociedad motrile\u00f1a, a aquellas personas afines a la derecha\u2026","rel":"","context":"En \u00abAyuntamiento\u00bb","block_context":{"text":"Ayuntamiento","link":"https:\/\/iumotril.org\/sitio\/category\/ayuntamiento\/"},"img":{"alt_text":"Luisa Chamorro y Fulgencio Spa","src":"https:\/\/i0.wp.com\/iumotril.org\/sitio\/wp-content\/uploads\/2015\/06\/Luisa-y-Spa-300x200.jpg?resize=350%2C200","width":350,"height":200},"classes":[]},{"id":1154,"url":"https:\/\/iumotril.org\/sitio\/flor-almon-da-por-amortizado-su-acuerdo-con-izquierda-unida\/","url_meta":{"origin":1139,"position":1},"title":"Flor Alm\u00f3n da por amortizado su acuerdo con Izquierda Unida","author":"Izquierda Unida Motril","date":"3 agosto, 2015","format":false,"excerpt":"La portavoz del Grupo municipal de Izquierda Unida ha reclamado a Flor Alm\u00f3n el cumplimiento de los Acuerdos alcanzados entre ambas formaciones que hicieron posible la investidura de la candidata socialista como alcaldesa de Motril, record\u00e1ndole que ese acuerdo no es un cheque en blanco que pueda utilizar a su\u2026","rel":"","context":"En \u00abAyuntamiento\u00bb","block_context":{"text":"Ayuntamiento","link":"https:\/\/iumotril.org\/sitio\/category\/ayuntamiento\/"},"img":{"alt_text":"Alm\u00f3n y Esc\u00e1mez","src":"https:\/\/i0.wp.com\/iumotril.org\/sitio\/wp-content\/uploads\/2015\/06\/gr-costa-575x323-277x300.jpg?resize=350%2C200","width":350,"height":200},"classes":[]},{"id":1122,"url":"https:\/\/iumotril.org\/sitio\/motril-libre-de-desahucios\/","url_meta":{"origin":1139,"position":2},"title":"Motril libre de desahucios","author":"Izquierda Unida Motril","date":"28 julio, 2015","format":false,"excerpt":"Las medidas centrales que contempla la Propuesta de Declaraci\u00f3n de Motril municipio libre de desahucios se articulan en torno a dos ejes: la creaci\u00f3n de una Oficina antidesahucios que recoja el compromiso del Ayuntamiento de Motril de emprender las actuaciones necesarias para garantizar el derecho a la vivienda de la\u2026","rel":"","context":"En \u00abAyuntamiento\u00bb","block_context":{"text":"Ayuntamiento","link":"https:\/\/iumotril.org\/sitio\/category\/ayuntamiento\/"},"img":{"alt_text":"FullSizeRender (1)","src":"https:\/\/i0.wp.com\/iumotril.org\/sitio\/wp-content\/uploads\/2015\/07\/FullSizeRender-1-225x300.jpg?resize=350%2C200","width":350,"height":200},"classes":[]},{"id":6656,"url":"https:\/\/iumotril.org\/sitio\/izquierda-unida-equo-recurre-la-decision-del-pleno-de-mantener-la-medalla-de-oro-de-motril-a-franco\/","url_meta":{"origin":1139,"position":3},"title":"Izquierda Unida-Equo recurre la decisi\u00f3n del Pleno de mantener la medalla de oro de Motril a Franco","author":"Izquierda Unida Motril","date":"31 agosto, 2020","format":false,"excerpt":"El recurso presentado constituye un intento m\u00e1s del Grupo Municipal de IU-Equo para que el gobierno municipal de Motril reconsidere su decisi\u00f3n y acceda a retirar la medalla de oro al dictador sin necesidad de acudir a sede judicial en reclamaci\u00f3n del debido respeto a la normativa de Memoria Hist\u00f3rica\u2026","rel":"","context":"En \u00abEST\u00c1 PASANDO\u00bb","block_context":{"text":"EST\u00c1 PASANDO","link":"https:\/\/iumotril.org\/sitio\/category\/esta-pasando\/"},"img":{"alt_text":"","src":"https:\/\/i0.wp.com\/iumotril.org\/sitio\/wp-content\/uploads\/2020\/08\/Jose-e-Inma-31-agosto-1024x768.jpg?resize=350%2C200","width":350,"height":200,"srcset":"https:\/\/i0.wp.com\/iumotril.org\/sitio\/wp-content\/uploads\/2020\/08\/Jose-e-Inma-31-agosto-1024x768.jpg?resize=350%2C200 1x, https:\/\/i0.wp.com\/iumotril.org\/sitio\/wp-content\/uploads\/2020\/08\/Jose-e-Inma-31-agosto-1024x768.jpg?resize=525%2C300 1.5x"},"classes":[]},{"id":1600,"url":"https:\/\/iumotril.org\/sitio\/un-equipo-de-gobierno-a-la-deriva\/","url_meta":{"origin":1139,"position":4},"title":"UN EQUIPO DE GOBIERNO A LA DERIVA","author":"Izquierda Unida Motril","date":"4 noviembre, 2015","format":false,"excerpt":"El panorama, en nuestra opini\u00f3n, anuncia malos tiempos para nuestra ciudad. El PSOE ha dejado en el caj\u00f3n los compromisos sociales y ambientales adquiridos con Izquierda Unida para llevar a cabo pol\u00edticas de progreso y han evidenciado, pleno tras pleno, una preocupante coincidencia de intereses con la derecha motrile\u00f1a. Adem\u00e1s,\u2026","rel":"","context":"En \u00abAyuntamiento\u00bb","block_context":{"text":"Ayuntamiento","link":"https:\/\/iumotril.org\/sitio\/category\/ayuntamiento\/"},"img":{"alt_text":"es-tiempo-de-izquierda","src":"https:\/\/i0.wp.com\/iumotril.org\/sitio\/wp-content\/uploads\/2015\/11\/es-tiempo-de-izquierda.jpg?resize=350%2C200","width":350,"height":200,"srcset":"https:\/\/i0.wp.com\/iumotril.org\/sitio\/wp-content\/uploads\/2015\/11\/es-tiempo-de-izquierda.jpg?resize=350%2C200 1x, https:\/\/i0.wp.com\/iumotril.org\/sitio\/wp-content\/uploads\/2015\/11\/es-tiempo-de-izquierda.jpg?resize=525%2C300 1.5x, https:\/\/i0.wp.com\/iumotril.org\/sitio\/wp-content\/uploads\/2015\/11\/es-tiempo-de-izquierda.jpg?resize=700%2C400 2x"},"classes":[]},{"id":3440,"url":"https:\/\/iumotril.org\/sitio\/izquierda-unida-exige-la-retirada-de-simbolos-y-denominaciones-franquistas-en-calles-y-edificios-de-motril\/","url_meta":{"origin":1139,"position":5},"title":"Izquierda Unida exige la retirada de s\u00edmbolos y denominaciones franquistas en calles y edificios de Motril","author":"Izquierda Unida Motril","date":"22 marzo, 2018","format":false,"excerpt":"El Grupo Municipal de Izquierda Unida defiende en el pleno municipal que se celebra este viernes una moci\u00f3n en la que reclama la eliminaci\u00f3n de elementos contrarios a la memoria hist\u00f3rica y democr\u00e1tica de Andaluc\u00eda. En concreto, propone la elaboraci\u00f3n de un inventario exhaustivo de las denominaciones de v\u00edas p\u00fablicas\u2026","rel":"","context":"En \u00abEST\u00c1 PASANDO\u00bb","block_context":{"text":"EST\u00c1 PASANDO","link":"https:\/\/iumotril.org\/sitio\/category\/esta-pasando\/"},"img":{"alt_text":"","src":"https:\/\/i0.wp.com\/iumotril.org\/sitio\/wp-content\/uploads\/2018\/03\/mocion-republica-2018-300x171.jpg?resize=350%2C200","width":350,"height":200},"classes":[]}],"jetpack_likes_enabled":true,"_links":{"self":[{"href":"https:\/\/iumotril.org\/sitio\/wp-json\/wp\/v2\/posts\/1139","targetHints":{"allow":["GET"]}}],"collection":[{"href":"https:\/\/iumotril.org\/sitio\/wp-json\/wp\/v2\/posts"}],"about":[{"href":"https:\/\/iumotril.org\/sitio\/wp-json\/wp\/v2\/types\/post"}],"author":[{"embeddable":true,"href":"https:\/\/iumotril.org\/sitio\/wp-json\/wp\/v2\/users\/1"}],"replies":[{"embeddable":true,"href":"https:\/\/iumotril.org\/sitio\/wp-json\/wp\/v2\/comments?post=1139"}],"version-history":[{"count":5,"href":"https:\/\/iumotril.org\/sitio\/wp-json\/wp\/v2\/posts\/1139\/revisions"}],"predecessor-version":[{"id":1152,"href":"https:\/\/iumotril.org\/sitio\/wp-json\/wp\/v2\/posts\/1139\/revisions\/1152"}],"wp:attachment":[{"href":"https:\/\/iumotril.org\/sitio\/wp-json\/wp\/v2\/media?parent=1139"}],"wp:term":[{"taxonomy":"category","embeddable":true,"href":"https:\/\/iumotril.org\/sitio\/wp-json\/wp\/v2\/categories?post=1139"},{"taxonomy":"post_tag","embeddable":true,"href":"https:\/\/iumotril.org\/sitio\/wp-json\/wp\/v2\/tags?post=1139"}],"curies":[{"name":"wp","href":"https:\/\/api.w.org\/{rel}","templated":true}]}}