{"id":11059,"date":"2026-04-27T11:14:59","date_gmt":"2026-04-27T09:14:59","guid":{"rendered":"https:\/\/iumotril.org\/sitio\/?p=11059"},"modified":"2026-04-27T11:14:59","modified_gmt":"2026-04-27T09:14:59","slug":"iu-verdes-equo-califica-de-chapuza-la-obra-de-las-explanadas","status":"publish","type":"post","link":"https:\/\/iumotril.org\/sitio\/iu-verdes-equo-califica-de-chapuza-la-obra-de-las-explanadas\/","title":{"rendered":"IU Verdes Equo califica de chapuza la obra de Las Explanadas."},"content":{"rendered":"<p>Consideran insuficientes las explicaciones dadas por el gobierno de Garc\u00eda Chamorro para justificar los retrasos de la obra por fallos en la ejecuci\u00f3n de esta y recuerda a la alcaldesa que es el gobierno municipal el responsable del control y supervisi\u00f3n de la obra durante su desarrollo.<\/p>\n<p>La remodelaci\u00f3n de las Explanadas que hab\u00eda sido presentada como la propuesta estrella del gobierno del PP, no solo no ha cubierto las expectativas generadas, sino que adem\u00e1s por su mala gesti\u00f3n y descontrol las obras se van a alargar por tiempo indefinido.<\/p>\n<p>La portavoz municipal de IU Verdes Equo, Inma Omiste, ha criticado que 13 meses despu\u00e9s del inicio la obra est\u00e9 inacabada dando una lamentable imagen para vecinos y visitantes, sin olvidar los inconvenientes y p\u00e9rdidas econ\u00f3micas que esta obra ha supuesto para los establecimientos de la zona.<\/p>\n<p>\u201cDesde principios de diciembre se ven\u00eda denunciando el mal estado de la pavimentaci\u00f3n sin que por parte del gobierno se hubieran referido a este hecho, recordemos que en un primer momento se anunci\u00f3 que las obras estar\u00edan finalizadas a finales de noviembre\u201d.<\/p>\n<p>La edil ha recordado como a principios de diciembre abrieron el paso peatonal, en esa fecha ya se ven\u00eda denunciando por parte de la ciudadan\u00eda del mal estado de las losetas, pero por parte del Gobierno justificaron el retraso de la obra a finales de diciembre por problemas de jardiner\u00eda, nunca mencionaron defectos en la pavimentaci\u00f3n. Incluso llegaron a culpabilizar a las subcontratas de los retrasos.<\/p>\n<p>Lo que nos preguntamos ahora es cuando se dieron cuenta de esto, es que nadie ha supervisado la obra. Estamos hablando de una obra de 2 millones de euros, cuyo control y supervisi\u00f3n de la ejecuci\u00f3n corresponden al Ayto, en este caso entendemos que en el desarrollo de la obra se han expedido las correspondientes certificaciones mensuales y que dado el estado de la obra se habr\u00e1 incoado expediente para imposici\u00f3n de penalidades.<\/p>\n<p>Porque las obras ten\u00edan que finalizar el 10 de enero, con un plazo de dos meses para subsanar deficiencias, esto era el 10 de marzo, pero la realidad es que estamos pr\u00e1cticamente en mayo y la obra sigue sin finalizar. Y nadie asume la responsabilidad por esto.<\/p>\n<p>Teniendo en cuenta que el grueso de la obra era la pavimentaci\u00f3n, en la que se iba casi 700 mil euros, no logramos entender como se ha llegado a esta situaci\u00f3n. La mala gesti\u00f3n y el descontrol del gobierno de Garcia Chamorro est\u00e1n teniendo consecuencias negativas en los recursos p\u00fablicos. Igual es que al Partido Popular el dinero p\u00fablico le importa poco o nada, pero 2 millones de euros de dinero de los motrile\u00f1os y motrile\u00f1as se han desperdiciado en una obra que es un aut\u00e9ntico desastre.<\/p>\n<p>Entendemos que han dado tantas fechas distintas y tantas cifras que al final ya no saben ni que decir. De hecho, a nosotras por escrito nos informaron que las baldosas iban a ser sustituidas a partir del 26 de enero. Las explicaciones dadas por el Gobierno son insuficientes y con cero autocr\u00edticas, pasando la alcaldesa de ir ella personalmente a supervisar las baldosas a estar ahora de observadora.<\/p>\n<p>Para finalizar la \u00faltima ocurrencia de Gobierno del PP del \u201cPlan de actuaci\u00f3n para la finalizaci\u00f3n de las obras\u201d, es algo absurdo ya que lo que tiene que hacer es cumplir y hacer cumplir los estipulado en el contrato.<\/p>\n","protected":false},"excerpt":{"rendered":"<p>Consideran insuficientes las explicaciones dadas por el gobierno de Garc\u00eda [&hellip;]<\/p>\n","protected":false},"author":1,"featured_media":10249,"comment_status":"open","ping_status":"open","sticky":false,"template":"","format":"standard","meta":{"cybocfi_hide_featured_image":"yes","_jetpack_newsletter_access":"","_jetpack_dont_email_post_to_subs":false,"_jetpack_newsletter_tier_id":0,"_jetpack_memberships_contains_paywalled_content":false,"_jetpack_memberships_contains_paid_content":false,"footnotes":""},"categories":[7,265,2269,2445,2423],"tags":[2424,38,93],"class_list":["post-11059","post","type-post","status-publish","format-standard","has-post-thumbnail","hentry","category-ayuntamiento","category-esta-pasando","category-gobierno-local","category-iu","category-obras","tag-explanadas","tag-iu","tag-motril"],"jetpack_featured_media_url":"https:\/\/iumotril.org\/sitio\/wp-content\/uploads\/2024\/11\/Inma-12-noviembre.jpg","jetpack_sharing_enabled":true,"jetpack_shortlink":"https:\/\/wp.me\/p4QsU5-2Sn","jetpack-related-posts":[{"id":10931,"url":"https:\/\/iumotril.org\/sitio\/iu-verdes-equo-exige-explicaciones-por-los-fallos-en-las-obras-de-las-explanadas\/","url_meta":{"origin":11059,"position":0},"title":"IU Verdes Equo exige explicaciones por los fallos en las obras de las Explanadas.","author":"Izquierda Unida Motril","date":"26 enero, 2026","format":false,"excerpt":"Consideran insuficientes las explicaciones dadas por Garcia Chamorro para justificar la no recepci\u00f3n de la obra por fallos en la ejecuci\u00f3n de esta y recuerda a la edil que es el gobierno el responsable del control y supervisi\u00f3n de la obra durante su desarrollo.","rel":"","context":"En \u00abBarrios\u00bb","block_context":{"text":"Barrios","link":"https:\/\/iumotril.org\/sitio\/category\/barrios\/"},"img":{"alt_text":"","src":"https:\/\/i0.wp.com\/iumotril.org\/sitio\/wp-content\/uploads\/2025\/12\/inma-ana-juanita-scaled.jpeg?resize=350%2C200&ssl=1","width":350,"height":200,"srcset":"https:\/\/i0.wp.com\/iumotril.org\/sitio\/wp-content\/uploads\/2025\/12\/inma-ana-juanita-scaled.jpeg?resize=350%2C200&ssl=1 1x, https:\/\/i0.wp.com\/iumotril.org\/sitio\/wp-content\/uploads\/2025\/12\/inma-ana-juanita-scaled.jpeg?resize=525%2C300&ssl=1 1.5x, https:\/\/i0.wp.com\/iumotril.org\/sitio\/wp-content\/uploads\/2025\/12\/inma-ana-juanita-scaled.jpeg?resize=700%2C400&ssl=1 2x, https:\/\/i0.wp.com\/iumotril.org\/sitio\/wp-content\/uploads\/2025\/12\/inma-ana-juanita-scaled.jpeg?resize=1050%2C600&ssl=1 3x, https:\/\/i0.wp.com\/iumotril.org\/sitio\/wp-content\/uploads\/2025\/12\/inma-ana-juanita-scaled.jpeg?resize=1400%2C800&ssl=1 4x"},"classes":[]},{"id":9722,"url":"https:\/\/iumotril.org\/sitio\/iu-verdes-equo-critica-y-rechaza-el-modelo-de-crecimiento-propuesto-por-el-gobierno-local-para-motril\/","url_meta":{"origin":11059,"position":1},"title":"IU Verdes Equo critica y rechaza el modelo de crecimiento propuesto por el gobierno local para Motril","author":"Izquierda Unida Motril","date":"20 enero, 2024","format":false,"excerpt":"Inma Omiste ha declarado que est\u00e1 muy bien que se lleven a cabo actuaciones en la ciudad y en su t\u00e9rmino municipal, pero lo deseable es que sea en beneficio de todos, atendiendo al inter\u00e9s general, no s\u00f3lo que tengan que ver con grandes proyectos urban\u00edsticos, que movilizan grandes recursos\u2026","rel":"","context":"En \u00abCiudad\u00bb","block_context":{"text":"Ciudad","link":"https:\/\/iumotril.org\/sitio\/category\/ciudad\/"},"img":{"alt_text":"","src":"https:\/\/i0.wp.com\/iumotril.org\/sitio\/wp-content\/uploads\/2024\/01\/Luisa-proyectos-estrategicos.jpg?resize=350%2C200&ssl=1","width":350,"height":200,"srcset":"https:\/\/i0.wp.com\/iumotril.org\/sitio\/wp-content\/uploads\/2024\/01\/Luisa-proyectos-estrategicos.jpg?resize=350%2C200&ssl=1 1x, https:\/\/i0.wp.com\/iumotril.org\/sitio\/wp-content\/uploads\/2024\/01\/Luisa-proyectos-estrategicos.jpg?resize=525%2C300&ssl=1 1.5x, https:\/\/i0.wp.com\/iumotril.org\/sitio\/wp-content\/uploads\/2024\/01\/Luisa-proyectos-estrategicos.jpg?resize=700%2C400&ssl=1 2x"},"classes":[]},{"id":10782,"url":"https:\/\/iumotril.org\/sitio\/iu-verdes-equo-critica-el-abandono-del-albergue-municipal-de-animales\/","url_meta":{"origin":11059,"position":2},"title":"IU Verdes Equo critica el abandono del albergue municipal de animales","author":"Izquierda Unida Motril","date":"19 septiembre, 2025","format":false,"excerpt":"IU-Verdes Equo ha criticado el mal estado de las instalaciones del albergue municipal de animales, la falta de recursos y el desinter\u00e9s del gobierno del PP con Garc\u00eda Chamorro al frente, que ha dejado el albergue en una situaci\u00f3n de abandono inadmisible. Desde IU exigen el arreglo total de las\u2026","rel":"","context":"En \u00abAyuntamiento\u00bb","block_context":{"text":"Ayuntamiento","link":"https:\/\/iumotril.org\/sitio\/category\/ayuntamiento\/"},"img":{"alt_text":"","src":"https:\/\/i0.wp.com\/iumotril.org\/sitio\/wp-content\/uploads\/2025\/09\/PHOTO-2025-09-18-13-18-55.jpg?resize=350%2C200&ssl=1","width":350,"height":200,"srcset":"https:\/\/i0.wp.com\/iumotril.org\/sitio\/wp-content\/uploads\/2025\/09\/PHOTO-2025-09-18-13-18-55.jpg?resize=350%2C200&ssl=1 1x, https:\/\/i0.wp.com\/iumotril.org\/sitio\/wp-content\/uploads\/2025\/09\/PHOTO-2025-09-18-13-18-55.jpg?resize=525%2C300&ssl=1 1.5x, https:\/\/i0.wp.com\/iumotril.org\/sitio\/wp-content\/uploads\/2025\/09\/PHOTO-2025-09-18-13-18-55.jpg?resize=700%2C400&ssl=1 2x"},"classes":[]},{"id":9677,"url":"https:\/\/iumotril.org\/sitio\/iu-verdes-equo-rechaza-el-presupuesto-municipal-al-considerar-que-se-trata-de-unas-cuentas-partidistas\/","url_meta":{"origin":11059,"position":3},"title":"IU Verdes Equo rechaza el presupuesto municipal al considerar que se trata de unas cuentas partidistas","author":"Izquierda Unida Motril","date":"26 diciembre, 2023","format":false,"excerpt":"Para el portavoz del Grupo municipal, Jose G. Llorente, los presupuestos del gobierno de Garc\u00eda Chamorro no responden a las prioridades y preocupaciones de la mayor\u00eda de los motrile\u00f1os, ya que son unas cuentas a la medida del gobierno local, lo que se evidencia al comprobar la desproporcionada subida de\u2026","rel":"","context":"En \u00abAyuntamiento\u00bb","block_context":{"text":"Ayuntamiento","link":"https:\/\/iumotril.org\/sitio\/category\/ayuntamiento\/"},"img":{"alt_text":"","src":"https:\/\/i0.wp.com\/iumotril.org\/sitio\/wp-content\/uploads\/2023\/11\/Motril-presupuestos-inversion-historica-municipal_1850525710_197611744_667x375.jpg?resize=350%2C200&ssl=1","width":350,"height":200,"srcset":"https:\/\/i0.wp.com\/iumotril.org\/sitio\/wp-content\/uploads\/2023\/11\/Motril-presupuestos-inversion-historica-municipal_1850525710_197611744_667x375.jpg?resize=350%2C200&ssl=1 1x, https:\/\/i0.wp.com\/iumotril.org\/sitio\/wp-content\/uploads\/2023\/11\/Motril-presupuestos-inversion-historica-municipal_1850525710_197611744_667x375.jpg?resize=525%2C300&ssl=1 1.5x"},"classes":[]},{"id":10465,"url":"https:\/\/iumotril.org\/sitio\/denunciamos-la-inauguracion-de-la-casa-de-la-juventud-a-pesar-de-estar-inacabada\/","url_meta":{"origin":11059,"position":4},"title":"Denunciamos  la inauguraci\u00f3n de la casa de la juventud a pesar de estar inacabada","author":"Izquierda Unida Motril","date":"6 marzo, 2025","format":false,"excerpt":"Para Linares es inaceptable que por parte del Gobierno de las derechas se nos conteste que \u201cla obra se podr\u00e1 terminar cuando se consiga la financiaci\u00f3n correspondiente\u201d. Esta situaci\u00f3n es un disparate adem\u00e1s de una falta de responsabilidad y de respeto hacia la ciudadan\u00eda. Este edificio no es m\u00e1s que\u2026","rel":"","context":"En \u00abCiudad\u00bb","block_context":{"text":"Ciudad","link":"https:\/\/iumotril.org\/sitio\/category\/ciudad\/"},"img":{"alt_text":"","src":"https:\/\/i0.wp.com\/iumotril.org\/sitio\/wp-content\/uploads\/2025\/03\/IMG_20240313_132635.jpg?resize=350%2C200&ssl=1","width":350,"height":200,"srcset":"https:\/\/i0.wp.com\/iumotril.org\/sitio\/wp-content\/uploads\/2025\/03\/IMG_20240313_132635.jpg?resize=350%2C200&ssl=1 1x, https:\/\/i0.wp.com\/iumotril.org\/sitio\/wp-content\/uploads\/2025\/03\/IMG_20240313_132635.jpg?resize=525%2C300&ssl=1 1.5x, https:\/\/i0.wp.com\/iumotril.org\/sitio\/wp-content\/uploads\/2025\/03\/IMG_20240313_132635.jpg?resize=700%2C400&ssl=1 2x, https:\/\/i0.wp.com\/iumotril.org\/sitio\/wp-content\/uploads\/2025\/03\/IMG_20240313_132635.jpg?resize=1050%2C600&ssl=1 3x"},"classes":[]},{"id":9382,"url":"https:\/\/iumotril.org\/sitio\/iu-verdes-equo-celebra-la-aprobacion-del-convenio-para-el-inicio-de-las-obras-del-desglosado-9-de-las-canalizaciones-de-rules\/","url_meta":{"origin":11059,"position":5},"title":"IU-Verdes Equo celebra la aprobaci\u00f3n del convenio para el inicio de las obras del desglosado 9 de las canalizaciones de Rules","author":"Izquierda Unida Motril","date":"29 junio, 2023","format":false,"excerpt":"Inma Omiste, representante de IU Verdes Equo en la Mancomunidad, ha celebrado la pr\u00f3xima firma del convenio de colaboraci\u00f3n, que tendr\u00e1 lugar el pr\u00f3ximo viernes en la Delegaci\u00f3n del Gobierno en Granada. Omiste, que ha reconocido el empe\u00f1o y buen trabajo de la Mancomunidad para sacar adelante el convenio, ha\u2026","rel":"","context":"En \u00abEST\u00c1 PASANDO\u00bb","block_context":{"text":"EST\u00c1 PASANDO","link":"https:\/\/iumotril.org\/sitio\/category\/esta-pasando\/"},"img":{"alt_text":"","src":"https:\/\/i0.wp.com\/iumotril.org\/sitio\/wp-content\/uploads\/2023\/06\/presa-de-rules-granada_1.jpg?resize=350%2C200&ssl=1","width":350,"height":200,"srcset":"https:\/\/i0.wp.com\/iumotril.org\/sitio\/wp-content\/uploads\/2023\/06\/presa-de-rules-granada_1.jpg?resize=350%2C200&ssl=1 1x, https:\/\/i0.wp.com\/iumotril.org\/sitio\/wp-content\/uploads\/2023\/06\/presa-de-rules-granada_1.jpg?resize=525%2C300&ssl=1 1.5x, https:\/\/i0.wp.com\/iumotril.org\/sitio\/wp-content\/uploads\/2023\/06\/presa-de-rules-granada_1.jpg?resize=700%2C400&ssl=1 2x"},"classes":[]}],"jetpack_likes_enabled":true,"_links":{"self":[{"href":"https:\/\/iumotril.org\/sitio\/wp-json\/wp\/v2\/posts\/11059","targetHints":{"allow":["GET"]}}],"collection":[{"href":"https:\/\/iumotril.org\/sitio\/wp-json\/wp\/v2\/posts"}],"about":[{"href":"https:\/\/iumotril.org\/sitio\/wp-json\/wp\/v2\/types\/post"}],"author":[{"embeddable":true,"href":"https:\/\/iumotril.org\/sitio\/wp-json\/wp\/v2\/users\/1"}],"replies":[{"embeddable":true,"href":"https:\/\/iumotril.org\/sitio\/wp-json\/wp\/v2\/comments?post=11059"}],"version-history":[{"count":1,"href":"https:\/\/iumotril.org\/sitio\/wp-json\/wp\/v2\/posts\/11059\/revisions"}],"predecessor-version":[{"id":11060,"href":"https:\/\/iumotril.org\/sitio\/wp-json\/wp\/v2\/posts\/11059\/revisions\/11060"}],"wp:featuredmedia":[{"embeddable":true,"href":"https:\/\/iumotril.org\/sitio\/wp-json\/wp\/v2\/media\/10249"}],"wp:attachment":[{"href":"https:\/\/iumotril.org\/sitio\/wp-json\/wp\/v2\/media?parent=11059"}],"wp:term":[{"taxonomy":"category","embeddable":true,"href":"https:\/\/iumotril.org\/sitio\/wp-json\/wp\/v2\/categories?post=11059"},{"taxonomy":"post_tag","embeddable":true,"href":"https:\/\/iumotril.org\/sitio\/wp-json\/wp\/v2\/tags?post=11059"}],"curies":[{"name":"wp","href":"https:\/\/api.w.org\/{rel}","templated":true}]}}