{"id":11033,"date":"2026-04-10T12:33:00","date_gmt":"2026-04-10T10:33:00","guid":{"rendered":"https:\/\/iumotril.org\/sitio\/?p=11033"},"modified":"2026-04-10T12:33:00","modified_gmt":"2026-04-10T10:33:00","slug":"izquierda-unida-llama-a-movilizarse-este-domingo-en-defensa-de-la-sanidad-publica-en-motril","status":"publish","type":"post","link":"https:\/\/iumotril.org\/sitio\/izquierda-unida-llama-a-movilizarse-este-domingo-en-defensa-de-la-sanidad-publica-en-motril\/","title":{"rendered":"Izquierda Unida llama a movilizarse este domingo en defensa de la sanidad p\u00fablica en Motril"},"content":{"rendered":"<p>Izquierda unida ha hecho un llamamiento a los motrile\u00f1os y motrile\u00f1as para que acudan a la manifestaci\u00f3n en defensa de la sanidad p\u00fablica este domingo a las 12 en la Plaza de las Mercedarias.<\/p>\n<p>La formaci\u00f3n ha se\u00f1alado que la sanidad se encuentra en un estado cr\u00edtico, y que la crisis de los cribados ha sido una grave muestra de ello. Todas y todos hemos vivido las dificultades para conseguir cita m\u00e9dica, el esquilme de la Atenci\u00f3n Primaria, las listas de espera interminables o los retrasos en pruebas diagn\u00f3sticas e intervenciones quir\u00fargicas, ha denunciado Herrera.<\/p>\n<p>Seg\u00fan ha afirmado la concejala, este deterioro no es casual, sino que responde a un modelo impulsado por el Partido Popular de privatizaci\u00f3n del sistema sanitario, debilitando lo p\u00fablico mientras se desv\u00edan recursos hacia el \u00e1mbito privado.<\/p>\n<p>Frente al argumento del PP de que se destina m\u00e1s dinero que nunca a la sanidad, Izquierda Unida sostiene que la realidad es que faltan profesionales estructurales, recursos e infraestructuras, por lo que insta a la ciudadan\u00eda a preguntarse hacia d\u00f3nde se dirige ese dinero y para qu\u00e9.<\/p>\n<p>IU ha defendido que la sanidad p\u00fablica es un servicio esencial que no puede regirse por criterios de mercado, porque la salud no es un negocio. Por todo ello ha animado a la poblaci\u00f3n a salir a la calle este domingo y exigir una sanidad universal, p\u00fablica y de calidad.<\/p>\n","protected":false},"excerpt":{"rendered":"<p>Izquierda unida ha hecho un llamamiento a los motrile\u00f1os y [&hellip;]<\/p>\n","protected":false},"author":1,"featured_media":10827,"comment_status":"open","ping_status":"open","sticky":false,"template":"","format":"standard","meta":{"cybocfi_hide_featured_image":"","_jetpack_newsletter_access":"","_jetpack_dont_email_post_to_subs":false,"_jetpack_newsletter_tier_id":0,"_jetpack_memberships_contains_paywalled_content":false,"_jetpack_memberships_contains_paid_content":false,"footnotes":""},"categories":[265,2445,2337],"tags":[38,93,1762],"class_list":["post-11033","post","type-post","status-publish","format-standard","has-post-thumbnail","hentry","category-esta-pasando","category-iu","category-sanidad-publica","tag-iu","tag-motril","tag-sanidad-publica"],"jetpack_featured_media_url":"https:\/\/iumotril.org\/sitio\/wp-content\/uploads\/2025\/10\/Ana-H-scaled.jpeg","jetpack_sharing_enabled":true,"jetpack_shortlink":"https:\/\/wp.me\/p4QsU5-2RX","jetpack-related-posts":[{"id":9898,"url":"https:\/\/iumotril.org\/sitio\/exigimos-mejoras-en-la-sanidad-publica-andaluza-nos-sumamos-a-las-movilizaciones-convocadas-el-domingo-7-de-abril-en-defensa-de-la-sanidad\/","url_meta":{"origin":11033,"position":0},"title":"Exigimos mejoras en la Sanidad p\u00fablica andaluza. Nos sumamos a las movilizaciones convocadas el domingo, 7 de abril en defensa de la sanidad","author":"Izquierda Unida Motril","date":"4 abril, 2024","format":false,"excerpt":"Inma Omiste ha se\u00f1alado que es evidente la preocupaci\u00f3n de la ciudadan\u00eda por el deterioro de la sanidad en Andaluc\u00eda expresada en el incremento de las listas de espera que se sit\u00faa en el mill\u00f3n de personas (el 12% de la poblaci\u00f3n andaluza), el n\u00famero de pacientes pendientes de una\u2026","rel":"","context":"En \u00abAyuntamiento\u00bb","block_context":{"text":"Ayuntamiento","link":"https:\/\/iumotril.org\/sitio\/category\/ayuntamiento\/"},"img":{"alt_text":"","src":"https:\/\/i0.wp.com\/iumotril.org\/sitio\/wp-content\/uploads\/2024\/04\/Tu-salud-Tu-derecho-Nuestra-sanidad.jpg?resize=350%2C200&ssl=1","width":350,"height":200,"srcset":"https:\/\/i0.wp.com\/iumotril.org\/sitio\/wp-content\/uploads\/2024\/04\/Tu-salud-Tu-derecho-Nuestra-sanidad.jpg?resize=350%2C200&ssl=1 1x, https:\/\/i0.wp.com\/iumotril.org\/sitio\/wp-content\/uploads\/2024\/04\/Tu-salud-Tu-derecho-Nuestra-sanidad.jpg?resize=525%2C300&ssl=1 1.5x, https:\/\/i0.wp.com\/iumotril.org\/sitio\/wp-content\/uploads\/2024\/04\/Tu-salud-Tu-derecho-Nuestra-sanidad.jpg?resize=700%2C400&ssl=1 2x, https:\/\/i0.wp.com\/iumotril.org\/sitio\/wp-content\/uploads\/2024\/04\/Tu-salud-Tu-derecho-Nuestra-sanidad.jpg?resize=1050%2C600&ssl=1 3x"},"classes":[]},{"id":8022,"url":"https:\/\/iumotril.org\/sitio\/unidas-podemos-hace-un-llamamiento-a-la-movilizacion-ciudadana-en-defensa-de-la-calidad-de-la-sanidad-publica-andaluza\/","url_meta":{"origin":11033,"position":1},"title":"Unidas Podemos hace un llamamiento a la movilizaci\u00f3n ciudadana en defensa de la calidad de la sanidad p\u00fablica andaluza","author":"Izquierda Unida Motril","date":"18 febrero, 2022","format":false,"excerpt":"La sanidad p\u00fablica andaluza est\u00e1 en peligro debido a la gesti\u00f3n que est\u00e1 llevando a cabo el gobierno andaluz del PP y Ciudadanos que est\u00e1 teniendo como principales consecuencias la falta de personal, el desv\u00edo de fondos a la sanidad privada y la fuga de profesionales. Resulta pat\u00e9tico \u2013\u2013han afirmado\u2013\u2013,\u2026","rel":"","context":"En \u00abEST\u00c1 PASANDO\u00bb","block_context":{"text":"EST\u00c1 PASANDO","link":"https:\/\/iumotril.org\/sitio\/category\/esta-pasando\/"},"img":{"alt_text":"","src":"https:\/\/i0.wp.com\/iumotril.org\/sitio\/wp-content\/uploads\/2022\/02\/50396746-d908-4ff6-b609-63f0fb0c6b26.jpg?resize=350%2C200","width":350,"height":200,"srcset":"https:\/\/i0.wp.com\/iumotril.org\/sitio\/wp-content\/uploads\/2022\/02\/50396746-d908-4ff6-b609-63f0fb0c6b26.jpg?resize=350%2C200 1x, https:\/\/i0.wp.com\/iumotril.org\/sitio\/wp-content\/uploads\/2022\/02\/50396746-d908-4ff6-b609-63f0fb0c6b26.jpg?resize=525%2C300 1.5x, https:\/\/i0.wp.com\/iumotril.org\/sitio\/wp-content\/uploads\/2022\/02\/50396746-d908-4ff6-b609-63f0fb0c6b26.jpg?resize=700%2C400 2x, https:\/\/i0.wp.com\/iumotril.org\/sitio\/wp-content\/uploads\/2022\/02\/50396746-d908-4ff6-b609-63f0fb0c6b26.jpg?resize=1050%2C600 3x, https:\/\/i0.wp.com\/iumotril.org\/sitio\/wp-content\/uploads\/2022\/02\/50396746-d908-4ff6-b609-63f0fb0c6b26.jpg?resize=1400%2C800 4x"},"classes":[]},{"id":10709,"url":"https:\/\/iumotril.org\/sitio\/iu-verdes-equo-exige-para-motril-mas-medios-en-materia-sanitaria-con-urgencia\/","url_meta":{"origin":11033,"position":2},"title":"IU Verdes Equo exige para Motril m\u00e1s medios en materia sanitaria con urgencia","author":"Izquierda Unida Motril","date":"11 julio, 2025","format":false,"excerpt":"La falta de personal no solo afecta al \u00e1rea de urgencias del hospital o a las especialidades, sino que las listas de espera para ser atendidos por m\u00e9dicos de atenci\u00f3n primaria o pediatras son insostenibles y se van m\u00e1s all\u00e1 del mes en el mejor de los casos. Se\u00f1alan que\u2026","rel":"","context":"En \u00abCiudad\u00bb","block_context":{"text":"Ciudad","link":"https:\/\/iumotril.org\/sitio\/category\/ciudad\/"},"img":{"alt_text":"","src":"https:\/\/i0.wp.com\/iumotril.org\/sitio\/wp-content\/uploads\/2025\/07\/Ana-e-Inma-scaled.jpg?resize=350%2C200&ssl=1","width":350,"height":200,"srcset":"https:\/\/i0.wp.com\/iumotril.org\/sitio\/wp-content\/uploads\/2025\/07\/Ana-e-Inma-scaled.jpg?resize=350%2C200&ssl=1 1x, https:\/\/i0.wp.com\/iumotril.org\/sitio\/wp-content\/uploads\/2025\/07\/Ana-e-Inma-scaled.jpg?resize=525%2C300&ssl=1 1.5x, https:\/\/i0.wp.com\/iumotril.org\/sitio\/wp-content\/uploads\/2025\/07\/Ana-e-Inma-scaled.jpg?resize=700%2C400&ssl=1 2x, https:\/\/i0.wp.com\/iumotril.org\/sitio\/wp-content\/uploads\/2025\/07\/Ana-e-Inma-scaled.jpg?resize=1050%2C600&ssl=1 3x, https:\/\/i0.wp.com\/iumotril.org\/sitio\/wp-content\/uploads\/2025\/07\/Ana-e-Inma-scaled.jpg?resize=1400%2C800&ssl=1 4x"},"classes":[]},{"id":4099,"url":"https:\/\/iumotril.org\/sitio\/izquierda-unida-reclama-un-mayor-compromiso-con-la-educacion-publica-en-motril\/","url_meta":{"origin":11033,"position":3},"title":"Izquierda Unida reclama un mayor compromiso con la educaci\u00f3n p\u00fablica en Motril","author":"Izquierda Unida Motril","date":"17 octubre, 2018","format":false,"excerpt":"En referencia a la pr\u00f3xima cita electoral en Andaluc\u00eda, ha reivindicado la defensa de los intereses de la provincia y de la Costa Tropical, afirmando que Granada y la Costa existen en el mapa de Andaluc\u00eda y requieren atenci\u00f3n espec\u00edfica y medidas concretas que resuelvan sus muchas deficiencias en infraestructuras,\u2026","rel":"","context":"En \u00abEST\u00c1 PASANDO\u00bb","block_context":{"text":"EST\u00c1 PASANDO","link":"https:\/\/iumotril.org\/sitio\/category\/esta-pasando\/"},"img":{"alt_text":"","src":"https:\/\/i0.wp.com\/iumotril.org\/sitio\/wp-content\/uploads\/2018\/05\/IMG_4626-e1525806711517-225x300.jpg?resize=350%2C200","width":350,"height":200},"classes":[]},{"id":4075,"url":"https:\/\/iumotril.org\/sitio\/izquierda-unida-reclama-el-cese-del-gerente-del-hospital-comarcal-de-motril\/","url_meta":{"origin":11033,"position":4},"title":"Izquierda Unida reclama el cese del Gerente del Hospital Comarcal de Motril","author":"Izquierda Unida Motril","date":"11 octubre, 2018","format":false,"excerpt":"Izquierda Unida mantiene que las soluciones a los problemas del Hospital Comarcal deben adoptarse desde la perspectiva de la defensa decidida del car\u00e1cter p\u00fablico de la sanidad, contemplando medidas como la revisi\u00f3n de las condiciones laborales de los profesionales sanitarios para equipararlos a las de otros centros hospitalarios. Adem\u00e1s, considera\u2026","rel":"","context":"En \u00abEST\u00c1 PASANDO\u00bb","block_context":{"text":"EST\u00c1 PASANDO","link":"https:\/\/iumotril.org\/sitio\/category\/esta-pasando\/"},"img":{"alt_text":"","src":"https:\/\/i0.wp.com\/iumotril.org\/sitio\/wp-content\/uploads\/2018\/10\/Inma-y-Daniela_Hospital-octubre-300x146.jpg?resize=350%2C200","width":350,"height":200,"srcset":"https:\/\/i0.wp.com\/iumotril.org\/sitio\/wp-content\/uploads\/2018\/10\/Inma-y-Daniela_Hospital-octubre-300x146.jpg?resize=350%2C200 1x, https:\/\/i0.wp.com\/iumotril.org\/sitio\/wp-content\/uploads\/2018\/10\/Inma-y-Daniela_Hospital-octubre-300x146.jpg?resize=525%2C300 1.5x"},"classes":[]},{"id":9270,"url":"https:\/\/iumotril.org\/sitio\/toni-valero-ha-apoyado-hoy-en-motril-la-candidatura-de-inma-omiste-a-la-alcaldia-de-la-ciudad\/","url_meta":{"origin":11033,"position":5},"title":"Toni Valero ha apoyado, hoy en Motril, la candidatura de Inma Omiste a la Alcald\u00eda de la ciudad","author":"Izquierda Unida Motril","date":"17 mayo, 2023","format":false,"excerpt":"El coordinador andaluz, que ha hecho un breve recorrido por el Varadero y el puerto pesquero de Motril acompa\u00f1ado por vecinos, por la candidata a la Alcald\u00eda de Motril, Inma Omiste, y por otros miembros de su candidatura, se ha referido a la situaci\u00f3n por la que pasa la sanidad\u2026","rel":"","context":"En \u00abElecciones\u00bb","block_context":{"text":"Elecciones","link":"https:\/\/iumotril.org\/sitio\/category\/elecciones\/"},"img":{"alt_text":"","src":"https:\/\/i0.wp.com\/iumotril.org\/sitio\/wp-content\/uploads\/2023\/05\/Paseo-Toni-scaled.jpg?resize=350%2C200&ssl=1","width":350,"height":200,"srcset":"https:\/\/i0.wp.com\/iumotril.org\/sitio\/wp-content\/uploads\/2023\/05\/Paseo-Toni-scaled.jpg?resize=350%2C200&ssl=1 1x, https:\/\/i0.wp.com\/iumotril.org\/sitio\/wp-content\/uploads\/2023\/05\/Paseo-Toni-scaled.jpg?resize=525%2C300&ssl=1 1.5x, https:\/\/i0.wp.com\/iumotril.org\/sitio\/wp-content\/uploads\/2023\/05\/Paseo-Toni-scaled.jpg?resize=700%2C400&ssl=1 2x, https:\/\/i0.wp.com\/iumotril.org\/sitio\/wp-content\/uploads\/2023\/05\/Paseo-Toni-scaled.jpg?resize=1050%2C600&ssl=1 3x, https:\/\/i0.wp.com\/iumotril.org\/sitio\/wp-content\/uploads\/2023\/05\/Paseo-Toni-scaled.jpg?resize=1400%2C800&ssl=1 4x"},"classes":[]}],"jetpack_likes_enabled":true,"_links":{"self":[{"href":"https:\/\/iumotril.org\/sitio\/wp-json\/wp\/v2\/posts\/11033","targetHints":{"allow":["GET"]}}],"collection":[{"href":"https:\/\/iumotril.org\/sitio\/wp-json\/wp\/v2\/posts"}],"about":[{"href":"https:\/\/iumotril.org\/sitio\/wp-json\/wp\/v2\/types\/post"}],"author":[{"embeddable":true,"href":"https:\/\/iumotril.org\/sitio\/wp-json\/wp\/v2\/users\/1"}],"replies":[{"embeddable":true,"href":"https:\/\/iumotril.org\/sitio\/wp-json\/wp\/v2\/comments?post=11033"}],"version-history":[{"count":2,"href":"https:\/\/iumotril.org\/sitio\/wp-json\/wp\/v2\/posts\/11033\/revisions"}],"predecessor-version":[{"id":11035,"href":"https:\/\/iumotril.org\/sitio\/wp-json\/wp\/v2\/posts\/11033\/revisions\/11035"}],"wp:featuredmedia":[{"embeddable":true,"href":"https:\/\/iumotril.org\/sitio\/wp-json\/wp\/v2\/media\/10827"}],"wp:attachment":[{"href":"https:\/\/iumotril.org\/sitio\/wp-json\/wp\/v2\/media?parent=11033"}],"wp:term":[{"taxonomy":"category","embeddable":true,"href":"https:\/\/iumotril.org\/sitio\/wp-json\/wp\/v2\/categories?post=11033"},{"taxonomy":"post_tag","embeddable":true,"href":"https:\/\/iumotril.org\/sitio\/wp-json\/wp\/v2\/tags?post=11033"}],"curies":[{"name":"wp","href":"https:\/\/api.w.org\/{rel}","templated":true}]}}