{"id":10953,"date":"2026-02-10T10:07:01","date_gmt":"2026-02-10T09:07:01","guid":{"rendered":"https:\/\/iumotril.org\/sitio\/?p=10953"},"modified":"2026-02-10T10:07:19","modified_gmt":"2026-02-10T09:07:19","slug":"iu-denuncia-la-falta-de-inversion-y-mantenimeinto-en-los-centros-educativos","status":"publish","type":"post","link":"https:\/\/iumotril.org\/sitio\/iu-denuncia-la-falta-de-inversion-y-mantenimeinto-en-los-centros-educativos\/","title":{"rendered":"IU denuncia la falta de inversi\u00f3n y mantenimiento en los centros educativos."},"content":{"rendered":"<p style=\"text-align: justify;\">Denuncian que la situaci\u00f3n del CEIP Pr\u00edncipe Felipe no es algo aislado y lamentan el deterioro de todos los centros educativos en Motril consecuencia de a\u00f1os sin un mantenimiento adecuado ni inversiones. A esto debemos sumarle la falta de conserjes para realizar tareas de apoyo y mantenimiento de muchos centros educativos.<\/p>\n<p style=\"text-align: justify;\">No es compresible ni justificable la situaci\u00f3n que se est\u00e1 produciendo en el Ceip Pr\u00edncipe Felipe, ya que en el mes de noviembre tanto Junta como Ayuntamiento recibieron sendos escritos donde se informaba de la deteriorada situaci\u00f3n del centro, no solo de la cubierta sino tambi\u00e9n de las numerosas deficiencias que llevan a\u00f1os arrastrando.<\/p>\n<p style=\"text-align: justify;\">Para IU ambas administraciones han actuado de forma irresponsable, con una dejadez de funciones injustificables a todas luces. Provocando una complicada situaci\u00f3n a las familias de este centro, sin que se articulen las soluciones adecuadas. Evidenciando la falta de credibilidad del gobierno de Garc\u00eda Chamorro incapaces de planificar ni de acometer las actuaciones b\u00e1sicas de mantenimiento.<\/p>\n<p style=\"text-align: justify;\">La realidad es que a pesar de ser conocedores desde hace meses del estado en el que se encuentra el centro, no han llevado a cabo ninguna actuaci\u00f3n para solucionar este y otros muchos problemas que desde los diferentes centros escolares llevan a\u00f1os denunciando.<\/p>\n<p style=\"text-align: justify;\">En este sentido, ha criticado que en el presupuesto municipal aprobado no se contemplan consignaciones presupuestarias para el mantenimiento ni para inversi\u00f3n en los centros escolares. \u201cA pesar de que todas las semanas la se\u00f1ora Garcia Chamorro nos anuncia subvenciones de diputaci\u00f3n, de la Junta de Andalucia, de remanente de Tesorer\u00eda con cifras que \u201cmarean\u201d, la realidad es que no hay ni una instalaci\u00f3n p\u00fablica municipal en condiciones, que hay centros esperando arreglos desde hace varios a\u00f1os, a pesar de las numerosas promesas del gobierno municipal.<\/p>\n<p style=\"text-align: justify;\">Ejemplo de esto son los ba\u00f1os de colegios como el Pablo Picasso o los \u00c1lamos, el arreglo de los patios y del muro del Virgen de la cabeza, desperfectos en Cardenal Belluga, Rio Ebro, etc<\/p>\n","protected":false},"excerpt":{"rendered":"<p>No es compresible ni justificable la situaci\u00f3n que se est\u00e1 produciendo en el Ceip Pr\u00edncipe Felipe, ya que en el mes de noviembre tanto Junta como Ayuntamiento recibieron sendos escritos donde se informaba de la deteriorada situaci\u00f3n del centro, no solo de la cubierta sino tambi\u00e9n de las numerosas deficiencias que llevan a\u00f1os arrastrando.<\/p>\n","protected":false},"author":1,"featured_media":10496,"comment_status":"open","ping_status":"open","sticky":false,"template":"","format":"standard","meta":{"cybocfi_hide_featured_image":"","_jetpack_newsletter_access":"","_jetpack_dont_email_post_to_subs":false,"_jetpack_newsletter_tier_id":0,"_jetpack_memberships_contains_paywalled_content":false,"_jetpack_memberships_contains_paid_content":false,"footnotes":""},"categories":[7,177,2437,375,265,2269,1290,2407,2423,373,275],"tags":[303,234,38,1013,93],"class_list":["post-10953","post","type-post","status-publish","format-standard","has-post-thumbnail","hentry","category-ayuntamiento","category-ciudad","category-colegios","category-denuncia","category-esta-pasando","category-gobierno-local","category-iu-equo","category-mantenimiento","category-obras","category-opina","category-propuestas-iumotril","tag-colegios","tag-educacion","tag-iu","tag-mantenimiento","tag-motril"],"jetpack_featured_media_url":"https:\/\/iumotril.org\/sitio\/wp-content\/uploads\/2025\/03\/IMG_1227-scaled-e1774865273542.jpeg","jetpack_sharing_enabled":true,"jetpack_shortlink":"https:\/\/wp.me\/p4QsU5-2QF","jetpack-related-posts":[{"id":10962,"url":"https:\/\/iumotril.org\/sitio\/iu-equo-denuncia-la-falta-de-conserjes-en-los-colegios-y-el-abandono-de-los-centros-educativos\/","url_meta":{"origin":10953,"position":0},"title":"IU-Equo denuncia la falta de conserjes en los colegios y el abandono de los centros educativos","author":"Izquierda Unida Motril","date":"16 febrero, 2026","format":false,"excerpt":"\u2022 Todos los colegios p\u00fablicos de Motril llevan a\u00f1os con importantes problemas de mantenimiento que afectan al funcionamiento diario. \u2022 El gobierno del PP demostr\u00f3 cu\u00e1l era su apuesta firme por el mantenimiento de los centros educativos, la cifr\u00f3 en 500 euros en un presupuesto de 69 millones de euros.","rel":"","context":"En \u00abAyuntamiento\u00bb","block_context":{"text":"Ayuntamiento","link":"https:\/\/iumotril.org\/sitio\/category\/ayuntamiento\/"},"img":{"alt_text":"","src":"https:\/\/i0.wp.com\/iumotril.org\/sitio\/wp-content\/uploads\/2025\/04\/Ana-e-Inma-scaled-e1771241465260.jpeg?resize=350%2C200&ssl=1","width":350,"height":200,"srcset":"https:\/\/i0.wp.com\/iumotril.org\/sitio\/wp-content\/uploads\/2025\/04\/Ana-e-Inma-scaled-e1771241465260.jpeg?resize=350%2C200&ssl=1 1x, https:\/\/i0.wp.com\/iumotril.org\/sitio\/wp-content\/uploads\/2025\/04\/Ana-e-Inma-scaled-e1771241465260.jpeg?resize=525%2C300&ssl=1 1.5x, https:\/\/i0.wp.com\/iumotril.org\/sitio\/wp-content\/uploads\/2025\/04\/Ana-e-Inma-scaled-e1771241465260.jpeg?resize=700%2C400&ssl=1 2x, https:\/\/i0.wp.com\/iumotril.org\/sitio\/wp-content\/uploads\/2025\/04\/Ana-e-Inma-scaled-e1771241465260.jpeg?resize=1050%2C600&ssl=1 3x, https:\/\/i0.wp.com\/iumotril.org\/sitio\/wp-content\/uploads\/2025\/04\/Ana-e-Inma-scaled-e1771241465260.jpeg?resize=1400%2C800&ssl=1 4x"},"classes":[]},{"id":7927,"url":"https:\/\/iumotril.org\/sitio\/iu-equo-denuncia-que-sigue-sin-solucionarse-la-falta-de-conserjes-en-colegios-de-motril\/","url_meta":{"origin":10953,"position":1},"title":"IU-Equo denuncia que sigue sin solucionarse la falta de conserjes en colegios de Motril","author":"Izquierda Unida Motril","date":"11 enero, 2022","format":false,"excerpt":"De nada ha valido la denuncia p\u00fablica de esta situaci\u00f3n por parte de las direcciones de los centros, de las asociaciones de madres y padres de alumnos ni la propuesta de IU-Equo para que se articularan soluciones adecuadas. Las medidas adoptadas por el \u00c1rea de Educaci\u00f3n del gobierno municipal, como\u2026","rel":"","context":"En \u00abAyuntamiento\u00bb","block_context":{"text":"Ayuntamiento","link":"https:\/\/iumotril.org\/sitio\/category\/ayuntamiento\/"},"img":{"alt_text":"","src":"https:\/\/i0.wp.com\/iumotril.org\/sitio\/wp-content\/uploads\/2021\/11\/Inma-23-noviembre-1024x768.jpg?resize=350%2C200","width":350,"height":200,"srcset":"https:\/\/i0.wp.com\/iumotril.org\/sitio\/wp-content\/uploads\/2021\/11\/Inma-23-noviembre-1024x768.jpg?resize=350%2C200 1x, https:\/\/i0.wp.com\/iumotril.org\/sitio\/wp-content\/uploads\/2021\/11\/Inma-23-noviembre-1024x768.jpg?resize=525%2C300 1.5x"},"classes":[]},{"id":4898,"url":"https:\/\/iumotril.org\/sitio\/izquierda-unida-reclama-al-ayuntamiento-un-mayor-compromiso-con-el-mantenimiento-de-los-centros-educativos-de-motril\/","url_meta":{"origin":10953,"position":2},"title":"Izquierda Unida reclama al Ayuntamiento un mayor compromiso con el mantenimiento de los centros educativos de Motril","author":"Izquierda Unida Motril","date":"6 mayo, 2019","format":false,"excerpt":"Inma Omiste ha declarado que el mantenimiento de los centros educativos de Motril es uno de los elementos que garantizan la calidad de la educaci\u00f3n p\u00fablica, por lo que tenerlo en cuenta debe ser prioritario en cualquier propuesta de mejora para la ciudad. La candidata de IU-Equo ha adelantado algunas\u2026","rel":"","context":"En \u00abEST\u00c1 PASANDO\u00bb","block_context":{"text":"EST\u00c1 PASANDO","link":"https:\/\/iumotril.org\/sitio\/category\/esta-pasando\/"},"img":{"alt_text":"Inma Omiste Colegio Mej\u00edas","src":"https:\/\/i0.wp.com\/iumotril.org\/sitio\/wp-content\/uploads\/2019\/05\/Inma-Omiste-en-Mej%C3%ADas_6-mayo.jpg?resize=350%2C200","width":350,"height":200},"classes":[]},{"id":7738,"url":"https:\/\/iumotril.org\/sitio\/iu-equo-denuncia-la-falta-de-conserjes-en-los-colegios-y-el-abandono-de-instalaciones-municipales\/","url_meta":{"origin":10953,"position":3},"title":"IU-Equo denuncia la falta de conserjes en los colegios y el abandono de instalaciones municipales","author":"Izquierda Unida Motril","date":"14 octubre, 2021","format":false,"excerpt":"La portavoz de IU-Equo considera que estamos ante una situaci\u00f3n \u201cmuy grave\u201d que pone de manifiesto la \u201cindiferencia del gobierno local\u201d por las condiciones de los colegios de nuestra ciudad, con las consiguientes consecuencias en la calidad de los centros educativos y su repercusi\u00f3n en la labor docente.\u00a0 Omiste ha\u2026","rel":"","context":"En \u00abAyuntamiento\u00bb","block_context":{"text":"Ayuntamiento","link":"https:\/\/iumotril.org\/sitio\/category\/ayuntamiento\/"},"img":{"alt_text":"","src":"https:\/\/i0.wp.com\/iumotril.org\/sitio\/wp-content\/uploads\/2021\/10\/Inma-14-octubre.jpg?resize=350%2C200","width":350,"height":200,"srcset":"https:\/\/i0.wp.com\/iumotril.org\/sitio\/wp-content\/uploads\/2021\/10\/Inma-14-octubre.jpg?resize=350%2C200 1x, https:\/\/i0.wp.com\/iumotril.org\/sitio\/wp-content\/uploads\/2021\/10\/Inma-14-octubre.jpg?resize=525%2C300 1.5x, https:\/\/i0.wp.com\/iumotril.org\/sitio\/wp-content\/uploads\/2021\/10\/Inma-14-octubre.jpg?resize=700%2C400 2x"},"classes":[]},{"id":1008,"url":"https:\/\/iumotril.org\/sitio\/desatencion-municipal-a-los-centros-publicos-de-educacion-infantil-y-de-primaria\/","url_meta":{"origin":10953,"position":4},"title":"DESATENCI\u00d3N MUNICIPAL A LOS CENTROS P\u00daBLICOS DE EDUCACI\u00d3N INFANTIL Y DE PRIMARIA.","author":"Izquierda Unida Motril","date":"7 julio, 2015","format":false,"excerpt":"Tras la reuni\u00f3n que ha mantenido con los directores de estos centros educativos de Motril, en la que han trasladado la situaci\u00f3n, problem\u00e1tica y necesidades m\u00e1s urgentes de sus colegios, IU ha reclamado al equipo de Gobierno municipal que lleve a cabo de manera urgente las actuaciones necesarias para que\u2026","rel":"","context":"En \u00abAyuntamiento\u00bb","block_context":{"text":"Ayuntamiento","link":"https:\/\/iumotril.org\/sitio\/category\/ayuntamiento\/"},"img":{"alt_text":"Colegios Infantil y Primaria Motril","src":"https:\/\/i0.wp.com\/iumotril.org\/sitio\/wp-content\/uploads\/2015\/07\/Charlas-bomberos-Motril-300x200.jpeg?resize=350%2C200","width":350,"height":200},"classes":[]},{"id":11036,"url":"https:\/\/iumotril.org\/sitio\/iu-denuncia-el-estado-de-abandono-de-la-plaza-e-la-coronacion\/","url_meta":{"origin":10953,"position":5},"title":"IU denuncia el estado de abandono de la plaza e la Coronaci\u00f3n.","author":"Izquierda Unida Motril","date":"14 abril, 2026","format":false,"excerpt":"IU ha denunciado el estado de abandono en el que se encuentra la Plaza de la Coronaci\u00f3n, un espacio especialmente sensible al tratarse del acceso a la Escuela de Idiomas de Motril as\u00ed como la Conservatorio de M\u00fasica y punto de encuentro habitual de numerosos ni\u00f1os y ni\u00f1as, tanto en\u2026","rel":"","context":"En \u00abCiudad\u00bb","block_context":{"text":"Ciudad","link":"https:\/\/iumotril.org\/sitio\/category\/ciudad\/"},"img":{"alt_text":"","src":"https:\/\/i0.wp.com\/iumotril.org\/sitio\/wp-content\/uploads\/2026\/04\/inma-plaza-moma-scaled-e1776162405244.jpeg?resize=350%2C200&ssl=1","width":350,"height":200,"srcset":"https:\/\/i0.wp.com\/iumotril.org\/sitio\/wp-content\/uploads\/2026\/04\/inma-plaza-moma-scaled-e1776162405244.jpeg?resize=350%2C200&ssl=1 1x, https:\/\/i0.wp.com\/iumotril.org\/sitio\/wp-content\/uploads\/2026\/04\/inma-plaza-moma-scaled-e1776162405244.jpeg?resize=525%2C300&ssl=1 1.5x"},"classes":[]}],"jetpack_likes_enabled":true,"_links":{"self":[{"href":"https:\/\/iumotril.org\/sitio\/wp-json\/wp\/v2\/posts\/10953","targetHints":{"allow":["GET"]}}],"collection":[{"href":"https:\/\/iumotril.org\/sitio\/wp-json\/wp\/v2\/posts"}],"about":[{"href":"https:\/\/iumotril.org\/sitio\/wp-json\/wp\/v2\/types\/post"}],"author":[{"embeddable":true,"href":"https:\/\/iumotril.org\/sitio\/wp-json\/wp\/v2\/users\/1"}],"replies":[{"embeddable":true,"href":"https:\/\/iumotril.org\/sitio\/wp-json\/wp\/v2\/comments?post=10953"}],"version-history":[{"count":2,"href":"https:\/\/iumotril.org\/sitio\/wp-json\/wp\/v2\/posts\/10953\/revisions"}],"predecessor-version":[{"id":10955,"href":"https:\/\/iumotril.org\/sitio\/wp-json\/wp\/v2\/posts\/10953\/revisions\/10955"}],"wp:featuredmedia":[{"embeddable":true,"href":"https:\/\/iumotril.org\/sitio\/wp-json\/wp\/v2\/media\/10496"}],"wp:attachment":[{"href":"https:\/\/iumotril.org\/sitio\/wp-json\/wp\/v2\/media?parent=10953"}],"wp:term":[{"taxonomy":"category","embeddable":true,"href":"https:\/\/iumotril.org\/sitio\/wp-json\/wp\/v2\/categories?post=10953"},{"taxonomy":"post_tag","embeddable":true,"href":"https:\/\/iumotril.org\/sitio\/wp-json\/wp\/v2\/tags?post=10953"}],"curies":[{"name":"wp","href":"https:\/\/api.w.org\/{rel}","templated":true}]}}