{"id":10908,"date":"2025-12-22T11:37:16","date_gmt":"2025-12-22T10:37:16","guid":{"rendered":"https:\/\/iumotril.org\/sitio\/?p=10908"},"modified":"2025-12-23T11:54:27","modified_gmt":"2025-12-23T10:54:27","slug":"el-grupo-municipal-iu-presenta-una-iniciativa-en-la-que-se-instara-a-la-junta-de-andalucia-a-publicar-antes-de-que-finalice-el-ano-las-listas-de-espera-y-los-tiempos-de-demora-para-la-realizacion-de","status":"publish","type":"post","link":"https:\/\/iumotril.org\/sitio\/el-grupo-municipal-iu-presenta-una-iniciativa-en-la-que-se-instara-a-la-junta-de-andalucia-a-publicar-antes-de-que-finalice-el-ano-las-listas-de-espera-y-los-tiempos-de-demora-para-la-realizacion-de\/","title":{"rendered":"IU presenta una moci\u00f3n para instar a la Junta de Andaluc\u00eda a publicar las listas de espera y los tiempos de demora para la realizaci\u00f3n de todas las pruebas diagn\u00f3sticas."},"content":{"rendered":"<p>Izquierda Unida ha presentado las mociones para el Pleno Municipal de Diciembre, una iniciativa en la que se instar\u00e1 a la Junta de Andaluc\u00eda a publicar, antes de que finalice el a\u00f1o, las listas de espera y los tiempos de demora para la realizaci\u00f3n de todas las pruebas diagn\u00f3sticas pendientes en el Servicio Andaluz de Salud (SAS); y una moci\u00f3n para instar al di\u00e1logo el consistorio y los representantes de los trabajadores del extinto servicio de limpieza municipal para cumplir con los acuerdos realizados en el SERCLA.<\/p>\n<p style=\"text-align: justify;\">La portavoz de IU, Inma Omiste, ha recordado que \u201cla Ley 16\/2011 de Salud P\u00fablica de Andaluc\u00eda recorre en su art\u00edculo 4.f. el principio de transparencia como eje fundamental de la actuaci\u00f3n sanitaria, garantizando el acceso de la ciudadan\u00eda a la informaci\u00f3n relativa a procedimientos, decisiones y actuaciones sanitarias bajo los criterios de objetividad, veracidad y claridad\u201d.<\/p>\n<p style=\"text-align: justify;\">\u201cSiguiendo este principio, el Servicio Andaluz de Salud publicaba semestralmente en datos relativos listas de espera quir\u00fargica, consultas externas y pruebas diagn\u00f3sticas. Sin embargo, desde junio de 2018, la Junta de Andaluc\u00eda dej\u00f3 de publicar los datos referentes a la lista de espera de pruebas diagn\u00f3sticas. La ausencia de datos p\u00fablicos impide evaluar de forma rigurosa el tiempo que deben esperar las personas usuarias para la realizaci\u00f3n de pruebas como TACS, ecograf\u00edas, resonancias magn\u00e9ticas, mamograf\u00edas, colonoscopias o pruebas funcionales imprescindibles para determinar un diagn\u00f3stico y el tratamiento correspondiente\u201d, ha subrayado Omiste<\/p>\n<p style=\"text-align: justify;\">Omiste ha incidido en que \u201cdiversos casos conocidos recientemente, como la situaci\u00f3n del cribado de c\u00e1ncer de mama, los retrasos acumulados en colonoscopias o las saturaciones en el servicio de radiolog\u00eda en distintos hospitales andaluces, evidencian las consecuencias que estos retrasos tienen sobre la salud de la poblaci\u00f3n\u201d.<\/p>\n<p style=\"text-align: justify;\">\u201cA pesar de que la Junta de Andaluc\u00eda afirma mejoras sustanciales en la atenci\u00f3n sanitaria, la falta de transparencia en esta informaci\u00f3n impide contrastar estas afirmaciones y dificulta la evaluaci\u00f3n de pol\u00edticas p\u00fablicas de salud. Adem\u00e1s, hay que resaltar que la publicaci\u00f3n de estos datos no solo es posible, sino que ya se realiza en la mayor\u00eda de las comunidades aut\u00f3nomas. La ciudadan\u00eda andaluza tiene derecho a conocer el n\u00famero real de personas pendientes de pruebas diagn\u00f3sticas y los tiempos de espera\u201d.<\/p>\n<p style=\"text-align: justify;\">As\u00ed mismo, solicitan que se actualice esta informaci\u00f3n de forma semestral y que se haga p\u00fablica la serie hist\u00f3rica completa desde junio de 2018 hasta la actualidad con la finalidad de poder evaluar la evoluci\u00f3n de la atenci\u00f3n sanitaria y mejorar la planificaci\u00f3n de las pol\u00edticas p\u00fablicas de salud.<\/p>\n<p style=\"text-align: justify;\">Tambi\u00e9n han presentado al pleno una propuesta para fijar una reuni\u00f3n entre los trabajadores del extinto servicio de limpieza, t\u00e9cnicos municipales para informar sobre las causas de los incumplimientos de los recientes acuerdos del SERCLA, al objeto de dar cumplimiento conforme a la ley vigente de estos acuerdos para el reconocimiento de la antig\u00fcedad de los trabajadores.<\/p>\n","protected":false},"excerpt":{"rendered":"<p>\u201cA pesar de que la Junta de Andaluc\u00eda afirma mejoras sustanciales en la atenci\u00f3n sanitaria, la falta de transparencia en esta informaci\u00f3n impide contrastar estas afirmaciones y dificulta la evaluaci\u00f3n de pol\u00edticas p\u00fablicas de salud. Adem\u00e1s, hay que resaltar que la publicaci\u00f3n de estos datos no solo es posible, sino que ya se realiza en la mayor\u00eda de las comunidades aut\u00f3nomas. La ciudadan\u00eda andaluza tiene derecho a conocer el n\u00famero real de personas pendientes de pruebas diagn\u00f3sticas y los tiempos de espera\u201d.<\/p>\n","protected":false},"author":1,"featured_media":10909,"comment_status":"open","ping_status":"open","sticky":false,"template":"","format":"standard","meta":{"cybocfi_hide_featured_image":"","_jetpack_newsletter_access":"","_jetpack_dont_email_post_to_subs":false,"_jetpack_newsletter_tier_id":0,"_jetpack_memberships_contains_paywalled_content":false,"_jetpack_memberships_contains_paid_content":false,"footnotes":""},"categories":[7,265,1290,36,275,2337],"tags":[326,2114,38,93,1958,1762],"class_list":["post-10908","post","type-post","status-publish","format-standard","has-post-thumbnail","hentry","category-ayuntamiento","category-esta-pasando","category-iu-equo","category-mociones-pleno","category-propuestas-iumotril","category-sanidad-publica","tag-andalucia","tag-deterioro-sanidad","tag-iu","tag-motril","tag-sanidad-andaluza","tag-sanidad-publica"],"jetpack_featured_media_url":"https:\/\/iumotril.org\/sitio\/wp-content\/uploads\/2025\/12\/MOCIONES-scaled.jpg","jetpack_sharing_enabled":true,"jetpack_shortlink":"https:\/\/wp.me\/p4QsU5-2PW","jetpack-related-posts":[{"id":7618,"url":"https:\/\/iumotril.org\/sitio\/iu-equo-pide-que-se-reclame-a-la-junta-de-andalucia-mejoras-en-la-atencion-de-los-centros-de-salud\/","url_meta":{"origin":10908,"position":0},"title":"IU-Equo pide que se reclame a la Junta de Andaluc\u00eda mejoras en la atenci\u00f3n de los centros de salud","author":"Izquierda Unida Motril","date":"29 julio, 2021","format":false,"excerpt":"Denuncia el mal funcionamiento del sistema sanitario que se evidencia en las dificultades de tramitaci\u00f3n de asuntos en administraci\u00f3n, la demora en dar citas para consultas m\u00e9dicas, para la realizaci\u00f3n de anal\u00edticas, la realizaci\u00f3n de pruebas diagn\u00f3sticas o para pasar consulta con los especialistas. A estas deficiencias en el funcionamiento\u2026","rel":"","context":"En \u00abEST\u00c1 PASANDO\u00bb","block_context":{"text":"EST\u00c1 PASANDO","link":"https:\/\/iumotril.org\/sitio\/category\/esta-pasando\/"},"img":{"alt_text":"","src":"https:\/\/i0.wp.com\/iumotril.org\/sitio\/wp-content\/uploads\/2021\/07\/Jose-28-julio_2-300x225.jpg?resize=350%2C200","width":350,"height":200},"classes":[]},{"id":9898,"url":"https:\/\/iumotril.org\/sitio\/exigimos-mejoras-en-la-sanidad-publica-andaluza-nos-sumamos-a-las-movilizaciones-convocadas-el-domingo-7-de-abril-en-defensa-de-la-sanidad\/","url_meta":{"origin":10908,"position":1},"title":"Exigimos mejoras en la Sanidad p\u00fablica andaluza. Nos sumamos a las movilizaciones convocadas el domingo, 7 de abril en defensa de la sanidad","author":"Izquierda Unida Motril","date":"4 abril, 2024","format":false,"excerpt":"Inma Omiste ha se\u00f1alado que es evidente la preocupaci\u00f3n de la ciudadan\u00eda por el deterioro de la sanidad en Andaluc\u00eda expresada en el incremento de las listas de espera que se sit\u00faa en el mill\u00f3n de personas (el 12% de la poblaci\u00f3n andaluza), el n\u00famero de pacientes pendientes de una\u2026","rel":"","context":"En \u00abAyuntamiento\u00bb","block_context":{"text":"Ayuntamiento","link":"https:\/\/iumotril.org\/sitio\/category\/ayuntamiento\/"},"img":{"alt_text":"","src":"https:\/\/i0.wp.com\/iumotril.org\/sitio\/wp-content\/uploads\/2024\/04\/Tu-salud-Tu-derecho-Nuestra-sanidad.jpg?resize=350%2C200&ssl=1","width":350,"height":200,"srcset":"https:\/\/i0.wp.com\/iumotril.org\/sitio\/wp-content\/uploads\/2024\/04\/Tu-salud-Tu-derecho-Nuestra-sanidad.jpg?resize=350%2C200&ssl=1 1x, https:\/\/i0.wp.com\/iumotril.org\/sitio\/wp-content\/uploads\/2024\/04\/Tu-salud-Tu-derecho-Nuestra-sanidad.jpg?resize=525%2C300&ssl=1 1.5x, https:\/\/i0.wp.com\/iumotril.org\/sitio\/wp-content\/uploads\/2024\/04\/Tu-salud-Tu-derecho-Nuestra-sanidad.jpg?resize=700%2C400&ssl=1 2x, https:\/\/i0.wp.com\/iumotril.org\/sitio\/wp-content\/uploads\/2024\/04\/Tu-salud-Tu-derecho-Nuestra-sanidad.jpg?resize=1050%2C600&ssl=1 3x"},"classes":[]},{"id":8910,"url":"https:\/\/iumotril.org\/sitio\/iu-equo-reclama-la-mejora-de-la-atencion-sanitaria-en-los-centros-de-salud-y-en-el-hospital-de-motril\/","url_meta":{"origin":10908,"position":2},"title":"IU-Equo reclama la mejora de la atenci\u00f3n sanitaria en los Centros de Salud y en el Hospital de Motril","author":"Izquierda Unida Motril","date":"23 febrero, 2023","format":false,"excerpt":"Adem\u00e1s del refuerzo de las plantillas del personal en los centros de salud de Motril, en la moci\u00f3n que ha registrado IU-Equo para su debate en el pr\u00f3ximo Pleno se reclama a la Consejer\u00eda de Salud y Consumo de la Junta de Andaluc\u00eda la ejecuci\u00f3n del proyecto de ampliaci\u00f3n del\u2026","rel":"","context":"En \u00abAyuntamiento\u00bb","block_context":{"text":"Ayuntamiento","link":"https:\/\/iumotril.org\/sitio\/category\/ayuntamiento\/"},"img":{"alt_text":"","src":"https:\/\/i0.wp.com\/iumotril.org\/sitio\/wp-content\/uploads\/2023\/02\/327186763_5753997604713864_8247334106473826344_n.png?resize=350%2C200&ssl=1","width":350,"height":200,"srcset":"https:\/\/i0.wp.com\/iumotril.org\/sitio\/wp-content\/uploads\/2023\/02\/327186763_5753997604713864_8247334106473826344_n.png?resize=350%2C200&ssl=1 1x, https:\/\/i0.wp.com\/iumotril.org\/sitio\/wp-content\/uploads\/2023\/02\/327186763_5753997604713864_8247334106473826344_n.png?resize=525%2C300&ssl=1 1.5x, https:\/\/i0.wp.com\/iumotril.org\/sitio\/wp-content\/uploads\/2023\/02\/327186763_5753997604713864_8247334106473826344_n.png?resize=700%2C400&ssl=1 2x, https:\/\/i0.wp.com\/iumotril.org\/sitio\/wp-content\/uploads\/2023\/02\/327186763_5753997604713864_8247334106473826344_n.png?resize=1050%2C600&ssl=1 3x, https:\/\/i0.wp.com\/iumotril.org\/sitio\/wp-content\/uploads\/2023\/02\/327186763_5753997604713864_8247334106473826344_n.png?resize=1400%2C800&ssl=1 4x"},"classes":[]},{"id":11033,"url":"https:\/\/iumotril.org\/sitio\/izquierda-unida-llama-a-movilizarse-este-domingo-en-defensa-de-la-sanidad-publica-en-motril\/","url_meta":{"origin":10908,"position":3},"title":"Izquierda Unida llama a movilizarse este domingo en defensa de la sanidad p\u00fablica en Motril","author":"Izquierda Unida Motril","date":"10 abril, 2026","format":false,"excerpt":"Izquierda unida ha hecho un llamamiento a los motrile\u00f1os y motrile\u00f1as para que acudan a la manifestaci\u00f3n en defensa de la sanidad p\u00fablica este domingo a las 12 en la Plaza de las Mercedarias. La formaci\u00f3n ha se\u00f1alado que la sanidad se encuentra en un estado cr\u00edtico, y que la\u2026","rel":"","context":"En \u00abEST\u00c1 PASANDO\u00bb","block_context":{"text":"EST\u00c1 PASANDO","link":"https:\/\/iumotril.org\/sitio\/category\/esta-pasando\/"},"img":{"alt_text":"","src":"https:\/\/i0.wp.com\/iumotril.org\/sitio\/wp-content\/uploads\/2025\/10\/Ana-H-scaled.jpeg?resize=350%2C200&ssl=1","width":350,"height":200,"srcset":"https:\/\/i0.wp.com\/iumotril.org\/sitio\/wp-content\/uploads\/2025\/10\/Ana-H-scaled.jpeg?resize=350%2C200&ssl=1 1x, https:\/\/i0.wp.com\/iumotril.org\/sitio\/wp-content\/uploads\/2025\/10\/Ana-H-scaled.jpeg?resize=525%2C300&ssl=1 1.5x, https:\/\/i0.wp.com\/iumotril.org\/sitio\/wp-content\/uploads\/2025\/10\/Ana-H-scaled.jpeg?resize=700%2C400&ssl=1 2x, https:\/\/i0.wp.com\/iumotril.org\/sitio\/wp-content\/uploads\/2025\/10\/Ana-H-scaled.jpeg?resize=1050%2C600&ssl=1 3x, https:\/\/i0.wp.com\/iumotril.org\/sitio\/wp-content\/uploads\/2025\/10\/Ana-H-scaled.jpeg?resize=1400%2C800&ssl=1 4x"},"classes":[]},{"id":10709,"url":"https:\/\/iumotril.org\/sitio\/iu-verdes-equo-exige-para-motril-mas-medios-en-materia-sanitaria-con-urgencia\/","url_meta":{"origin":10908,"position":4},"title":"IU Verdes Equo exige para Motril m\u00e1s medios en materia sanitaria con urgencia","author":"Izquierda Unida Motril","date":"11 julio, 2025","format":false,"excerpt":"La falta de personal no solo afecta al \u00e1rea de urgencias del hospital o a las especialidades, sino que las listas de espera para ser atendidos por m\u00e9dicos de atenci\u00f3n primaria o pediatras son insostenibles y se van m\u00e1s all\u00e1 del mes en el mejor de los casos. Se\u00f1alan que\u2026","rel":"","context":"En \u00abCiudad\u00bb","block_context":{"text":"Ciudad","link":"https:\/\/iumotril.org\/sitio\/category\/ciudad\/"},"img":{"alt_text":"","src":"https:\/\/i0.wp.com\/iumotril.org\/sitio\/wp-content\/uploads\/2025\/07\/Ana-e-Inma-scaled.jpg?resize=350%2C200&ssl=1","width":350,"height":200,"srcset":"https:\/\/i0.wp.com\/iumotril.org\/sitio\/wp-content\/uploads\/2025\/07\/Ana-e-Inma-scaled.jpg?resize=350%2C200&ssl=1 1x, https:\/\/i0.wp.com\/iumotril.org\/sitio\/wp-content\/uploads\/2025\/07\/Ana-e-Inma-scaled.jpg?resize=525%2C300&ssl=1 1.5x, https:\/\/i0.wp.com\/iumotril.org\/sitio\/wp-content\/uploads\/2025\/07\/Ana-e-Inma-scaled.jpg?resize=700%2C400&ssl=1 2x, https:\/\/i0.wp.com\/iumotril.org\/sitio\/wp-content\/uploads\/2025\/07\/Ana-e-Inma-scaled.jpg?resize=1050%2C600&ssl=1 3x, https:\/\/i0.wp.com\/iumotril.org\/sitio\/wp-content\/uploads\/2025\/07\/Ana-e-Inma-scaled.jpg?resize=1400%2C800&ssl=1 4x"},"classes":[]},{"id":10521,"url":"https:\/\/iumotril.org\/sitio\/iu-verdes-equo-solicita-al-pleno-la-apertura-de-las-instalaciones-deportivas-los-fines-de-semana\/","url_meta":{"origin":10908,"position":5},"title":"IU Verdes Equo solicita al pleno la apertura de las instalaciones deportivas los fines de semana","author":"Izquierda Unida Motril","date":"26 marzo, 2025","format":false,"excerpt":"Ante la falta de alternativas de ocio para los y las j\u00f3venes de nuestro municipio, el facilitar la pr\u00e1ctica deportiva los fines de semana con la apertura de las pistas deportivas o con la instalaci\u00f3n de equipamiento deportivo en las plazas y calles de nuestra ciudad puede ser una iniciativa\u2026","rel":"","context":"En \u00abAyuntamiento\u00bb","block_context":{"text":"Ayuntamiento","link":"https:\/\/iumotril.org\/sitio\/category\/ayuntamiento\/"},"img":{"alt_text":"","src":"https:\/\/i0.wp.com\/iumotril.org\/sitio\/wp-content\/uploads\/2025\/03\/Columpios-miradores-Playa-Granada-y-del-Cable-3.jpeg?resize=350%2C200&ssl=1","width":350,"height":200,"srcset":"https:\/\/i0.wp.com\/iumotril.org\/sitio\/wp-content\/uploads\/2025\/03\/Columpios-miradores-Playa-Granada-y-del-Cable-3.jpeg?resize=350%2C200&ssl=1 1x, https:\/\/i0.wp.com\/iumotril.org\/sitio\/wp-content\/uploads\/2025\/03\/Columpios-miradores-Playa-Granada-y-del-Cable-3.jpeg?resize=525%2C300&ssl=1 1.5x, https:\/\/i0.wp.com\/iumotril.org\/sitio\/wp-content\/uploads\/2025\/03\/Columpios-miradores-Playa-Granada-y-del-Cable-3.jpeg?resize=700%2C400&ssl=1 2x, https:\/\/i0.wp.com\/iumotril.org\/sitio\/wp-content\/uploads\/2025\/03\/Columpios-miradores-Playa-Granada-y-del-Cable-3.jpeg?resize=1050%2C600&ssl=1 3x, https:\/\/i0.wp.com\/iumotril.org\/sitio\/wp-content\/uploads\/2025\/03\/Columpios-miradores-Playa-Granada-y-del-Cable-3.jpeg?resize=1400%2C800&ssl=1 4x"},"classes":[]}],"jetpack_likes_enabled":true,"_links":{"self":[{"href":"https:\/\/iumotril.org\/sitio\/wp-json\/wp\/v2\/posts\/10908","targetHints":{"allow":["GET"]}}],"collection":[{"href":"https:\/\/iumotril.org\/sitio\/wp-json\/wp\/v2\/posts"}],"about":[{"href":"https:\/\/iumotril.org\/sitio\/wp-json\/wp\/v2\/types\/post"}],"author":[{"embeddable":true,"href":"https:\/\/iumotril.org\/sitio\/wp-json\/wp\/v2\/users\/1"}],"replies":[{"embeddable":true,"href":"https:\/\/iumotril.org\/sitio\/wp-json\/wp\/v2\/comments?post=10908"}],"version-history":[{"count":3,"href":"https:\/\/iumotril.org\/sitio\/wp-json\/wp\/v2\/posts\/10908\/revisions"}],"predecessor-version":[{"id":10916,"href":"https:\/\/iumotril.org\/sitio\/wp-json\/wp\/v2\/posts\/10908\/revisions\/10916"}],"wp:featuredmedia":[{"embeddable":true,"href":"https:\/\/iumotril.org\/sitio\/wp-json\/wp\/v2\/media\/10909"}],"wp:attachment":[{"href":"https:\/\/iumotril.org\/sitio\/wp-json\/wp\/v2\/media?parent=10908"}],"wp:term":[{"taxonomy":"category","embeddable":true,"href":"https:\/\/iumotril.org\/sitio\/wp-json\/wp\/v2\/categories?post=10908"},{"taxonomy":"post_tag","embeddable":true,"href":"https:\/\/iumotril.org\/sitio\/wp-json\/wp\/v2\/tags?post=10908"}],"curies":[{"name":"wp","href":"https:\/\/api.w.org\/{rel}","templated":true}]}}