{"id":10841,"date":"2025-10-18T09:34:28","date_gmt":"2025-10-18T07:34:28","guid":{"rendered":"https:\/\/iumotril.org\/sitio\/?p=10841"},"modified":"2025-10-18T09:34:28","modified_gmt":"2025-10-18T07:34:28","slug":"iu-verdes-equo-denuncia-el-estado-de-abandono-de-las-instalaciones-deportivas-municipales","status":"publish","type":"post","link":"https:\/\/iumotril.org\/sitio\/iu-verdes-equo-denuncia-el-estado-de-abandono-de-las-instalaciones-deportivas-municipales\/","title":{"rendered":"IU Verdes Equo denuncia el estado de abandono de las instalaciones deportivas municipales"},"content":{"rendered":"<h3 style=\"padding-left: 40px;\"><strong><span style=\"color: #993300;\">El lamentable estado de abandono en el que se encuentra el pabell\u00f3n municipal de deportes cuyo edificio presenta numerosas deficiencias, como goteras, humedades en varias salas con equipamiento y mobiliario obsoleto y deteriorado, a lo que se suma la falta de limpieza en las gradas y en el exterior.<\/span><\/strong><\/h3>\n<h3 style=\"padding-left: 40px;\"><strong><span style=\"color: #993300;\">El deterioro de los servicios p\u00fablicos que tiene que prestar el Ayuntamiento se est\u00e1 extendiendo a diferentes \u00e1mbitos municipales, alcanzando a la limpieza y mantenimiento de la ciudad, a las playas, a los parques y jardines, a los conserjes de los centros escolares, a la apertura de las instalaciones deportivas y dependencias municipales o al normal funcionamiento de museos y bibliotecas<\/span><\/strong><\/h3>\n<h3 style=\"padding-left: 40px;\"><strong><span style=\"color: #993300;\">En los \u00faltimos treinta a\u00f1os no se hab\u00eda producido en la ciudad una situaci\u00f3n de falta de servicios p\u00fablicos y de mantenimiento en las instalaciones y dependencias municipales como la que se est\u00e1 dando estos \u00faltimos a\u00f1os.<\/span><\/strong><\/h3>\n<figure id=\"attachment_10843\" aria-describedby=\"caption-attachment-10843\" style=\"width: 443px\" class=\"wp-caption alignleft\"><img loading=\"lazy\" decoding=\"async\" data-attachment-id=\"10843\" data-permalink=\"https:\/\/iumotril.org\/sitio\/iu-verdes-equo-denuncia-el-estado-de-abandono-de-las-instalaciones-deportivas-municipales\/inma-pabellon-2\/\" data-orig-file=\"https:\/\/iumotril.org\/sitio\/wp-content\/uploads\/2025\/10\/INMA-PABELLON-1-scaled.jpeg\" data-orig-size=\"1920,2560\" data-comments-opened=\"1\" data-image-meta=\"{&quot;aperture&quot;:&quot;1.78&quot;,&quot;credit&quot;:&quot;&quot;,&quot;camera&quot;:&quot;iPhone 15 Pro Max&quot;,&quot;caption&quot;:&quot;&quot;,&quot;created_timestamp&quot;:&quot;1760695357&quot;,&quot;copyright&quot;:&quot;&quot;,&quot;focal_length&quot;:&quot;6.7649998656528&quot;,&quot;iso&quot;:&quot;80&quot;,&quot;shutter_speed&quot;:&quot;0.00082304526748971&quot;,&quot;title&quot;:&quot;&quot;,&quot;orientation&quot;:&quot;1&quot;}\" data-image-title=\"INMA PABELLON\" data-image-description=\"\" data-image-caption=\"&lt;p&gt;Inma Omiste, portavoz IU Verdes Equo&lt;\/p&gt;\n\" data-large-file=\"https:\/\/iumotril.org\/sitio\/wp-content\/uploads\/2025\/10\/INMA-PABELLON-1-768x1024.jpeg\" class=\"wp-image-10843 \" src=\"https:\/\/iumotril.org\/sitio\/wp-content\/uploads\/2025\/10\/INMA-PABELLON-1-768x1024.jpeg\" alt=\"\" width=\"443\" height=\"591\" srcset=\"https:\/\/iumotril.org\/sitio\/wp-content\/uploads\/2025\/10\/INMA-PABELLON-1-768x1024.jpeg 768w, https:\/\/iumotril.org\/sitio\/wp-content\/uploads\/2025\/10\/INMA-PABELLON-1-225x300.jpeg 225w, https:\/\/iumotril.org\/sitio\/wp-content\/uploads\/2025\/10\/INMA-PABELLON-1-1152x1536.jpeg 1152w, https:\/\/iumotril.org\/sitio\/wp-content\/uploads\/2025\/10\/INMA-PABELLON-1-1536x2048.jpeg 1536w, https:\/\/iumotril.org\/sitio\/wp-content\/uploads\/2025\/10\/INMA-PABELLON-1-scaled.jpeg 1920w\" sizes=\"auto, (max-width: 443px) 100vw, 443px\" \/><figcaption id=\"caption-attachment-10843\" class=\"wp-caption-text\">Inma Omiste, portavoz IU Verdes Equo<\/figcaption><\/figure>\n<p>La <strong>falta de personal<\/strong>, la <strong>improvisaci\u00f3n<\/strong> en la toma de decisiones y la <strong>voluntad de privatizaci\u00f3n de los servicios p\u00fablicos<\/strong> est\u00e1 haciendo mella en todos los servicios municipales, desde los de Informaci\u00f3n y atenci\u00f3n a la ciudadan\u00eda, a los de mantenimiento y limpieza de la ciudad. <strong>El \u00e1rea de Deportes<\/strong> y sus instalaciones est\u00e1n siendo una de las principales afectadas.<\/p>\n<p>\u201cEn el caso del <strong>pabell\u00f3n municipal<\/strong> de deportes podr\u00eda ser el ejemplo ilustrativo de la mala gesti\u00f3n que se est\u00e1 llevando a cabo por el gobierno de Luisa Garc\u00eda Chamorro. La acumulaci\u00f3n de <strong>basura, residuos y suciedad en el exterior, en pasillos y gradas<\/strong> evidencian que no se realizan limpiezas con la frecuencia ni los medios adecuados\u201d.<\/p>\n<p>Sobra cualquier comentario ya que la situaci\u00f3n se describe por s\u00ed misma, no hay m\u00e1s que darse una vuelta por el pabell\u00f3n \u2013ha se\u00f1alado Inma Omiste\u2013, que ha pedido a la alcaldesa <strong>que \u201caterrice en la realidad cotidiana\u201d<\/strong>, se ocupe de los <strong>problemas reales de la ciudad y de los ciudadanos<\/strong>., dejando de lado sus grandes proyectos, los anuncios de actuaciones hist\u00f3ricas y su campa\u00f1a permanente propagand\u00edstica.<\/p>\n<p>Es necesario un refuerzo de la plantilla municipal para <strong>recuperar los servicios p\u00fablicos<\/strong> y su prestaci\u00f3n eficaz \u201cdesde la perspectiva del <strong>inter\u00e9s general de la ciudadan\u00eda<\/strong>\u201d. Pero el Gobierno de las derechas la \u00fanica opci\u00f3n que contempla es la privatizaci\u00f3n de los servicios b\u00e1sicos, con peores condiciones laborales y peor calidad en la prestaci\u00f3n del servicio y en muchos casos un encarecimiento de estos. La edil ha recordado como hace unos meses el servicio de limpieza de los edificios municipales pas\u00f3 a manos privadas lo que ha supuesto un empeoramiento en la calidad del servicio.<\/p>\n<p>Inma Omiste ha reiterado a la alcaldesa y al responsable municipal de Deportes que se pongan a trabajar de forma inmediata para <strong>dar una soluci\u00f3n adecuada a estos problemas<\/strong> de una vez por todas y consideren la promoci\u00f3n de la actividad deportiva por parte del Ayuntamiento como una prioridad de los servicios que deben ofrecerse a la ciudadan\u00eda.<\/p>\n","protected":false},"excerpt":{"rendered":"<p>En los \u00faltimos treinta a\u00f1os no se hab\u00eda producido en la ciudad una situaci\u00f3n de falta de servicios p\u00fablicos y de mantenimiento en las instalaciones y dependencias municipales como la que se est\u00e1 dando estos \u00faltimos a\u00f1os. La falta de personal, la improvisaci\u00f3n en la toma de decisiones y la voluntad de privatizaci\u00f3n de los servicios p\u00fablicos est\u00e1 haciendo mella en todos los servicios municipales, desde los de Informaci\u00f3n y atenci\u00f3n a la ciudadan\u00eda, a los de mantenimiento y limpieza de la ciudad. El \u00e1rea de Deportes y sus instalaciones est\u00e1n siendo una de las principales afectadas.<\/p>\n<p>\u201cEn el caso del pabell\u00f3n municipal de deportes podr\u00eda ser el ejemplo ilustrativo de la mala gesti\u00f3n que se est\u00e1 llevando a cabo por el gobierno de Luisa Garc\u00eda Chamorro. La acumulaci\u00f3n de basura, residuos y suciedad en el exterior, en pasillos y gradas evidencian que no se realizan limpiezas con la frecuencia ni los medios adecuados\u201d.<\/p>\n<p>Sobra cualquier comentario ya que la situaci\u00f3n se describe por s\u00ed misma, no hay m\u00e1s que darse una vuelta por el pabell\u00f3n \u2013ha se\u00f1alado Inma Omiste\u2013, que ha pedido a la alcaldesa que \u201caterrice en la realidad cotidiana\u201d, se ocupe de los problemas reales de la ciudad y de los ciudadanos., dejando de lado sus grandes proyectos, los anuncios de actuaciones hist\u00f3ricas y su campa\u00f1a permanente propagand\u00edstica. Inma Omiste ha reiterado a la alcaldesa y al responsable municipal de Deportes que se pongan a trabajar de forma inmediata para dar una soluci\u00f3n adecuada a estos problemas de una vez por todas y consideren la promoci\u00f3n de la actividad deportiva por parte del Ayuntamiento como una prioridad de los servicios que deben ofrecerse a la ciudadan\u00eda.<\/p>\n","protected":false},"author":1,"featured_media":10839,"comment_status":"open","ping_status":"open","sticky":false,"template":"","format":"standard","meta":{"cybocfi_hide_featured_image":"","_jetpack_newsletter_access":"","_jetpack_dont_email_post_to_subs":false,"_jetpack_newsletter_tier_id":0,"_jetpack_memberships_contains_paywalled_content":false,"_jetpack_memberships_contains_paid_content":false,"footnotes":""},"categories":[7,2378,265,2269],"tags":[1216,2276,1218,2392,2393],"class_list":["post-10841","post","type-post","status-publish","format-standard","has-post-thumbnail","hentry","category-ayuntamiento","category-deportes","category-esta-pasando","category-gobierno-local","tag-deportes","tag-deterioro-servicios-publicos","tag-instalaciones","tag-pabellon-deportes","tag-politicas-de-las-sderechas"],"jetpack_featured_media_url":"https:\/\/iumotril.org\/sitio\/wp-content\/uploads\/2025\/10\/INMA-PABELLON-scaled.jpeg","jetpack_sharing_enabled":true,"jetpack_shortlink":"https:\/\/wp.me\/p4QsU5-2OR","jetpack-related-posts":[{"id":10824,"url":"https:\/\/iumotril.org\/sitio\/iu%e2%80%91verdes-equo-alerta-del-esquilme-de-las-escuelas-deportivas-y-el-deterioro-de-las-instalaciones-deportivas-municipales\/","url_meta":{"origin":10841,"position":0},"title":"IU\u2011Verdes Equo alerta del esquilme de las escuelas deportivas y el deterioro de las instalaciones deportivas municipales.","author":"Izquierda Unida Motril","date":"6 octubre, 2025","format":false,"excerpt":"La formaci\u00f3n ha reiterado que la plantilla del \u00c1rea de Deportes es totalmente insuficiente para Motril. Es necesario que se dote al \u00c1rea tanto de personal estructural, plantilla fija, creando empleo p\u00fablico de calidad, como de personal para cubrir las bajas y dem\u00e1s incidencias, y as\u00ed poder garantizar el funcionamiento\u2026","rel":"","context":"En \u00abAyuntamiento\u00bb","block_context":{"text":"Ayuntamiento","link":"https:\/\/iumotril.org\/sitio\/category\/ayuntamiento\/"},"img":{"alt_text":"","src":"https:\/\/i0.wp.com\/iumotril.org\/sitio\/wp-content\/uploads\/2025\/10\/Ana-H-scaled.jpeg?resize=350%2C200&ssl=1","width":350,"height":200,"srcset":"https:\/\/i0.wp.com\/iumotril.org\/sitio\/wp-content\/uploads\/2025\/10\/Ana-H-scaled.jpeg?resize=350%2C200&ssl=1 1x, https:\/\/i0.wp.com\/iumotril.org\/sitio\/wp-content\/uploads\/2025\/10\/Ana-H-scaled.jpeg?resize=525%2C300&ssl=1 1.5x, https:\/\/i0.wp.com\/iumotril.org\/sitio\/wp-content\/uploads\/2025\/10\/Ana-H-scaled.jpeg?resize=700%2C400&ssl=1 2x, https:\/\/i0.wp.com\/iumotril.org\/sitio\/wp-content\/uploads\/2025\/10\/Ana-H-scaled.jpeg?resize=1050%2C600&ssl=1 3x, https:\/\/i0.wp.com\/iumotril.org\/sitio\/wp-content\/uploads\/2025\/10\/Ana-H-scaled.jpeg?resize=1400%2C800&ssl=1 4x"},"classes":[]},{"id":8100,"url":"https:\/\/iumotril.org\/sitio\/iu-equo-denuncia-el-deficiente-funcionamiento-de-las-instalaciones-deportivas-municipales\/","url_meta":{"origin":10841,"position":1},"title":"IU-EQUO denuncia el mal funcionamiento de las instalaciones deportivas municipales","author":"Izquierda Unida Motril","date":"29 marzo, 2022","format":false,"excerpt":"La falta de personal en la plantilla, la improvisaci\u00f3n en la toma de decisiones y la voluntad de privatizaci\u00f3n de los servicios p\u00fablicos est\u00e1 haciendo mella en todos los servicios municipales, desde los de Informaci\u00f3n y atenci\u00f3n a la ciudadan\u00eda, a los de mantenimiento y limpieza de la ciudad. El\u2026","rel":"","context":"En \u00abEST\u00c1 PASANDO\u00bb","block_context":{"text":"EST\u00c1 PASANDO","link":"https:\/\/iumotril.org\/sitio\/category\/esta-pasando\/"},"img":{"alt_text":"","src":"https:\/\/i0.wp.com\/iumotril.org\/sitio\/wp-content\/uploads\/2022\/02\/INma-23-F-Mocion-violinsta-2-scaled.jpg?resize=350%2C200","width":350,"height":200,"srcset":"https:\/\/i0.wp.com\/iumotril.org\/sitio\/wp-content\/uploads\/2022\/02\/INma-23-F-Mocion-violinsta-2-scaled.jpg?resize=350%2C200 1x, https:\/\/i0.wp.com\/iumotril.org\/sitio\/wp-content\/uploads\/2022\/02\/INma-23-F-Mocion-violinsta-2-scaled.jpg?resize=525%2C300 1.5x, https:\/\/i0.wp.com\/iumotril.org\/sitio\/wp-content\/uploads\/2022\/02\/INma-23-F-Mocion-violinsta-2-scaled.jpg?resize=700%2C400 2x, https:\/\/i0.wp.com\/iumotril.org\/sitio\/wp-content\/uploads\/2022\/02\/INma-23-F-Mocion-violinsta-2-scaled.jpg?resize=1050%2C600 3x, https:\/\/i0.wp.com\/iumotril.org\/sitio\/wp-content\/uploads\/2022\/02\/INma-23-F-Mocion-violinsta-2-scaled.jpg?resize=1400%2C800 4x"},"classes":[]},{"id":7830,"url":"https:\/\/iumotril.org\/sitio\/iu-equo-critica-que-la-piscina-municipal-no-haya-recuperado-su-actividad-en-los-ultimos-20-meses\/","url_meta":{"origin":10841,"position":2},"title":"IU-EQUO critica que la Piscina municipal no haya recuperado su actividad en los \u00faltimos 20 meses","author":"Izquierda Unida Motril","date":"19 noviembre, 2021","format":false,"excerpt":"Tras el verano, con el inicio de la nueva temporada, se anunci\u00f3 que la piscina no ofrecer\u00eda actividades en sus instalaciones a partir del mes de noviembre por el comienzo de determinadas obras de mantenimiento y mejora de las mismas. Pero, a pesar de que las obras no han comenzado,\u2026","rel":"","context":"En \u00abAyuntamiento\u00bb","block_context":{"text":"Ayuntamiento","link":"https:\/\/iumotril.org\/sitio\/category\/ayuntamiento\/"},"img":{"alt_text":"","src":"https:\/\/i0.wp.com\/iumotril.org\/sitio\/wp-content\/uploads\/2021\/03\/Inma-Omiste-30-marzo-2-1024x768.jpg?resize=350%2C200","width":350,"height":200,"srcset":"https:\/\/i0.wp.com\/iumotril.org\/sitio\/wp-content\/uploads\/2021\/03\/Inma-Omiste-30-marzo-2-1024x768.jpg?resize=350%2C200 1x, https:\/\/i0.wp.com\/iumotril.org\/sitio\/wp-content\/uploads\/2021\/03\/Inma-Omiste-30-marzo-2-1024x768.jpg?resize=525%2C300 1.5x"},"classes":[]},{"id":8657,"url":"https:\/\/iumotril.org\/sitio\/iu-equo-demanda-un-plan-de-mantenimiento-integral-de-las-instalaciones-deportivas-municipales\/","url_meta":{"origin":10841,"position":3},"title":"IU-Equo demanda un Plan de mantenimiento integral de las instalaciones deportivas municipales","author":"Izquierda Unida Motril","date":"23 noviembre, 2022","format":false,"excerpt":"Los usuarios y usuarias de las instalaciones deportivas municipales est\u00e1n constatando, d\u00eda a d\u00eda, el evidente deterioro de los recintos y equipamientos deportivos municipales y padeciendo sus negativas consecuencias para la pr\u00e1ctica de las distintas actividades que pretenden realizar. Las deficiencias en las instalaciones y en los equipamientos son diversas,\u2026","rel":"","context":"En \u00abEST\u00c1 PASANDO\u00bb","block_context":{"text":"EST\u00c1 PASANDO","link":"https:\/\/iumotril.org\/sitio\/category\/esta-pasando\/"},"img":{"alt_text":"","src":"https:\/\/i0.wp.com\/iumotril.org\/sitio\/wp-content\/uploads\/2022\/11\/Piscina-municipal.jpg?resize=350%2C200&ssl=1","width":350,"height":200,"srcset":"https:\/\/i0.wp.com\/iumotril.org\/sitio\/wp-content\/uploads\/2022\/11\/Piscina-municipal.jpg?resize=350%2C200&ssl=1 1x, https:\/\/i0.wp.com\/iumotril.org\/sitio\/wp-content\/uploads\/2022\/11\/Piscina-municipal.jpg?resize=525%2C300&ssl=1 1.5x, https:\/\/i0.wp.com\/iumotril.org\/sitio\/wp-content\/uploads\/2022\/11\/Piscina-municipal.jpg?resize=700%2C400&ssl=1 2x"},"classes":[]},{"id":10608,"url":"https:\/\/iumotril.org\/sitio\/iu-verdes-equo-denuncia-el-previsible-aumento-del-recibo-de-basura-para-el-proximo-ano\/","url_meta":{"origin":10841,"position":4},"title":"IU Verdes Equo denuncia el previsible aumento del recibo de basura para el pr\u00f3ximo a\u00f1o","author":"Izquierda Unida Motril","date":"9 mayo, 2025","format":false,"excerpt":"En los \u00faltimos seis a\u00f1os se ha producido en la ciudad una situaci\u00f3n de falta de servicios e instalaciones, de cierre de museos, de reducci\u00f3n de horarios en las bibliotecas, de cierres de ludotecas, de instalaciones deportivas, de dependencias municipales, de reducci\u00f3n del n\u00famero de escuelas deportivas municipales, y un\u2026","rel":"","context":"En \u00abAyuntamiento\u00bb","block_context":{"text":"Ayuntamiento","link":"https:\/\/iumotril.org\/sitio\/category\/ayuntamiento\/"},"img":{"alt_text":"","src":"https:\/\/i0.wp.com\/iumotril.org\/sitio\/wp-content\/uploads\/2025\/05\/Inma-y-Ana-2-scaled.jpg?resize=350%2C200&ssl=1","width":350,"height":200,"srcset":"https:\/\/i0.wp.com\/iumotril.org\/sitio\/wp-content\/uploads\/2025\/05\/Inma-y-Ana-2-scaled.jpg?resize=350%2C200&ssl=1 1x, https:\/\/i0.wp.com\/iumotril.org\/sitio\/wp-content\/uploads\/2025\/05\/Inma-y-Ana-2-scaled.jpg?resize=525%2C300&ssl=1 1.5x, https:\/\/i0.wp.com\/iumotril.org\/sitio\/wp-content\/uploads\/2025\/05\/Inma-y-Ana-2-scaled.jpg?resize=700%2C400&ssl=1 2x, https:\/\/i0.wp.com\/iumotril.org\/sitio\/wp-content\/uploads\/2025\/05\/Inma-y-Ana-2-scaled.jpg?resize=1050%2C600&ssl=1 3x, https:\/\/i0.wp.com\/iumotril.org\/sitio\/wp-content\/uploads\/2025\/05\/Inma-y-Ana-2-scaled.jpg?resize=1400%2C800&ssl=1 4x"},"classes":[]},{"id":5657,"url":"https:\/\/iumotril.org\/sitio\/iu-equo-denuncia-la-falta-de-monitores-en-el-area-de-deportes-municipal\/","url_meta":{"origin":10841,"position":5},"title":"IU-Equo denuncia la falta de monitores en el \u00c1rea de Deportes municipal","author":"Izquierda Unida Motril","date":"12 marzo, 2020","format":false,"excerpt":"El \u00c1rea de Deportes municipal es otra v\u00edctima de las pol\u00edticas de recortes y de la llamada austeridad del Partido Popular, al igual que el resto de las \u00e1reas municipales. A ello se le une la desastrosa pol\u00edtica de personal que las empleadas y empleados p\u00fablicos vienen sufriendo en los\u2026","rel":"","context":"En \u00abAyuntamiento\u00bb","block_context":{"text":"Ayuntamiento","link":"https:\/\/iumotril.org\/sitio\/category\/ayuntamiento\/"},"img":{"alt_text":"","src":"https:\/\/i0.wp.com\/iumotril.org\/sitio\/wp-content\/uploads\/2020\/03\/Jose-e-Inma_12-marzo-1024x768.jpg?resize=350%2C200","width":350,"height":200,"srcset":"https:\/\/i0.wp.com\/iumotril.org\/sitio\/wp-content\/uploads\/2020\/03\/Jose-e-Inma_12-marzo-1024x768.jpg?resize=350%2C200 1x, https:\/\/i0.wp.com\/iumotril.org\/sitio\/wp-content\/uploads\/2020\/03\/Jose-e-Inma_12-marzo-1024x768.jpg?resize=525%2C300 1.5x"},"classes":[]}],"jetpack_likes_enabled":true,"_links":{"self":[{"href":"https:\/\/iumotril.org\/sitio\/wp-json\/wp\/v2\/posts\/10841","targetHints":{"allow":["GET"]}}],"collection":[{"href":"https:\/\/iumotril.org\/sitio\/wp-json\/wp\/v2\/posts"}],"about":[{"href":"https:\/\/iumotril.org\/sitio\/wp-json\/wp\/v2\/types\/post"}],"author":[{"embeddable":true,"href":"https:\/\/iumotril.org\/sitio\/wp-json\/wp\/v2\/users\/1"}],"replies":[{"embeddable":true,"href":"https:\/\/iumotril.org\/sitio\/wp-json\/wp\/v2\/comments?post=10841"}],"version-history":[{"count":3,"href":"https:\/\/iumotril.org\/sitio\/wp-json\/wp\/v2\/posts\/10841\/revisions"}],"predecessor-version":[{"id":10845,"href":"https:\/\/iumotril.org\/sitio\/wp-json\/wp\/v2\/posts\/10841\/revisions\/10845"}],"wp:featuredmedia":[{"embeddable":true,"href":"https:\/\/iumotril.org\/sitio\/wp-json\/wp\/v2\/media\/10839"}],"wp:attachment":[{"href":"https:\/\/iumotril.org\/sitio\/wp-json\/wp\/v2\/media?parent=10841"}],"wp:term":[{"taxonomy":"category","embeddable":true,"href":"https:\/\/iumotril.org\/sitio\/wp-json\/wp\/v2\/categories?post=10841"},{"taxonomy":"post_tag","embeddable":true,"href":"https:\/\/iumotril.org\/sitio\/wp-json\/wp\/v2\/tags?post=10841"}],"curies":[{"name":"wp","href":"https:\/\/api.w.org\/{rel}","templated":true}]}}