{"id":10834,"date":"2025-10-11T09:40:45","date_gmt":"2025-10-11T07:40:45","guid":{"rendered":"https:\/\/iumotril.org\/sitio\/?p=10834"},"modified":"2025-10-11T09:40:45","modified_gmt":"2025-10-11T07:40:45","slug":"iu-verdes-equo-critica-que-el-gobierno-municipal-apruebe-una-nueva-subida-de-los-recibos-de-la-basura","status":"publish","type":"post","link":"https:\/\/iumotril.org\/sitio\/iu-verdes-equo-critica-que-el-gobierno-municipal-apruebe-una-nueva-subida-de-los-recibos-de-la-basura\/","title":{"rendered":"IU-Verdes Equo critica que el gobierno municipal apruebe una nueva subida de los recibos de la basura"},"content":{"rendered":"<h3><span style=\"color: #993300;\">Denuncia que esta modificaci\u00f3n\u00a0 supone una subida generalizada en los recibos de basura a toda la ciudadan\u00eda motrile\u00f1a, familias, comerciantes, empresas, profesionales aut\u00f3nomos y que es la consecuencia de la mala gesti\u00f3n de los gobiernos del PP en los \u00faltimos a\u00f1os agravada por la privatizaci\u00f3n de la limpieza.<\/span><\/h3>\n<h3><span style=\"color: #993300;\">Su portavoz, Inma Omiste, ha anunciado la presentaci\u00f3n de reclamaciones a esta modificaci\u00f3n y\u00a0 ha advertido que los vecinos y vecinas de Motril v<strong>amos a pagar en los recibos los beneficios de la empresa privada<\/strong> a la que el gobierno de Garc\u00eda Chamorro ha externalizado la limpieza de la ciudad, a pesar del deficiente servicio que prestan.<\/span><\/h3>\n<p>Considera que es c\u00ednico tildar de falta de rigor pol\u00edtico a la oposici\u00f3n por criticar esta subida en los recibos, cuando son, ellos, los profetas de las bajadas masivas de impuestos, quienes <strong>suben esta tasa de forma abusiva a toda la ciudadan\u00eda motrile\u00f1a.<\/strong><\/p>\n<figure id=\"attachment_10724\" aria-describedby=\"caption-attachment-10724\" style=\"width: 640px\" class=\"wp-caption alignleft\"><img loading=\"lazy\" decoding=\"async\" data-attachment-id=\"10724\" data-permalink=\"https:\/\/iumotril.org\/sitio\/iu-verdes-equo-propone-mejoras-en-el-acerado-de-motril\/ana-herrera-e-inma-omiste\/\" data-orig-file=\"https:\/\/iumotril.org\/sitio\/wp-content\/uploads\/2025\/07\/Ana-Herrera-e-Inma-Omiste-scaled.jpg\" data-orig-size=\"2560,2233\" data-comments-opened=\"1\" data-image-meta=\"{&quot;aperture&quot;:&quot;0&quot;,&quot;credit&quot;:&quot;&quot;,&quot;camera&quot;:&quot;&quot;,&quot;caption&quot;:&quot;&quot;,&quot;created_timestamp&quot;:&quot;0&quot;,&quot;copyright&quot;:&quot;&quot;,&quot;focal_length&quot;:&quot;0&quot;,&quot;iso&quot;:&quot;0&quot;,&quot;shutter_speed&quot;:&quot;0&quot;,&quot;title&quot;:&quot;&quot;,&quot;orientation&quot;:&quot;0&quot;}\" data-image-title=\"Ana Herrera e Inma Omiste.\" data-image-description=\"\" data-image-caption=\"\" data-large-file=\"https:\/\/iumotril.org\/sitio\/wp-content\/uploads\/2025\/07\/Ana-Herrera-e-Inma-Omiste-1024x893.jpg\" class=\"wp-image-10724 size-large\" src=\"https:\/\/iumotril.org\/sitio\/wp-content\/uploads\/2025\/07\/Ana-Herrera-e-Inma-Omiste-1024x893.jpg\" alt=\"\" width=\"640\" height=\"558\" srcset=\"https:\/\/iumotril.org\/sitio\/wp-content\/uploads\/2025\/07\/Ana-Herrera-e-Inma-Omiste-1024x893.jpg 1024w, https:\/\/iumotril.org\/sitio\/wp-content\/uploads\/2025\/07\/Ana-Herrera-e-Inma-Omiste-300x262.jpg 300w, https:\/\/iumotril.org\/sitio\/wp-content\/uploads\/2025\/07\/Ana-Herrera-e-Inma-Omiste-768x670.jpg 768w, https:\/\/iumotril.org\/sitio\/wp-content\/uploads\/2025\/07\/Ana-Herrera-e-Inma-Omiste-1536x1340.jpg 1536w, https:\/\/iumotril.org\/sitio\/wp-content\/uploads\/2025\/07\/Ana-Herrera-e-Inma-Omiste-2048x1786.jpg 2048w\" sizes=\"auto, (max-width: 640px) 100vw, 640px\" \/><figcaption id=\"caption-attachment-10724\" class=\"wp-caption-text\">Ana Herrera e Inma Omiste, concejalas de IU Verdes Equo<\/figcaption><\/figure>\n<p>Seg\u00fan la portavoz de IU-Verdes Equo, el gobierno de Garc\u00eda Chamorro, con la complicidad de su socio de gobierno, <strong>est\u00e1n derivando los costes de su mala gesti\u00f3n del servicio a la ciudadan\u00eda en su conjunto<\/strong>, como se va a poder comprobar en los pr\u00f3ximos recibos. El coste anual del servicio de recogida de residuos y limpieza viaria nos cuesta a los motrile\u00f1os y motrile\u00f1as <strong>m\u00e1s de 11 millones de euros<\/strong>.<\/p>\n<p>La tasa aprobada inicialmente por el gobierno local pasa por el <strong>cambio en la forma de calcular la tasa<\/strong> \u201cpara camuflar la subida ahora la tasa se calcula atendiendo a los metros cuadrados de la vivienda, independientemente de la calle en la que se encuentre y sin tener en cuenta ni el numero de residentes ni la renta\u201d.<\/p>\n<p>De este modo, por ejemplo, los vecinos de <strong>las calles m\u00e1s humildes como en los barrios de las Angustias, Cerrillo Jaime o San Antonio pagaran m\u00e1s que Playa Granada<\/strong> o en el centro de Motril, suelen ser residencias amplias y antiguas, pero en barrios humildes donde sus residentes en la mayor\u00eda de los casos son personas jubiladas o familias con menos recursos sobre los que recae el grueso de la subida de la tasa.<\/p>\n<p>En cuanto <strong>a los comercios se ha eliminado la reducci\u00f3n de la cuota<\/strong> por lo que tendr\u00e1 que abonar el importe de la tasa con su notable aumento.<\/p>\n<p>Su portavoz ha anunciado que el Grupo Municipal de IU-Verdes Equo va a presentar reclamaciones a la modificaci\u00f3n de la ordenanza fiscal y al considerar que los incrementos impositivos en los recibos que pagar\u00e1n los usuarios del servicio mas desfavorecidos, adem\u00e1s sin posibilidad de ning\u00fan tipo de bonificaci\u00f3n o reducci\u00f3n a la cuota.<\/p>\n<p><strong>La \u00fanica bonificaci\u00f3n establecida es para jubilados que perciban ingresos iguales o inferiores a 1.000 euros<\/strong>.<\/p>\n<p>Anima a vecinos, hosteleros, empresas y comerciantes a que muestren su rechazo a esta medida y presenten sus reclamaciones contra esta subida en el plazo que se habilitar\u00e1 al efecto.<\/p>\n<p>La portavoz de IU Verdes Equo, Inma Omiste, se ha opuesto rotundamente a esta propuesta inaceptable del gobierno local que, a su juicio, es consecuencia de su desastrosa gesti\u00f3n, por lo que <strong>se ve obligado a aumentar los ingresos para asumir el coste de la privatizaci\u00f3n del servicio de recogida de residuos y limpieza<\/strong><\/p>\n<p>A pesar de esta importante inversi\u00f3n, como coinciden la mayor parte de los vecinos y de las vecinas Motril est\u00e1 hecho un asco, evidenciando la desastrosa gesti\u00f3n de los diferentes equipos de gobierno del Partido Popular en los \u00faltimos a\u00f1os. Sin embargo, en una nueva muestra de desverg\u00fcenza pol\u00edtica, <strong>Garc\u00eda Chamorro no ha dudado en derivar los costes de su nefasta gesti\u00f3n a sus vecinos y a sus vecinas.<\/strong><\/p>\n","protected":false},"excerpt":{"rendered":"<p>Seg\u00fan la portavoz de IU-Verdes Equo, el gobierno de Garc\u00eda Chamorro, con la complicidad de su socio de gobierno, est\u00e1n derivando los costes de su mala gesti\u00f3n del servicio a la ciudadan\u00eda en su conjunto, como se va a poder comprobar en los pr\u00f3ximos recibos. El coste anual del servicio de recogida de residuos y limpieza viaria nos cuesta a los motrile\u00f1os y motrile\u00f1as m\u00e1s de 11 millones de euros.<br \/>\nLa tasa aprobada inicialmente por el gobierno local pasa por el cambio en la forma de calcular la tasa \u201cpara camuflar la subida ahora la tasa se calcula atendiendo a los metros cuadrados de la vivienda, independientemente de la calle en la que se encuentre y sin tener en cuenta ni el numero de residentes ni la renta\u201d.<br \/>\nDe este modo, por ejemplo, los vecinos de las calles m\u00e1s humildes como en los barrios de las Angustias, Cerrillo Jaime o San Antonio pagaran m\u00e1s que Playa Granada o en el centro de Motril, suelen ser residencias amplias y antiguas, pero en barrios humildes donde sus residentes en la mayor\u00eda de los casos son personas jubiladas o familias con menos recursos sobre los que recae el grueso de la subida de la tasa.<br \/>\nEn cuanto a los comercios se ha eliminado la reducci\u00f3n de la cuota por lo que tendr\u00e1 que abonar el importe de la tasa con su notable aumento.<br \/>\nSu portavoz ha anunciado que el Grupo Municipal de IU-Verdes Equo va a presentar reclamaciones a la modificaci\u00f3n de la ordenanza fiscal y al considerar que los incrementos impositivos en los recibos que pagar\u00e1n los usuarios del servicio mas desfavorecidos, adem\u00e1s sin posibilidad de ning\u00fan tipo de bonificaci\u00f3n o reducci\u00f3n a la cuota.<br \/>\nLa \u00fanica bonificaci\u00f3n establecida es para jubilados que perciban ingresos iguales o inferiores a 1.000 euros.<\/p>\n","protected":false},"author":1,"featured_media":10724,"comment_status":"open","ping_status":"open","sticky":false,"template":"","format":"standard","meta":{"cybocfi_hide_featured_image":"","_jetpack_newsletter_access":"","_jetpack_dont_email_post_to_subs":false,"_jetpack_newsletter_tier_id":0,"_jetpack_memberships_contains_paywalled_content":false,"_jetpack_memberships_contains_paid_content":false,"footnotes":""},"categories":[177,2327,265,2269,1],"tags":[2390,641,1933,278,2391,2389],"class_list":["post-10834","post","type-post","status-publish","format-standard","has-post-thumbnail","hentry","category-ciudad","category-comercio-local","category-esta-pasando","category-gobierno-local","category-sin-categoria","tag-bajadas-masivas-impuestos","tag-cinismo-pp","tag-gestion-pp","tag-impuestos-locales","tag-mentiras-pp","tag-subida-impuestos"],"jetpack_featured_media_url":"https:\/\/iumotril.org\/sitio\/wp-content\/uploads\/2025\/07\/Ana-Herrera-e-Inma-Omiste-scaled.jpg","jetpack_sharing_enabled":false,"jetpack_shortlink":"https:\/\/wp.me\/p4QsU5-2OK","jetpack-related-posts":[{"id":9571,"url":"https:\/\/iumotril.org\/sitio\/iu-verdes-equo-critica-que-el-gobierno-municipal-falte-a-la-verdad-para-justificar-la-subida-de-los-recibos-de-la-basura-y-anuncia-la-presentacion-de-reclamaciones-a-la-modificacion-de-la-ordenanza-fi\/","url_meta":{"origin":10834,"position":0},"title":"IU-Verdes Equo critica que el gobierno municipal falte a la verdad para justificar la subida de los recibos de la basura y anuncia la presentaci\u00f3n de reclamaciones a la modificaci\u00f3n de la ordenanza fiscal","author":"Izquierda Unida Motril","date":"10 noviembre, 2023","format":false,"excerpt":"Los vecinos y vecinas de Motril vamos a pagar en los recibos los beneficios de las empresas privadas a las que el gobierno de Garc\u00eda Chamorro ha externalizado la limpieza de determinadas zonas de la ciudad, a pesar del deficiente servicio que prestan. El gobierno de Garc\u00eda Chamorro, con la\u2026","rel":"","context":"En \u00abCiudad\u00bb","block_context":{"text":"Ciudad","link":"https:\/\/iumotril.org\/sitio\/category\/ciudad\/"},"img":{"alt_text":"","src":"https:\/\/i0.wp.com\/iumotril.org\/sitio\/wp-content\/uploads\/2023\/11\/Captura-de-pantalla-2023-11-08-a-las-19.33.46.png?resize=350%2C200&ssl=1","width":350,"height":200,"srcset":"https:\/\/i0.wp.com\/iumotril.org\/sitio\/wp-content\/uploads\/2023\/11\/Captura-de-pantalla-2023-11-08-a-las-19.33.46.png?resize=350%2C200&ssl=1 1x, https:\/\/i0.wp.com\/iumotril.org\/sitio\/wp-content\/uploads\/2023\/11\/Captura-de-pantalla-2023-11-08-a-las-19.33.46.png?resize=525%2C300&ssl=1 1.5x, https:\/\/i0.wp.com\/iumotril.org\/sitio\/wp-content\/uploads\/2023\/11\/Captura-de-pantalla-2023-11-08-a-las-19.33.46.png?resize=700%2C400&ssl=1 2x"},"classes":[]},{"id":9562,"url":"https:\/\/iumotril.org\/sitio\/motril-sube-la-tasa-de-basura-domestica-e-industrial-por-la-puerta-de-atras\/","url_meta":{"origin":10834,"position":1},"title":"Motril sube la Tasa de basura dom\u00e9stica e industrial por la puerta de atr\u00e1s","author":"Izquierda Unida Motril","date":"31 octubre, 2023","format":false,"excerpt":"El tarifazo que ha aprobado inicialmente el gobierno local establece subidas en los recibos de las viviendas de entre 7,71 y 15,48 euros; en los locales comerciales entre 13,29 y 338,84 euros; en los campings entre 484,09 y 999,35 euros, en oficinas bancarias 210,68 euros, en alojamientos entre 0,86 \u20ac\u2026","rel":"","context":"En \u00abAyuntamiento\u00bb","block_context":{"text":"Ayuntamiento","link":"https:\/\/iumotril.org\/sitio\/category\/ayuntamiento\/"},"img":{"alt_text":"","src":"https:\/\/i0.wp.com\/iumotril.org\/sitio\/wp-content\/uploads\/2023\/10\/1568627431945.jpg?resize=350%2C200&ssl=1","width":350,"height":200,"srcset":"https:\/\/i0.wp.com\/iumotril.org\/sitio\/wp-content\/uploads\/2023\/10\/1568627431945.jpg?resize=350%2C200&ssl=1 1x, https:\/\/i0.wp.com\/iumotril.org\/sitio\/wp-content\/uploads\/2023\/10\/1568627431945.jpg?resize=525%2C300&ssl=1 1.5x, https:\/\/i0.wp.com\/iumotril.org\/sitio\/wp-content\/uploads\/2023\/10\/1568627431945.jpg?resize=700%2C400&ssl=1 2x"},"classes":[]},{"id":9667,"url":"https:\/\/iumotril.org\/sitio\/iu-verdes-equo-reclama-dejar-sin-efecto-la-subida-de-las-tasas-de-la-basura\/","url_meta":{"origin":10834,"position":2},"title":"IU Verdes Equo reclama dejar sin efecto la subida de las tasas de la basura","author":"Izquierda Unida Motril","date":"20 diciembre, 2023","format":false,"excerpt":"En su escrito de reclamaciones, la coalici\u00f3n de izquierdas ecologista se\u00f1ala que la tramitaci\u00f3n de la modificaci\u00f3n de la ordenanza no se ha ajustado a lo establecido en la Ley reguladora de las Haciendas Locales, ya que se ha aprobado por la v\u00eda de urgencia sin contar con el dictamen\u2026","rel":"","context":"En \u00abAyuntamiento\u00bb","block_context":{"text":"Ayuntamiento","link":"https:\/\/iumotril.org\/sitio\/category\/ayuntamiento\/"},"img":{"alt_text":"","src":"https:\/\/i0.wp.com\/iumotril.org\/sitio\/wp-content\/uploads\/2023\/12\/suciedad-y-escombros-Varadero.jpg?resize=350%2C200&ssl=1","width":350,"height":200,"srcset":"https:\/\/i0.wp.com\/iumotril.org\/sitio\/wp-content\/uploads\/2023\/12\/suciedad-y-escombros-Varadero.jpg?resize=350%2C200&ssl=1 1x, https:\/\/i0.wp.com\/iumotril.org\/sitio\/wp-content\/uploads\/2023\/12\/suciedad-y-escombros-Varadero.jpg?resize=525%2C300&ssl=1 1.5x, https:\/\/i0.wp.com\/iumotril.org\/sitio\/wp-content\/uploads\/2023\/12\/suciedad-y-escombros-Varadero.jpg?resize=700%2C400&ssl=1 2x, https:\/\/i0.wp.com\/iumotril.org\/sitio\/wp-content\/uploads\/2023\/12\/suciedad-y-escombros-Varadero.jpg?resize=1050%2C600&ssl=1 3x, https:\/\/i0.wp.com\/iumotril.org\/sitio\/wp-content\/uploads\/2023\/12\/suciedad-y-escombros-Varadero.jpg?resize=1400%2C800&ssl=1 4x"},"classes":[]},{"id":1544,"url":"https:\/\/iumotril.org\/sitio\/izquierda-unida-rechazara-de-nuevo-la-modificacion-de-las-ordenanzas-fiscales-por-considerarlas-socialmente-injustas\/","url_meta":{"origin":10834,"position":3},"title":"IZQUIERDA UNIDA RECHAZAR\u00c1 DE NUEVO LA MODIFICACI\u00d3N DE LAS ORDENANZAS FISCALES POR CONSIDERARLAS SOCIALMENTE INJUSTAS","author":"Izquierda Unida Motril","date":"29 octubre, 2015","format":false,"excerpt":"Izquierda Unida cree que esta \u201ctenaza\u201d entre el PSOE y la derecha motrile\u00f1a pone de manifiesto la bajeza pol\u00edtica y la falta de proyecto pol\u00edtico del equipo de gobierno que acus\u00f3 a Izquierda Unida de irresponsabilidad al rechazar la anterior propuesta (que supon\u00eda una reducci\u00f3n de 4 euros en los\u2026","rel":"","context":"En \u00abEST\u00c1 PASANDO\u00bb","block_context":{"text":"EST\u00c1 PASANDO","link":"https:\/\/iumotril.org\/sitio\/category\/esta-pasando\/"},"img":{"alt_text":"Daniela_3010","src":"https:\/\/i0.wp.com\/iumotril.org\/sitio\/wp-content\/uploads\/2015\/10\/Daniela_3010-809x1024.jpg?resize=350%2C200","width":350,"height":200,"srcset":"https:\/\/i0.wp.com\/iumotril.org\/sitio\/wp-content\/uploads\/2015\/10\/Daniela_3010-809x1024.jpg?resize=350%2C200 1x, https:\/\/i0.wp.com\/iumotril.org\/sitio\/wp-content\/uploads\/2015\/10\/Daniela_3010-809x1024.jpg?resize=525%2C300 1.5x"},"classes":[]},{"id":10170,"url":"https:\/\/iumotril.org\/sitio\/rechazamos-la-supresion-de-beneficios-sociales-en-impuestos-y-tasas-municipales-a-parados-y-familias-vulnerables\/","url_meta":{"origin":10834,"position":4},"title":"Rechazamos la supresi\u00f3n de beneficios sociales en impuestos y tasas municipales a parados y familias vulnerables","author":"Izquierda Unida Motril","date":"10 octubre, 2024","format":false,"excerpt":"En los cinco a\u00f1os de gobierno de las derechas motrile\u00f1as en la ciudad, ninguna de las modificaciones fiscales que se han llevado a cabo ha sido en beneficio de la ciudadan\u00eda y a\u00fan menos de las familias m\u00e1s vulnerables. Ha recordado la subida de la tasa de basura de principios\u2026","rel":"","context":"En \u00abAyuntamiento\u00bb","block_context":{"text":"Ayuntamiento","link":"https:\/\/iumotril.org\/sitio\/category\/ayuntamiento\/"},"img":{"alt_text":"","src":"https:\/\/i0.wp.com\/iumotril.org\/sitio\/wp-content\/uploads\/2024\/10\/Impuestos-municipales.jpg?resize=350%2C200&ssl=1","width":350,"height":200},"classes":[]},{"id":3203,"url":"https:\/\/iumotril.org\/sitio\/izquierda-unida-recurre-la-subida-del-7-en-el-recibo-del-agua-en-la-costa-de-granada\/","url_meta":{"origin":10834,"position":5},"title":"IZQUIERDA UNIDA RECURRE LA SUBIDA DEL 7% EN EL RECIBO DEL AGUA EN LA COSTA DE GRANADA","author":"Izquierda Unida Motril","date":"20 noviembre, 2017","format":false,"excerpt":"La parlamentaria andaluza y coordinadora provincial de IU Granada, Mari Carmen P\u00e9rez, ha denunciado en Motril la subida de los recibos del agua a partir de enero y la obtenci\u00f3n de beneficios indecentes por parte de la empresa adjudicataria de su gesti\u00f3n a costa de la pobreza de los vecinos\u2026","rel":"","context":"En \u00abEST\u00c1 PASANDO\u00bb","block_context":{"text":"EST\u00c1 PASANDO","link":"https:\/\/iumotril.org\/sitio\/category\/esta-pasando\/"},"img":{"alt_text":"","src":"https:\/\/i0.wp.com\/iumotril.org\/sitio\/wp-content\/uploads\/2017\/11\/Agua_Mancomunidad_20-noviembre-1024x497.jpg?resize=350%2C200","width":350,"height":200,"srcset":"https:\/\/i0.wp.com\/iumotril.org\/sitio\/wp-content\/uploads\/2017\/11\/Agua_Mancomunidad_20-noviembre-1024x497.jpg?resize=350%2C200 1x, https:\/\/i0.wp.com\/iumotril.org\/sitio\/wp-content\/uploads\/2017\/11\/Agua_Mancomunidad_20-noviembre-1024x497.jpg?resize=525%2C300 1.5x"},"classes":[]}],"jetpack_likes_enabled":true,"_links":{"self":[{"href":"https:\/\/iumotril.org\/sitio\/wp-json\/wp\/v2\/posts\/10834","targetHints":{"allow":["GET"]}}],"collection":[{"href":"https:\/\/iumotril.org\/sitio\/wp-json\/wp\/v2\/posts"}],"about":[{"href":"https:\/\/iumotril.org\/sitio\/wp-json\/wp\/v2\/types\/post"}],"author":[{"embeddable":true,"href":"https:\/\/iumotril.org\/sitio\/wp-json\/wp\/v2\/users\/1"}],"replies":[{"embeddable":true,"href":"https:\/\/iumotril.org\/sitio\/wp-json\/wp\/v2\/comments?post=10834"}],"version-history":[{"count":3,"href":"https:\/\/iumotril.org\/sitio\/wp-json\/wp\/v2\/posts\/10834\/revisions"}],"predecessor-version":[{"id":10837,"href":"https:\/\/iumotril.org\/sitio\/wp-json\/wp\/v2\/posts\/10834\/revisions\/10837"}],"wp:featuredmedia":[{"embeddable":true,"href":"https:\/\/iumotril.org\/sitio\/wp-json\/wp\/v2\/media\/10724"}],"wp:attachment":[{"href":"https:\/\/iumotril.org\/sitio\/wp-json\/wp\/v2\/media?parent=10834"}],"wp:term":[{"taxonomy":"category","embeddable":true,"href":"https:\/\/iumotril.org\/sitio\/wp-json\/wp\/v2\/categories?post=10834"},{"taxonomy":"post_tag","embeddable":true,"href":"https:\/\/iumotril.org\/sitio\/wp-json\/wp\/v2\/tags?post=10834"}],"curies":[{"name":"wp","href":"https:\/\/api.w.org\/{rel}","templated":true}]}}