{"id":108,"date":"2014-09-15T17:00:25","date_gmt":"2014-09-15T16:00:25","guid":{"rendered":"http:\/\/iumotril.org\/sitio\/?p=108"},"modified":"2014-09-16T12:07:49","modified_gmt":"2014-09-16T11:07:49","slug":"denunciamos-el-estado-de-suciedad-de-las-calles-de-motril","status":"publish","type":"post","link":"https:\/\/iumotril.org\/sitio\/denunciamos-el-estado-de-suciedad-de-las-calles-de-motril\/","title":{"rendered":"DENUNCIAMOS EL ESTADO DE SUCIEDAD DE LAS CALLES DE MOTRIL"},"content":{"rendered":"<p style=\"text-align: justify;\">Daniela Paqu\u00e9, concejala de IU en el Ayuntamiento de Motril, ha denunciado el estado de abandono y acumulaci\u00f3n de suciedad en determinadas zonas de la ciudad, dando una \u00abimagen lamentable\u00bb, ejemplo de la mala gesti\u00f3n del PP, \u00abporque para lograr que Motril sea referente tur\u00edstico, algo que pretende y vende el PP, hay que conseguir una ciudad limpia y amable en su totalidad, y no del centro hacia el cerro y Playa Granada\u00bb.<\/p>\n<p style=\"text-align: right;\">\n<p>La Concejala de IU en el Ayuntamiento de Motril, Daniela Paqu\u00e9, ha denunciado el \u2018terrible\u2019 estado de abandono que padecen calle Ancha y zonas adyacentes, el entorno del campo de f\u00fatbol, as\u00ed como la Rambla de los \u00c1lamos y Barrio de las Angustias.<\/p>\n<p style=\"text-align: right;\">\n<p>Paqu\u00e9, ha lamentado que \u201cpese a la propaganda del PP\u201d, la calidad de los servicios de mantenimiento y limpieza de determinadas calles de la ciudad es muy deficientes y cree que esta situaci\u00f3n es consecuencia de \u201cfallos de planificaci\u00f3n\u201d y de \u201ccentrarse solo en la zona centro, manteniendo el olvido sistem\u00e1tico que el PP Motril tiene con estos barrios\u00bb.<\/p>\n<p style=\"text-align: right;\">\n<p>\u201cLos \u00fanicos responsables de esta situaci\u00f3n son la direcci\u00f3n de la empresa, el Gerente y el Concejal responsable de la misma, por su incapacidad de organizaci\u00f3n, porque no parece justo ni l\u00f3gico que calles del centro sean limpiadas hasta dos y tres veces diarias, mientras que muchas de las calles de la zona este y norte de la ciudad son limpiadas una vez al mes, con suerte\u201d.<\/p>\n<p style=\"text-align: right;\">\n<p>Paqu\u00e9 ha insistido en que \u201chay una gran dejadez\u201d por parte del equipo de Gobierno en las tareas de mantenimiento en los barrios: \u201cEl Ayuntamiento tiene la obligaci\u00f3n de mantener en buenas condiciones las infraestructuras municipales y mantener las calles limpias, algo que se puede hacer perfectamente con los recursos municipales. Pero para eso hay que preocuparse m\u00e1s por los problemas reales de la ciudad que por salir en la foto\u201d.<\/p>\n<p style=\"text-align: right;\">\n<p>\u201cPara el PP Motril, los barrios de nuestra ciudad son iguales s\u00f3lo de cara al pago de impuestos, pero cuando se trata de inversiones, servicios y mantenimiento, vuelven a imponer su divisi\u00f3n de Motril en dos; estableciendo el Motril de los ricos y el Motril de los pobres, donde ni se limpian las calles, ni se invierte un s\u00f3lo euro\u201d. Ha concluido Paqu\u00e9<\/p>\n<p style=\"text-align: right;\"><a href=\"https:\/\/iumotril.org\/sitio\/wp-content\/uploads\/2014\/09\/suciedad-calle-ancha.jpg\"><img loading=\"lazy\" decoding=\"async\" data-attachment-id=\"110\" data-permalink=\"https:\/\/iumotril.org\/sitio\/denunciamos-el-estado-de-suciedad-de-las-calles-de-motril\/rambla-alamos-2013-002\/\" data-orig-file=\"https:\/\/iumotril.org\/sitio\/wp-content\/uploads\/2014\/09\/rambla-alamos-2013-002.jpg\" data-orig-size=\"4272,2848\" data-comments-opened=\"1\" data-image-meta=\"{&quot;aperture&quot;:&quot;7.1&quot;,&quot;credit&quot;:&quot;&quot;,&quot;camera&quot;:&quot;Canon EOS 1100D&quot;,&quot;caption&quot;:&quot;&quot;,&quot;created_timestamp&quot;:&quot;1343140372&quot;,&quot;copyright&quot;:&quot;&quot;,&quot;focal_length&quot;:&quot;18&quot;,&quot;iso&quot;:&quot;100&quot;,&quot;shutter_speed&quot;:&quot;0.00625&quot;,&quot;title&quot;:&quot;&quot;,&quot;orientation&quot;:&quot;1&quot;}\" data-image-title=\"rambla alamos 2013 002\" data-image-description=\"\" data-image-caption=\"\" data-large-file=\"https:\/\/iumotril.org\/sitio\/wp-content\/uploads\/2014\/09\/rambla-alamos-2013-002-1024x683.jpg\" class=\" wp-image-110 alignleft\" src=\"https:\/\/iumotril.org\/sitio\/wp-content\/uploads\/2014\/09\/rambla-alamos-2013-002-300x200.jpg\" alt=\"rambla alamos 2013 002\" width=\"268\" height=\"270\" srcset=\"https:\/\/iumotril.org\/sitio\/wp-content\/uploads\/2014\/09\/rambla-alamos-2013-002-150x150.jpg 150w, https:\/\/iumotril.org\/sitio\/wp-content\/uploads\/2014\/09\/rambla-alamos-2013-002-36x36.jpg 36w, https:\/\/iumotril.org\/sitio\/wp-content\/uploads\/2014\/09\/rambla-alamos-2013-002-115x115.jpg 115w\" sizes=\"auto, (max-width: 268px) 100vw, 268px\" \/><img loading=\"lazy\" decoding=\"async\" data-attachment-id=\"109\" data-permalink=\"https:\/\/iumotril.org\/sitio\/denunciamos-el-estado-de-suciedad-de-las-calles-de-motril\/estado-calles\/\" data-orig-file=\"https:\/\/iumotril.org\/sitio\/wp-content\/uploads\/2014\/09\/ESTADO-CALLES.jpg\" data-orig-size=\"539,960\" data-comments-opened=\"1\" data-image-meta=\"{&quot;aperture&quot;:&quot;0&quot;,&quot;credit&quot;:&quot;&quot;,&quot;camera&quot;:&quot;&quot;,&quot;caption&quot;:&quot;&quot;,&quot;created_timestamp&quot;:&quot;0&quot;,&quot;copyright&quot;:&quot;&quot;,&quot;focal_length&quot;:&quot;0&quot;,&quot;iso&quot;:&quot;0&quot;,&quot;shutter_speed&quot;:&quot;0&quot;,&quot;title&quot;:&quot;&quot;,&quot;orientation&quot;:&quot;0&quot;}\" data-image-title=\"ESTADO CALLES\" data-image-description=\"\" data-image-caption=\"\" data-large-file=\"https:\/\/iumotril.org\/sitio\/wp-content\/uploads\/2014\/09\/ESTADO-CALLES.jpg\" class=\"alignnone  wp-image-109\" src=\"https:\/\/iumotril.org\/sitio\/wp-content\/uploads\/2014\/09\/ESTADO-CALLES-168x300.jpg\" alt=\"ESTADO CALLES\" width=\"318\" height=\"300\" \/><img loading=\"lazy\" decoding=\"async\" data-attachment-id=\"113\" data-permalink=\"https:\/\/iumotril.org\/sitio\/denunciamos-el-estado-de-suciedad-de-las-calles-de-motril\/suciedad-calle-ancha\/\" data-orig-file=\"https:\/\/iumotril.org\/sitio\/wp-content\/uploads\/2014\/09\/suciedad-calle-ancha.jpg\" data-orig-size=\"4752,3168\" data-comments-opened=\"1\" data-image-meta=\"{&quot;aperture&quot;:&quot;5&quot;,&quot;credit&quot;:&quot;&quot;,&quot;camera&quot;:&quot;Canon EOS 500D&quot;,&quot;caption&quot;:&quot;&quot;,&quot;created_timestamp&quot;:&quot;1374599376&quot;,&quot;copyright&quot;:&quot;&quot;,&quot;focal_length&quot;:&quot;50&quot;,&quot;iso&quot;:&quot;100&quot;,&quot;shutter_speed&quot;:&quot;0.005&quot;,&quot;title&quot;:&quot;&quot;,&quot;orientation&quot;:&quot;1&quot;}\" data-image-title=\"suciedad calle ancha\" data-image-description=\"\" data-image-caption=\"\" data-large-file=\"https:\/\/iumotril.org\/sitio\/wp-content\/uploads\/2014\/09\/suciedad-calle-ancha-1024x683.jpg\" class=\"size-medium wp-image-113 aligncenter\" src=\"https:\/\/iumotril.org\/sitio\/wp-content\/uploads\/2014\/09\/suciedad-calle-ancha-300x200.jpg\" alt=\"suciedad calle ancha\" width=\"300\" height=\"200\" srcset=\"https:\/\/iumotril.org\/sitio\/wp-content\/uploads\/2014\/09\/suciedad-calle-ancha-300x200.jpg 300w, https:\/\/iumotril.org\/sitio\/wp-content\/uploads\/2014\/09\/suciedad-calle-ancha-768x512.jpg 768w, https:\/\/iumotril.org\/sitio\/wp-content\/uploads\/2014\/09\/suciedad-calle-ancha-1024x683.jpg 1024w\" sizes=\"auto, (max-width: 300px) 100vw, 300px\" \/><\/a><\/p>\n","protected":false},"excerpt":{"rendered":"<p>Daniela Paqu\u00e9, concejala de IU en el Ayuntamiento de Motril, [&hellip;]<\/p>\n","protected":false},"author":1,"featured_media":0,"comment_status":"open","ping_status":"open","sticky":false,"template":"","format":"standard","meta":{"cybocfi_hide_featured_image":"","_jetpack_newsletter_access":"","_jetpack_dont_email_post_to_subs":false,"_jetpack_newsletter_tier_id":0,"_jetpack_memberships_contains_paywalled_content":false,"_jetpack_memberships_contains_paid_content":false,"footnotes":""},"categories":[1],"tags":[],"class_list":["post-108","post","type-post","status-publish","format-standard","hentry","category-sin-categoria"],"jetpack_featured_media_url":"","jetpack_sharing_enabled":true,"jetpack_shortlink":"https:\/\/wp.me\/p4QsU5-1K","jetpack-related-posts":[{"id":159,"url":"https:\/\/iumotril.org\/sitio\/iu-exige-la-inmediata-limpieza-de-las-calles-de-motril\/","url_meta":{"origin":108,"position":0},"title":"IU exige la inmediata limpieza de las calles de Motril","author":"Izquierda Unida Motril","date":"24 septiembre, 2014","format":false,"excerpt":"El pleno del pr\u00f3ximo viernes pediremos una vez m\u00e1s al Equipo de Gobierno del PP \u00abque ponga soluci\u00f3n de inmediato al estado de abandono y acumulaci\u00f3n de suciedad de determinadas zonas de la ciudad, como calle Ancha y zonas adyacentes, el entorno del campo de f\u00fatbol, as\u00ed como la Rambla\u2026","rel":"","context":"En \u00abAyuntamiento\u00bb","block_context":{"text":"Ayuntamiento","link":"https:\/\/iumotril.org\/sitio\/category\/ayuntamiento\/"},"img":{"alt_text":"daniela sep","src":"https:\/\/i0.wp.com\/iumotril.org\/sitio\/wp-content\/uploads\/2014\/09\/daniela-sep-225x300.jpg?resize=350%2C200","width":350,"height":200},"classes":[]},{"id":136,"url":"https:\/\/iumotril.org\/sitio\/el-pp-motril-vuelve-a-confundir-el-interes-general-con-intereses-privados\/","url_meta":{"origin":108,"position":1},"title":"El PP MOTRIL VUELVE A CONFUNDIR EL INTER\u00c9S GENERAL CON INTERESES PRIVADOS","author":"Izquierda Unida Motril","date":"18 septiembre, 2014","format":false,"excerpt":"IU ha criticado duramente la vista en el d\u00eda de ayer de la Alcaldesa y su s\u00e9quito a las obras de un centro deportivo privado ubicado en suelo p\u00fablico que ten\u00eda que llevar tres a\u00f1os abierto. \u00a0 \u00abCon esta visita se pone nuevamente de relieve la falta de imparcialidad que\u2026","rel":"","context":"En \u00abSin categor\u00eda\u00bb","block_context":{"text":"Sin categor\u00eda","link":"https:\/\/iumotril.org\/sitio\/category\/sin-categoria\/"},"img":{"alt_text":"","src":"","width":0,"height":0},"classes":[]},{"id":140,"url":"https:\/\/iumotril.org\/sitio\/iu-anuncia-que-el-ano-que-viene-motril-tendra-la-feria-que-se-merece\/","url_meta":{"origin":108,"position":2},"title":"IU ANUNCIA QUE EL A\u00d1O QUE VIENE MOTRIL TENDR\u00c1 LA FERIA QUE SE MERECE.","author":"Izquierda Unida Motril","date":"24 agosto, 2014","format":false,"excerpt":"La concejala de IU en el consistorio motrile\u00f1o, Daniela Paqu\u00e9, ha mostrado su decepci\u00f3n por la calidad de la programaci\u00f3n de las fiestas motrile\u00f1as \u201cmuy alejadas de lo que un municipio que aspira a liderar el mercado tur\u00edstico comarcal debe aspirar\u201d. Para Paqu\u00e9 las fiestas han estado m\u00e1s cerca de\u2026","rel":"","context":"En \u00abTurismo\u00bb","block_context":{"text":"Turismo","link":"https:\/\/iumotril.org\/sitio\/category\/turismo\/"},"img":{"alt_text":"daniela","src":"https:\/\/i0.wp.com\/iumotril.org\/sitio\/wp-content\/uploads\/2014\/07\/daniela.jpg?resize=350%2C200","width":350,"height":200},"classes":[]},{"id":168,"url":"https:\/\/iumotril.org\/sitio\/el-pp-motril-mantiene-sus-privilegios-a-costa-del-sacrificio-de-los-ciudadans\/","url_meta":{"origin":108,"position":3},"title":"EL PP MOTRIL MANTIENE SUS PRIVILEGIOS A COSTA DEL SACRIFICIO DE LOS CIUDADAN@S","author":"Izquierda Unida Motril","date":"26 septiembre, 2014","format":false,"excerpt":"IU Motril critica duramente los presupuestos para el ejercicio 2014 que el PP de Motril ha aprobado en solitario haciendo valer el rodillo de la mayor\u00eda absoluta y los ha calificado como los presupuestos de la \u201cverg\u00fcenza\u201d. Para la Concejala de IU en el Ayuntamiento de Motril, Daniela Paqu\u00e9 estos\u2026","rel":"","context":"En \u00abAyuntamiento\u00bb","block_context":{"text":"Ayuntamiento","link":"https:\/\/iumotril.org\/sitio\/category\/ayuntamiento\/"},"img":{"alt_text":"daniela  5","src":"https:\/\/i0.wp.com\/iumotril.org\/sitio\/wp-content\/uploads\/2014\/09\/daniela-5-300x200.jpg?resize=350%2C200","width":350,"height":200},"classes":[]},{"id":287,"url":"https:\/\/iumotril.org\/sitio\/iu-motril-solicita-la-construccion-de-un-paseo-maritimo-blando-en-la-playa-de-las-azucenas\/","url_meta":{"origin":108,"position":4},"title":"IU MOTRIL SOLICITA LA CONSTRUCCI\u00d3N DE UN PASEO MAR\u00cdTIMO BLANDO EN LA PLAYA DE LAS AZUCENAS.","author":"Izquierda Unida Motril","date":"30 octubre, 2014","format":false,"excerpt":"LA PETICION HA SIDO REALIZADA A TRAVES DE UNA ENMIENDA A LOS PRESUPUESTOS GENERALES DEL ESTADO 2015 El Grupo Parlamentario de Izquierda Unida en el Congreso de los Diputados ha asumido la petici\u00f3n realizada por la agrupaci\u00f3n local de Motril y ha presentado una enmienda de adici\u00f3n a los Presupuesto\u2026","rel":"","context":"En \u00abTurismo\u00bb","block_context":{"text":"Turismo","link":"https:\/\/iumotril.org\/sitio\/category\/turismo\/"},"img":{"alt_text":"daniela","src":"https:\/\/i0.wp.com\/iumotril.org\/sitio\/wp-content\/uploads\/2014\/07\/daniela.jpg?resize=350%2C200","width":350,"height":200},"classes":[]},{"id":2312,"url":"https:\/\/iumotril.org\/sitio\/iu-reclama-a-flor-almon-una-reunion-urgente-ante-el-mal-estado-general-de-motril\/","url_meta":{"origin":108,"position":5},"title":"IU Reclama a Flor Alm\u00f3n una reuni\u00f3n urgente ante el mal estado general de Motril","author":"Izquierda Unida Motril","date":"3 agosto, 2016","format":false,"excerpt":"Ante el deplorable estado de la ciudad, emplaza al PSOE a mantener una reuni\u00f3n para acordar actuaciones que permitan salir de la situaci\u00f3n de abandono y de par\u00e1lisis que la inacci\u00f3n del equipo de gobierno tiene sumida a Motril.","rel":"","context":"En \u00abEST\u00c1 PASANDO\u00bb","block_context":{"text":"EST\u00c1 PASANDO","link":"https:\/\/iumotril.org\/sitio\/category\/esta-pasando\/"},"img":{"alt_text":"Pleno 1 junio_rueda prensa","src":"https:\/\/i0.wp.com\/iumotril.org\/sitio\/wp-content\/uploads\/2016\/05\/Pleno-1-junio_rueda-prensa-1024x768.jpg?resize=350%2C200","width":350,"height":200,"srcset":"https:\/\/i0.wp.com\/iumotril.org\/sitio\/wp-content\/uploads\/2016\/05\/Pleno-1-junio_rueda-prensa-1024x768.jpg?resize=350%2C200 1x, https:\/\/i0.wp.com\/iumotril.org\/sitio\/wp-content\/uploads\/2016\/05\/Pleno-1-junio_rueda-prensa-1024x768.jpg?resize=525%2C300 1.5x"},"classes":[]}],"jetpack_likes_enabled":true,"_links":{"self":[{"href":"https:\/\/iumotril.org\/sitio\/wp-json\/wp\/v2\/posts\/108","targetHints":{"allow":["GET"]}}],"collection":[{"href":"https:\/\/iumotril.org\/sitio\/wp-json\/wp\/v2\/posts"}],"about":[{"href":"https:\/\/iumotril.org\/sitio\/wp-json\/wp\/v2\/types\/post"}],"author":[{"embeddable":true,"href":"https:\/\/iumotril.org\/sitio\/wp-json\/wp\/v2\/users\/1"}],"replies":[{"embeddable":true,"href":"https:\/\/iumotril.org\/sitio\/wp-json\/wp\/v2\/comments?post=108"}],"version-history":[{"count":6,"href":"https:\/\/iumotril.org\/sitio\/wp-json\/wp\/v2\/posts\/108\/revisions"}],"predecessor-version":[{"id":117,"href":"https:\/\/iumotril.org\/sitio\/wp-json\/wp\/v2\/posts\/108\/revisions\/117"}],"wp:attachment":[{"href":"https:\/\/iumotril.org\/sitio\/wp-json\/wp\/v2\/media?parent=108"}],"wp:term":[{"taxonomy":"category","embeddable":true,"href":"https:\/\/iumotril.org\/sitio\/wp-json\/wp\/v2\/categories?post=108"},{"taxonomy":"post_tag","embeddable":true,"href":"https:\/\/iumotril.org\/sitio\/wp-json\/wp\/v2\/tags?post=108"}],"curies":[{"name":"wp","href":"https:\/\/api.w.org\/{rel}","templated":true}]}}