{"id":10798,"date":"2025-09-26T20:17:59","date_gmt":"2025-09-26T18:17:59","guid":{"rendered":"https:\/\/iumotril.org\/sitio\/?p=10798"},"modified":"2025-09-26T20:17:59","modified_gmt":"2025-09-26T18:17:59","slug":"celebramos-que-se-avance-en-el-procesamiento-de-la-alcaldesa-de-motril","status":"publish","type":"post","link":"https:\/\/iumotril.org\/sitio\/celebramos-que-se-avance-en-el-procesamiento-de-la-alcaldesa-de-motril\/","title":{"rendered":"Celebramos que se avance en el procesamiento de la alcaldesa de Motril"},"content":{"rendered":"<h3>I<span style=\"color: #993300;\"><strong>U Verdes Equo ha valorado de forma positiva el nuevo avance judicial que acerca a Luisa Garc\u00eda Chamorro a ser juzgada por malversaci\u00f3n de caudales p\u00fablicos cuatro a\u00f1os despu\u00e9s de iniciada la investigaci\u00f3n por la utilizaci\u00f3n presunta de dinero p\u00fablico de su partido para pagar una multa particular.<\/strong><\/span><\/h3>\n<p>Tras la realizaci\u00f3n de la audiencia preliminar por parte del Juzgado de Primera Instancia e Instrucci\u00f3n n\u00famero 3 de Motril, que se\u00f1ala el camino marcado a la <strong>apertura de un juicio oral contra la alcaldesa<\/strong>, Luisa Garc\u00eda Chamorro, IU Verdes Equo ha manifestado su satisfacci\u00f3n por esta actuaci\u00f3n judicial.<\/p>\n<p>La formaci\u00f3n de izquierdas, que colabor\u00f3 inicialmente con la Fiscal\u00eda facilitando la informaci\u00f3n a la que hab\u00eda tenido acceso relativa a la utilizaci\u00f3n de determinadas cantidades de dinero de la cuenta del Grupo Municipal Popular para un uso particular, ha lamentado la <strong>indeseable lentitud del proceso judicial<\/strong> que se ha prolongado a lo largo de cuatro largos a\u00f1os a lo que ha contribuido la <strong>estrategia de defensa de Garc\u00eda Chamorro con el evidente fin de eludir el procedimiento<\/strong> ante el tribunal del jurado.<\/p>\n<figure id=\"attachment_10781\" aria-describedby=\"caption-attachment-10781\" style=\"width: 640px\" class=\"wp-caption alignleft\"><img loading=\"lazy\" decoding=\"async\" data-attachment-id=\"10781\" data-permalink=\"https:\/\/iumotril.org\/sitio\/iu-verdes-equo-critica-el-abandono-del-albergue-municipal-de-animales\/inma-alberggue\/\" data-orig-file=\"https:\/\/iumotril.org\/sitio\/wp-content\/uploads\/2025\/09\/Inma-alberggue-scaled.jpg\" data-orig-size=\"2560,1196\" data-comments-opened=\"1\" data-image-meta=\"{&quot;aperture&quot;:&quot;1.7&quot;,&quot;credit&quot;:&quot;&quot;,&quot;camera&quot;:&quot;Galaxy S23 Ultra&quot;,&quot;caption&quot;:&quot;&quot;,&quot;created_timestamp&quot;:&quot;1758189588&quot;,&quot;copyright&quot;:&quot;&quot;,&quot;focal_length&quot;:&quot;6.3&quot;,&quot;iso&quot;:&quot;10&quot;,&quot;shutter_speed&quot;:&quot;0.001632852&quot;,&quot;title&quot;:&quot;&quot;,&quot;orientation&quot;:&quot;1&quot;}\" data-image-title=\"Inma alberggue\" data-image-description=\"\" data-image-caption=\"\" data-large-file=\"https:\/\/iumotril.org\/sitio\/wp-content\/uploads\/2025\/09\/Inma-alberggue-1024x478.jpg\" class=\"wp-image-10781 size-large\" src=\"https:\/\/iumotril.org\/sitio\/wp-content\/uploads\/2025\/09\/Inma-alberggue-1024x478.jpg\" alt=\"\" width=\"640\" height=\"299\" srcset=\"https:\/\/iumotril.org\/sitio\/wp-content\/uploads\/2025\/09\/Inma-alberggue-1024x478.jpg 1024w, https:\/\/iumotril.org\/sitio\/wp-content\/uploads\/2025\/09\/Inma-alberggue-300x140.jpg 300w, https:\/\/iumotril.org\/sitio\/wp-content\/uploads\/2025\/09\/Inma-alberggue-768x359.jpg 768w, https:\/\/iumotril.org\/sitio\/wp-content\/uploads\/2025\/09\/Inma-alberggue-1536x717.jpg 1536w, https:\/\/iumotril.org\/sitio\/wp-content\/uploads\/2025\/09\/Inma-alberggue-2048x956.jpg 2048w\" sizes=\"auto, (max-width: 640px) 100vw, 640px\" \/><figcaption id=\"caption-attachment-10781\" class=\"wp-caption-text\">Inma Omiste, portavoz de IU Verdes Equo<\/figcaption><\/figure>\n<p>Este procedimiento es <strong>un paso m\u00e1s en la investigaci\u00f3n que se est\u00e1 realizando en la causa por malversaci\u00f3n de caudales p\u00fablicos<\/strong> que hay contra la popular y que dar\u00e1 paso a un auto de hechos justificables, al escrito de acusaci\u00f3n y finalmente, si todo sigue el camino marcado, a la apertura de un juicio oral<b>.\u00a0<\/b><\/p>\n<p>La portavoz de IU Verdes Equo, <strong>Inma Omiste, ha manifestado su satisfacci\u00f3n por este avance<\/strong> que debe permitir concluir con el procedimiento judicial y determinar si se ha cometido un delito de la gravedad de la presunta malversaci\u00f3n de dinero p\u00fablico.<\/p>\n<p>Omiste, ha declarado la incomodidad de su organizaci\u00f3n de <strong>compartir espacio en la Corporaci\u00f3n durante estos cuatro a\u00f1os con una persona investigada por la comisi\u00f3n de este presunto delito<\/strong>, insistiendo en que desde el primer momento su formaci\u00f3n reclam\u00f3 la <strong>dimisi\u00f3n de la alcaldesa hasta esclarecer los hechos,<\/strong> por las consecuencias negativas que pod\u00eda ocasionar su situaci\u00f3n procesal para la imagen reputacional de la ciudad y la de los motrile\u00f1os y motrile\u00f1a<\/p>\n<p>Desde IU Verdes Equo se se\u00f1ala que la alcaldesa de Motril, Luisa Mar\u00eda Garc\u00eda Chamorro, percibe <strong>un salario anual del Ayuntamiento de Motril de 72.515,75\u00a0<\/strong><\/p>\n<p>A nadie se le puede escapar el perjuicio que supone esta situaci\u00f3n para la instituci\u00f3n municipal, para la ciudad y para el normal y deseable funcionamiento democr\u00e1tico de las instituciones p\u00fablicas.<\/p>\n<p>Desde IU Verdes Equo se <strong>emplaza al Partido Popular a que aplique en este caso su C\u00f3digo \u00c9tico y de Conducta<\/strong> como muestra de compromiso democr\u00e1tico, de credibilidad, de transparencia, buenas pr\u00e1cticas y de lucha contra la corrupci\u00f3n que prev\u00e9 la \u201cBaja inmediata de dirigentes con apertura de juicio oral por corrupci\u00f3n\u201d (antes de condena firme) y enfatiza, en cualquier caso, la \u201cno comisi\u00f3n de delitos\u201d por parte de sus dirigentes.<\/p>\n<p>Ahora, solo queda esperar a <strong>que la justicia concluya su tarea sin mayores dilaciones<\/strong>, sin adelantar acontecimientos ni posibles escenarios, ha declarado Inma Omiste<\/p>\n","protected":false},"excerpt":{"rendered":"<p>Este procedimiento es un paso m\u00e1s en la investigaci\u00f3n que se est\u00e1 realizando en la causa por malversaci\u00f3n de caudales p\u00fablicos que hay contra la popular y que dar\u00e1 paso a un auto de hechos justificables, al escrito de acusaci\u00f3n y finalmente, si todo sigue el camino marcado, a la apertura de un juicio oral.\u00a0<\/p>\n<p>La portavoz de IU Verdes Equo, Inma Omiste, ha manifestado su satisfacci\u00f3n por este avance que debe permitir concluir con el procedimiento judicial y determinar si se ha cometido un delito de la gravedad de la presunta malversaci\u00f3n de dinero p\u00fablico.<br \/>\nOmiste, ha declarado la incomodidad de su organizaci\u00f3n de compartir espacio en la Corporaci\u00f3n durante estos cuatro a\u00f1os con una persona investigada por la comisi\u00f3n de este presunto delito, insistiendo en que desde el primer momento su formaci\u00f3n reclam\u00f3 la dimisi\u00f3n de la alcaldesa hasta esclarecer los hechos, por las consecuencias negativas que pod\u00eda ocasionar su situaci\u00f3n procesal para la imagen reputacional de la ciudad y la de los motrile\u00f1os y motrile\u00f1a<br \/>\nDesde IU Verdes Equo se se\u00f1ala que la alcaldesa de Motril, Luisa Mar\u00eda Garc\u00eda Chamorro, percibe un salario anual del Ayuntamiento de Motril de 72.515,75\u00a0<br \/>\nA nadie se le puede escapar el perjuicio que supone esta situaci\u00f3n para la instituci\u00f3n municipal, para la ciudad y para el normal y deseable funcionamiento democr\u00e1tico de las instituciones p\u00fablicas.<br \/>\nDesde IU Verdes Equo se emplaza al Partido Popular a que aplique en este caso su C\u00f3digo \u00c9tico y de Conducta como muestra de compromiso democr\u00e1tico, de credibilidad, de transparencia, buenas pr\u00e1cticas y de lucha contra la corrupci\u00f3n que prev\u00e9 la \u201cBaja inmediata de dirigentes con apertura de juicio oral por corrupci\u00f3n\u201d (antes de condena firme) y enfatiza, en cualquier caso, la \u201cno comisi\u00f3n de delitos\u201d por parte de sus dirigentes<\/p>\n","protected":false},"author":1,"featured_media":9019,"comment_status":"open","ping_status":"open","sticky":false,"template":"","format":"standard","meta":{"cybocfi_hide_featured_image":"","_jetpack_newsletter_access":"","_jetpack_dont_email_post_to_subs":false,"_jetpack_newsletter_tier_id":0,"_jetpack_memberships_contains_paywalled_content":false,"_jetpack_memberships_contains_paid_content":false,"footnotes":""},"categories":[7,2321,265],"tags":[2371,1695,718,2370,1697],"class_list":["post-10798","post","type-post","status-publish","format-standard","has-post-thumbnail","hentry","category-ayuntamiento","category-corrupcion","category-esta-pasando","tag-actuaciones-judiciales","tag-alcaldesa-de-motril","tag-garcia-chamorro","tag-juicio-oral","tag-malversacion"],"jetpack_featured_media_url":"https:\/\/iumotril.org\/sitio\/wp-content\/uploads\/2023\/04\/Luisa-y-Juanma.jpg","jetpack_sharing_enabled":true,"jetpack_shortlink":"https:\/\/wp.me\/p4QsU5-2Oa","jetpack-related-posts":[{"id":9017,"url":"https:\/\/iumotril.org\/sitio\/iu-equo-reclama-a-luisa-g-chamorro-que-deje-la-alcaldia-por-respeto-y-consideracion-con-los-motrilenos-y-con-los-granadinos\/","url_meta":{"origin":10798,"position":0},"title":"IU-Equo  reclama a Luisa G. Chamorro que deje la alcald\u00eda por respeto y consideraci\u00f3n con los motrile\u00f1os y con los granadinos","author":"Izquierda Unida Motril","date":"6 abril, 2023","format":false,"excerpt":"Desde IU-Equo se consideran sumamente graves los hechos ahora desvelados tras conocerse un informe de la Intervenci\u00f3n de la Diputaci\u00f3n de Granada que acredita que la alcaldesa de Motril no solo cobr\u00f3 dinero p\u00fablico procedente del Consistorio que dirige para pagar una condena por injurias, sino que, tambi\u00e9n, percibi\u00f3 fondos\u2026","rel":"","context":"En \u00abdenuncia\u00bb","block_context":{"text":"denuncia","link":"https:\/\/iumotril.org\/sitio\/category\/denuncia\/"},"img":{"alt_text":"","src":"https:\/\/i0.wp.com\/iumotril.org\/sitio\/wp-content\/uploads\/2023\/04\/Luisa-y-Juanma.jpg?resize=350%2C200&ssl=1","width":350,"height":200,"srcset":"https:\/\/i0.wp.com\/iumotril.org\/sitio\/wp-content\/uploads\/2023\/04\/Luisa-y-Juanma.jpg?resize=350%2C200&ssl=1 1x, https:\/\/i0.wp.com\/iumotril.org\/sitio\/wp-content\/uploads\/2023\/04\/Luisa-y-Juanma.jpg?resize=525%2C300&ssl=1 1.5x, https:\/\/i0.wp.com\/iumotril.org\/sitio\/wp-content\/uploads\/2023\/04\/Luisa-y-Juanma.jpg?resize=700%2C400&ssl=1 2x, https:\/\/i0.wp.com\/iumotril.org\/sitio\/wp-content\/uploads\/2023\/04\/Luisa-y-Juanma.jpg?resize=1050%2C600&ssl=1 3x"},"classes":[]},{"id":10082,"url":"https:\/\/iumotril.org\/sitio\/iu-verdes-equo-reitera-su-exigencia-a-garcia-chamorro-de-que-renuncie-a-la-alcaldia-de-motril\/","url_meta":{"origin":10798,"position":1},"title":"IU Verdes Equo reitera su exigencia a Garc\u00eda Chamorro de que renuncie a la alcald\u00eda de Motril","author":"Izquierda Unida Motril","date":"24 julio, 2024","format":false,"excerpt":"Seg\u00fan el edil de la formaci\u00f3n, no deja de ser llamativo que este proceso se est\u00e9 dilatando de esta forma en el tiempo, cuando estamos asistiendo a otras actuaciones judiciales que se est\u00e1n resolviendo con una celeridad inusitada. En tres meses de instrucci\u00f3n, un juez ha citado a declarar a\u2026","rel":"","context":"En \u00abAyuntamiento\u00bb","block_context":{"text":"Ayuntamiento","link":"https:\/\/iumotril.org\/sitio\/category\/ayuntamiento\/"},"img":{"alt_text":"","src":"https:\/\/i0.wp.com\/iumotril.org\/sitio\/wp-content\/uploads\/2024\/06\/Luisa-debe-dimitir-2.jpg?resize=350%2C200&ssl=1","width":350,"height":200,"srcset":"https:\/\/i0.wp.com\/iumotril.org\/sitio\/wp-content\/uploads\/2024\/06\/Luisa-debe-dimitir-2.jpg?resize=350%2C200&ssl=1 1x, https:\/\/i0.wp.com\/iumotril.org\/sitio\/wp-content\/uploads\/2024\/06\/Luisa-debe-dimitir-2.jpg?resize=525%2C300&ssl=1 1.5x, https:\/\/i0.wp.com\/iumotril.org\/sitio\/wp-content\/uploads\/2024\/06\/Luisa-debe-dimitir-2.jpg?resize=700%2C400&ssl=1 2x"},"classes":[]},{"id":7988,"url":"https:\/\/iumotril.org\/sitio\/iu-equo-exige-la-dimision-inmediata-de-la-alcaldesa-de-motril-al-apreciar-la-fiscalia-la-comision-de-un-delito-continuado-de-malversacion-de-caudales-publicos\/","url_meta":{"origin":10798,"position":2},"title":"IU-Equo exige la dimisi\u00f3n inmediata de la alcaldesa de Motril al apreciar la Fiscal\u00eda la comisi\u00f3n de un delito continuado de malversaci\u00f3n de caudales p\u00fablicos","author":"Izquierda Unida Motril","date":"15 febrero, 2022","format":false,"excerpt":"IU-Equo considera que Luisa Garc\u00eda Chamorro no puede continuar \u201cni un minuto m\u00e1s\u201d al frente de la alcald\u00eda de Motril tras se\u00f1alar la Fiscal\u00eda que indiciariamente \u201corden\u00f3 en su beneficio la realizaci\u00f3n de transferencias por valor total de 4.600 euros de la cuenta del Grupo municipal del PP de Motril\u2026","rel":"","context":"En \u00abAyuntamiento\u00bb","block_context":{"text":"Ayuntamiento","link":"https:\/\/iumotril.org\/sitio\/category\/ayuntamiento\/"},"img":{"alt_text":"","src":"https:\/\/i0.wp.com\/iumotril.org\/sitio\/wp-content\/uploads\/2022\/01\/IMG-4246-scaled.jpg?resize=350%2C200","width":350,"height":200,"srcset":"https:\/\/i0.wp.com\/iumotril.org\/sitio\/wp-content\/uploads\/2022\/01\/IMG-4246-scaled.jpg?resize=350%2C200 1x, https:\/\/i0.wp.com\/iumotril.org\/sitio\/wp-content\/uploads\/2022\/01\/IMG-4246-scaled.jpg?resize=525%2C300 1.5x, https:\/\/i0.wp.com\/iumotril.org\/sitio\/wp-content\/uploads\/2022\/01\/IMG-4246-scaled.jpg?resize=700%2C400 2x, https:\/\/i0.wp.com\/iumotril.org\/sitio\/wp-content\/uploads\/2022\/01\/IMG-4246-scaled.jpg?resize=1050%2C600 3x, https:\/\/i0.wp.com\/iumotril.org\/sitio\/wp-content\/uploads\/2022\/01\/IMG-4246-scaled.jpg?resize=1400%2C800 4x"},"classes":[]},{"id":9976,"url":"https:\/\/iumotril.org\/sitio\/garcia-chamorro-falta-a-la-verdad-acerca-de-su-imputacion-por-un-presunto-delito-de-malversacion-de-caudales-publicos\/","url_meta":{"origin":10798,"position":3},"title":"Garc\u00eda Chamorro falta a la verdad acerca de su imputaci\u00f3n por un presunto delito de malversaci\u00f3n de caudales p\u00fablicos","author":"Izquierda Unida Motril","date":"5 junio, 2024","format":false,"excerpt":"Lo cierto y verdad es que, dos a\u00f1os y medio despu\u00e9s de que la Fiscal\u00eda presentara denuncia contra Luisa Garc\u00eda Chamorro por un presunto delito de malversaci\u00f3n de caudales p\u00fablicos, el Juzgado de Instrucci\u00f3n n\u00famero 3 la ha citado a declarar el pr\u00f3ximo 19 de junio en calidad de imputada\u2026","rel":"","context":"En \u00abAyuntamiento\u00bb","block_context":{"text":"Ayuntamiento","link":"https:\/\/iumotril.org\/sitio\/category\/ayuntamiento\/"},"img":{"alt_text":"","src":"https:\/\/i0.wp.com\/iumotril.org\/sitio\/wp-content\/uploads\/2024\/06\/09-junio-23-Gobierno-ciudad-1.jpeg?resize=350%2C200&ssl=1","width":350,"height":200,"srcset":"https:\/\/i0.wp.com\/iumotril.org\/sitio\/wp-content\/uploads\/2024\/06\/09-junio-23-Gobierno-ciudad-1.jpeg?resize=350%2C200&ssl=1 1x, https:\/\/i0.wp.com\/iumotril.org\/sitio\/wp-content\/uploads\/2024\/06\/09-junio-23-Gobierno-ciudad-1.jpeg?resize=525%2C300&ssl=1 1.5x, https:\/\/i0.wp.com\/iumotril.org\/sitio\/wp-content\/uploads\/2024\/06\/09-junio-23-Gobierno-ciudad-1.jpeg?resize=700%2C400&ssl=1 2x, https:\/\/i0.wp.com\/iumotril.org\/sitio\/wp-content\/uploads\/2024\/06\/09-junio-23-Gobierno-ciudad-1.jpeg?resize=1050%2C600&ssl=1 3x, https:\/\/i0.wp.com\/iumotril.org\/sitio\/wp-content\/uploads\/2024\/06\/09-junio-23-Gobierno-ciudad-1.jpeg?resize=1400%2C800&ssl=1 4x"},"classes":[]},{"id":9801,"url":"https:\/\/iumotril.org\/sitio\/iu-verdes-equo-califica-de-lamentable-la-instrumentalizacion-partidista-de-las-protestas-de-los-agricultores-por-parte-de-la-alcaldesa-de-motril\/","url_meta":{"origin":10798,"position":4},"title":"IU-Verdes Equo califica de \u201clamentable\u201d la instrumentalizaci\u00f3n partidista de las protestas de los agricultores por parte de la Alcaldesa de Motril","author":"Izquierda Unida Motril","date":"14 febrero, 2024","format":false,"excerpt":"Censura que haya dispuesto unilateralmente un \u201cparo en la prestaci\u00f3n de servicios municipales\u201d entre las 11,30 y las 12 horas de hoy mi\u00e9rcoles 14, en apoyo de las reivindicaciones de las organizaciones agrarias, a trav\u00e9s de una circular escrita que ha hecho llegar a todos los empleados municipales. El portavoz\u2026","rel":"","context":"En \u00abAyuntamiento\u00bb","block_context":{"text":"Ayuntamiento","link":"https:\/\/iumotril.org\/sitio\/category\/ayuntamiento\/"},"img":{"alt_text":"","src":"https:\/\/i0.wp.com\/iumotril.org\/sitio\/wp-content\/uploads\/2024\/02\/Paro-Ayun-1315-scaled.jpg?resize=350%2C200&ssl=1","width":350,"height":200,"srcset":"https:\/\/i0.wp.com\/iumotril.org\/sitio\/wp-content\/uploads\/2024\/02\/Paro-Ayun-1315-scaled.jpg?resize=350%2C200&ssl=1 1x, https:\/\/i0.wp.com\/iumotril.org\/sitio\/wp-content\/uploads\/2024\/02\/Paro-Ayun-1315-scaled.jpg?resize=525%2C300&ssl=1 1.5x, https:\/\/i0.wp.com\/iumotril.org\/sitio\/wp-content\/uploads\/2024\/02\/Paro-Ayun-1315-scaled.jpg?resize=700%2C400&ssl=1 2x, https:\/\/i0.wp.com\/iumotril.org\/sitio\/wp-content\/uploads\/2024\/02\/Paro-Ayun-1315-scaled.jpg?resize=1050%2C600&ssl=1 3x, https:\/\/i0.wp.com\/iumotril.org\/sitio\/wp-content\/uploads\/2024\/02\/Paro-Ayun-1315-scaled.jpg?resize=1400%2C800&ssl=1 4x"},"classes":[]},{"id":9971,"url":"https:\/\/iumotril.org\/sitio\/luisa-debe-dimitir\/","url_meta":{"origin":10798,"position":5},"title":"Luisa debe dimitir","author":"Izquierda Unida Motril","date":"4 junio, 2024","format":false,"excerpt":"la justicia considera \u201cveros\u00edmil\u201d que la alcaldesa recibi\u00f3 en sus cuentas particulares diversos abonos de cantidades desde su Grupo municipal en el Ayuntamiento de Motril y desde su Grupo pol\u00edtico en la Diputaci\u00f3n de Granada, un dinero p\u00fablico que utiliz\u00f3, en parte, para el pago de una multa impuesta por\u2026","rel":"","context":"En \u00abAyuntamiento\u00bb","block_context":{"text":"Ayuntamiento","link":"https:\/\/iumotril.org\/sitio\/category\/ayuntamiento\/"},"img":{"alt_text":"","src":"https:\/\/i0.wp.com\/iumotril.org\/sitio\/wp-content\/uploads\/2024\/06\/Luisa-debe-dimitir-2.jpg?resize=350%2C200&ssl=1","width":350,"height":200,"srcset":"https:\/\/i0.wp.com\/iumotril.org\/sitio\/wp-content\/uploads\/2024\/06\/Luisa-debe-dimitir-2.jpg?resize=350%2C200&ssl=1 1x, https:\/\/i0.wp.com\/iumotril.org\/sitio\/wp-content\/uploads\/2024\/06\/Luisa-debe-dimitir-2.jpg?resize=525%2C300&ssl=1 1.5x, https:\/\/i0.wp.com\/iumotril.org\/sitio\/wp-content\/uploads\/2024\/06\/Luisa-debe-dimitir-2.jpg?resize=700%2C400&ssl=1 2x"},"classes":[]}],"jetpack_likes_enabled":true,"_links":{"self":[{"href":"https:\/\/iumotril.org\/sitio\/wp-json\/wp\/v2\/posts\/10798","targetHints":{"allow":["GET"]}}],"collection":[{"href":"https:\/\/iumotril.org\/sitio\/wp-json\/wp\/v2\/posts"}],"about":[{"href":"https:\/\/iumotril.org\/sitio\/wp-json\/wp\/v2\/types\/post"}],"author":[{"embeddable":true,"href":"https:\/\/iumotril.org\/sitio\/wp-json\/wp\/v2\/users\/1"}],"replies":[{"embeddable":true,"href":"https:\/\/iumotril.org\/sitio\/wp-json\/wp\/v2\/comments?post=10798"}],"version-history":[{"count":3,"href":"https:\/\/iumotril.org\/sitio\/wp-json\/wp\/v2\/posts\/10798\/revisions"}],"predecessor-version":[{"id":10801,"href":"https:\/\/iumotril.org\/sitio\/wp-json\/wp\/v2\/posts\/10798\/revisions\/10801"}],"wp:featuredmedia":[{"embeddable":true,"href":"https:\/\/iumotril.org\/sitio\/wp-json\/wp\/v2\/media\/9019"}],"wp:attachment":[{"href":"https:\/\/iumotril.org\/sitio\/wp-json\/wp\/v2\/media?parent=10798"}],"wp:term":[{"taxonomy":"category","embeddable":true,"href":"https:\/\/iumotril.org\/sitio\/wp-json\/wp\/v2\/categories?post=10798"},{"taxonomy":"post_tag","embeddable":true,"href":"https:\/\/iumotril.org\/sitio\/wp-json\/wp\/v2\/tags?post=10798"}],"curies":[{"name":"wp","href":"https:\/\/api.w.org\/{rel}","templated":true}]}}