{"id":10721,"date":"2025-07-24T12:20:15","date_gmt":"2025-07-24T10:20:15","guid":{"rendered":"https:\/\/iumotril.org\/sitio\/?p=10721"},"modified":"2025-07-24T12:20:15","modified_gmt":"2025-07-24T10:20:15","slug":"iu-verdes-equo-propone-mejoras-en-el-acerado-de-motril","status":"publish","type":"post","link":"https:\/\/iumotril.org\/sitio\/iu-verdes-equo-propone-mejoras-en-el-acerado-de-motril\/","title":{"rendered":"IU Verdes Equo propone mejoras en el acerado de Motril"},"content":{"rendered":"<p><span style=\"color: #993300;\"><strong>Presenta al pr\u00f3ximo Pleno Municipal una moci\u00f3n en la que propone medidas para la mejora del acerado de la ciudad con el objetivo de que Motril sea una ciudad accesible e inclusiva.<\/strong><\/span><\/p>\n<p>Muchas de las aceras de la ciudad se encuentran en un <strong>estado de deterioro avanzado<\/strong>, expone la concejala Ana Herrera, ejemplo de ello son las calles Chile, Buenavista, Rambla del Manj\u00f3n, o numerosas calles de la zona del Hospital, Las Angustias, \u00c1lamos, Varadero o Calle Ancha.<\/p>\n<figure id=\"attachment_10724\" aria-describedby=\"caption-attachment-10724\" style=\"width: 300px\" class=\"wp-caption alignleft\"><img loading=\"lazy\" decoding=\"async\" data-attachment-id=\"10724\" data-permalink=\"https:\/\/iumotril.org\/sitio\/iu-verdes-equo-propone-mejoras-en-el-acerado-de-motril\/ana-herrera-e-inma-omiste\/\" data-orig-file=\"https:\/\/iumotril.org\/sitio\/wp-content\/uploads\/2025\/07\/Ana-Herrera-e-Inma-Omiste-scaled.jpg\" data-orig-size=\"2560,2233\" data-comments-opened=\"1\" data-image-meta=\"{&quot;aperture&quot;:&quot;0&quot;,&quot;credit&quot;:&quot;&quot;,&quot;camera&quot;:&quot;&quot;,&quot;caption&quot;:&quot;&quot;,&quot;created_timestamp&quot;:&quot;0&quot;,&quot;copyright&quot;:&quot;&quot;,&quot;focal_length&quot;:&quot;0&quot;,&quot;iso&quot;:&quot;0&quot;,&quot;shutter_speed&quot;:&quot;0&quot;,&quot;title&quot;:&quot;&quot;,&quot;orientation&quot;:&quot;0&quot;}\" data-image-title=\"Ana Herrera e Inma Omiste.\" data-image-description=\"\" data-image-caption=\"\" data-large-file=\"https:\/\/iumotril.org\/sitio\/wp-content\/uploads\/2025\/07\/Ana-Herrera-e-Inma-Omiste-1024x893.jpg\" class=\"wp-image-10724 size-medium\" src=\"https:\/\/iumotril.org\/sitio\/wp-content\/uploads\/2025\/07\/Ana-Herrera-e-Inma-Omiste-300x262.jpg\" alt=\"\" width=\"300\" height=\"262\" srcset=\"https:\/\/iumotril.org\/sitio\/wp-content\/uploads\/2025\/07\/Ana-Herrera-e-Inma-Omiste-300x262.jpg 300w, https:\/\/iumotril.org\/sitio\/wp-content\/uploads\/2025\/07\/Ana-Herrera-e-Inma-Omiste-1024x893.jpg 1024w, https:\/\/iumotril.org\/sitio\/wp-content\/uploads\/2025\/07\/Ana-Herrera-e-Inma-Omiste-768x670.jpg 768w, https:\/\/iumotril.org\/sitio\/wp-content\/uploads\/2025\/07\/Ana-Herrera-e-Inma-Omiste-1536x1340.jpg 1536w, https:\/\/iumotril.org\/sitio\/wp-content\/uploads\/2025\/07\/Ana-Herrera-e-Inma-Omiste-2048x1786.jpg 2048w\" sizes=\"auto, (max-width: 300px) 100vw, 300px\" \/><figcaption id=\"caption-attachment-10724\" class=\"wp-caption-text\">Ana Herrera e Inma Omiste, concejalas de IU Verdes Equo<\/figcaption><\/figure>\n<p>Aceras con baches, grietas, obst\u00e1culos o estrechamientos que no solo <strong>dificultan la movilidad y accesibilidad,<\/strong> si no que llegan a ser peligrosas por el <strong>riesgo de accidentes,<\/strong> especialmente para las personas mayores, personas con movilidad reducida, ni\u00f1os o familias con carritos.<\/p>\n<p>La formaci\u00f3n defiende <strong>que Motril sea una ciudad 100% accesible, amable e inclusiva<\/strong>, por lo que establece como una prioridad <strong>eliminar las barreras y obst\u00e1culos del acerado<\/strong> que dificultan el tr\u00e1nsito por determinadas calles.<\/p>\n<p>Para la <strong>mejora de la infraestructura peatonal<\/strong> proponen la realizaci\u00f3n de un diagn\u00f3stico del estado de las aceras que establezca, seg\u00fan el nivel de deterioro, zonas prioritarias de intervenci\u00f3n. Elaborar un <strong>Plan Integral de Renovaci\u00f3n y Mejora<\/strong>, que contemple reparaciones, ensanchamientos, instalaci\u00f3n de superficies antideslizantes y eliminaci\u00f3n de barreras. Adem\u00e1s de <strong>implementar medidas de accesibilidad universal como rampas, se\u00f1alizaci\u00f3n y mobiliario urbano adaptado<\/strong>.<\/p>\n<p>Con esta moci\u00f3n la formaci\u00f3n de izquierdas busca <strong>mejorar la calidad de vida de los motrile\u00f1os y motrile\u00f1as<\/strong>, as\u00ed como la imagen de la ciudad. La renovaci\u00f3n y modernizaci\u00f3n del acerado supondr\u00eda una inversi\u00f3n que repercute realmente en el d\u00eda a d\u00eda de la ciudadan\u00eda, ha explicado Herrera.<\/p>\n","protected":false},"excerpt":{"rendered":"<p>La formaci\u00f3n defiende que Motril sea una ciudad 100% accesible, amable e inclusiva, por lo que establece como una prioridad eliminar las barreras y obst\u00e1culos del acerado que dificultan el tr\u00e1nsito por determinadas calles.<\/p>\n<p>Para la mejora de la infraestructura peatonal proponen la realizaci\u00f3n de un diagn\u00f3stico del estado de las aceras que establezca, seg\u00fan el nivel de deterioro, zonas prioritarias de intervenci\u00f3n. Elaborar un Plan Integral de Renovaci\u00f3n y Mejora, que contemple reparaciones, ensanchamientos, instalaci\u00f3n de superficies antideslizantes y eliminaci\u00f3n de barreras. Adem\u00e1s de implementar medidas de accesibilidad universal como rampas, se\u00f1alizaci\u00f3n y mobiliario urbano adaptado.<\/p>\n<p>Con esta moci\u00f3n la formaci\u00f3n de izquierdas busca mejorar la calidad de vida de los motrile\u00f1os y motrile\u00f1as, as\u00ed como la imagen de la ciudad. La renovaci\u00f3n y modernizaci\u00f3n del acerado supondr\u00eda una inversi\u00f3n que repercute realmente en el d\u00eda a d\u00eda de la ciudadan\u00eda, ha explicado Herrera.<\/p>\n","protected":false},"author":1,"featured_media":10724,"comment_status":"open","ping_status":"open","sticky":false,"template":"","format":"standard","meta":{"cybocfi_hide_featured_image":"","_jetpack_newsletter_access":"","_jetpack_dont_email_post_to_subs":false,"_jetpack_newsletter_tier_id":0,"_jetpack_memberships_contains_paywalled_content":false,"_jetpack_memberships_contains_paid_content":false,"footnotes":""},"categories":[7,2314,177,265,36],"tags":[563,2348,2350,906,2352,2349,2351,670],"class_list":["post-10721","post","type-post","status-publish","format-standard","has-post-thumbnail","hentry","category-ayuntamiento","category-barrios","category-ciudad","category-esta-pasando","category-mociones-pleno","tag-accesibilidad","tag-acerado","tag-barreras-y-obstaculos","tag-bienestar","tag-calidad-de-vida","tag-ciudad-amable-e-inclusiva","tag-mobiliario-urbano","tag-movilidad"],"jetpack_featured_media_url":"https:\/\/iumotril.org\/sitio\/wp-content\/uploads\/2025\/07\/Ana-Herrera-e-Inma-Omiste-scaled.jpg","jetpack_sharing_enabled":true,"jetpack_shortlink":"https:\/\/wp.me\/p4QsU5-2MV","jetpack-related-posts":[{"id":10914,"url":"https:\/\/iumotril.org\/sitio\/izquierda-unida-denuncia-el-deterioro-de-las-aceras-en-la-calle-chile-y-la-inaccion-del-equipo-de-gobierno\/","url_meta":{"origin":10721,"position":0},"title":"Izquierda Unida denuncia el deterioro de las aceras en la Calle Chile y la inacci\u00f3n del equipo de gobierno","author":"Izquierda Unida Motril","date":"22 diciembre, 2025","format":false,"excerpt":"Izquierda Unida ha exigido a la alcaldesa que deje de lado las falacias y cumpla con los vecinos y vecinas de todos los barrios, no s\u00f3lo de determinadas zonas. Reclaman la reparaci\u00f3n inmediata de los desperfectos de la Calle Chile, de la Rambla de Los \u00c1lamos, as\u00ed como de las\u2026","rel":"","context":"En \u00abAyuntamiento\u00bb","block_context":{"text":"Ayuntamiento","link":"https:\/\/iumotril.org\/sitio\/category\/ayuntamiento\/"},"img":{"alt_text":"","src":"https:\/\/i0.wp.com\/iumotril.org\/sitio\/wp-content\/uploads\/2025\/12\/Ana-H-Chile.jpeg?resize=350%2C200&ssl=1","width":350,"height":200,"srcset":"https:\/\/i0.wp.com\/iumotril.org\/sitio\/wp-content\/uploads\/2025\/12\/Ana-H-Chile.jpeg?resize=350%2C200&ssl=1 1x, https:\/\/i0.wp.com\/iumotril.org\/sitio\/wp-content\/uploads\/2025\/12\/Ana-H-Chile.jpeg?resize=525%2C300&ssl=1 1.5x, https:\/\/i0.wp.com\/iumotril.org\/sitio\/wp-content\/uploads\/2025\/12\/Ana-H-Chile.jpeg?resize=700%2C400&ssl=1 2x, https:\/\/i0.wp.com\/iumotril.org\/sitio\/wp-content\/uploads\/2025\/12\/Ana-H-Chile.jpeg?resize=1050%2C600&ssl=1 3x"},"classes":[]},{"id":9760,"url":"https:\/\/iumotril.org\/sitio\/iu-verdes-equo-propone-la-instalacion-de-equipamiento-deportivo-en-plazas-parques-y-espacios-publicos\/","url_meta":{"origin":10721,"position":1},"title":"IU VERDES EQUO propone la instalaci\u00f3n de equipamiento deportivo en plazas, parques y espacios p\u00fablicos","author":"Izquierda Unida Motril","date":"30 enero, 2024","format":false,"excerpt":"La coalici\u00f3n de izquierdas ecologista propone, en una moci\u00f3n que ha presentado al pr\u00f3ximo pleno municipal, la instalaci\u00f3n de canastas de minibasket en diferentes ubicaciones de la ciudad, entre otras posibles, en Santa Adela, en la plaza de la Coronaci\u00f3n, en el barrio de Capuchinos, en San Antonio, en la\u2026","rel":"","context":"En \u00abAyuntamiento\u00bb","block_context":{"text":"Ayuntamiento","link":"https:\/\/iumotril.org\/sitio\/category\/ayuntamiento\/"},"img":{"alt_text":"","src":"https:\/\/i0.wp.com\/iumotril.org\/sitio\/wp-content\/uploads\/2024\/01\/basquet-al-aire-libre.jpg?resize=350%2C200&ssl=1","width":350,"height":200,"srcset":"https:\/\/i0.wp.com\/iumotril.org\/sitio\/wp-content\/uploads\/2024\/01\/basquet-al-aire-libre.jpg?resize=350%2C200&ssl=1 1x, https:\/\/i0.wp.com\/iumotril.org\/sitio\/wp-content\/uploads\/2024\/01\/basquet-al-aire-libre.jpg?resize=525%2C300&ssl=1 1.5x, https:\/\/i0.wp.com\/iumotril.org\/sitio\/wp-content\/uploads\/2024\/01\/basquet-al-aire-libre.jpg?resize=700%2C400&ssl=1 2x"},"classes":[]},{"id":5020,"url":"https:\/\/iumotril.org\/sitio\/inma-omiste-impulsaremos-el-desarrollo-de-un-puerto-abierto-e-integrado-en-la-ciudad\/","url_meta":{"origin":10721,"position":2},"title":"Inma Omiste: Impulsaremos el desarrollo de un Puerto abierto e integrado en la ciudad","author":"Izquierda Unida Motril","date":"15 mayo, 2019","format":false,"excerpt":"El programa de gobierno de IU-Equo propone la apertura progresiva de las instalaciones del Puerto pesquero a la ciudadan\u00eda y la rehabilitaci\u00f3n integral de los barrios de Santa Adela y Varadero para dotarlos de actividad comercial y de atractivo tur\u00edstico y atajar, de ese modo, la brecha de exclusi\u00f3n social\u2026","rel":"","context":"En \u00abElecciones\u00bb","block_context":{"text":"Elecciones","link":"https:\/\/iumotril.org\/sitio\/category\/elecciones\/"},"img":{"alt_text":"","src":"https:\/\/i0.wp.com\/iumotril.org\/sitio\/wp-content\/uploads\/2019\/05\/Jose-Llorente-Daniela-Paque%CC%81-Inma-Omiste-y-Juan-Luis-Valdivieso-candidatas-IU-Equo_15-mayo-1024x683.jpg?resize=350%2C200","width":350,"height":200},"classes":[]},{"id":7008,"url":"https:\/\/iumotril.org\/sitio\/iu-equo-propone-la-creacion-de-espacios-publicos-seguros-para-mujeres-y-ninas\/","url_meta":{"origin":10721,"position":3},"title":"IU-Equo propone la creaci\u00f3n de espacios p\u00fablicos seguros para mujeres y ni\u00f1as","author":"Izquierda Unida Motril","date":"16 diciembre, 2020","format":false,"excerpt":"Reclama que se adopten medidas para generar una ciudad inclusiva; medidas que van desde la revisi\u00f3n de las ordenanzas municipales, la simplificaci\u00f3n del sistema de denuncias, el dise\u00f1o de ciudades con enfoque de perspectiva de g\u00e9nero o la promoci\u00f3n de la participaci\u00f3n de las j\u00f3venes en la toma de decisiones\u2026","rel":"","context":"En \u00abAyuntamiento\u00bb","block_context":{"text":"Ayuntamiento","link":"https:\/\/iumotril.org\/sitio\/category\/ayuntamiento\/"},"img":{"alt_text":"","src":"https:\/\/i0.wp.com\/iumotril.org\/sitio\/wp-content\/uploads\/2020\/12\/PHOTO-2020-12-16-13-08-24-1024x768.jpg?resize=350%2C200","width":350,"height":200,"srcset":"https:\/\/i0.wp.com\/iumotril.org\/sitio\/wp-content\/uploads\/2020\/12\/PHOTO-2020-12-16-13-08-24-1024x768.jpg?resize=350%2C200 1x, https:\/\/i0.wp.com\/iumotril.org\/sitio\/wp-content\/uploads\/2020\/12\/PHOTO-2020-12-16-13-08-24-1024x768.jpg?resize=525%2C300 1.5x"},"classes":[]},{"id":7020,"url":"https:\/\/iumotril.org\/sitio\/iu-equo-pide-mejoras-en-el-entorno-de-la-estacion-de-autobuses\/","url_meta":{"origin":10721,"position":4},"title":"IU-Equo pide mejoras en el entorno de la estaci\u00f3n de autobuses","author":"Izquierda Unida Motril","date":"17 diciembre, 2020","format":false,"excerpt":"Ha denunciado que cinco a\u00f1os despu\u00e9s de la inauguraci\u00f3n de la nueva estaci\u00f3n de autobuses de Motril \u00e9sta sigue presentando las mismas deficiencias que el d\u00eda despu\u00e9s de su apertura y puesta en funcionamiento. En concreto, se ha referido al aparcamiento improvisado, sin pavimentar, sin iluminaci\u00f3n ni se\u00f1alizaci\u00f3n alguna, a\u2026","rel":"","context":"En \u00abAyuntamiento\u00bb","block_context":{"text":"Ayuntamiento","link":"https:\/\/iumotril.org\/sitio\/category\/ayuntamiento\/"},"img":{"alt_text":"","src":"https:\/\/i0.wp.com\/iumotril.org\/sitio\/wp-content\/uploads\/2020\/10\/Jose-e-Inma-27-octubre_3-1024x768.jpg?resize=350%2C200","width":350,"height":200,"srcset":"https:\/\/i0.wp.com\/iumotril.org\/sitio\/wp-content\/uploads\/2020\/10\/Jose-e-Inma-27-octubre_3-1024x768.jpg?resize=350%2C200 1x, https:\/\/i0.wp.com\/iumotril.org\/sitio\/wp-content\/uploads\/2020\/10\/Jose-e-Inma-27-octubre_3-1024x768.jpg?resize=525%2C300 1.5x"},"classes":[]},{"id":5097,"url":"https:\/\/iumotril.org\/sitio\/inma-omiste-pide-el-voto-a-las-mujeres-y-a-los-jovenes-para-iu-equo-verdes\/","url_meta":{"origin":10721,"position":5},"title":"Inma Omiste pide el voto a las mujeres y a los j\u00f3venes para IU-Equo Verdes.","author":"Izquierda Unida Motril","date":"24 mayo, 2019","format":false,"excerpt":"Inma Omiste ha animado, finalmente, a todas las motrile\u00f1os y los motrile\u00f1os a que acudan el pr\u00f3ximo domingo a votar, comprometi\u00e9ndose a trabajar por un Motril mejor, con mayor igualdad entre hombres y mujeres, participaci\u00f3n vecinal y transparencia, en defensa del medio ambiente y del patrimonio natural. El pr\u00f3ximo 26\u2026","rel":"","context":"En \u00abElecciones\u00bb","block_context":{"text":"Elecciones","link":"https:\/\/iumotril.org\/sitio\/category\/elecciones\/"},"img":{"alt_text":"","src":"https:\/\/i0.wp.com\/iumotril.org\/sitio\/wp-content\/uploads\/2019\/05\/Foto-Inma_cierre-campan%CC%83a-1024x683.jpg?resize=350%2C200","width":350,"height":200,"srcset":"https:\/\/i0.wp.com\/iumotril.org\/sitio\/wp-content\/uploads\/2019\/05\/Foto-Inma_cierre-campan%CC%83a-1024x683.jpg?resize=350%2C200 1x, https:\/\/i0.wp.com\/iumotril.org\/sitio\/wp-content\/uploads\/2019\/05\/Foto-Inma_cierre-campan%CC%83a-1024x683.jpg?resize=525%2C300 1.5x"},"classes":[]}],"jetpack_likes_enabled":true,"_links":{"self":[{"href":"https:\/\/iumotril.org\/sitio\/wp-json\/wp\/v2\/posts\/10721","targetHints":{"allow":["GET"]}}],"collection":[{"href":"https:\/\/iumotril.org\/sitio\/wp-json\/wp\/v2\/posts"}],"about":[{"href":"https:\/\/iumotril.org\/sitio\/wp-json\/wp\/v2\/types\/post"}],"author":[{"embeddable":true,"href":"https:\/\/iumotril.org\/sitio\/wp-json\/wp\/v2\/users\/1"}],"replies":[{"embeddable":true,"href":"https:\/\/iumotril.org\/sitio\/wp-json\/wp\/v2\/comments?post=10721"}],"version-history":[{"count":5,"href":"https:\/\/iumotril.org\/sitio\/wp-json\/wp\/v2\/posts\/10721\/revisions"}],"predecessor-version":[{"id":10727,"href":"https:\/\/iumotril.org\/sitio\/wp-json\/wp\/v2\/posts\/10721\/revisions\/10727"}],"wp:featuredmedia":[{"embeddable":true,"href":"https:\/\/iumotril.org\/sitio\/wp-json\/wp\/v2\/media\/10724"}],"wp:attachment":[{"href":"https:\/\/iumotril.org\/sitio\/wp-json\/wp\/v2\/media?parent=10721"}],"wp:term":[{"taxonomy":"category","embeddable":true,"href":"https:\/\/iumotril.org\/sitio\/wp-json\/wp\/v2\/categories?post=10721"},{"taxonomy":"post_tag","embeddable":true,"href":"https:\/\/iumotril.org\/sitio\/wp-json\/wp\/v2\/tags?post=10721"}],"curies":[{"name":"wp","href":"https:\/\/api.w.org\/{rel}","templated":true}]}}