{"id":10691,"date":"2025-07-03T19:00:31","date_gmt":"2025-07-03T17:00:31","guid":{"rendered":"https:\/\/iumotril.org\/sitio\/?p=10691"},"modified":"2025-07-03T19:05:59","modified_gmt":"2025-07-03T17:05:59","slug":"en-defensa-del-comercio-local-y-de-las-trabajadoras-del-sector-rechazamos-la-solicitud-para-la-declaracion-de-motril-como-zona-de-gran-afluencia-turisitica","status":"publish","type":"post","link":"https:\/\/iumotril.org\/sitio\/en-defensa-del-comercio-local-y-de-las-trabajadoras-del-sector-rechazamos-la-solicitud-para-la-declaracion-de-motril-como-zona-de-gran-afluencia-turisitica\/","title":{"rendered":"En defensa del comercio local y de las trabajadoras del sector. Rechazamos la solicitud para la declaraci\u00f3n de Motril como Zona de Gran Afluencia Tur\u00edsitica."},"content":{"rendered":"<h3><span style=\"color: #993300;\"><strong>Representantes de CCOO Granada y de Izquierda Unida se han reunido esta ma\u00f1ana para trazar un plan de acci\u00f3n com\u00fan en defensa del peque\u00f1o Comercio de Motril y para las trabajadoras del sector, que se ver\u00e1n perjudicadas por la Zona de Gran Afluencia Tur\u00edstica que el Ayuntamiento motrile\u00f1o pretende imponer en todo el municipio.<\/strong><\/span><\/h3>\n<p>El sindicato pide al Ayuntamiento motrile\u00f1o la <strong>retirada de la solicitud<\/strong> y que estudie el impacto de la ZGAT en Motril, en t\u00e9rminos de <strong>destrucci\u00f3n del empleo<\/strong>, y su posible perjuicio en empresas soportadas por <strong>trabajadores aut\u00f3nomos<\/strong>, as\u00ed como el empeoramiento de<strong> condiciones laborales<\/strong> que recaer\u00e1 sobre las plantillas del Comercio que ver\u00e1n perjudicada su conciliaci\u00f3n laboral y personal. La solicitud para Motril como zona de Gran Afluencia Tur\u00edstica, denuncia CCOO, supone la <strong>liberalizaci\u00f3n de los horarios comerciales<\/strong> y, por ende, anula la conciliaci\u00f3n para las trabajadoras y los trabajadores del Comercio que pasar\u00e1n de tener 16 domingos y festivos de apertura autorizada al a\u00f1o, a m\u00e1s del doble. <strong>No se justifica en base a un impacto favorable en la creaci\u00f3n de puestos de trabajo ni en el aumento de ventas<\/strong> en el Comercio. De hecho, los datos tenidos en cuenta han sido las pernoctaciones registradas en la Costa Tropical, sin segregar por municipios, y el n\u00famero de Bienes de Inter\u00e9s Cultural ubicados en Motril. Por todo ello, <strong>desde CCOO Granada rechazamos esta declaraci\u00f3n de ZGAT.<\/strong><\/p>\n<p><img loading=\"lazy\" decoding=\"async\" data-attachment-id=\"10694\" data-permalink=\"https:\/\/iumotril.org\/sitio\/en-defensa-del-comercio-local-y-de-las-trabajadoras-del-sector-rechazamos-la-solicitud-para-la-declaracion-de-motril-como-zona-de-gran-afluencia-turisitica\/whatsapp-image-2025-07-03-at-12-21-54\/\" data-orig-file=\"https:\/\/iumotril.org\/sitio\/wp-content\/uploads\/2025\/07\/WhatsApp-Image-2025-07-03-at-12.21.54.jpeg\" data-orig-size=\"2048,1540\" data-comments-opened=\"1\" data-image-meta=\"{&quot;aperture&quot;:&quot;0&quot;,&quot;credit&quot;:&quot;&quot;,&quot;camera&quot;:&quot;&quot;,&quot;caption&quot;:&quot;&quot;,&quot;created_timestamp&quot;:&quot;0&quot;,&quot;copyright&quot;:&quot;&quot;,&quot;focal_length&quot;:&quot;0&quot;,&quot;iso&quot;:&quot;0&quot;,&quot;shutter_speed&quot;:&quot;0&quot;,&quot;title&quot;:&quot;&quot;,&quot;orientation&quot;:&quot;0&quot;}\" data-image-title=\"WhatsApp Image 2025-07-03 at 12.21.54\" data-image-description=\"\" data-image-caption=\"\" data-large-file=\"https:\/\/iumotril.org\/sitio\/wp-content\/uploads\/2025\/07\/WhatsApp-Image-2025-07-03-at-12.21.54-1024x770.jpeg\" class=\"alignleft wp-image-10694 size-large\" src=\"https:\/\/iumotril.org\/sitio\/wp-content\/uploads\/2025\/07\/WhatsApp-Image-2025-07-03-at-12.21.54-1024x770.jpeg\" alt=\"\" width=\"640\" height=\"481\" srcset=\"https:\/\/iumotril.org\/sitio\/wp-content\/uploads\/2025\/07\/WhatsApp-Image-2025-07-03-at-12.21.54-1024x770.jpeg 1024w, https:\/\/iumotril.org\/sitio\/wp-content\/uploads\/2025\/07\/WhatsApp-Image-2025-07-03-at-12.21.54-300x226.jpeg 300w, https:\/\/iumotril.org\/sitio\/wp-content\/uploads\/2025\/07\/WhatsApp-Image-2025-07-03-at-12.21.54-768x578.jpeg 768w, https:\/\/iumotril.org\/sitio\/wp-content\/uploads\/2025\/07\/WhatsApp-Image-2025-07-03-at-12.21.54-1536x1155.jpeg 1536w, https:\/\/iumotril.org\/sitio\/wp-content\/uploads\/2025\/07\/WhatsApp-Image-2025-07-03-at-12.21.54.jpeg 2048w\" sizes=\"auto, (max-width: 640px) 100vw, 640px\" \/>Por su parte, <strong>Izquierda Unida Motril ha mostrado su firme rechazo a la solicitud presentada por el Ayuntamiento<\/strong> para declarar<strong> la ciudad como Zona de Gran Afluencia Tur\u00edstica,<\/strong> al considerar que esta medida conlleva la liberalizaci\u00f3n de los horarios comerciales. Desde la formaci\u00f3n advierten de que esta decisi\u00f3n <strong>perjudica gravemente al peque\u00f1o comercio loca<\/strong>l, especialmente al del centro de la ciudad, que no puede competir en condiciones de igualdad con las <strong>grandes superficies<\/strong> en cuanto a horarios de apertura y festivos. \u201cIgnorar esta desventaja estructural supone castigar a\u00fan m\u00e1s a quienes generan verdadera actividad econ\u00f3mica, dinamismo y vida en nuestras calles\u201d, denuncian desde IU. Seg\u00fan apuntan,<strong> la ampliaci\u00f3n de horarios beneficiar\u00e1 \u00fanicamente a las grandes cadenas<\/strong>, mientras que para los negocios tradicionales puede suponer \u00abel golpe definitivo\u00bb que termine por expulsarlos del centro urbano. I<strong>zquierda Unida reclama un modelo comercial que proteja y fomente el tejido local<\/strong> frente a medidas que, bajo la apariencia de impulsar el turismo, acaban debilitando el comercio de proximidad y vaciando de contenido el centro de la ciudad.<br \/>\nEl consistorio motrile\u00f1o solicit\u00f3, a la Administraci\u00f3n Auton\u00f3mica el mes de abril, que se declarase como <strong>Zona de Gran Afluencia Tur\u00edstica (ZGAT) todo el municipio de Motril en los per\u00edodos de Semana Santa y durante los meses de junio, julio, agosto y septiembre, con car\u00e1cter indefinido. Medida que entra en vigor el 21 de julio.<\/strong><\/p>\n<p>&nbsp;<\/p>\n","protected":false},"excerpt":{"rendered":"<p>Izquierda Unida Motril ha mostrado su firme rechazo a la solicitud presentada por el Ayuntamiento para declarar la ciudad como Zona de Gran Afluencia Tur\u00edstica, al considerar que esta medida conlleva la liberalizaci\u00f3n de los horarios comerciales. Desde la formaci\u00f3n advierten de que esta decisi\u00f3n perjudica gravemente al peque\u00f1o comercio local, especialmente al del centro de la ciudad, que no puede competir en condiciones de igualdad con las grandes superficies en cuanto a horarios de apertura y festivos. \u201cIgnorar esta desventaja estructural supone castigar a\u00fan m\u00e1s a quienes generan verdadera actividad econ\u00f3mica, dinamismo y vida en nuestras calles\u201d, denuncian desde IU. Seg\u00fan apuntan, la ampliaci\u00f3n de horarios beneficiar\u00e1 \u00fanicamente a las grandes cadenas, mientras que para los negocios tradicionales puede suponer \u00abel golpe definitivo\u00bb que termine por expulsarlos del centro urbano. Izquierda Unida reclama un modelo comercial que proteja y fomente el tejido local frente a medidas que, bajo la apariencia de impulsar el turismo, acaban debilitando el comercio de proximidad y vaciando de contenido el centro de la ciudad.<br \/>\nEl consistorio motrile\u00f1o solicit\u00f3, a la Administraci\u00f3n Auton\u00f3mica el mes de abril, que se declarase como Zona de Gran Afluencia Tur\u00edstica (ZGAT) todo el municipio de Motril en los per\u00edodos de Semana Santa y durante los meses de junio, julio, agosto y septiembre, con car\u00e1cter indefinido. Medida que entra en vigor el 21 de julio.<\/p>\n","protected":false},"author":1,"featured_media":10694,"comment_status":"open","ping_status":"open","sticky":false,"template":"","format":"standard","meta":{"cybocfi_hide_featured_image":"","_jetpack_newsletter_access":"","_jetpack_dont_email_post_to_subs":false,"_jetpack_newsletter_tier_id":0,"_jetpack_memberships_contains_paywalled_content":false,"_jetpack_memberships_contains_paid_content":false,"footnotes":""},"categories":[7,177,2327,375,265],"tags":[2333,2252,2331,2329,2330,345,2332,2328],"class_list":["post-10691","post","type-post","status-publish","format-standard","has-post-thumbnail","hentry","category-ayuntamiento","category-ciudad","category-comercio-local","category-denuncia","category-esta-pasando","tag-concilacion","tag-grandes-empresas","tag-grandes-superficies","tag-horarios-comerciales","tag-liberalizacion-horarios","tag-pequeno-comercio","tag-trabjadores-autonomos","tag-zgat"],"jetpack_featured_media_url":"https:\/\/iumotril.org\/sitio\/wp-content\/uploads\/2025\/07\/WhatsApp-Image-2025-07-03-at-12.21.54.jpeg","jetpack_sharing_enabled":true,"jetpack_shortlink":"https:\/\/wp.me\/p4QsU5-2Mr","jetpack-related-posts":[{"id":10794,"url":"https:\/\/iumotril.org\/sitio\/rechazamos-la-implantacion-de-la-zona-de-gran-afluencia-turistica\/","url_meta":{"origin":10691,"position":0},"title":"Rechazamos la implantaci\u00f3n de la Zona de Gran Afluencia Tur\u00edstica","author":"Izquierda Unida Motril","date":"24 septiembre, 2025","format":false,"excerpt":"IU Verdes Equo\u00a0 critica la forma en que esta medida ha sido adoptada, sin consenso ni discusi\u00f3n, sin expediente ni informaci\u00f3n previa, ni siquiera estudios de viabilidad e impacto econ\u00f3mico en el sector. Una medida que este verano no ha dejado ver un incremento de las ventas en el comercio\u2026","rel":"","context":"En \u00abAyuntamiento\u00bb","block_context":{"text":"Ayuntamiento","link":"https:\/\/iumotril.org\/sitio\/category\/ayuntamiento\/"},"img":{"alt_text":"","src":"https:\/\/i0.wp.com\/iumotril.org\/sitio\/wp-content\/uploads\/2025\/09\/roberto-ariza-e-inma-omiste-scaled.jpg?resize=350%2C200&ssl=1","width":350,"height":200,"srcset":"https:\/\/i0.wp.com\/iumotril.org\/sitio\/wp-content\/uploads\/2025\/09\/roberto-ariza-e-inma-omiste-scaled.jpg?resize=350%2C200&ssl=1 1x, https:\/\/i0.wp.com\/iumotril.org\/sitio\/wp-content\/uploads\/2025\/09\/roberto-ariza-e-inma-omiste-scaled.jpg?resize=525%2C300&ssl=1 1.5x, https:\/\/i0.wp.com\/iumotril.org\/sitio\/wp-content\/uploads\/2025\/09\/roberto-ariza-e-inma-omiste-scaled.jpg?resize=700%2C400&ssl=1 2x, https:\/\/i0.wp.com\/iumotril.org\/sitio\/wp-content\/uploads\/2025\/09\/roberto-ariza-e-inma-omiste-scaled.jpg?resize=1050%2C600&ssl=1 3x, https:\/\/i0.wp.com\/iumotril.org\/sitio\/wp-content\/uploads\/2025\/09\/roberto-ariza-e-inma-omiste-scaled.jpg?resize=1400%2C800&ssl=1 4x"},"classes":[]},{"id":6260,"url":"https:\/\/iumotril.org\/sitio\/las-medidas-del-gobierno-municipal-para-reactivar-el-comercio-local-no-son-suficientes\/","url_meta":{"origin":10691,"position":1},"title":"Las medidas del gobierno municipal  para reactivar el comercio local no son suficientes","author":"Izquierda Unida Motril","date":"26 mayo, 2020","format":false,"excerpt":"La portavoz del Grupo Municipal de IU-Equo, Inma Omiste, considera que\u00a0 las medidas que ha anunciado la alcaldesa son insuficientes para reactivar el comercio local, fundamentalmente por carecer de un presupuesto econ\u00f3mico para llevarlas a cabo. IU-Equo ha dado traslado a la alcaldesa las propuestas de su Grupo para favorecer\u2026","rel":"","context":"En \u00abCiudad\u00bb","block_context":{"text":"Ciudad","link":"https:\/\/iumotril.org\/sitio\/category\/ciudad\/"},"img":{"alt_text":"","src":"https:\/\/i0.wp.com\/iumotril.org\/sitio\/wp-content\/uploads\/2020\/05\/PHOTO-2020-05-26-09-48-06-1024x768.jpg?resize=350%2C200","width":350,"height":200,"srcset":"https:\/\/i0.wp.com\/iumotril.org\/sitio\/wp-content\/uploads\/2020\/05\/PHOTO-2020-05-26-09-48-06-1024x768.jpg?resize=350%2C200 1x, https:\/\/i0.wp.com\/iumotril.org\/sitio\/wp-content\/uploads\/2020\/05\/PHOTO-2020-05-26-09-48-06-1024x768.jpg?resize=525%2C300 1.5x"},"classes":[]},{"id":7837,"url":"https:\/\/iumotril.org\/sitio\/iu-equo-reclama-la-peatonalizacion-del-centro-comercial-de-motril\/","url_meta":{"origin":10691,"position":2},"title":"IU-EQUO reclama la peatonalizaci\u00f3n del centro comercial de Motril","author":"Izquierda Unida Motril","date":"23 noviembre, 2021","format":false,"excerpt":"IU-Equo critica la falta de operatividad del Consejo Local de Comercio, creado en teor\u00eda para luchar por el comercio motrile\u00f1o, que se ha reunido en dos ocasiones desde su creaci\u00f3n y que no ha elaborado ninguna propuesta relacionada con los asuntos que tienen que ver con la mejora del peque\u00f1o\u2026","rel":"","context":"En \u00abAyuntamiento\u00bb","block_context":{"text":"Ayuntamiento","link":"https:\/\/iumotril.org\/sitio\/category\/ayuntamiento\/"},"img":{"alt_text":"","src":"https:\/\/i0.wp.com\/iumotril.org\/sitio\/wp-content\/uploads\/2021\/11\/Inma-23-noviembre-1024x768.jpg?resize=350%2C200","width":350,"height":200,"srcset":"https:\/\/i0.wp.com\/iumotril.org\/sitio\/wp-content\/uploads\/2021\/11\/Inma-23-noviembre-1024x768.jpg?resize=350%2C200 1x, https:\/\/i0.wp.com\/iumotril.org\/sitio\/wp-content\/uploads\/2021\/11\/Inma-23-noviembre-1024x768.jpg?resize=525%2C300 1.5x"},"classes":[]},{"id":6810,"url":"https:\/\/iumotril.org\/sitio\/el-gobierno-de-garcia-chamorro-mira-para-otro-lado-mientras-que-el-comercio-local-de-motril-desaparece\/","url_meta":{"origin":10691,"position":3},"title":"El gobierno de Garc\u00eda Chamorro mira para otro lado mientras que el comercio local de Motril desaparece","author":"Izquierda Unida Motril","date":"22 octubre, 2020","format":false,"excerpt":"La alcaldesa niega medidas de apoyo a los peque\u00f1os comerciantes motrile\u00f1os -- gente de Motril, que pagan sus impuestos en Motril, que dan empleo a motrile\u00f1os, que llevan toda la vida peleando por su pueblo--, pero se entrega en los brazos de los grandes propietarios de Playa Granada --especuladores, hombres\u2026","rel":"","context":"En \u00abEST\u00c1 PASANDO\u00bb","block_context":{"text":"EST\u00c1 PASANDO","link":"https:\/\/iumotril.org\/sitio\/category\/esta-pasando\/"},"img":{"alt_text":"","src":"https:\/\/i0.wp.com\/iumotril.org\/sitio\/wp-content\/uploads\/2020\/10\/Comercio_3-176x176.jpg?resize=350%2C200","width":350,"height":200},"classes":[]},{"id":750,"url":"https:\/\/iumotril.org\/sitio\/izquierda-unida-incentivara-el-establecimiento-de-negocios-locales-para-desarrollar-un-comercio-de-proximidad\/","url_meta":{"origin":10691,"position":4},"title":"Izquierda Unida incentivar\u00e1 el establecimiento de negocios locales para desarrollar un comercio de proximidad","author":"Izquierda Unida Motril","date":"15 mayo, 2015","format":false,"excerpt":"Izquierda Unida defender\u00e1 decididamente desde el Ayuntamiento al peque\u00f1o comercio a trav\u00e9s de diferentes medidas e incentivos que aseguren su implantaci\u00f3n y su estabilidad al entender que el comercio de proximidad es un elemento determinante para el desarrollo de la ciudad y la cohesi\u00f3n social.","rel":"","context":"En \u00abMunicipales 2015\u00bb","block_context":{"text":"Municipales 2015","link":"https:\/\/iumotril.org\/sitio\/category\/municipales-2015\/"},"img":{"alt_text":"Comercio_5134","src":"https:\/\/i0.wp.com\/iumotril.org\/sitio\/wp-content\/uploads\/2015\/05\/Comercio_5134-225x300.jpg?resize=350%2C200","width":350,"height":200},"classes":[]},{"id":5040,"url":"https:\/\/iumotril.org\/sitio\/iu-equo-promovera-un-plan-de-incentivos-fiscales-al-pequeno-comercio-y-de-proximidad-motrileno\/","url_meta":{"origin":10691,"position":5},"title":"IU-Equo promover\u00e1 un Plan de incentivos fiscales al peque\u00f1o comercio y de proximidad motrile\u00f1o","author":"Izquierda Unida Motril","date":"14 mayo, 2019","format":false,"excerpt":"Adem\u00e1s de un plan de incentivos fiscales IU-Equo propone la puesta en marcha de otras actuaciones de dinamizaci\u00f3n y apoyo a los comercios acordando con las asociaciones de comerciantes objetivos, recursos a destinar, plazos concretos de realizaci\u00f3n y criterios de evaluaci\u00f3n de su cumplimiento. Entre otras actuaciones propone la elaboraci\u00f3n\u2026","rel":"","context":"En \u00abEmpresas municipales\u00bb","block_context":{"text":"Empresas municipales","link":"https:\/\/iumotril.org\/sitio\/category\/empresas-municipales\/"},"img":{"alt_text":"Inma Omiste. Hagamos Futuro","src":"https:\/\/i0.wp.com\/iumotril.org\/sitio\/wp-content\/uploads\/2019\/05\/Inma-Omiste_14-mayo_centro-comercial-abierto-e1557847421759-225x300.jpg?resize=350%2C200","width":350,"height":200},"classes":[]}],"jetpack_likes_enabled":true,"_links":{"self":[{"href":"https:\/\/iumotril.org\/sitio\/wp-json\/wp\/v2\/posts\/10691","targetHints":{"allow":["GET"]}}],"collection":[{"href":"https:\/\/iumotril.org\/sitio\/wp-json\/wp\/v2\/posts"}],"about":[{"href":"https:\/\/iumotril.org\/sitio\/wp-json\/wp\/v2\/types\/post"}],"author":[{"embeddable":true,"href":"https:\/\/iumotril.org\/sitio\/wp-json\/wp\/v2\/users\/1"}],"replies":[{"embeddable":true,"href":"https:\/\/iumotril.org\/sitio\/wp-json\/wp\/v2\/comments?post=10691"}],"version-history":[{"count":4,"href":"https:\/\/iumotril.org\/sitio\/wp-json\/wp\/v2\/posts\/10691\/revisions"}],"predecessor-version":[{"id":10696,"href":"https:\/\/iumotril.org\/sitio\/wp-json\/wp\/v2\/posts\/10691\/revisions\/10696"}],"wp:featuredmedia":[{"embeddable":true,"href":"https:\/\/iumotril.org\/sitio\/wp-json\/wp\/v2\/media\/10694"}],"wp:attachment":[{"href":"https:\/\/iumotril.org\/sitio\/wp-json\/wp\/v2\/media?parent=10691"}],"wp:term":[{"taxonomy":"category","embeddable":true,"href":"https:\/\/iumotril.org\/sitio\/wp-json\/wp\/v2\/categories?post=10691"},{"taxonomy":"post_tag","embeddable":true,"href":"https:\/\/iumotril.org\/sitio\/wp-json\/wp\/v2\/tags?post=10691"}],"curies":[{"name":"wp","href":"https:\/\/api.w.org\/{rel}","templated":true}]}}