{"id":10676,"date":"2025-06-20T18:33:12","date_gmt":"2025-06-20T16:33:12","guid":{"rendered":"https:\/\/iumotril.org\/sitio\/?p=10676"},"modified":"2025-06-20T19:28:40","modified_gmt":"2025-06-20T17:28:40","slug":"la-justicia-lenta-no-es-justicia-la-interminable-demora-en-el-caso-de-luisa-garcia-chamorro","status":"publish","type":"post","link":"https:\/\/iumotril.org\/sitio\/la-justicia-lenta-no-es-justicia-la-interminable-demora-en-el-caso-de-luisa-garcia-chamorro\/","title":{"rendered":"La justicia lenta no es justicia: la interminable demora en el caso de Luisa Garc\u00eda Chamorro"},"content":{"rendered":"<h3><span style=\"color: #993300;\">Izquierda Unida reclama al Juzgado de Primera Instancia e Instrucci\u00f3n n\u00famero 3 de Motril que agilice las diligencias, fije un calendario claro para la resoluci\u00f3n del caso y evite m\u00e1s retrasos en el proceso<\/span>.<\/h3>\n<p>La ciudadan\u00eda de Motril observa con indignaci\u00f3n y hartazgo c\u00f3mo el proceso judicial contra la alcaldesa, Luisa Garc\u00eda Chamorro, por un presunto delito de malversaci\u00f3n de caudales p\u00fablicos, <strong>se prolonga sin resoluci\u00f3n tras m\u00e1s de tres a\u00f1os y medio desde que se presentara la denuncia en octubre de 2021<\/strong>.<\/p>\n<p>A juicio de Izquierda Unida esta dilaci\u00f3n, marcada por <strong>continuos aplazamientos y falta de avances,<\/strong> no solo socava la <strong>confianza en el sistema judicial,<\/strong> sino que perpet\u00faa una situaci\u00f3n de incertidumbre que <strong>da\u00f1a profundamente la imagen de nuestra ciudad y el derecho de los motrile\u00f1os a una administraci\u00f3n transparente<\/strong>.<\/p>\n<p>La investigaci\u00f3n, que examina el uso indebido de 12.151 euros de fondos p\u00fablicos del grupo municipal del PP y de la Diputaci\u00f3n de Granada para pagar costas procesales de una condena personal de la alcaldesa, sigue estancada en la fase de instrucci\u00f3n.<\/p>\n<figure id=\"attachment_10675\" aria-describedby=\"caption-attachment-10675\" style=\"width: 640px\" class=\"wp-caption alignleft\"><img loading=\"lazy\" decoding=\"async\" data-attachment-id=\"10675\" data-permalink=\"https:\/\/iumotril.org\/sitio\/la-justicia-lenta-no-es-justicia-la-interminable-demora-en-el-caso-de-luisa-garcia-chamorro\/jose-el-caso-de-luisa-20-junio\/\" data-orig-file=\"https:\/\/iumotril.org\/sitio\/wp-content\/uploads\/2025\/06\/Jose-el-caso-de-Luisa-20-junio-scaled.jpg\" data-orig-size=\"2560,1920\" data-comments-opened=\"1\" data-image-meta=\"{&quot;aperture&quot;:&quot;0&quot;,&quot;credit&quot;:&quot;&quot;,&quot;camera&quot;:&quot;&quot;,&quot;caption&quot;:&quot;&quot;,&quot;created_timestamp&quot;:&quot;0&quot;,&quot;copyright&quot;:&quot;&quot;,&quot;focal_length&quot;:&quot;0&quot;,&quot;iso&quot;:&quot;0&quot;,&quot;shutter_speed&quot;:&quot;0&quot;,&quot;title&quot;:&quot;&quot;,&quot;orientation&quot;:&quot;0&quot;}\" data-image-title=\"Jose el caso de Luisa, 20 junio\" data-image-description=\"\" data-image-caption=\"\" data-large-file=\"https:\/\/iumotril.org\/sitio\/wp-content\/uploads\/2025\/06\/Jose-el-caso-de-Luisa-20-junio-1024x768.jpg\" class=\"wp-image-10675 size-large\" src=\"https:\/\/iumotril.org\/sitio\/wp-content\/uploads\/2025\/06\/Jose-el-caso-de-Luisa-20-junio-1024x768.jpg\" alt=\"\" width=\"640\" height=\"480\" srcset=\"https:\/\/iumotril.org\/sitio\/wp-content\/uploads\/2025\/06\/Jose-el-caso-de-Luisa-20-junio-1024x768.jpg 1024w, https:\/\/iumotril.org\/sitio\/wp-content\/uploads\/2025\/06\/Jose-el-caso-de-Luisa-20-junio-300x225.jpg 300w, https:\/\/iumotril.org\/sitio\/wp-content\/uploads\/2025\/06\/Jose-el-caso-de-Luisa-20-junio-768x576.jpg 768w, https:\/\/iumotril.org\/sitio\/wp-content\/uploads\/2025\/06\/Jose-el-caso-de-Luisa-20-junio-1536x1152.jpg 1536w, https:\/\/iumotril.org\/sitio\/wp-content\/uploads\/2025\/06\/Jose-el-caso-de-Luisa-20-junio-2048x1536.jpg 2048w\" sizes=\"auto, (max-width: 640px) 100vw, 640px\" \/><figcaption id=\"caption-attachment-10675\" class=\"wp-caption-text\">Jose G. Llorente, coordinador local de Izquierda Unida Motril<\/figcaption><\/figure>\n<p><strong>La vista preliminar programada para el 19 de junio de 2024 fue pospuesta<\/strong> por la necesidad de incorporar documentaci\u00f3n bancaria y evaluar la posible inclusi\u00f3n de un testigo como investigado, sin que se haya anunciado una nueva fecha. Esta falta de celeridad, sumada a la opacidad sobre los 2.031 euros que la jueza se\u00f1ala como no justificados, alimenta la percepci\u00f3n de que <strong>el proceso se est\u00e1 ralentizando de manera injustificada, permitiendo a Garc\u00eda Chamorro mantenerse en el cargo sin rendir cuentas<\/strong> claras de sus actuaciones como alcaldesa de Motril.<\/p>\n<p>Mientras tanto,\u00a0 <strong>Garc\u00eda Chamorro gestiona un presupuesto municipal para 2025 de m\u00e1s de 64 millones de euros<\/strong>, lo que sit\u00faa la enorme responsabilidad de su cargo y deber\u00eda determinar la necesaria ejemplaridad de sus comportamientos. En Izquierda Unida se considera que resulta inaceptable que quien administra estos recursos p\u00fablicos permanezca bajo sospecha de malversaci\u00f3n sin que la justicia act\u00fae con la rapidez necesaria.<\/p>\n<p>Adem\u00e1s, <strong>percibe un salario anual bruto de 72.000 euros, aprobado en junio de 2023 tras un incremento del 19% respecto a los 53.000 euros que cobraba anteriormente<\/strong>, superando incluso en ese momento el sueldo del presidente de la Junta de Andaluc\u00eda, Juanma Moreno (71.667,36 euros). Esta subida, que <strong>tambi\u00e9n benefici\u00f3 a los tenientes de alcalde con un aumento del 31% (de 40.000 a 59.000 euros),<\/strong> fue criticada por la oposici\u00f3n como \u201cdesproporcionada\u201d y \u201ccarente de sensibilidad\u201d en un contexto de dificultades econ\u00f3micas para muchas familias motrile\u00f1as.<\/p>\n<p>Que la alcaldesa contin\u00fae disfrutando de este elevado salario mientras el proceso judicial se dilata indefinidamente <strong>es un agravio para la ciudadan\u00eda<\/strong>, que exige <strong>transparencia y responsabilidad<\/strong> \u2013\u2013ha declarado el coordinador local de IU, Jose G. Llorente\u2013\u2013.<\/p>\n<p>La justicia debe ser pronta para ser efectiva. <strong>Cada d\u00eda que pasa sin avances en este caso refuerza la percepci\u00f3n de impunidad<\/strong> y debilita la credibilidad de las instituciones. Los motrile\u00f1os merecen saber si la persona que gestiona millones de euros de sus impuestos incurri\u00f3 en un delito tan grave como la malversaci\u00f3n.<\/p>\n<p>No puede ser admisible\u00a0 que <strong>la lentitud judicial se convierta en un escudo para eludir responsabilidades<\/strong>, ha enfatizado el responsable pol\u00edtico de IU Motril, que reivindica una justicia independiente, r\u00e1pida, transparente y al exclusivo servicio de la ciudadan\u00eda.<\/p>\n<p>Llorente ha anunciado que su formaci\u00f3n se ha interesado ante la Administraci\u00f3n de Justicia por la situaci\u00f3n del proceso y sus plazos previsibles de resoluci\u00f3n, sin haber obtenido una respuesta convincente, por lo que no descarta plantear una queja ante el Defensor del Pueblo.<\/p>\n<p>Emprenderemos todas las acciones que est\u00e9n a nuestro alcance para no permitir que este asunto quede en nada, diluido en el fango de contiendas pol\u00edticas y campa\u00f1as de cuestionamiento del Estado de derecho \u2013\u2013ha se\u00f1alado.<\/p>\n<div style=\"width: 640px;\" class=\"wp-video\"><video class=\"wp-video-shortcode\" id=\"video-10676-1\" width=\"640\" height=\"363\" preload=\"metadata\" controls=\"controls\"><source type=\"video\/mp4\" src=\"https:\/\/iumotril.org\/sitio\/wp-content\/uploads\/2025\/06\/Luisa-la-Justicia-es-lenta.mp4?_=1\" \/><a href=\"https:\/\/iumotril.org\/sitio\/wp-content\/uploads\/2025\/06\/Luisa-la-Justicia-es-lenta.mp4\">https:\/\/iumotril.org\/sitio\/wp-content\/uploads\/2025\/06\/Luisa-la-Justicia-es-lenta.mp4<\/a><\/video><\/div>\n","protected":false},"excerpt":{"rendered":"<p>A juicio de Izquierda Unida esta dilaci\u00f3n, marcada por continuos aplazamientos y falta de avances, no solo socava la confianza en el sistema judicial, sino que perpet\u00faa una situaci\u00f3n de incertidumbre que da\u00f1a profundamente la imagen de nuestra ciudad y el derecho de los motrile\u00f1os a una administraci\u00f3n transparente.<br \/>\nLa investigaci\u00f3n, que examina el uso indebido de 12.151 euros de fondos p\u00fablicos del grupo municipal del PP y de la Diputaci\u00f3n de Granada para pagar costas procesales de una condena personal de la alcaldesa, sigue estancada en la fase de instrucci\u00f3n.<br \/>\nMientras tanto,\u00a0 Garc\u00eda Chamorro gestiona un presupuesto municipal para 2025 de m\u00e1s de 64 millones de euros, lo que sit\u00faa la enorme responsabilidad de su cargo y deber\u00eda determinar la necesaria ejemplaridad de sus comportamientos. En Izquierda Unida se considera que resulta inaceptable que quien administra estos recursos p\u00fablicos permanezca bajo sospecha de malversaci\u00f3n sin que la justicia act\u00fae con la rapidez necesaria.<br \/>\nAdem\u00e1s, percibe un salario anual bruto de 72.000 euros, aprobado en junio de 2023 tras un incremento del 19% respecto a los 53.000 euros que cobraba anteriormente, superando incluso en ese momento el sueldo del presidente de la Junta de Andaluc\u00eda, Juanma Moreno (71.667,36 euros). Esta subida, que tambi\u00e9n benefici\u00f3 a los tenientes de alcalde con un aumento del 31% (de 40.000 a 59.000 euros), fue criticada por la oposici\u00f3n como \u201cdesproporcionada\u201d y \u201ccarente de sensibilidad\u201d en un contexto de dificultades econ\u00f3micas para muchas familias motrile\u00f1as.<br \/>\nQue la alcaldesa contin\u00fae disfrutando de este elevado salario mientras el proceso judicial se dilata indefinidamente es un agravio para la ciudadan\u00eda, que exige transparencia y responsabilidad \u2013\u2013ha declarado el coordinador local de IU, Jose G. Llorente\u2013\u2013.<\/p>\n<p>La justicia debe ser pronta para ser efectiva. Cada d\u00eda que pasa sin avances en este caso refuerza la percepci\u00f3n de impunidad y debilita la credibilidad de las instituciones. Los motrile\u00f1os merecen saber si la persona que gestiona millones de euros de sus impuestos incurri\u00f3 en un delito tan grave como la malversaci\u00f3n.<br \/>\nNo puede ser admisible\u00a0 que la lentitud judicial se convierta en un escudo para eludir responsabilidades, ha enfatizado el responsable pol\u00edtico de IU Motril, que reivindica una justicia independiente, r\u00e1pida, transparente y al exclusivo servicio de la ciudadan\u00eda.<\/p>\n","protected":false},"author":1,"featured_media":9019,"comment_status":"open","ping_status":"open","sticky":false,"template":"","format":"standard","meta":{"cybocfi_hide_featured_image":"","_jetpack_newsletter_access":"","_jetpack_dont_email_post_to_subs":false,"_jetpack_newsletter_tier_id":0,"_jetpack_memberships_contains_paywalled_content":false,"_jetpack_memberships_contains_paid_content":false,"footnotes":""},"categories":[7,2321,375,265],"tags":[136,73,2324,657,371,2322,2323],"class_list":["post-10676","post","type-post","status-publish","format-standard","has-post-thumbnail","hentry","category-ayuntamiento","category-corrupcion","category-denuncia","category-esta-pasando","tag-alcaldesa-motril","tag-corrupcion","tag-dilaciones","tag-fiscalia","tag-justicia","tag-malversacion-caudales-publicos","tag-proceso-interminable"],"jetpack_featured_media_url":"https:\/\/iumotril.org\/sitio\/wp-content\/uploads\/2023\/04\/Luisa-y-Juanma.jpg","jetpack_sharing_enabled":true,"jetpack_shortlink":"https:\/\/wp.me\/p4QsU5-2Mc","jetpack-related-posts":[{"id":9017,"url":"https:\/\/iumotril.org\/sitio\/iu-equo-reclama-a-luisa-g-chamorro-que-deje-la-alcaldia-por-respeto-y-consideracion-con-los-motrilenos-y-con-los-granadinos\/","url_meta":{"origin":10676,"position":0},"title":"IU-Equo  reclama a Luisa G. Chamorro que deje la alcald\u00eda por respeto y consideraci\u00f3n con los motrile\u00f1os y con los granadinos","author":"Izquierda Unida Motril","date":"6 abril, 2023","format":false,"excerpt":"Desde IU-Equo se consideran sumamente graves los hechos ahora desvelados tras conocerse un informe de la Intervenci\u00f3n de la Diputaci\u00f3n de Granada que acredita que la alcaldesa de Motril no solo cobr\u00f3 dinero p\u00fablico procedente del Consistorio que dirige para pagar una condena por injurias, sino que, tambi\u00e9n, percibi\u00f3 fondos\u2026","rel":"","context":"En \u00abdenuncia\u00bb","block_context":{"text":"denuncia","link":"https:\/\/iumotril.org\/sitio\/category\/denuncia\/"},"img":{"alt_text":"","src":"https:\/\/i0.wp.com\/iumotril.org\/sitio\/wp-content\/uploads\/2023\/04\/Luisa-y-Juanma.jpg?resize=350%2C200&ssl=1","width":350,"height":200,"srcset":"https:\/\/i0.wp.com\/iumotril.org\/sitio\/wp-content\/uploads\/2023\/04\/Luisa-y-Juanma.jpg?resize=350%2C200&ssl=1 1x, https:\/\/i0.wp.com\/iumotril.org\/sitio\/wp-content\/uploads\/2023\/04\/Luisa-y-Juanma.jpg?resize=525%2C300&ssl=1 1.5x, https:\/\/i0.wp.com\/iumotril.org\/sitio\/wp-content\/uploads\/2023\/04\/Luisa-y-Juanma.jpg?resize=700%2C400&ssl=1 2x, https:\/\/i0.wp.com\/iumotril.org\/sitio\/wp-content\/uploads\/2023\/04\/Luisa-y-Juanma.jpg?resize=1050%2C600&ssl=1 3x"},"classes":[]},{"id":9976,"url":"https:\/\/iumotril.org\/sitio\/garcia-chamorro-falta-a-la-verdad-acerca-de-su-imputacion-por-un-presunto-delito-de-malversacion-de-caudales-publicos\/","url_meta":{"origin":10676,"position":1},"title":"Garc\u00eda Chamorro falta a la verdad acerca de su imputaci\u00f3n por un presunto delito de malversaci\u00f3n de caudales p\u00fablicos","author":"Izquierda Unida Motril","date":"5 junio, 2024","format":false,"excerpt":"Lo cierto y verdad es que, dos a\u00f1os y medio despu\u00e9s de que la Fiscal\u00eda presentara denuncia contra Luisa Garc\u00eda Chamorro por un presunto delito de malversaci\u00f3n de caudales p\u00fablicos, el Juzgado de Instrucci\u00f3n n\u00famero 3 la ha citado a declarar el pr\u00f3ximo 19 de junio en calidad de imputada\u2026","rel":"","context":"En \u00abAyuntamiento\u00bb","block_context":{"text":"Ayuntamiento","link":"https:\/\/iumotril.org\/sitio\/category\/ayuntamiento\/"},"img":{"alt_text":"","src":"https:\/\/i0.wp.com\/iumotril.org\/sitio\/wp-content\/uploads\/2024\/06\/09-junio-23-Gobierno-ciudad-1.jpeg?resize=350%2C200&ssl=1","width":350,"height":200,"srcset":"https:\/\/i0.wp.com\/iumotril.org\/sitio\/wp-content\/uploads\/2024\/06\/09-junio-23-Gobierno-ciudad-1.jpeg?resize=350%2C200&ssl=1 1x, https:\/\/i0.wp.com\/iumotril.org\/sitio\/wp-content\/uploads\/2024\/06\/09-junio-23-Gobierno-ciudad-1.jpeg?resize=525%2C300&ssl=1 1.5x, https:\/\/i0.wp.com\/iumotril.org\/sitio\/wp-content\/uploads\/2024\/06\/09-junio-23-Gobierno-ciudad-1.jpeg?resize=700%2C400&ssl=1 2x, https:\/\/i0.wp.com\/iumotril.org\/sitio\/wp-content\/uploads\/2024\/06\/09-junio-23-Gobierno-ciudad-1.jpeg?resize=1050%2C600&ssl=1 3x, https:\/\/i0.wp.com\/iumotril.org\/sitio\/wp-content\/uploads\/2024\/06\/09-junio-23-Gobierno-ciudad-1.jpeg?resize=1400%2C800&ssl=1 4x"},"classes":[]},{"id":10798,"url":"https:\/\/iumotril.org\/sitio\/celebramos-que-se-avance-en-el-procesamiento-de-la-alcaldesa-de-motril\/","url_meta":{"origin":10676,"position":2},"title":"Celebramos que se avance en el procesamiento de la alcaldesa de Motril","author":"Izquierda Unida Motril","date":"26 septiembre, 2025","format":false,"excerpt":"Este procedimiento es un paso m\u00e1s en la investigaci\u00f3n que se est\u00e1 realizando en la causa por malversaci\u00f3n de caudales p\u00fablicos que hay contra la popular y que dar\u00e1 paso a un auto de hechos justificables, al escrito de acusaci\u00f3n y finalmente, si todo sigue el camino marcado, a la\u2026","rel":"","context":"En \u00abAyuntamiento\u00bb","block_context":{"text":"Ayuntamiento","link":"https:\/\/iumotril.org\/sitio\/category\/ayuntamiento\/"},"img":{"alt_text":"","src":"https:\/\/i0.wp.com\/iumotril.org\/sitio\/wp-content\/uploads\/2023\/04\/Luisa-y-Juanma.jpg?resize=350%2C200&ssl=1","width":350,"height":200,"srcset":"https:\/\/i0.wp.com\/iumotril.org\/sitio\/wp-content\/uploads\/2023\/04\/Luisa-y-Juanma.jpg?resize=350%2C200&ssl=1 1x, https:\/\/i0.wp.com\/iumotril.org\/sitio\/wp-content\/uploads\/2023\/04\/Luisa-y-Juanma.jpg?resize=525%2C300&ssl=1 1.5x, https:\/\/i0.wp.com\/iumotril.org\/sitio\/wp-content\/uploads\/2023\/04\/Luisa-y-Juanma.jpg?resize=700%2C400&ssl=1 2x, https:\/\/i0.wp.com\/iumotril.org\/sitio\/wp-content\/uploads\/2023\/04\/Luisa-y-Juanma.jpg?resize=1050%2C600&ssl=1 3x"},"classes":[]},{"id":7988,"url":"https:\/\/iumotril.org\/sitio\/iu-equo-exige-la-dimision-inmediata-de-la-alcaldesa-de-motril-al-apreciar-la-fiscalia-la-comision-de-un-delito-continuado-de-malversacion-de-caudales-publicos\/","url_meta":{"origin":10676,"position":3},"title":"IU-Equo exige la dimisi\u00f3n inmediata de la alcaldesa de Motril al apreciar la Fiscal\u00eda la comisi\u00f3n de un delito continuado de malversaci\u00f3n de caudales p\u00fablicos","author":"Izquierda Unida Motril","date":"15 febrero, 2022","format":false,"excerpt":"IU-Equo considera que Luisa Garc\u00eda Chamorro no puede continuar \u201cni un minuto m\u00e1s\u201d al frente de la alcald\u00eda de Motril tras se\u00f1alar la Fiscal\u00eda que indiciariamente \u201corden\u00f3 en su beneficio la realizaci\u00f3n de transferencias por valor total de 4.600 euros de la cuenta del Grupo municipal del PP de Motril\u2026","rel":"","context":"En \u00abAyuntamiento\u00bb","block_context":{"text":"Ayuntamiento","link":"https:\/\/iumotril.org\/sitio\/category\/ayuntamiento\/"},"img":{"alt_text":"","src":"https:\/\/i0.wp.com\/iumotril.org\/sitio\/wp-content\/uploads\/2022\/01\/IMG-4246-scaled.jpg?resize=350%2C200","width":350,"height":200,"srcset":"https:\/\/i0.wp.com\/iumotril.org\/sitio\/wp-content\/uploads\/2022\/01\/IMG-4246-scaled.jpg?resize=350%2C200 1x, https:\/\/i0.wp.com\/iumotril.org\/sitio\/wp-content\/uploads\/2022\/01\/IMG-4246-scaled.jpg?resize=525%2C300 1.5x, https:\/\/i0.wp.com\/iumotril.org\/sitio\/wp-content\/uploads\/2022\/01\/IMG-4246-scaled.jpg?resize=700%2C400 2x, https:\/\/i0.wp.com\/iumotril.org\/sitio\/wp-content\/uploads\/2022\/01\/IMG-4246-scaled.jpg?resize=1050%2C600 3x, https:\/\/i0.wp.com\/iumotril.org\/sitio\/wp-content\/uploads\/2022\/01\/IMG-4246-scaled.jpg?resize=1400%2C800 4x"},"classes":[]},{"id":9971,"url":"https:\/\/iumotril.org\/sitio\/luisa-debe-dimitir\/","url_meta":{"origin":10676,"position":4},"title":"Luisa debe dimitir","author":"Izquierda Unida Motril","date":"4 junio, 2024","format":false,"excerpt":"la justicia considera \u201cveros\u00edmil\u201d que la alcaldesa recibi\u00f3 en sus cuentas particulares diversos abonos de cantidades desde su Grupo municipal en el Ayuntamiento de Motril y desde su Grupo pol\u00edtico en la Diputaci\u00f3n de Granada, un dinero p\u00fablico que utiliz\u00f3, en parte, para el pago de una multa impuesta por\u2026","rel":"","context":"En \u00abAyuntamiento\u00bb","block_context":{"text":"Ayuntamiento","link":"https:\/\/iumotril.org\/sitio\/category\/ayuntamiento\/"},"img":{"alt_text":"","src":"https:\/\/i0.wp.com\/iumotril.org\/sitio\/wp-content\/uploads\/2024\/06\/Luisa-debe-dimitir-2.jpg?resize=350%2C200&ssl=1","width":350,"height":200,"srcset":"https:\/\/i0.wp.com\/iumotril.org\/sitio\/wp-content\/uploads\/2024\/06\/Luisa-debe-dimitir-2.jpg?resize=350%2C200&ssl=1 1x, https:\/\/i0.wp.com\/iumotril.org\/sitio\/wp-content\/uploads\/2024\/06\/Luisa-debe-dimitir-2.jpg?resize=525%2C300&ssl=1 1.5x, https:\/\/i0.wp.com\/iumotril.org\/sitio\/wp-content\/uploads\/2024\/06\/Luisa-debe-dimitir-2.jpg?resize=700%2C400&ssl=1 2x"},"classes":[]},{"id":10082,"url":"https:\/\/iumotril.org\/sitio\/iu-verdes-equo-reitera-su-exigencia-a-garcia-chamorro-de-que-renuncie-a-la-alcaldia-de-motril\/","url_meta":{"origin":10676,"position":5},"title":"IU Verdes Equo reitera su exigencia a Garc\u00eda Chamorro de que renuncie a la alcald\u00eda de Motril","author":"Izquierda Unida Motril","date":"24 julio, 2024","format":false,"excerpt":"Seg\u00fan el edil de la formaci\u00f3n, no deja de ser llamativo que este proceso se est\u00e9 dilatando de esta forma en el tiempo, cuando estamos asistiendo a otras actuaciones judiciales que se est\u00e1n resolviendo con una celeridad inusitada. En tres meses de instrucci\u00f3n, un juez ha citado a declarar a\u2026","rel":"","context":"En \u00abAyuntamiento\u00bb","block_context":{"text":"Ayuntamiento","link":"https:\/\/iumotril.org\/sitio\/category\/ayuntamiento\/"},"img":{"alt_text":"","src":"https:\/\/i0.wp.com\/iumotril.org\/sitio\/wp-content\/uploads\/2024\/06\/Luisa-debe-dimitir-2.jpg?resize=350%2C200&ssl=1","width":350,"height":200,"srcset":"https:\/\/i0.wp.com\/iumotril.org\/sitio\/wp-content\/uploads\/2024\/06\/Luisa-debe-dimitir-2.jpg?resize=350%2C200&ssl=1 1x, https:\/\/i0.wp.com\/iumotril.org\/sitio\/wp-content\/uploads\/2024\/06\/Luisa-debe-dimitir-2.jpg?resize=525%2C300&ssl=1 1.5x, https:\/\/i0.wp.com\/iumotril.org\/sitio\/wp-content\/uploads\/2024\/06\/Luisa-debe-dimitir-2.jpg?resize=700%2C400&ssl=1 2x"},"classes":[]}],"jetpack_likes_enabled":true,"_links":{"self":[{"href":"https:\/\/iumotril.org\/sitio\/wp-json\/wp\/v2\/posts\/10676","targetHints":{"allow":["GET"]}}],"collection":[{"href":"https:\/\/iumotril.org\/sitio\/wp-json\/wp\/v2\/posts"}],"about":[{"href":"https:\/\/iumotril.org\/sitio\/wp-json\/wp\/v2\/types\/post"}],"author":[{"embeddable":true,"href":"https:\/\/iumotril.org\/sitio\/wp-json\/wp\/v2\/users\/1"}],"replies":[{"embeddable":true,"href":"https:\/\/iumotril.org\/sitio\/wp-json\/wp\/v2\/comments?post=10676"}],"version-history":[{"count":5,"href":"https:\/\/iumotril.org\/sitio\/wp-json\/wp\/v2\/posts\/10676\/revisions"}],"predecessor-version":[{"id":10684,"href":"https:\/\/iumotril.org\/sitio\/wp-json\/wp\/v2\/posts\/10676\/revisions\/10684"}],"wp:featuredmedia":[{"embeddable":true,"href":"https:\/\/iumotril.org\/sitio\/wp-json\/wp\/v2\/media\/9019"}],"wp:attachment":[{"href":"https:\/\/iumotril.org\/sitio\/wp-json\/wp\/v2\/media?parent=10676"}],"wp:term":[{"taxonomy":"category","embeddable":true,"href":"https:\/\/iumotril.org\/sitio\/wp-json\/wp\/v2\/categories?post=10676"},{"taxonomy":"post_tag","embeddable":true,"href":"https:\/\/iumotril.org\/sitio\/wp-json\/wp\/v2\/tags?post=10676"}],"curies":[{"name":"wp","href":"https:\/\/api.w.org\/{rel}","templated":true}]}}