{"id":10669,"date":"2025-06-20T12:11:30","date_gmt":"2025-06-20T10:11:30","guid":{"rendered":"https:\/\/iumotril.org\/sitio\/?p=10669"},"modified":"2025-06-20T12:11:30","modified_gmt":"2025-06-20T10:11:30","slug":"iu-verdes-equo-critica-que-el-mal-estado-de-la-estacion-de-autobuses-continue","status":"publish","type":"post","link":"https:\/\/iumotril.org\/sitio\/iu-verdes-equo-critica-que-el-mal-estado-de-la-estacion-de-autobuses-continue\/","title":{"rendered":"IU Verdes Equo critica que el mal estado de la estaci\u00f3n de autobuses contin\u00fae"},"content":{"rendered":"<h3><strong><span style=\"color: #993300;\">La formaci\u00f3n de izquierdas denuncia que los graves problemas de la estaci\u00f3n de autobuses persisten ante la pasividad el gobierno de Garc\u00eda Chamorro incapaces de gestionar el d\u00eda a d\u00eda del municipio<\/span><\/strong><\/h3>\n<p>La portavoz municipal de IU Verdes Equo, Inma Omiste, ha criticado que casi <strong>seis meses despu\u00e9s de las primeras denuncias p\u00fablicas<\/strong> del mal estado de la estaci\u00f3n de autobuses, a\u00fan no se haya hecho ning\u00fan arreglo ni nada por mejorar las instalaciones.<\/p>\n<p>Ha recordado como ya en el mes de abril ante una pregunta sobre el estado de la estaci\u00f3n la respuesta del concejal responsable del \u00e1rea fue que \u201ccontinuaban valorando la situaci\u00f3n y determinando las posibles soluciones\u201d. Pues dos meses despu\u00e9s <strong>deben seguir valorando qu\u00e9 hacer.<\/strong> Esto es ser un incompetente en la gesti\u00f3n. &#8211; ha sentenciado Omiste<\/p>\n<p>La <strong>falta de control municipal sobre las concesiones administrativas<\/strong> es inadmisible y nos est\u00e1 llevando a situaciones como estas, a pesar de que desde el a\u00f1o 2020, con Garc\u00eda Chamorro como alcaldesa, se aprob\u00f3 un plan de acci\u00f3n para el control y seguimiento de las concesiones administrativas del Ayto., tras la recomendaci\u00f3n hecha por la C\u00e1mara de Cuentas y ante los sucesivos requerimientos de la intervenci\u00f3n municipal para poner en orden las mismas, para evitar precisamente situaciones como esta, pero hasta la fecha poco o nada se ha hecho al respecto.<\/p>\n<figure id=\"attachment_10671\" aria-describedby=\"caption-attachment-10671\" style=\"width: 640px\" class=\"wp-caption alignleft\"><img loading=\"lazy\" decoding=\"async\" data-attachment-id=\"10671\" data-permalink=\"https:\/\/iumotril.org\/sitio\/iu-verdes-equo-critica-que-el-mal-estado-de-la-estacion-de-autobuses-continue\/inma-estacion-buses-19-junio\/\" data-orig-file=\"https:\/\/iumotril.org\/sitio\/wp-content\/uploads\/2025\/06\/Inma-estacion-buses-19-junio.jpg\" data-orig-size=\"1536,2048\" data-comments-opened=\"1\" data-image-meta=\"{&quot;aperture&quot;:&quot;0&quot;,&quot;credit&quot;:&quot;&quot;,&quot;camera&quot;:&quot;&quot;,&quot;caption&quot;:&quot;&quot;,&quot;created_timestamp&quot;:&quot;0&quot;,&quot;copyright&quot;:&quot;&quot;,&quot;focal_length&quot;:&quot;0&quot;,&quot;iso&quot;:&quot;0&quot;,&quot;shutter_speed&quot;:&quot;0&quot;,&quot;title&quot;:&quot;&quot;,&quot;orientation&quot;:&quot;0&quot;}\" data-image-title=\"Inma estacio\u0301n buses 19 junio\" data-image-description=\"\" data-image-caption=\"\" data-large-file=\"https:\/\/iumotril.org\/sitio\/wp-content\/uploads\/2025\/06\/Inma-estacion-buses-19-junio-768x1024.jpg\" class=\"wp-image-10671 size-large\" src=\"https:\/\/iumotril.org\/sitio\/wp-content\/uploads\/2025\/06\/Inma-estacion-buses-19-junio-768x1024.jpg\" alt=\"\" width=\"640\" height=\"853\" srcset=\"https:\/\/iumotril.org\/sitio\/wp-content\/uploads\/2025\/06\/Inma-estacion-buses-19-junio-768x1024.jpg 768w, https:\/\/iumotril.org\/sitio\/wp-content\/uploads\/2025\/06\/Inma-estacion-buses-19-junio-225x300.jpg 225w, https:\/\/iumotril.org\/sitio\/wp-content\/uploads\/2025\/06\/Inma-estacion-buses-19-junio-1152x1536.jpg 1152w, https:\/\/iumotril.org\/sitio\/wp-content\/uploads\/2025\/06\/Inma-estacion-buses-19-junio.jpg 1536w\" sizes=\"auto, (max-width: 640px) 100vw, 640px\" \/><figcaption id=\"caption-attachment-10671\" class=\"wp-caption-text\">Inma Omiste, portavoz del Grupo municipal de IU Verdes Equo<\/figcaption><\/figure>\n<p>En el caso concreto de la estaci\u00f3n de autobuses ya se pon\u00eda de manifiesto que \u201cdesde el servicio responsable no se hab\u00eda llevado a cabo el control y seguimiento del cumplimiento de las obligaciones recogidas en el pliego de prescripciones, se\u00f1alando en el contrato que la inspecci\u00f3n directa de la explotaci\u00f3n de los servicios de la estaci\u00f3n de autobuses corresponde al Ayto. de Motril y ser\u00eda ejercida por los t\u00e9cnicos de transportes\u201d.<\/p>\n<p>Por lo que no nos sorprendi\u00f3 que el Gobierno Local se enterarse de la existencia de desperfectos a trav\u00e9s de las quejas de los usuarios en las redes sociales, lo que si sorprende es que<strong> meses despu\u00e9s no hayan hecho nada para solucionar los problemas de la cubierta<\/strong> y de paso dejar de dar <strong>una imagen lamentable a los visitantes.<\/strong><\/p>\n<p>Estamos ya en campa\u00f1a de verano, el lunes es San Juan y previsiblemente tendremos muchos visitantes y lo que se van a encontrar es una ciudad sucia, a pesar de los intentos de Garcia Chamorro de presentar la <strong>privatizaci\u00f3n del servicio de limpieza<\/strong> como la soluci\u00f3n a todos los males, con una ciudad que tiene una estaci\u00f3n de autobuses con graves desperfectos, con los <strong>museos cerrados<\/strong> pero con <strong>contendores expuestos en las plazas<\/strong> como si fueran obras de arte, con las<strong> aceras sucias y llenas vegetaci\u00f3n<\/strong> que crece sin control, con <strong>parques infantiles sin columpios,<\/strong> con la llamada revegetaci\u00f3n de la playa de poniente llena de ca\u00f1averas y ricino por utilizar tierra sin limpiar de semillas, y un largo etc\u00e9tera.<\/p>\n<p>Esta es la realidad de Motril que tiene <strong>un gobierno de las derechas dedicado a las campa\u00f1as publicitarias y fotograf\u00eda<\/strong>s, pero los problemas reales son incapaces de resolverlos y poco nos pasa teniendo en cuenta el poco trabajo resolutivo y efectivo que realizan- ha recalcado Omiste.<\/p>\n<p>Acabar con los problemas de la estaci\u00f3n de autobuses, y de paso lograr tener una buena imagen de cara a los visitantes, ser\u00eda el resultado de una gesti\u00f3n responsable y eficaz, algo que el gobierno de Garc\u00eda Chamorro ha demostrado sobradamente que es incapaz de hacer.<\/p>\n","protected":false},"excerpt":{"rendered":"<p>La falta de control municipal sobre las concesiones administrativas es inadmisible y nos est\u00e1 llevando a situaciones como estas, a pesar de que desde el a\u00f1o 2020, con Garc\u00eda Chamorro como alcaldesa, se aprob\u00f3 un plan de acci\u00f3n para el control y seguimiento de las concesiones administrativas del Ayto., tras la recomendaci\u00f3n hecha por la C\u00e1mara de Cuentas y ante los sucesivos requerimientos de la intervenci\u00f3n municipal para poner en orden las mismas, para evitar precisamente situaciones como esta, pero hasta la fecha poco o nada se ha hecho al respecto.<br \/>\nEn el caso concreto de la estaci\u00f3n de autobuses ya se pon\u00eda de manifiesto que \u201cdesde el servicio responsable no se hab\u00eda llevado a cabo el control y seguimiento del cumplimiento de las obligaciones recogidas en el pliego de prescripciones, se\u00f1alando en el contrato que la inspecci\u00f3n directa de la explotaci\u00f3n de los servicios de la estaci\u00f3n de autobuses corresponde al Ayto. de Motril y ser\u00eda ejercida por los t\u00e9cnicos de transportes\u201d.<br \/>\nPor lo que no nos sorprendi\u00f3 que el Gobierno Local se enterarse de la existencia de desperfectos a trav\u00e9s de las quejas de los usuarios en las redes sociales, lo que si sorprende es que meses despu\u00e9s no hayan hecho nada para solucionar los problemas de la cubierta y de paso dejar de dar una imagen lamentable a los visitantes.<br \/>\nEstamos ya en campa\u00f1a de verano, el lunes es San Juan y previsiblemente tendremos muchos visitantes y lo que se van a encontrar es una ciudad sucia, a pesar de los intentos de Garcia Chamorro de presentar la privatizaci\u00f3n del servicio de limpieza como la soluci\u00f3n a todos los males, con una ciudad que tiene una estaci\u00f3n de autobuses con graves desperfectos, con los museos cerrados pero con contendores expuestos en las plazas como si fueran obras de arte, con las aceras sucias y llenas vegetaci\u00f3n que crece sin control, con parques infantiles sin columpios, con la llamada revegetaci\u00f3n de la playa de poniente llena de ca\u00f1averas y ricino por utilizar tierra sin limpiar de semillas, y un largo etc\u00e9tera.<\/p>\n","protected":false},"author":1,"featured_media":10671,"comment_status":"open","ping_status":"open","sticky":false,"template":"","format":"standard","meta":{"cybocfi_hide_featured_image":"","_jetpack_newsletter_access":"","_jetpack_dont_email_post_to_subs":false,"_jetpack_newsletter_tier_id":0,"_jetpack_memberships_contains_paywalled_content":false,"_jetpack_memberships_contains_paid_content":false,"footnotes":""},"categories":[7,177,375,265],"tags":[2274,819,27,666,2319,2320,566],"class_list":["post-10669","post","type-post","status-publish","format-standard","has-post-thumbnail","hentry","category-ayuntamiento","category-ciudad","category-denuncia","category-esta-pasando","tag-concesiones-administrativas","tag-dejadez","tag-deterioro","tag-estacion-buses","tag-falta-de-controles","tag-imagen","tag-incompetencia"],"jetpack_featured_media_url":"https:\/\/iumotril.org\/sitio\/wp-content\/uploads\/2025\/06\/Inma-estacion-buses-19-junio.jpg","jetpack_sharing_enabled":true,"jetpack_shortlink":"https:\/\/wp.me\/p4QsU5-2M5","jetpack-related-posts":[{"id":10590,"url":"https:\/\/iumotril.org\/sitio\/iu-verdes-equo-critica-el-que-el-mal-estado-de-la-estacion-de-autobuses\/","url_meta":{"origin":10669,"position":0},"title":"IU Verdes Equo critica el que el mal estado de la estaci\u00f3n de autobuses","author":"Izquierda Unida Motril","date":"30 abril, 2025","format":false,"excerpt":"La formaci\u00f3n de izquierdas denuncia que los graves problemas de la estaci\u00f3n de autobuses persisten ante la pasividad el gobierno de Garc\u00eda Chamorro incapaces de gestionar el d\u00eda a d\u00eda del municipio. Adem\u00e1s, el Gobierno de las derechas sigue sin establecer ning\u00fan tipo de control sobre las concesiones administrativas, a\u2026","rel":"","context":"En \u00abAyuntamiento\u00bb","block_context":{"text":"Ayuntamiento","link":"https:\/\/iumotril.org\/sitio\/category\/ayuntamiento\/"},"img":{"alt_text":"","src":"https:\/\/i0.wp.com\/iumotril.org\/sitio\/wp-content\/uploads\/2025\/04\/inma-estacion-autobuses-scaled.jpg?resize=350%2C200&ssl=1","width":350,"height":200,"srcset":"https:\/\/i0.wp.com\/iumotril.org\/sitio\/wp-content\/uploads\/2025\/04\/inma-estacion-autobuses-scaled.jpg?resize=350%2C200&ssl=1 1x, https:\/\/i0.wp.com\/iumotril.org\/sitio\/wp-content\/uploads\/2025\/04\/inma-estacion-autobuses-scaled.jpg?resize=525%2C300&ssl=1 1.5x, https:\/\/i0.wp.com\/iumotril.org\/sitio\/wp-content\/uploads\/2025\/04\/inma-estacion-autobuses-scaled.jpg?resize=700%2C400&ssl=1 2x, https:\/\/i0.wp.com\/iumotril.org\/sitio\/wp-content\/uploads\/2025\/04\/inma-estacion-autobuses-scaled.jpg?resize=1050%2C600&ssl=1 3x, https:\/\/i0.wp.com\/iumotril.org\/sitio\/wp-content\/uploads\/2025\/04\/inma-estacion-autobuses-scaled.jpg?resize=1400%2C800&ssl=1 4x"},"classes":[]},{"id":7020,"url":"https:\/\/iumotril.org\/sitio\/iu-equo-pide-mejoras-en-el-entorno-de-la-estacion-de-autobuses\/","url_meta":{"origin":10669,"position":1},"title":"IU-Equo pide mejoras en el entorno de la estaci\u00f3n de autobuses","author":"Izquierda Unida Motril","date":"17 diciembre, 2020","format":false,"excerpt":"Ha denunciado que cinco a\u00f1os despu\u00e9s de la inauguraci\u00f3n de la nueva estaci\u00f3n de autobuses de Motril \u00e9sta sigue presentando las mismas deficiencias que el d\u00eda despu\u00e9s de su apertura y puesta en funcionamiento. En concreto, se ha referido al aparcamiento improvisado, sin pavimentar, sin iluminaci\u00f3n ni se\u00f1alizaci\u00f3n alguna, a\u2026","rel":"","context":"En \u00abAyuntamiento\u00bb","block_context":{"text":"Ayuntamiento","link":"https:\/\/iumotril.org\/sitio\/category\/ayuntamiento\/"},"img":{"alt_text":"","src":"https:\/\/i0.wp.com\/iumotril.org\/sitio\/wp-content\/uploads\/2020\/10\/Jose-e-Inma-27-octubre_3-1024x768.jpg?resize=350%2C200","width":350,"height":200,"srcset":"https:\/\/i0.wp.com\/iumotril.org\/sitio\/wp-content\/uploads\/2020\/10\/Jose-e-Inma-27-octubre_3-1024x768.jpg?resize=350%2C200 1x, https:\/\/i0.wp.com\/iumotril.org\/sitio\/wp-content\/uploads\/2020\/10\/Jose-e-Inma-27-octubre_3-1024x768.jpg?resize=525%2C300 1.5x"},"classes":[]},{"id":10942,"url":"https:\/\/iumotril.org\/sitio\/iu-denuncia-el-deficiente-estado-de-mantenimiento-de-las-instalaciones-y-edificios-publicos\/","url_meta":{"origin":10669,"position":2},"title":"IU denuncia el deficiente estado de mantenimiento de las instalaciones y edificios p\u00fablicos.","author":"Izquierda Unida Motril","date":"2 febrero, 2026","format":false,"excerpt":"La portavoz de IU en el Ayuntamiento de Motril, Inma Omiste, ha denunciado la falta de mantenimiento de las instalaciones municipales y acusa al Gobierno de Garcia Chamorro de incompetencia en la gesti\u00f3n del d\u00eda a d\u00eda. Las declaraciones del concejal responsable del \u00e1rea sobre el arreglo de la cubierta\u2026","rel":"","context":"En \u00abAyuntamiento\u00bb","block_context":{"text":"Ayuntamiento","link":"https:\/\/iumotril.org\/sitio\/category\/ayuntamiento\/"},"img":{"alt_text":"","src":"https:\/\/i0.wp.com\/iumotril.org\/sitio\/wp-content\/uploads\/2025\/10\/INMA-PABELLON-1-scaled.jpeg?resize=350%2C200&ssl=1","width":350,"height":200,"srcset":"https:\/\/i0.wp.com\/iumotril.org\/sitio\/wp-content\/uploads\/2025\/10\/INMA-PABELLON-1-scaled.jpeg?resize=350%2C200&ssl=1 1x, https:\/\/i0.wp.com\/iumotril.org\/sitio\/wp-content\/uploads\/2025\/10\/INMA-PABELLON-1-scaled.jpeg?resize=525%2C300&ssl=1 1.5x, https:\/\/i0.wp.com\/iumotril.org\/sitio\/wp-content\/uploads\/2025\/10\/INMA-PABELLON-1-scaled.jpeg?resize=700%2C400&ssl=1 2x, https:\/\/i0.wp.com\/iumotril.org\/sitio\/wp-content\/uploads\/2025\/10\/INMA-PABELLON-1-scaled.jpeg?resize=1050%2C600&ssl=1 3x, https:\/\/i0.wp.com\/iumotril.org\/sitio\/wp-content\/uploads\/2025\/10\/INMA-PABELLON-1-scaled.jpeg?resize=1400%2C800&ssl=1 4x"},"classes":[]},{"id":10508,"url":"https:\/\/iumotril.org\/sitio\/descontrol-de-las-concesiones-administrativas-municipales\/","url_meta":{"origin":10669,"position":3},"title":"Descontrol de las concesiones administrativas municipales","author":"Izquierda Unida Motril","date":"25 marzo, 2025","format":false,"excerpt":"En el informe de intervenci\u00f3n sobre las concesiones del a\u00f1o 2018 se\u00f1alaba las dificultades para saber el n\u00famero exacto de concesiones porque no exist\u00eda \u00e1rea o servicio responsable de centralizarlas, as\u00ed como informaba de la existencia concesiones que hab\u00edan iniciado su actividad sin licencia municipal, que algunas no abonaban el\u2026","rel":"","context":"En \u00abCiudad\u00bb","block_context":{"text":"Ciudad","link":"https:\/\/iumotril.org\/sitio\/category\/ciudad\/"},"img":{"alt_text":"","src":"https:\/\/i0.wp.com\/iumotril.org\/sitio\/wp-content\/uploads\/2025\/03\/pena-estacion-buses-Motril.jpeg?resize=350%2C200&ssl=1","width":350,"height":200,"srcset":"https:\/\/i0.wp.com\/iumotril.org\/sitio\/wp-content\/uploads\/2025\/03\/pena-estacion-buses-Motril.jpeg?resize=350%2C200&ssl=1 1x, https:\/\/i0.wp.com\/iumotril.org\/sitio\/wp-content\/uploads\/2025\/03\/pena-estacion-buses-Motril.jpeg?resize=525%2C300&ssl=1 1.5x, https:\/\/i0.wp.com\/iumotril.org\/sitio\/wp-content\/uploads\/2025\/03\/pena-estacion-buses-Motril.jpeg?resize=700%2C400&ssl=1 2x, https:\/\/i0.wp.com\/iumotril.org\/sitio\/wp-content\/uploads\/2025\/03\/pena-estacion-buses-Motril.jpeg?resize=1050%2C600&ssl=1 3x, https:\/\/i0.wp.com\/iumotril.org\/sitio\/wp-content\/uploads\/2025\/03\/pena-estacion-buses-Motril.jpeg?resize=1400%2C800&ssl=1 4x"},"classes":[]},{"id":2649,"url":"https:\/\/iumotril.org\/sitio\/izquierda-unida-reclama-mayores-inversiones-en-infraestructuras-para-motril\/","url_meta":{"origin":10669,"position":4},"title":"IZQUIERDA UNIDA RECLAMA MAYORES INVERSIONES EN INFRAESTRUCTURAS PARA MOTRIL","author":"Izquierda Unida Motril","date":"17 enero, 2017","format":false,"excerpt":"IU-Motril ha celebrado que, por fin, la nueva estaci\u00f3n de autobuses haya entrado en funcionamiento despu\u00e9s de los reiterados anuncios e inauguraciones fantasmas que se han venido realizando durante los \u00faltimos meses con objetivos \u00fanicamente propagand\u00edsticos. No obstante, considera que Motril est\u00e1 abandonado por la Junta de Andaluc\u00eda, por la\u2026","rel":"","context":"En \u00abEST\u00c1 PASANDO\u00bb","block_context":{"text":"EST\u00c1 PASANDO","link":"https:\/\/iumotril.org\/sitio\/category\/esta-pasando\/"},"img":{"alt_text":"","src":"https:\/\/i0.wp.com\/iumotril.org\/sitio\/wp-content\/uploads\/2017\/01\/Estacion-Buses.jpg?resize=350%2C200","width":350,"height":200,"srcset":"https:\/\/i0.wp.com\/iumotril.org\/sitio\/wp-content\/uploads\/2017\/01\/Estacion-Buses.jpg?resize=350%2C200 1x, https:\/\/i0.wp.com\/iumotril.org\/sitio\/wp-content\/uploads\/2017\/01\/Estacion-Buses.jpg?resize=525%2C300 1.5x, https:\/\/i0.wp.com\/iumotril.org\/sitio\/wp-content\/uploads\/2017\/01\/Estacion-Buses.jpg?resize=700%2C400 2x"},"classes":[]},{"id":2317,"url":"https:\/\/iumotril.org\/sitio\/izquierda-unida-critica-el-nuevo-retraso-en-la-apertura-de-la-estacion-de-autobuses\/","url_meta":{"origin":10669,"position":5},"title":"Izquierda Unida critica el nuevo retraso en la apertura de la Estaci\u00f3n de Autobuses","author":"Izquierda Unida Motril","date":"5 agosto, 2016","format":false,"excerpt":"La portavoz municipal de Izquierda Unida ha criticado la deficiente gesti\u00f3n en el procedimiento para la puesta en funcionamiento de la estaci\u00f3n, que ha culminado hoy con la aprobaci\u00f3n, por parte de todos los grupos, del inicio de su tramitaci\u00f3n. Daniela Paqu\u00e9 ha recordado que el impulso definitivo para la\u2026","rel":"","context":"En \u00abEST\u00c1 PASANDO\u00bb","block_context":{"text":"EST\u00c1 PASANDO","link":"https:\/\/iumotril.org\/sitio\/category\/esta-pasando\/"},"img":{"alt_text":"Trece Rosas","src":"https:\/\/i0.wp.com\/iumotril.org\/sitio\/wp-content\/uploads\/2016\/08\/Trece-Rosas-1024x768.jpg?resize=350%2C200","width":350,"height":200,"srcset":"https:\/\/i0.wp.com\/iumotril.org\/sitio\/wp-content\/uploads\/2016\/08\/Trece-Rosas-1024x768.jpg?resize=350%2C200 1x, https:\/\/i0.wp.com\/iumotril.org\/sitio\/wp-content\/uploads\/2016\/08\/Trece-Rosas-1024x768.jpg?resize=525%2C300 1.5x"},"classes":[]}],"jetpack_likes_enabled":true,"_links":{"self":[{"href":"https:\/\/iumotril.org\/sitio\/wp-json\/wp\/v2\/posts\/10669","targetHints":{"allow":["GET"]}}],"collection":[{"href":"https:\/\/iumotril.org\/sitio\/wp-json\/wp\/v2\/posts"}],"about":[{"href":"https:\/\/iumotril.org\/sitio\/wp-json\/wp\/v2\/types\/post"}],"author":[{"embeddable":true,"href":"https:\/\/iumotril.org\/sitio\/wp-json\/wp\/v2\/users\/1"}],"replies":[{"embeddable":true,"href":"https:\/\/iumotril.org\/sitio\/wp-json\/wp\/v2\/comments?post=10669"}],"version-history":[{"count":4,"href":"https:\/\/iumotril.org\/sitio\/wp-json\/wp\/v2\/posts\/10669\/revisions"}],"predecessor-version":[{"id":10674,"href":"https:\/\/iumotril.org\/sitio\/wp-json\/wp\/v2\/posts\/10669\/revisions\/10674"}],"wp:featuredmedia":[{"embeddable":true,"href":"https:\/\/iumotril.org\/sitio\/wp-json\/wp\/v2\/media\/10671"}],"wp:attachment":[{"href":"https:\/\/iumotril.org\/sitio\/wp-json\/wp\/v2\/media?parent=10669"}],"wp:term":[{"taxonomy":"category","embeddable":true,"href":"https:\/\/iumotril.org\/sitio\/wp-json\/wp\/v2\/categories?post=10669"},{"taxonomy":"post_tag","embeddable":true,"href":"https:\/\/iumotril.org\/sitio\/wp-json\/wp\/v2\/tags?post=10669"}],"curies":[{"name":"wp","href":"https:\/\/api.w.org\/{rel}","templated":true}]}}