{"id":10596,"date":"2025-04-30T13:32:57","date_gmt":"2025-04-30T11:32:57","guid":{"rendered":"https:\/\/iumotril.org\/sitio\/?p=10596"},"modified":"2025-04-30T18:12:07","modified_gmt":"2025-04-30T16:12:07","slug":"1-de-mayo-proteger-lo-conquistado-ganar-futuro","status":"publish","type":"post","link":"https:\/\/iumotril.org\/sitio\/1-de-mayo-proteger-lo-conquistado-ganar-futuro\/","title":{"rendered":"1\u00ba de Mayo. Proteger lo conquistado, ganar futuro."},"content":{"rendered":"<p>El jueves, 1 de mayo se celebra el <strong>D\u00eda Internacional de los Trabajadores<\/strong> con el lema <strong><em>Proteger lo conquistado, ganar el futuro.<\/em><\/strong> Con motivo de su celebraci\u00f3n tendr\u00e1n lugar diversas movilizaciones, que\u00a0 desde Izquierda Unida Motril llamamos a apoyar participando en ellas, una vez m\u00e1s, <strong>en defensa de los derechos laborales.<\/strong><\/p>\n<p><strong>En Motril<\/strong> la manifestaci\u00f3n saldr\u00e1 <strong>a las 12 del mediod\u00eda<\/strong> desde la <strong>Avendia P\u00edo XII (Pza de las Mercedarias)<\/strong>.<\/p>\n<p><strong>En Granada<\/strong>, saldr\u00e1n dos manifestaciones, que partir\u00e1n as las <strong>11:30 horas desde Plaza Nueva y a las 12 horas desde Triunfo.<\/strong><\/p>\n<p><img loading=\"lazy\" decoding=\"async\" data-attachment-id=\"10595\" data-permalink=\"https:\/\/iumotril.org\/sitio\/1-de-mayo-proteger-lo-conquistado-ganar-futuro\/photo-2025-04-30-08-34-36\/\" data-orig-file=\"https:\/\/iumotril.org\/sitio\/wp-content\/uploads\/2025\/04\/PHOTO-2025-04-30-08-34-36.jpg\" data-orig-size=\"687,626\" data-comments-opened=\"1\" data-image-meta=\"{&quot;aperture&quot;:&quot;0&quot;,&quot;credit&quot;:&quot;&quot;,&quot;camera&quot;:&quot;&quot;,&quot;caption&quot;:&quot;&quot;,&quot;created_timestamp&quot;:&quot;0&quot;,&quot;copyright&quot;:&quot;&quot;,&quot;focal_length&quot;:&quot;0&quot;,&quot;iso&quot;:&quot;0&quot;,&quot;shutter_speed&quot;:&quot;0&quot;,&quot;title&quot;:&quot;&quot;,&quot;orientation&quot;:&quot;0&quot;}\" data-image-title=\"PHOTO-2025-04-30-08-34-36\" data-image-description=\"\" data-image-caption=\"\" data-large-file=\"https:\/\/iumotril.org\/sitio\/wp-content\/uploads\/2025\/04\/PHOTO-2025-04-30-08-34-36.jpg\" class=\"aligncenter wp-image-10595 size-full\" src=\"https:\/\/iumotril.org\/sitio\/wp-content\/uploads\/2025\/04\/PHOTO-2025-04-30-08-34-36.jpg\" alt=\"\" width=\"687\" height=\"626\" srcset=\"https:\/\/iumotril.org\/sitio\/wp-content\/uploads\/2025\/04\/PHOTO-2025-04-30-08-34-36.jpg 687w, https:\/\/iumotril.org\/sitio\/wp-content\/uploads\/2025\/04\/PHOTO-2025-04-30-08-34-36-300x273.jpg 300w\" sizes=\"auto, (max-width: 687px) 100vw, 687px\" \/><\/p>\n<p>Este 1\u00ba de mayo se presenta no solo como una acci\u00f3n reivindicativa por los derechos de los trabajadores, sino para p<strong>elear por lo que es de todos frente a los gobiernos reaccionarios de ultraderecha.<\/strong><\/p>\n<p><strong>La reducci\u00f3n de la jornada laboral a 37,5 horas semanales<\/strong> es uno de los grandes ejes reivindicativos de este Primero de Mayo, un compromiso ya pactado con el Gobierno y que debe materializarse cuanto antes.<\/p>\n<p>Tambi\u00e9n salimos a la calle a resaltar los <strong>avances sociales y laborales logrados en los \u00faltimos a\u00f1os<\/strong>, como la <strong>subida del SMI<\/strong>, el <strong>crecimiento del empleo indefinido<\/strong> tras la reforma laboral, <strong>y la disminuci\u00f3n de la temporalidad<\/strong><\/p>\n<p>La convocatoria del 1\u00ba de Mayo tambi\u00e9n incluir\u00e1 r<strong>eivindicaciones en materia de vivienda<\/strong>, con la <strong>exigencia de un refuerzo de las pol\u00edticas p\u00fablicas<\/strong>, as\u00ed como la <strong>reclamaci\u00f3n del fin de las guerras en Ucrania y Gaza.<\/strong><\/p>\n<p>&nbsp;<\/p>\n<h3 style=\"text-align: center;\">Viva el 1\u00ba de Mayo!!<\/h3>\n<p>&nbsp;<\/p>\n","protected":false},"excerpt":{"rendered":"<p>desde Izquierda Unida Motril llamamos a la movilizaci\u00f3n ciudadana, una vez m\u00e1s, en defensa de los derechos laborales.<br \/>\nEn Motril la manifestaci\u00f3n saldr\u00e1 a las 12 del mediod\u00eda desde la Avendia P\u00edo XII (Pza de las Mercedarias).<br \/>\nEste 1\u00ba de mayo se presenta no solo como una acci\u00f3n reivindicativa por los derechos de los trabajadores, sino para pelear por lo que es de todos frente a los gobiernos reaccionarios de ultraderecha.<br \/>\nLa reducci\u00f3n de la jornada laboral a 37,5 horas semanales es uno de los grandes ejes reivindicativos de este Primero de Mayo, un compromiso ya pactado con el Gobierno y que debe materializarse cuanto antes.<br \/>\nTambi\u00e9n salimos a la calle a resaltar los avances sociales y laborales logrados en los \u00faltimos a\u00f1os, como la subida del SMI, el crecimiento del empleo indefinido tras la reforma laboral, y la disminuci\u00f3n de la temporalidad<br \/>\nLa convocatoria del 1\u00ba de Mayo tambi\u00e9n incluir\u00e1 reivindicaciones en materia de vivienda, con la exigencia de un refuerzo de las pol\u00edticas p\u00fablicas, as\u00ed como la reclamaci\u00f3n del fin de las guerras en Ucrania y Gaza.<\/p>\n","protected":false},"author":1,"featured_media":10602,"comment_status":"open","ping_status":"open","sticky":false,"template":"","format":"standard","meta":{"cybocfi_hide_featured_image":"","_jetpack_newsletter_access":"","_jetpack_dont_email_post_to_subs":false,"_jetpack_newsletter_tier_id":0,"_jetpack_memberships_contains_paywalled_content":false,"_jetpack_memberships_contains_paid_content":false,"footnotes":""},"categories":[265,1290,2295],"tags":[381,2296,2297,2298,2300,2301,1261,2299],"class_list":["post-10596","post","type-post","status-publish","format-standard","has-post-thumbnail","hentry","category-esta-pasando","category-iu-equo","category-movililzaciones","tag-movilizaciones","tag-1o-mayo","tag-2297","tag-5-horas-semanales-de-jornada","tag-avances-sociales","tag-clase-trabajadora","tag-derechos-laborales","tag-reaccion"],"jetpack_featured_media_url":"https:\/\/iumotril.org\/sitio\/wp-content\/uploads\/2025\/04\/IMG_4459.png","jetpack_sharing_enabled":true,"jetpack_shortlink":"https:\/\/wp.me\/p4QsU5-2KU","jetpack-related-posts":[{"id":9078,"url":"https:\/\/iumotril.org\/sitio\/izquierda-unida-y-verdes-equo-animan-a-participar-en-la-manifestacion-del-1a-de-mayo-en-motril\/","url_meta":{"origin":10596,"position":0},"title":"Izquierda Unida y Verdes Equo  animan a participar en la manifestaci\u00f3n del 1\u00aa de Mayo en Motril","author":"Izquierda Unida Motril","date":"29 abril, 2023","format":false,"excerpt":"La coalici\u00f3n IU-Verdes Equo ha animado a las trabajadoras y trabajadores de Motril a que se sumen a la manifestaci\u00f3n que tendr\u00e1 lugar el lunes, 1 de Mayo con motivo del D\u00eda del Trabajo, para defender sus intereses y reivindicar sus derechos laborales. La salida de la manifestaci\u00f3n convocada por\u2026","rel":"","context":"En \u00abEST\u00c1 PASANDO\u00bb","block_context":{"text":"EST\u00c1 PASANDO","link":"https:\/\/iumotril.org\/sitio\/category\/esta-pasando\/"},"img":{"alt_text":"","src":"https:\/\/i0.wp.com\/iumotril.org\/sitio\/wp-content\/uploads\/2023\/04\/69.webp?resize=350%2C200&ssl=1","width":350,"height":200,"srcset":"https:\/\/i0.wp.com\/iumotril.org\/sitio\/wp-content\/uploads\/2023\/04\/69.webp?resize=350%2C200&ssl=1 1x, https:\/\/i0.wp.com\/iumotril.org\/sitio\/wp-content\/uploads\/2023\/04\/69.webp?resize=525%2C300&ssl=1 1.5x, https:\/\/i0.wp.com\/iumotril.org\/sitio\/wp-content\/uploads\/2023\/04\/69.webp?resize=700%2C400&ssl=1 2x, https:\/\/i0.wp.com\/iumotril.org\/sitio\/wp-content\/uploads\/2023\/04\/69.webp?resize=1050%2C600&ssl=1 3x"},"classes":[]},{"id":3522,"url":"https:\/\/iumotril.org\/sitio\/izquierda-unida-llama-a-la-movilizacion-el-1o-de-mayo-en-motril\/","url_meta":{"origin":10596,"position":1},"title":"Izquierda Unida llama a la movilizaci\u00f3n el 1\u00ba de mayo en Motril","author":"Izquierda Unida Motril","date":"30 abril, 2018","format":false,"excerpt":"El sistema capitalista nos est\u00e1 robando la democracia y las conquistas sociales de las anteriores generaciones. Los trabajadores, las trabajadoras no podemos permanecer indiferentes ante las pol\u00edticas de la derecha, los recortes, las desregulaciones, la corrupci\u00f3n cada vez m\u00e1s extendida. Es necesario rebelarse, trabajar contra un sistema opresor y sentar\u2026","rel":"","context":"En \u00abEST\u00c1 PASANDO\u00bb","block_context":{"text":"EST\u00c1 PASANDO","link":"https:\/\/iumotril.org\/sitio\/category\/esta-pasando\/"},"img":{"alt_text":"","src":"https:\/\/i0.wp.com\/iumotril.org\/sitio\/wp-content\/uploads\/2018\/04\/1-mayo-212x300.jpg?resize=350%2C200","width":350,"height":200},"classes":[]},{"id":9857,"url":"https:\/\/iumotril.org\/sitio\/por-los-derechos-laborales-y-en-defensa-de-los-servicios-publicos-municipales\/","url_meta":{"origin":10596,"position":2},"title":"Por los derechos laborales y en defensa de los servicios p\u00fablicos municipales","author":"Izquierda Unida Motril","date":"12 marzo, 2024","format":false,"excerpt":"Se hace necesario que la ciudadan\u00eda motrile\u00f1a salga a la calle en defensa de los intereses de los trabajadores dando una respuesta rotunda a la actuaci\u00f3n de Aguas y Servicios que mantiene bloqueada de facto la negociaci\u00f3n del convenio colectivo y a la decisi\u00f3n adoptada por el gobierno municipal de\u2026","rel":"","context":"En \u00abAyuntamiento\u00bb","block_context":{"text":"Ayuntamiento","link":"https:\/\/iumotril.org\/sitio\/category\/ayuntamiento\/"},"img":{"alt_text":"","src":"https:\/\/i0.wp.com\/iumotril.org\/sitio\/wp-content\/uploads\/2024\/03\/d9efe014-f783-40bb-a21e-1c388f223118.jpg?resize=350%2C200&ssl=1","width":350,"height":200,"srcset":"https:\/\/i0.wp.com\/iumotril.org\/sitio\/wp-content\/uploads\/2024\/03\/d9efe014-f783-40bb-a21e-1c388f223118.jpg?resize=350%2C200&ssl=1 1x, https:\/\/i0.wp.com\/iumotril.org\/sitio\/wp-content\/uploads\/2024\/03\/d9efe014-f783-40bb-a21e-1c388f223118.jpg?resize=525%2C300&ssl=1 1.5x"},"classes":[]},{"id":2538,"url":"https:\/\/iumotril.org\/sitio\/estudiantes-y-trabajadores-en-lucha-en-defensa-de-sus-derechos\/","url_meta":{"origin":10596,"position":3},"title":"ESTUDIANTES Y TRABAJADORES EN LUCHA EN DEFENSA DE SUS DERECHOS","author":"Izquierda Unida Motril","date":"24 noviembre, 2016","format":false,"excerpt":"Izquierda Unida hace un llamamiento al pueblo de Motril para que se sume a estas movilizaciones y d\u00e9 su apoyo y m\u00e1xima solidaridad a los trabajadores y trabajadoras y a sus hijos e hijas en la lucha que mantienen por defender sus derechos.","rel":"","context":"En \u00abEST\u00c1 PASANDO\u00bb","block_context":{"text":"EST\u00c1 PASANDO","link":"https:\/\/iumotril.org\/sitio\/category\/esta-pasando\/"},"img":{"alt_text":"img_5345","src":"https:\/\/i0.wp.com\/iumotril.org\/sitio\/wp-content\/uploads\/2016\/11\/IMG_5345-1024x768.jpg?resize=350%2C200","width":350,"height":200,"srcset":"https:\/\/i0.wp.com\/iumotril.org\/sitio\/wp-content\/uploads\/2016\/11\/IMG_5345-1024x768.jpg?resize=350%2C200 1x, https:\/\/i0.wp.com\/iumotril.org\/sitio\/wp-content\/uploads\/2016\/11\/IMG_5345-1024x768.jpg?resize=525%2C300 1.5x"},"classes":[]},{"id":606,"url":"https:\/\/iumotril.org\/sitio\/un-1o-de-mayo-de-lucha-por-el-empleo-de-calidad-y-los-salarios-dignos\/","url_meta":{"origin":10596,"position":4},"title":"Un 1\u00ba de Mayo de lucha por el empleo de calidad y los salarios dignos","author":"Izquierda Unida Motril","date":"30 abril, 2015","format":false,"excerpt":"Izquierda Unida participar\u00e1 junto a las Marchas de la Dignidad y las Organizaciones Sindicales en la Manifestaci\u00f3n que se celebrar\u00e1 en Motril ma\u00f1ana viernes con motivo de los actos organizados para celebrar el D\u00eda Internacional del Trabajo. Izquierda Unida invita a los trabajadores y trabajadoras y a la ciudadan\u00eda en\u2026","rel":"","context":"En \u00abempleo\u00bb","block_context":{"text":"empleo","link":"https:\/\/iumotril.org\/sitio\/category\/empleo\/"},"img":{"alt_text":"1_mayo_0","src":"https:\/\/i0.wp.com\/iumotril.org\/sitio\/wp-content\/uploads\/2015\/04\/1_mayo_0.jpg?resize=350%2C200","width":350,"height":200},"classes":[]},{"id":2938,"url":"https:\/\/iumotril.org\/sitio\/nuestro-apoyo-a-los-estibadores-de-motril\/","url_meta":{"origin":10596,"position":5},"title":"Nuestro apoyo a los estibadores de Motril","author":"Izquierda Unida Motril","date":"7 junio, 2017","format":false,"excerpt":"El Grupo Municipal de IU presentar\u00e1 una Moci\u00f3n al pr\u00f3ximo Pleno en apoyo al sector de la Estiba en Motril, instando al Ministerio de Fomento y a la Patronal del sector a consensuar las medidas que permitan superar las incertidumbres que genera la situaci\u00f3n actual, tras la sentencia del Tribunal\u2026","rel":"","context":"En \u00abEST\u00c1 PASANDO\u00bb","block_context":{"text":"EST\u00c1 PASANDO","link":"https:\/\/iumotril.org\/sitio\/category\/esta-pasando\/"},"img":{"alt_text":"","src":"https:\/\/i0.wp.com\/iumotril.org\/sitio\/wp-content\/uploads\/2017\/06\/Estibadores_junio-1024x768.jpg?resize=350%2C200","width":350,"height":200,"srcset":"https:\/\/i0.wp.com\/iumotril.org\/sitio\/wp-content\/uploads\/2017\/06\/Estibadores_junio-1024x768.jpg?resize=350%2C200 1x, https:\/\/i0.wp.com\/iumotril.org\/sitio\/wp-content\/uploads\/2017\/06\/Estibadores_junio-1024x768.jpg?resize=525%2C300 1.5x"},"classes":[]}],"jetpack_likes_enabled":true,"_links":{"self":[{"href":"https:\/\/iumotril.org\/sitio\/wp-json\/wp\/v2\/posts\/10596","targetHints":{"allow":["GET"]}}],"collection":[{"href":"https:\/\/iumotril.org\/sitio\/wp-json\/wp\/v2\/posts"}],"about":[{"href":"https:\/\/iumotril.org\/sitio\/wp-json\/wp\/v2\/types\/post"}],"author":[{"embeddable":true,"href":"https:\/\/iumotril.org\/sitio\/wp-json\/wp\/v2\/users\/1"}],"replies":[{"embeddable":true,"href":"https:\/\/iumotril.org\/sitio\/wp-json\/wp\/v2\/comments?post=10596"}],"version-history":[{"count":6,"href":"https:\/\/iumotril.org\/sitio\/wp-json\/wp\/v2\/posts\/10596\/revisions"}],"predecessor-version":[{"id":10603,"href":"https:\/\/iumotril.org\/sitio\/wp-json\/wp\/v2\/posts\/10596\/revisions\/10603"}],"wp:featuredmedia":[{"embeddable":true,"href":"https:\/\/iumotril.org\/sitio\/wp-json\/wp\/v2\/media\/10602"}],"wp:attachment":[{"href":"https:\/\/iumotril.org\/sitio\/wp-json\/wp\/v2\/media?parent=10596"}],"wp:term":[{"taxonomy":"category","embeddable":true,"href":"https:\/\/iumotril.org\/sitio\/wp-json\/wp\/v2\/categories?post=10596"},{"taxonomy":"post_tag","embeddable":true,"href":"https:\/\/iumotril.org\/sitio\/wp-json\/wp\/v2\/tags?post=10596"}],"curies":[{"name":"wp","href":"https:\/\/api.w.org\/{rel}","templated":true}]}}