{"id":10590,"date":"2025-04-30T13:00:35","date_gmt":"2025-04-30T11:00:35","guid":{"rendered":"https:\/\/iumotril.org\/sitio\/?p=10590"},"modified":"2025-04-30T13:00:35","modified_gmt":"2025-04-30T11:00:35","slug":"iu-verdes-equo-critica-el-que-el-mal-estado-de-la-estacion-de-autobuses","status":"publish","type":"post","link":"https:\/\/iumotril.org\/sitio\/iu-verdes-equo-critica-el-que-el-mal-estado-de-la-estacion-de-autobuses\/","title":{"rendered":"IU Verdes Equo critica el que el mal estado de la estaci\u00f3n de autobuses"},"content":{"rendered":"<p>La formaci\u00f3n de izquierdas denuncia que los <strong>graves problemas de la estaci\u00f3n de autobuses persisten ante la pasividad el gobierno de Garc\u00eda Chamorro<\/strong> incapaces de gestionar el d\u00eda a d\u00eda del municipio. Adem\u00e1s, el Gobierno de las derechas sigue sin establecer ning\u00fan tipo de <strong>control sobre las concesiones administrativas<\/strong>, a pesar de que<strong> el Ayuntamiento tiene el deber<\/strong> de vigilar y controlar el cumplimiento de las obligaciones del concesionario, as\u00ed como de inspeccionar sus obras e instalaciones adem\u00e1s de <strong>asegurar la calidad del servicio<\/strong>.<\/p>\n<p>La portavoz municipal de IU Verdes Equo, Inma Omiste, ha criticado que<strong> mes y medio despu\u00e9s de las primeras denuncias p\u00fablicas del mal estado de la estaci\u00f3n de autobuses<\/strong>, a\u00fan no se haya hecho ning\u00fan arreglo ni nada por mejorar las instalaciones. Adem\u00e1s, a una pregunta registrada por el grupo municipal sobre el estado de la estaci\u00f3n, la respuesta ha sido que \u201ccontin\u00faan valorando la situaci\u00f3n y determinando las posibles soluciones\u00b7. <strong>Esto es ser un incompetente en la gesti\u00f3n<\/strong>. &#8211; ha sentenciado Omiste<\/p>\n<figure id=\"attachment_10592\" aria-describedby=\"caption-attachment-10592\" style=\"width: 640px\" class=\"wp-caption alignleft\"><img loading=\"lazy\" decoding=\"async\" data-attachment-id=\"10592\" data-permalink=\"https:\/\/iumotril.org\/sitio\/iu-verdes-equo-critica-el-que-el-mal-estado-de-la-estacion-de-autobuses\/inma-estacion-autobuses\/\" data-orig-file=\"https:\/\/iumotril.org\/sitio\/wp-content\/uploads\/2025\/04\/inma-estacion-autobuses-scaled.jpg\" data-orig-size=\"1667,2560\" data-comments-opened=\"1\" data-image-meta=\"{&quot;aperture&quot;:&quot;2.2&quot;,&quot;credit&quot;:&quot;&quot;,&quot;camera&quot;:&quot;iPhone 15 Pro Max&quot;,&quot;caption&quot;:&quot;&quot;,&quot;created_timestamp&quot;:&quot;0&quot;,&quot;copyright&quot;:&quot;&quot;,&quot;focal_length&quot;:&quot;2.2200000286119&quot;,&quot;iso&quot;:&quot;50&quot;,&quot;shutter_speed&quot;:&quot;0.00075585789871504&quot;,&quot;title&quot;:&quot;&quot;,&quot;orientation&quot;:&quot;1&quot;}\" data-image-title=\"inma estacio\u0301n autobuses\" data-image-description=\"\" data-image-caption=\"\" data-large-file=\"https:\/\/iumotril.org\/sitio\/wp-content\/uploads\/2025\/04\/inma-estacion-autobuses-667x1024.jpg\" class=\"wp-image-10592 size-large\" src=\"https:\/\/iumotril.org\/sitio\/wp-content\/uploads\/2025\/04\/inma-estacion-autobuses-667x1024.jpg\" alt=\"\" width=\"640\" height=\"983\" srcset=\"https:\/\/iumotril.org\/sitio\/wp-content\/uploads\/2025\/04\/inma-estacion-autobuses-667x1024.jpg 667w, https:\/\/iumotril.org\/sitio\/wp-content\/uploads\/2025\/04\/inma-estacion-autobuses-195x300.jpg 195w, https:\/\/iumotril.org\/sitio\/wp-content\/uploads\/2025\/04\/inma-estacion-autobuses-768x1179.jpg 768w, https:\/\/iumotril.org\/sitio\/wp-content\/uploads\/2025\/04\/inma-estacion-autobuses-1000x1536.jpg 1000w, https:\/\/iumotril.org\/sitio\/wp-content\/uploads\/2025\/04\/inma-estacion-autobuses-1334x2048.jpg 1334w, https:\/\/iumotril.org\/sitio\/wp-content\/uploads\/2025\/04\/inma-estacion-autobuses-scaled.jpg 1667w\" sizes=\"auto, (max-width: 640px) 100vw, 640px\" \/><figcaption id=\"caption-attachment-10592\" class=\"wp-caption-text\">Inma Omiste, portavoz del Grupo municipal de IU Verdes Equo comparece ante los medios en la deteriorada Estaci\u00f3n de autobuses de Motril<\/figcaption><\/figure>\n<p>La edil ha recordado como en el a\u00f1o 2020, con Garcia Chamorro como alcaldesa, ya se aprob\u00f3 el <strong>plan de acci\u00f3n para control y seguimiento de las concesiones administrativas<\/strong>, tras la recomendaci\u00f3n hecha por la <strong>C\u00e1mara de Cuentas<\/strong> y ante los sucesivos r<strong>equerimientos de la intervenci\u00f3n municipal<\/strong> para poner en orden las mismas, sin que hasta la fecha se haya hecho nada al respecto.<\/p>\n<p>En el <strong>informe de intervenci\u00f3n<\/strong> sobre las concesiones del a\u00f1o 2018 se\u00f1alaba las dificultades para <strong>saber el n\u00famero exacto de concesiones<\/strong> porque no exist\u00eda \u00e1rea o servicio responsable de centralizarlas, as\u00ed como informaba de la existencia <strong>concesiones que hab\u00edan iniciado su actividad sin licencia municipal,<\/strong> que <strong>algunas no abonaban el canon<\/strong>, que los plazos de concesi\u00f3n eran inciertos y que no se controlaba ni hacia seguimiento sobre si el concesionario cumpl\u00eda sus obligaciones. &#8211; ha a\u00f1adido.<\/p>\n<p>En el caso concreto de la <strong>estaci\u00f3n de autobuses<\/strong> se pon\u00eda de manifiesto que \u201c<strong>desde el servicio responsable no se hab\u00eda llevado a cabo el control y seguimiento del cumplimiento de las obligaciones recogidas en el pliego de prescripciones<\/strong>, se\u00f1alando en el contrato que la inspecci\u00f3n directa de la explotaci\u00f3n de los servicios de la estaci\u00f3n de autobuses corresponde al Ayto. de Motril y ser\u00eda ejercida por los t\u00e9cnicos de transportes\u201d.<\/p>\n<p>Ante esta situaci\u00f3n se estableci\u00f3 un calendario de actuaciones que deb\u00eda estar finalizado en mayo de 2020 con la <strong>elaboraci\u00f3n de un cat\u00e1logo de las concesiones<\/strong>, establecer un servicio de control de estas y de su calidad en la prestaci\u00f3n de servicio.<\/p>\n<p>De todo esto, no se ha hecho hasta la fecha nada, de hecho, ni una de las <strong>29 concesiones administrativas<\/strong> que existen en la actualidad tienen responsables de su control y seguimiento. Por lo que no nos sorprende del <strong>Gobierno Local<\/strong> se haya enterado de la existencia de desperfectos a trav\u00e9s de las quejas de los usuarios en las redes sociales, principalmente porque <strong>viven en una constante campa\u00f1a de publicidad y fotos<\/strong> en redes sociales son lo que m\u00e1s les preocupa.<\/p>\n<p>Pero los problemas reales, como este, son incapaces de resolverlos y poco nos pasa teniendo en cuenta que<strong> el gobierno local solo sirve para hacer campa\u00f1as de marketing y publicidad, pero trabajo resolutivo y efectivo poco<\/strong>&#8211; ha recalcado Omiste.<\/p>\n<p>Acabar con los problemas de la estaci\u00f3n de autobuses, y de paso lograr <strong>tener una buena imagen de cara a los visitantes<\/strong>, ser\u00eda el resultado de <strong>una gesti\u00f3n responsable<\/strong> y eficaz, algo que el gobierno de <strong>Garc\u00eda Chamorro ha demostrado sobradamente que es incapaz de hacer<\/strong>.<\/p>\n","protected":false},"excerpt":{"rendered":"<p>La formaci\u00f3n de izquierdas denuncia que los graves problemas de la estaci\u00f3n de autobuses persisten ante la pasividad el gobierno de Garc\u00eda Chamorro incapaces de gestionar el d\u00eda a d\u00eda del municipio. Adem\u00e1s, el Gobierno de las derechas sigue sin establecer ning\u00fan tipo de control sobre las concesiones administrativas, a pesar de que el Ayuntamiento tiene el deber de vigilar y controlar el cumplimiento de las obligaciones del concesionario, as\u00ed como de inspeccionar sus obras e instalaciones adem\u00e1s de asegurar la calidad del servicio.<\/p>\n<p>La portavoz municipal de IU Verdes Equo, Inma Omiste, ha criticado que mes y medio despu\u00e9s de las primeras denuncias p\u00fablicas del mal estado de la estaci\u00f3n de autobuses, a\u00fan no se haya hecho ning\u00fan arreglo ni nada por mejorar las instalaciones. Adem\u00e1s, a una pregunta registrada por el grupo municipal sobre el estado de la estaci\u00f3n, la respuesta ha sido que \u201ccontin\u00faan valorando la situaci\u00f3n y determinando las posibles soluciones\u00b7. Esto es ser un incompetente en la gesti\u00f3n. &#8211; ha sentenciado Omiste.<br \/>\nPero los problemas reales, como este, son incapaces de resolverlos y poco nos pasa teniendo en cuenta que el gobierno local solo sirve para hacer campa\u00f1as de marketing y publicidad, pero trabajo resolutivo y efectivo poco- ha recalcado Omiste.<br \/>\nAcabar con los problemas de la estaci\u00f3n de autobuses, y de paso lograr tener una buena imagen de cara a los visitantes, ser\u00eda el resultado de una gesti\u00f3n responsable y eficaz, algo que el gobierno de Garc\u00eda Chamorro ha demostrado sobradamente que es incapaz de hacer.<\/p>\n","protected":false},"author":1,"featured_media":10592,"comment_status":"open","ping_status":"open","sticky":false,"template":"","format":"standard","meta":{"cybocfi_hide_featured_image":"","_jetpack_newsletter_access":"","_jetpack_dont_email_post_to_subs":false,"_jetpack_newsletter_tier_id":0,"_jetpack_memberships_contains_paywalled_content":false,"_jetpack_memberships_contains_paid_content":false,"footnotes":""},"categories":[7,177,375,265,2269],"tags":[2274,666,1933,782,655,2294],"class_list":["post-10590","post","type-post","status-publish","format-standard","has-post-thumbnail","hentry","category-ayuntamiento","category-ciudad","category-denuncia","category-esta-pasando","category-gobierno-local","tag-concesiones-administrativas","tag-estacion-buses","tag-gestion-pp","tag-incompetencia-municipal","tag-luisa-garcia-chamorro","tag-propaganda-y-marketing"],"jetpack_featured_media_url":"https:\/\/iumotril.org\/sitio\/wp-content\/uploads\/2025\/04\/inma-estacion-autobuses-scaled.jpg","jetpack_sharing_enabled":true,"jetpack_shortlink":"https:\/\/wp.me\/p4QsU5-2KO","jetpack-related-posts":[{"id":10669,"url":"https:\/\/iumotril.org\/sitio\/iu-verdes-equo-critica-que-el-mal-estado-de-la-estacion-de-autobuses-continue\/","url_meta":{"origin":10590,"position":0},"title":"IU Verdes Equo critica que el mal estado de la estaci\u00f3n de autobuses contin\u00fae","author":"Izquierda Unida Motril","date":"20 junio, 2025","format":false,"excerpt":"La falta de control municipal sobre las concesiones administrativas es inadmisible y nos est\u00e1 llevando a situaciones como estas, a pesar de que desde el a\u00f1o 2020, con Garc\u00eda Chamorro como alcaldesa, se aprob\u00f3 un plan de acci\u00f3n para el control y seguimiento de las concesiones administrativas del Ayto., tras\u2026","rel":"","context":"En \u00abAyuntamiento\u00bb","block_context":{"text":"Ayuntamiento","link":"https:\/\/iumotril.org\/sitio\/category\/ayuntamiento\/"},"img":{"alt_text":"","src":"https:\/\/i0.wp.com\/iumotril.org\/sitio\/wp-content\/uploads\/2025\/06\/Inma-estacion-buses-19-junio.jpg?resize=350%2C200&ssl=1","width":350,"height":200,"srcset":"https:\/\/i0.wp.com\/iumotril.org\/sitio\/wp-content\/uploads\/2025\/06\/Inma-estacion-buses-19-junio.jpg?resize=350%2C200&ssl=1 1x, https:\/\/i0.wp.com\/iumotril.org\/sitio\/wp-content\/uploads\/2025\/06\/Inma-estacion-buses-19-junio.jpg?resize=525%2C300&ssl=1 1.5x, https:\/\/i0.wp.com\/iumotril.org\/sitio\/wp-content\/uploads\/2025\/06\/Inma-estacion-buses-19-junio.jpg?resize=700%2C400&ssl=1 2x, https:\/\/i0.wp.com\/iumotril.org\/sitio\/wp-content\/uploads\/2025\/06\/Inma-estacion-buses-19-junio.jpg?resize=1050%2C600&ssl=1 3x, https:\/\/i0.wp.com\/iumotril.org\/sitio\/wp-content\/uploads\/2025\/06\/Inma-estacion-buses-19-junio.jpg?resize=1400%2C800&ssl=1 4x"},"classes":[]},{"id":10508,"url":"https:\/\/iumotril.org\/sitio\/descontrol-de-las-concesiones-administrativas-municipales\/","url_meta":{"origin":10590,"position":1},"title":"Descontrol de las concesiones administrativas municipales","author":"Izquierda Unida Motril","date":"25 marzo, 2025","format":false,"excerpt":"En el informe de intervenci\u00f3n sobre las concesiones del a\u00f1o 2018 se\u00f1alaba las dificultades para saber el n\u00famero exacto de concesiones porque no exist\u00eda \u00e1rea o servicio responsable de centralizarlas, as\u00ed como informaba de la existencia concesiones que hab\u00edan iniciado su actividad sin licencia municipal, que algunas no abonaban el\u2026","rel":"","context":"En \u00abCiudad\u00bb","block_context":{"text":"Ciudad","link":"https:\/\/iumotril.org\/sitio\/category\/ciudad\/"},"img":{"alt_text":"","src":"https:\/\/i0.wp.com\/iumotril.org\/sitio\/wp-content\/uploads\/2025\/03\/pena-estacion-buses-Motril.jpeg?resize=350%2C200&ssl=1","width":350,"height":200,"srcset":"https:\/\/i0.wp.com\/iumotril.org\/sitio\/wp-content\/uploads\/2025\/03\/pena-estacion-buses-Motril.jpeg?resize=350%2C200&ssl=1 1x, https:\/\/i0.wp.com\/iumotril.org\/sitio\/wp-content\/uploads\/2025\/03\/pena-estacion-buses-Motril.jpeg?resize=525%2C300&ssl=1 1.5x, https:\/\/i0.wp.com\/iumotril.org\/sitio\/wp-content\/uploads\/2025\/03\/pena-estacion-buses-Motril.jpeg?resize=700%2C400&ssl=1 2x, https:\/\/i0.wp.com\/iumotril.org\/sitio\/wp-content\/uploads\/2025\/03\/pena-estacion-buses-Motril.jpeg?resize=1050%2C600&ssl=1 3x, https:\/\/i0.wp.com\/iumotril.org\/sitio\/wp-content\/uploads\/2025\/03\/pena-estacion-buses-Motril.jpeg?resize=1400%2C800&ssl=1 4x"},"classes":[]},{"id":10942,"url":"https:\/\/iumotril.org\/sitio\/iu-denuncia-el-deficiente-estado-de-mantenimiento-de-las-instalaciones-y-edificios-publicos\/","url_meta":{"origin":10590,"position":2},"title":"IU denuncia el deficiente estado de mantenimiento de las instalaciones y edificios p\u00fablicos.","author":"Izquierda Unida Motril","date":"2 febrero, 2026","format":false,"excerpt":"La portavoz de IU en el Ayuntamiento de Motril, Inma Omiste, ha denunciado la falta de mantenimiento de las instalaciones municipales y acusa al Gobierno de Garcia Chamorro de incompetencia en la gesti\u00f3n del d\u00eda a d\u00eda. Las declaraciones del concejal responsable del \u00e1rea sobre el arreglo de la cubierta\u2026","rel":"","context":"En \u00abAyuntamiento\u00bb","block_context":{"text":"Ayuntamiento","link":"https:\/\/iumotril.org\/sitio\/category\/ayuntamiento\/"},"img":{"alt_text":"","src":"https:\/\/i0.wp.com\/iumotril.org\/sitio\/wp-content\/uploads\/2025\/10\/INMA-PABELLON-1-scaled.jpeg?resize=350%2C200&ssl=1","width":350,"height":200,"srcset":"https:\/\/i0.wp.com\/iumotril.org\/sitio\/wp-content\/uploads\/2025\/10\/INMA-PABELLON-1-scaled.jpeg?resize=350%2C200&ssl=1 1x, https:\/\/i0.wp.com\/iumotril.org\/sitio\/wp-content\/uploads\/2025\/10\/INMA-PABELLON-1-scaled.jpeg?resize=525%2C300&ssl=1 1.5x, https:\/\/i0.wp.com\/iumotril.org\/sitio\/wp-content\/uploads\/2025\/10\/INMA-PABELLON-1-scaled.jpeg?resize=700%2C400&ssl=1 2x, https:\/\/i0.wp.com\/iumotril.org\/sitio\/wp-content\/uploads\/2025\/10\/INMA-PABELLON-1-scaled.jpeg?resize=1050%2C600&ssl=1 3x, https:\/\/i0.wp.com\/iumotril.org\/sitio\/wp-content\/uploads\/2025\/10\/INMA-PABELLON-1-scaled.jpeg?resize=1400%2C800&ssl=1 4x"},"classes":[]},{"id":10426,"url":"https:\/\/iumotril.org\/sitio\/iu-verdes-equo-critica-la-gestion-del-gobierno-local-de-garcia-chamorro-reduciendo-a-minimos-los-servicios-publicos-municipales\/","url_meta":{"origin":10590,"position":3},"title":"IU Verdes Equo critica la gesti\u00f3n del gobierno local de Garc\u00eda Chamorro que est\u00e1 reduciendo a m\u00ednimos los servicios p\u00fablicos municipales","author":"Izquierda Unida Motril","date":"24 febrero, 2025","format":false,"excerpt":"En los \u00faltimos cinco a\u00f1os se ha producido en la ciudad una situaci\u00f3n de falta de servicios e instalaciones, de cierre de museos, de reducci\u00f3n de horarios en las bibliotecas, de cierres de ludotecas, de instalaciones deportivas, de dependencias municipales, de reducci\u00f3n del n\u00famero de escuelas deportivas municipales, y un\u2026","rel":"","context":"En \u00abAyuntamiento\u00bb","block_context":{"text":"Ayuntamiento","link":"https:\/\/iumotril.org\/sitio\/category\/ayuntamiento\/"},"img":{"alt_text":"","src":"https:\/\/i0.wp.com\/iumotril.org\/sitio\/wp-content\/uploads\/2025\/02\/Evolucion-economica-de-Motril-2048x1365-1.jpeg?resize=350%2C200&ssl=1","width":350,"height":200,"srcset":"https:\/\/i0.wp.com\/iumotril.org\/sitio\/wp-content\/uploads\/2025\/02\/Evolucion-economica-de-Motril-2048x1365-1.jpeg?resize=350%2C200&ssl=1 1x, https:\/\/i0.wp.com\/iumotril.org\/sitio\/wp-content\/uploads\/2025\/02\/Evolucion-economica-de-Motril-2048x1365-1.jpeg?resize=525%2C300&ssl=1 1.5x, https:\/\/i0.wp.com\/iumotril.org\/sitio\/wp-content\/uploads\/2025\/02\/Evolucion-economica-de-Motril-2048x1365-1.jpeg?resize=700%2C400&ssl=1 2x, https:\/\/i0.wp.com\/iumotril.org\/sitio\/wp-content\/uploads\/2025\/02\/Evolucion-economica-de-Motril-2048x1365-1.jpeg?resize=1050%2C600&ssl=1 3x, https:\/\/i0.wp.com\/iumotril.org\/sitio\/wp-content\/uploads\/2025\/02\/Evolucion-economica-de-Motril-2048x1365-1.jpeg?resize=1400%2C800&ssl=1 4x"},"classes":[]},{"id":10499,"url":"https:\/\/iumotril.org\/sitio\/reclamamos-al-gobierno-de-garcia-chamorro-que-cumpla-con-lo-aprobado-en-pleno-para-la-mejora-del-barrio-de-las-angustias\/","url_meta":{"origin":10590,"position":4},"title":"Reclamamos al gobierno de Garc\u00eda Chamorro que cumpla con lo aprobado en pleno para la mejora del barrio de las Angustias","author":"Izquierda Unida Motril","date":"24 marzo, 2025","format":false,"excerpt":"El barrio de las Angustias no merece ni ha merecido en los \u00faltimos a\u00f1os la atenci\u00f3n necesaria por parte del Ayuntamiento para contribuir a su visibilidad y a mejoras en beneficio de sus vecinos y de sus vecinas, sostienen desde el Grupo municipal de IU Verdes Equo. A pesar de\u2026","rel":"","context":"En \u00abCiudad\u00bb","block_context":{"text":"Ciudad","link":"https:\/\/iumotril.org\/sitio\/category\/ciudad\/"},"img":{"alt_text":"","src":"https:\/\/i0.wp.com\/iumotril.org\/sitio\/wp-content\/uploads\/2025\/03\/PHOTO-2025-03-24-11-59-50-scaled.jpg?resize=350%2C200&ssl=1","width":350,"height":200,"srcset":"https:\/\/i0.wp.com\/iumotril.org\/sitio\/wp-content\/uploads\/2025\/03\/PHOTO-2025-03-24-11-59-50-scaled.jpg?resize=350%2C200&ssl=1 1x, https:\/\/i0.wp.com\/iumotril.org\/sitio\/wp-content\/uploads\/2025\/03\/PHOTO-2025-03-24-11-59-50-scaled.jpg?resize=525%2C300&ssl=1 1.5x, https:\/\/i0.wp.com\/iumotril.org\/sitio\/wp-content\/uploads\/2025\/03\/PHOTO-2025-03-24-11-59-50-scaled.jpg?resize=700%2C400&ssl=1 2x, https:\/\/i0.wp.com\/iumotril.org\/sitio\/wp-content\/uploads\/2025\/03\/PHOTO-2025-03-24-11-59-50-scaled.jpg?resize=1050%2C600&ssl=1 3x, https:\/\/i0.wp.com\/iumotril.org\/sitio\/wp-content\/uploads\/2025\/03\/PHOTO-2025-03-24-11-59-50-scaled.jpg?resize=1400%2C800&ssl=1 4x"},"classes":[]},{"id":10951,"url":"https:\/\/iumotril.org\/sitio\/iu-equo-acusa-al-gobierno-local-de-falta-de-planificacion-y-de-gestion-de-los-servicios-publicos\/","url_meta":{"origin":10590,"position":5},"title":"IU-Equo acusa al gobierno local de falta de planificaci\u00f3n y de gesti\u00f3n de los servicios p\u00fablicos.","author":"Izquierda Unida Motril","date":"10 febrero, 2026","format":false,"excerpt":"En los \u00faltimos a\u00f1os se multiplican episodios como ca\u00eddas de \u00e1rboles, talas incontroladas, colapso de muros, goteras en edificios p\u00fablicos, cuyo origen se encuentra en la falta de planificaci\u00f3n, gesti\u00f3n y control por parte del gobierno Local.","rel":"","context":"En \u00abAyuntamiento\u00bb","block_context":{"text":"Ayuntamiento","link":"https:\/\/iumotril.org\/sitio\/category\/ayuntamiento\/"},"img":{"alt_text":"","src":"https:\/\/i0.wp.com\/iumotril.org\/sitio\/wp-content\/uploads\/2025\/04\/mociones-abril-scaled.jpeg?resize=350%2C200&ssl=1","width":350,"height":200,"srcset":"https:\/\/i0.wp.com\/iumotril.org\/sitio\/wp-content\/uploads\/2025\/04\/mociones-abril-scaled.jpeg?resize=350%2C200&ssl=1 1x, https:\/\/i0.wp.com\/iumotril.org\/sitio\/wp-content\/uploads\/2025\/04\/mociones-abril-scaled.jpeg?resize=525%2C300&ssl=1 1.5x, https:\/\/i0.wp.com\/iumotril.org\/sitio\/wp-content\/uploads\/2025\/04\/mociones-abril-scaled.jpeg?resize=700%2C400&ssl=1 2x, https:\/\/i0.wp.com\/iumotril.org\/sitio\/wp-content\/uploads\/2025\/04\/mociones-abril-scaled.jpeg?resize=1050%2C600&ssl=1 3x, https:\/\/i0.wp.com\/iumotril.org\/sitio\/wp-content\/uploads\/2025\/04\/mociones-abril-scaled.jpeg?resize=1400%2C800&ssl=1 4x"},"classes":[]}],"jetpack_likes_enabled":true,"_links":{"self":[{"href":"https:\/\/iumotril.org\/sitio\/wp-json\/wp\/v2\/posts\/10590","targetHints":{"allow":["GET"]}}],"collection":[{"href":"https:\/\/iumotril.org\/sitio\/wp-json\/wp\/v2\/posts"}],"about":[{"href":"https:\/\/iumotril.org\/sitio\/wp-json\/wp\/v2\/types\/post"}],"author":[{"embeddable":true,"href":"https:\/\/iumotril.org\/sitio\/wp-json\/wp\/v2\/users\/1"}],"replies":[{"embeddable":true,"href":"https:\/\/iumotril.org\/sitio\/wp-json\/wp\/v2\/comments?post=10590"}],"version-history":[{"count":3,"href":"https:\/\/iumotril.org\/sitio\/wp-json\/wp\/v2\/posts\/10590\/revisions"}],"predecessor-version":[{"id":10594,"href":"https:\/\/iumotril.org\/sitio\/wp-json\/wp\/v2\/posts\/10590\/revisions\/10594"}],"wp:featuredmedia":[{"embeddable":true,"href":"https:\/\/iumotril.org\/sitio\/wp-json\/wp\/v2\/media\/10592"}],"wp:attachment":[{"href":"https:\/\/iumotril.org\/sitio\/wp-json\/wp\/v2\/media?parent=10590"}],"wp:term":[{"taxonomy":"category","embeddable":true,"href":"https:\/\/iumotril.org\/sitio\/wp-json\/wp\/v2\/categories?post=10590"},{"taxonomy":"post_tag","embeddable":true,"href":"https:\/\/iumotril.org\/sitio\/wp-json\/wp\/v2\/tags?post=10590"}],"curies":[{"name":"wp","href":"https:\/\/api.w.org\/{rel}","templated":true}]}}