{"id":10582,"date":"2025-04-29T18:06:38","date_gmt":"2025-04-29T16:06:38","guid":{"rendered":"https:\/\/iumotril.org\/sitio\/?p=10582"},"modified":"2025-04-29T18:08:56","modified_gmt":"2025-04-29T16:08:56","slug":"iu-verdes-equo-critica-duramente-las-nuevas-privatizaciones-del-gobierno-de-garcia-chamorro","status":"publish","type":"post","link":"https:\/\/iumotril.org\/sitio\/iu-verdes-equo-critica-duramente-las-nuevas-privatizaciones-del-gobierno-de-garcia-chamorro\/","title":{"rendered":"IU Verdes Equo critica duramente las nuevas privatizaciones del gobierno de Garc\u00eda Chamorro"},"content":{"rendered":"<p>La portavoz municipal de IU Verdes Equo, Inma Omiste, ha criticado con dureza la <strong>pol\u00edtica de privatizaciones<\/strong> del Gobierno de las derechas motrile\u00f1as, igualmente ha expresado la preocupaci\u00f3n de la formaci\u00f3n por el <strong>deterioro y abandono de los servicios p\u00fablicos<\/strong> en los \u00faltimos seis a\u00f1os. \u201cTodo se debe a una estrategia dise\u00f1ada por el gobierno municipal de las derechas para <strong>desacreditar los servicios p\u00fablicos a todos los niveles y vender la privatizaci\u00f3n<\/strong> como la soluci\u00f3n a todos los problemas\u201d.<\/p>\n<p>Para Omiste las privatizaciones de los <strong>servicios de limpieza de exteriores<\/strong>, del servicio de <strong>conserjes de los centros escolares y los museo<\/strong>s, del <strong>mantenimiento de los parques y zonas verdes<\/strong> de nuestra ciudad, del <strong>servicio de limpieza de los centros de titularidad p\u00fablica<\/strong>, entre otros, est\u00e1n lejos de suponer una mejora de la prestaci\u00f3n del servicio, pero lo que si nos va a suponer es un aumento coste del servicio que veremos reflejado el a\u00f1o pr\u00f3ximo en los recibos.<\/p>\n<figure id=\"attachment_10584\" aria-describedby=\"caption-attachment-10584\" style=\"width: 640px\" class=\"wp-caption alignleft\"><img loading=\"lazy\" decoding=\"async\" data-attachment-id=\"10584\" data-permalink=\"https:\/\/iumotril.org\/sitio\/iu-verdes-equo-critica-duramente-las-nuevas-privatizaciones-del-gobierno-de-garcia-chamorro\/28-de-abril\/\" data-orig-file=\"https:\/\/iumotril.org\/sitio\/wp-content\/uploads\/2025\/04\/28-de-abril-scaled.jpg\" data-orig-size=\"2560,1634\" data-comments-opened=\"1\" data-image-meta=\"{&quot;aperture&quot;:&quot;1.78&quot;,&quot;credit&quot;:&quot;&quot;,&quot;camera&quot;:&quot;iPhone 15 Pro Max&quot;,&quot;caption&quot;:&quot;&quot;,&quot;created_timestamp&quot;:&quot;1745835417&quot;,&quot;copyright&quot;:&quot;&quot;,&quot;focal_length&quot;:&quot;6.7649998656528&quot;,&quot;iso&quot;:&quot;100&quot;,&quot;shutter_speed&quot;:&quot;0.01&quot;,&quot;title&quot;:&quot;&quot;,&quot;orientation&quot;:&quot;1&quot;}\" data-image-title=\"28 de abril\" data-image-description=\"\" data-image-caption=\"\" data-large-file=\"https:\/\/iumotril.org\/sitio\/wp-content\/uploads\/2025\/04\/28-de-abril-1024x654.jpg\" class=\"wp-image-10584 size-large\" src=\"https:\/\/iumotril.org\/sitio\/wp-content\/uploads\/2025\/04\/28-de-abril-1024x654.jpg\" alt=\"\" width=\"640\" height=\"409\" srcset=\"https:\/\/iumotril.org\/sitio\/wp-content\/uploads\/2025\/04\/28-de-abril-1024x654.jpg 1024w, https:\/\/iumotril.org\/sitio\/wp-content\/uploads\/2025\/04\/28-de-abril-300x191.jpg 300w, https:\/\/iumotril.org\/sitio\/wp-content\/uploads\/2025\/04\/28-de-abril-768x490.jpg 768w, https:\/\/iumotril.org\/sitio\/wp-content\/uploads\/2025\/04\/28-de-abril-1536x980.jpg 1536w, https:\/\/iumotril.org\/sitio\/wp-content\/uploads\/2025\/04\/28-de-abril-2048x1307.jpg 2048w\" sizes=\"auto, (max-width: 640px) 100vw, 640px\" \/><figcaption id=\"caption-attachment-10584\" class=\"wp-caption-text\">Ana Herrera e Inma Omiste, ediles dell Grupo municipal de IU Verdes Equo<\/figcaption><\/figure>\n<p>Llevamos un mes con la l<strong>impieza de las calles privatizada<\/strong> y no hay mejoras, los contenedores siguen siendo los mismos, seguimos sin papeleras, a pesar de que los pliegos establec\u00edan que los primeros deber\u00edan estar cambiados desde inicio contrato y las segundas les daban plazo de 60 d\u00edas desde firma del contrato, que se hizo en el mes de febrero. Si con doce millones de euros al a\u00f1o que vamos a tener que pagar a la empresa no tenemos esto desde el primer d\u00eda que podemos esperar del resto.<\/p>\n<p>En el caso de la <strong>limpieza de los centros p\u00fablicos<\/strong>, Omiste ha querido llamar de atenci\u00f3n sobre las consecuencias que esta privatizaci\u00f3n puede tener en las trabajadoras del servicio, si se les va a modificar las condiciones sustanciales del contrato y cu\u00e1l va a ser su situaci\u00f3n Tampoco parece l\u00f3gico privatizar un servicio que tiene una bolsa de empleo vigente hasta el a\u00f1o 2026.<\/p>\n<p>En los \u00faltimos seis a\u00f1os se ha producido en la ciudad una situaci\u00f3n de <strong>falta de servicios e instalaciones<\/strong>, de c<strong>ierre de museos<\/strong>, de <strong>reducci\u00f3n de horarios en las bibliotecas,<\/strong> de <strong>cierres de ludotecas<\/strong>, de <strong>instalaciones deportivas<\/strong>, de dependencias municipales, de reducci\u00f3n del n\u00famero de<strong> escuelas deportivas municipales<\/strong>, y un amplio etc\u00e9tera fundamentalmente motivado por falta de personal, con la \u00fanica finalidad de vender la privatizaci\u00f3n como la soluci\u00f3n a los graves problemas en lugar de contratar personal.<\/p>\n<p>El gobierno municipal no est\u00e1 adoptando ninguna medida para afrontar esta situaci\u00f3n, salvo preparar los pliegos para externalizar servicios, esto es <strong>poner en manos privadas la mayor\u00eda de los servicios p\u00fablicos.<\/strong> Con el <strong>detrimento de la calidad<\/strong> en la prestaci\u00f3n de estos adem\u00e1s del d<strong>eterioro de las condiciones laborales<\/strong>-denuncian desde el Grupo Municipal de IU Verdes Equo.<\/p>\n<p>Venimos reclamando reiteradamente actuaciones en materia de Recursos Humanos que aborden y den soluciones a los d\u00e9ficits de la plantilla municipal, que se resiente, fundamentalmente, en puestos vinculados con el mantenimiento de la ciudad y los servicios urbanos y con el personal de oficios, pero tambi\u00e9n con otros perfiles profesionales, como conserjes, administrativos o t\u00e9cnicos municipales.<\/p>\n<p>Reivindicamos lo obvio \u2013 ha enfatizado\u2013: <strong>es \u201cnecesario un refuerzo de la plantilla municipal<\/strong>\u201d para recuperar los servicios p\u00fablicos y su prestaci\u00f3n eficaz \u201cdesde la perspectiva del inter\u00e9s general de la ciudadan\u00eda\u201d.<\/p>\n<p>Omiste ha informado que, en el mes de marzo la <strong>cifra de paro en Motril<\/strong> era de <strong>4326 personas,<\/strong> un motivo m\u00e1s que suficiente para que desde el Ayuntamiento se hiciera \u201cun esfuerzo en la creaci\u00f3n empleo p\u00fablico y de calidad para sus vecinas y sus vecinos\u201d.<\/p>\n","protected":false},"excerpt":{"rendered":"<p>En los \u00faltimos seis a\u00f1os se ha producido en la ciudad una situaci\u00f3n de falta de servicios e instalaciones, de cierre de museos, de reducci\u00f3n de horarios en las bibliotecas, de cierres de ludotecas, de instalaciones deportivas, de dependencias municipales, de reducci\u00f3n del n\u00famero de escuelas deportivas municipales, y un amplio etc\u00e9tera fundamentalmente motivado por falta de personal, con la \u00fanica finalidad de vender la privatizaci\u00f3n como la soluci\u00f3n a los graves problemas en lugar de contratar personal.<br \/>\nPara Omiste las privatizaciones de los servicios de limpieza de exteriores, del servicio de conserjes de los centros escolares y los museos, del mantenimiento de los parques y zonas verdes de nuestra ciudad, del servicio de limpieza de los centros de titularidad p\u00fablica, entre otros, est\u00e1n lejos de suponer una mejora de la prestaci\u00f3n del servicio, pero lo que si nos va a suponer es un aumento coste del servicio que veremos reflejado el a\u00f1o pr\u00f3ximo en los recibos.<br \/>\nEl gobierno municipal no est\u00e1 adoptando ninguna medida para afrontar esta situaci\u00f3n, salvo preparar los pliegos para externalizar servicios, esto es poner en manos privadas la mayor\u00eda de los servicios p\u00fablicos. Con el detrimento de la calidad en la prestaci\u00f3n de estos adem\u00e1s del deterioro de las condiciones laborales-denuncian desde el Grupo Municipal de IU Verdes Equo.<\/p>\n","protected":false},"author":1,"featured_media":10588,"comment_status":"open","ping_status":"open","sticky":false,"template":"","format":"standard","meta":{"cybocfi_hide_featured_image":"","_jetpack_newsletter_access":"","_jetpack_dont_email_post_to_subs":false,"_jetpack_newsletter_tier_id":0,"_jetpack_memberships_contains_paywalled_content":false,"_jetpack_memberships_contains_paid_content":false,"footnotes":""},"categories":[177,375,265],"tags":[2272,2293,2276,2079,119,426],"class_list":["post-10582","post","type-post","status-publish","format-standard","has-post-thumbnail","hentry","category-ciudad","category-denuncia","category-esta-pasando","tag-derechas-motrilenas","tag-desaparicion-de-lo-publico","tag-deterioro-servicios-publicos","tag-externalizaciones","tag-pp","tag-privatizaciones"],"jetpack_featured_media_url":"https:\/\/iumotril.org\/sitio\/wp-content\/uploads\/2025\/04\/09-junio-23-Gobierno-ciudad-1.jpeg","jetpack_sharing_enabled":true,"jetpack_shortlink":"https:\/\/wp.me\/p4QsU5-2KG","jetpack-related-posts":[{"id":10493,"url":"https:\/\/iumotril.org\/sitio\/reclamamos-la-remunicipalizacion-del-servicio-de-grua-para-asegurar-su-funcionamiento\/","url_meta":{"origin":10582,"position":0},"title":"Reclamamos la remunicipalizaci\u00f3n del servicio de gr\u00faa para asegurar su funcionamiento","author":"Izquierda Unida Motril","date":"11 marzo, 2025","format":false,"excerpt":"A juicio de la portavoz municipal de IU Verdes Equo, la retirada de veh\u00edculos es vital y su gesti\u00f3n por parte del Ayuntamiento, como ya se hizo con posterioridad, es totalmente viable, si el equipo de gobierno tuviera voluntad de administrar los servicios p\u00fablicos municipales y no llevarlos a manos\u2026","rel":"","context":"En \u00abAyuntamiento\u00bb","block_context":{"text":"Ayuntamiento","link":"https:\/\/iumotril.org\/sitio\/category\/ayuntamiento\/"},"img":{"alt_text":"","src":"https:\/\/i0.wp.com\/iumotril.org\/sitio\/wp-content\/uploads\/2017\/05\/Grua-municipal.jpg?resize=350%2C200&ssl=1","width":350,"height":200,"srcset":"https:\/\/i0.wp.com\/iumotril.org\/sitio\/wp-content\/uploads\/2017\/05\/Grua-municipal.jpg?resize=350%2C200&ssl=1 1x, https:\/\/i0.wp.com\/iumotril.org\/sitio\/wp-content\/uploads\/2017\/05\/Grua-municipal.jpg?resize=525%2C300&ssl=1 1.5x, https:\/\/i0.wp.com\/iumotril.org\/sitio\/wp-content\/uploads\/2017\/05\/Grua-municipal.jpg?resize=700%2C400&ssl=1 2x, https:\/\/i0.wp.com\/iumotril.org\/sitio\/wp-content\/uploads\/2017\/05\/Grua-municipal.jpg?resize=1050%2C600&ssl=1 3x, https:\/\/i0.wp.com\/iumotril.org\/sitio\/wp-content\/uploads\/2017\/05\/Grua-municipal.jpg?resize=1400%2C800&ssl=1 4x"},"classes":[]},{"id":10417,"url":"https:\/\/iumotril.org\/sitio\/iu-verdes-equo-denuncia-la-precariedad-de-los-servicios-municipales-de-motril-como-consecuencia-de-la-gestion-de-la-politica-de-privatizaciones-de-las-derechas\/","url_meta":{"origin":10582,"position":1},"title":"IU Verdes Equo denuncia la precariedad de los servicios municipales de Motril como consecuencia de la gesti\u00f3n de la pol\u00edtica de privatizaciones de las derechas","author":"Izquierda Unida Motril","date":"14 febrero, 2025","format":false,"excerpt":"La concejala de IU Verdes Equo ha denunciado que actualmente la limpieza de los centros recae sobre las pocas trabajadoras que hay en el servicio de limpieza de interiores, unas 40 para cubrir 50 centros grandes y unos 60 peque\u00f1os, \u201cpor lo que a la excesiva sobrecarga de trabajo debemos\u2026","rel":"","context":"En \u00abCiudad\u00bb","block_context":{"text":"Ciudad","link":"https:\/\/iumotril.org\/sitio\/category\/ciudad\/"},"img":{"alt_text":"","src":"https:\/\/i0.wp.com\/iumotril.org\/sitio\/wp-content\/uploads\/2025\/02\/22-14.jpg?resize=350%2C200&ssl=1","width":350,"height":200,"srcset":"https:\/\/i0.wp.com\/iumotril.org\/sitio\/wp-content\/uploads\/2025\/02\/22-14.jpg?resize=350%2C200&ssl=1 1x, https:\/\/i0.wp.com\/iumotril.org\/sitio\/wp-content\/uploads\/2025\/02\/22-14.jpg?resize=525%2C300&ssl=1 1.5x, https:\/\/i0.wp.com\/iumotril.org\/sitio\/wp-content\/uploads\/2025\/02\/22-14.jpg?resize=700%2C400&ssl=1 2x, https:\/\/i0.wp.com\/iumotril.org\/sitio\/wp-content\/uploads\/2025\/02\/22-14.jpg?resize=1050%2C600&ssl=1 3x"},"classes":[]},{"id":10608,"url":"https:\/\/iumotril.org\/sitio\/iu-verdes-equo-denuncia-el-previsible-aumento-del-recibo-de-basura-para-el-proximo-ano\/","url_meta":{"origin":10582,"position":2},"title":"IU Verdes Equo denuncia el previsible aumento del recibo de basura para el pr\u00f3ximo a\u00f1o","author":"Izquierda Unida Motril","date":"9 mayo, 2025","format":false,"excerpt":"En los \u00faltimos seis a\u00f1os se ha producido en la ciudad una situaci\u00f3n de falta de servicios e instalaciones, de cierre de museos, de reducci\u00f3n de horarios en las bibliotecas, de cierres de ludotecas, de instalaciones deportivas, de dependencias municipales, de reducci\u00f3n del n\u00famero de escuelas deportivas municipales, y un\u2026","rel":"","context":"En \u00abAyuntamiento\u00bb","block_context":{"text":"Ayuntamiento","link":"https:\/\/iumotril.org\/sitio\/category\/ayuntamiento\/"},"img":{"alt_text":"","src":"https:\/\/i0.wp.com\/iumotril.org\/sitio\/wp-content\/uploads\/2025\/05\/Inma-y-Ana-2-scaled.jpg?resize=350%2C200&ssl=1","width":350,"height":200,"srcset":"https:\/\/i0.wp.com\/iumotril.org\/sitio\/wp-content\/uploads\/2025\/05\/Inma-y-Ana-2-scaled.jpg?resize=350%2C200&ssl=1 1x, https:\/\/i0.wp.com\/iumotril.org\/sitio\/wp-content\/uploads\/2025\/05\/Inma-y-Ana-2-scaled.jpg?resize=525%2C300&ssl=1 1.5x, https:\/\/i0.wp.com\/iumotril.org\/sitio\/wp-content\/uploads\/2025\/05\/Inma-y-Ana-2-scaled.jpg?resize=700%2C400&ssl=1 2x, https:\/\/i0.wp.com\/iumotril.org\/sitio\/wp-content\/uploads\/2025\/05\/Inma-y-Ana-2-scaled.jpg?resize=1050%2C600&ssl=1 3x, https:\/\/i0.wp.com\/iumotril.org\/sitio\/wp-content\/uploads\/2025\/05\/Inma-y-Ana-2-scaled.jpg?resize=1400%2C800&ssl=1 4x"},"classes":[]},{"id":10389,"url":"https:\/\/iumotril.org\/sitio\/denunciamos-que-el-gobierno-local-de-motril-continua-desmantelando-los-servicios-publicos-municipales\/","url_meta":{"origin":10582,"position":3},"title":"Denunciamos que el gobierno local de Motril contin\u00faa desmantelando los servicios p\u00fablicos municipales.","author":"Izquierda Unida Motril","date":"20 enero, 2025","format":false,"excerpt":"La direcci\u00f3n del PP y de su presidenta, Luisa Garc\u00eda Chamorro, en el gobierno local siguen en la tarea de acabar con los servicios p\u00fablicos que iniciaron cuando llegaron a la alcald\u00eda. Mientras que la plantilla municipal est\u00e1 bajo m\u00ednimos, con importantes deficiencias en todas las \u00c1reas municipales, el Ayuntamiento\u2026","rel":"","context":"En \u00abCiudad\u00bb","block_context":{"text":"Ciudad","link":"https:\/\/iumotril.org\/sitio\/category\/ciudad\/"},"img":{"alt_text":"","src":"https:\/\/i0.wp.com\/iumotril.org\/sitio\/wp-content\/uploads\/2025\/01\/inma-omiste-618x1024.jpg?resize=350%2C200&ssl=1","width":350,"height":200},"classes":[]},{"id":10384,"url":"https:\/\/iumotril.org\/sitio\/el-gobierno-de-garcia-chamorro-lleva-cinco-anos-dedicado-a-vender-humo\/","url_meta":{"origin":10582,"position":4},"title":"El gobierno de Garc\u00eda Chamorro lleva cinco a\u00f1os dedicado a \u00abvender humo\u00bb","author":"Izquierda Unida Motril","date":"17 enero, 2025","format":false,"excerpt":"la realidad es que Motril est\u00e1 hoy peor que hace cinco a\u00f1os y ni la riqueza anunciada ni el empleo, est\u00e1n llegando a las familias motrile\u00f1as\". A juicio de IU-Equo, a lo largo de estos a\u00f1os \"se ha intentado acostumbrar a la ciudadan\u00eda a los anuncios grandilocuentes de la se\u00f1ora\u2026","rel":"","context":"En \u00abCiudad\u00bb","block_context":{"text":"Ciudad","link":"https:\/\/iumotril.org\/sitio\/category\/ciudad\/"},"img":{"alt_text":"","src":"https:\/\/i0.wp.com\/iumotril.org\/sitio\/wp-content\/uploads\/2025\/01\/inma-omiste-618x1024.jpg?resize=350%2C200&ssl=1","width":350,"height":200},"classes":[]},{"id":10308,"url":"https:\/\/iumotril.org\/sitio\/cuestionamos-la-politica-de-privatizaciones-del-gobierno-de-garcia-chamorro\/","url_meta":{"origin":10582,"position":5},"title":"Cuestionamos la pol\u00edtica de privatizaciones del gobierno de Garc\u00eda Chamorro","author":"Izquierda Unida Motril","date":"28 noviembre, 2024","format":false,"excerpt":"La portavoz de su Grupo municipal, Inma Omiste, ha criticado con dureza las pol\u00edticas de Garc\u00eda Chamorro que, despu\u00e9s de cinco a\u00f1os de gobierno, ha decidido actuar \u201csin complejos\u201d para imponer su modelo de privatizaci\u00f3n del espacio p\u00fablico, desmantelando servicios pasando por encima del inter\u00e9s general, para dejarlos en manos\u2026","rel":"","context":"En \u00abAyuntamiento\u00bb","block_context":{"text":"Ayuntamiento","link":"https:\/\/iumotril.org\/sitio\/category\/ayuntamiento\/"},"img":{"alt_text":"","src":"https:\/\/i0.wp.com\/iumotril.org\/sitio\/wp-content\/uploads\/2024\/11\/Captura-de-pantalla-2024-11-28-115845.png?resize=350%2C200&ssl=1","width":350,"height":200,"srcset":"https:\/\/i0.wp.com\/iumotril.org\/sitio\/wp-content\/uploads\/2024\/11\/Captura-de-pantalla-2024-11-28-115845.png?resize=350%2C200&ssl=1 1x, https:\/\/i0.wp.com\/iumotril.org\/sitio\/wp-content\/uploads\/2024\/11\/Captura-de-pantalla-2024-11-28-115845.png?resize=525%2C300&ssl=1 1.5x, https:\/\/i0.wp.com\/iumotril.org\/sitio\/wp-content\/uploads\/2024\/11\/Captura-de-pantalla-2024-11-28-115845.png?resize=700%2C400&ssl=1 2x, https:\/\/i0.wp.com\/iumotril.org\/sitio\/wp-content\/uploads\/2024\/11\/Captura-de-pantalla-2024-11-28-115845.png?resize=1050%2C600&ssl=1 3x"},"classes":[]}],"jetpack_likes_enabled":true,"_links":{"self":[{"href":"https:\/\/iumotril.org\/sitio\/wp-json\/wp\/v2\/posts\/10582","targetHints":{"allow":["GET"]}}],"collection":[{"href":"https:\/\/iumotril.org\/sitio\/wp-json\/wp\/v2\/posts"}],"about":[{"href":"https:\/\/iumotril.org\/sitio\/wp-json\/wp\/v2\/types\/post"}],"author":[{"embeddable":true,"href":"https:\/\/iumotril.org\/sitio\/wp-json\/wp\/v2\/users\/1"}],"replies":[{"embeddable":true,"href":"https:\/\/iumotril.org\/sitio\/wp-json\/wp\/v2\/comments?post=10582"}],"version-history":[{"count":2,"href":"https:\/\/iumotril.org\/sitio\/wp-json\/wp\/v2\/posts\/10582\/revisions"}],"predecessor-version":[{"id":10586,"href":"https:\/\/iumotril.org\/sitio\/wp-json\/wp\/v2\/posts\/10582\/revisions\/10586"}],"wp:featuredmedia":[{"embeddable":true,"href":"https:\/\/iumotril.org\/sitio\/wp-json\/wp\/v2\/media\/10588"}],"wp:attachment":[{"href":"https:\/\/iumotril.org\/sitio\/wp-json\/wp\/v2\/media?parent=10582"}],"wp:term":[{"taxonomy":"category","embeddable":true,"href":"https:\/\/iumotril.org\/sitio\/wp-json\/wp\/v2\/categories?post=10582"},{"taxonomy":"post_tag","embeddable":true,"href":"https:\/\/iumotril.org\/sitio\/wp-json\/wp\/v2\/tags?post=10582"}],"curies":[{"name":"wp","href":"https:\/\/api.w.org\/{rel}","templated":true}]}}