{"id":10571,"date":"2025-04-24T13:46:37","date_gmt":"2025-04-24T11:46:37","guid":{"rendered":"https:\/\/iumotril.org\/sitio\/?p=10571"},"modified":"2025-04-24T13:46:37","modified_gmt":"2025-04-24T11:46:37","slug":"iu-verdes-equo-critica-la-insuficiente-programacion-realizada-por-el-ayuntamiento-en-el-dia-del-libro-y-propone-numerosas-actividades-para-su-celebracion","status":"publish","type":"post","link":"https:\/\/iumotril.org\/sitio\/iu-verdes-equo-critica-la-insuficiente-programacion-realizada-por-el-ayuntamiento-en-el-dia-del-libro-y-propone-numerosas-actividades-para-su-celebracion\/","title":{"rendered":"IU Verdes Equo critica la insuficiente programaci\u00f3n realizada por el Ayuntamiento en el D\u00eda del Libro y propone numerosas actividades para su celebraci\u00f3n"},"content":{"rendered":"<h3><span style=\"color: #993300;\"><strong>Denuncian que no hay ni un solo stand en toda la ciudad para conmemorar un d\u00eda tan importante que, entre otras cosas, ven\u00eda a revitalizar el papel cultural que desempe\u00f1an las librer\u00edas y apoyaban el peque\u00f1o comercio.<\/strong><\/span><\/h3>\n<h3><span style=\"color: #993300;\"><strong>Anuncia que va a proponer\u00a0 al pleno municipal la concesi\u00f3n de una distinci\u00f3n nominativa a Mar\u00eda Moliner con motivo del 125 aniversario de su nacimiento, en reconocimiento a su figura y a la relevancia de su principal obra, El diccionario de uso del espa\u00f1ol.<\/strong><\/span><\/h3>\n<p>&nbsp;<\/p>\n<p>Christian Linares, portavoz de la formaci\u00f3n de izquierdas, <strong>reclama por el D\u00eda del Libro m\u00e1s actividades culturales impulsadas por el Ayuntamiento<\/strong> y el establecimiento de los stands que ven\u00edan poblando la ciudad llen\u00e1ndola de libros, aunque cada vez menos desde que gobierna el Partido Popular.<\/p>\n<figure id=\"attachment_10570\" aria-describedby=\"caption-attachment-10570\" style=\"width: 640px\" class=\"wp-caption alignleft\"><img loading=\"lazy\" decoding=\"async\" data-attachment-id=\"10570\" data-permalink=\"https:\/\/iumotril.org\/sitio\/iu-verdes-equo-critica-la-insuficiente-programacion-realizada-por-el-ayuntamiento-en-el-dia-del-libro-y-propone-numerosas-actividades-para-su-celebracion\/dialibro\/\" data-orig-file=\"https:\/\/iumotril.org\/sitio\/wp-content\/uploads\/2025\/04\/DIALIBRO-scaled.jpg\" data-orig-size=\"2560,1920\" data-comments-opened=\"1\" data-image-meta=\"{&quot;aperture&quot;:&quot;0&quot;,&quot;credit&quot;:&quot;&quot;,&quot;camera&quot;:&quot;&quot;,&quot;caption&quot;:&quot;&quot;,&quot;created_timestamp&quot;:&quot;0&quot;,&quot;copyright&quot;:&quot;&quot;,&quot;focal_length&quot;:&quot;0&quot;,&quot;iso&quot;:&quot;0&quot;,&quot;shutter_speed&quot;:&quot;0&quot;,&quot;title&quot;:&quot;&quot;,&quot;orientation&quot;:&quot;0&quot;}\" data-image-title=\"DIALIBRO\" data-image-description=\"\" data-image-caption=\"\" data-large-file=\"https:\/\/iumotril.org\/sitio\/wp-content\/uploads\/2025\/04\/DIALIBRO-1024x768.jpg\" class=\"wp-image-10570 size-large\" src=\"https:\/\/iumotril.org\/sitio\/wp-content\/uploads\/2025\/04\/DIALIBRO-1024x768.jpg\" alt=\"\" width=\"640\" height=\"480\" srcset=\"https:\/\/iumotril.org\/sitio\/wp-content\/uploads\/2025\/04\/DIALIBRO-1024x768.jpg 1024w, https:\/\/iumotril.org\/sitio\/wp-content\/uploads\/2025\/04\/DIALIBRO-300x225.jpg 300w, https:\/\/iumotril.org\/sitio\/wp-content\/uploads\/2025\/04\/DIALIBRO-768x576.jpg 768w, https:\/\/iumotril.org\/sitio\/wp-content\/uploads\/2025\/04\/DIALIBRO-1536x1152.jpg 1536w, https:\/\/iumotril.org\/sitio\/wp-content\/uploads\/2025\/04\/DIALIBRO-2048x1536.jpg 2048w\" sizes=\"auto, (max-width: 640px) 100vw, 640px\" \/><figcaption id=\"caption-attachment-10570\" class=\"wp-caption-text\">Inma Omiste y Christian Linares frente a la biblioteca Jos\u00e9 L\u00f3pez Rubio<\/figcaption><\/figure>\n<p>Un a\u00f1o m\u00e1s, Luisa Garc\u00eda Chamorro y su equipo, en este caso la concejala encargada de Educaci\u00f3n Magdalena Banqueri, han mostrado su f<strong>alta de planificaci\u00f3n y e inter\u00e9s tanto por la cultura como por el apoyo al peque\u00f1o comercio<\/strong>, se\u00f1ala Linares; para la conmemoraci\u00f3n de este d\u00eda<strong> solo se han realizado tres actividades<\/strong>, en gran medida organizadas por la Asociaci\u00f3n Mar de Libros que siempre trabaja por el fomento de la Cultura en la ciudad.<\/p>\n<p>La edil de Educaci\u00f3n tiene una dedicaci\u00f3n al 100% con un sueldo de m\u00e1s de 40.000 euros, y \u00e9sta es la programaci\u00f3n que nos ha presentado \u2014ha declarado el portavoz de IU Verdes Equo\u2013, entonces cabe preguntarse \u00bfde verdad no le da verg\u00fcenza presentar esta <strong>programaci\u00f3n escueta e insuficiente<\/strong> para una ciudad como Motril?<\/p>\n<p>En este sentido, desde IU Verdes Equo lanzan una serie de ideas que se pueden llevar a cabo para no volver a repetir esta lamentable situaci\u00f3n, dado las ferias del libro que se organizaban desde el \u00e1rea de educaci\u00f3n cuando este estaba a cargo de Izquierda Unida, son muestra de la gran diferencia en la forma de promover la cultura:<\/p>\n<p>Entre otros muchos ejemplos, proponen:<\/p>\n<p>\u2022 Que se recupere la <strong>Feria del Libro local<\/strong> con puestos de librer\u00edas, editoriales independientes y autores\/as locales.<br \/>\n\u2022 <strong>Teatro le\u00eddo<\/strong> o representaciones breves inspiradas en obras literarias.<br \/>\n\u2022 Concursos de <strong>microrrelatos o poes\u00eda<\/strong> para escolares, j\u00f3venes y adultos.<br \/>\n\u2022 <strong>Clubes de lectura expr\u00e9s:<\/strong> encuentros de un d\u00eda con libros cortos.<br \/>\n\u2022 <strong>Talleres<\/strong> de ilustraci\u00f3n, encuadernaci\u00f3n o creaci\u00f3n de cuentos, entre otros.<br \/>\n\u2022 <strong>Encuentros con escritores\/as y mesas redondas d<\/strong>e diversa \u00edndole (mujeres escritoras, j\u00f3venes talentos, poes\u00eda local&#8230;)<br \/>\n\u2022 <strong>Rutas literarias por lugares del pueblo<\/strong> vinculados a escritores o a la historia local.<br \/>\n\u2022 <strong>Cuentacuentos infantiles<\/strong> en parques o centros educativos.<\/p>\n<p>Tambi\u00e9n proponen actividades donde la <strong>participaci\u00f3n de la ciudadan\u00eda<\/strong> es fundamental, algo que est\u00e1 en la base de nuestra forma de entender la ciudad, explica Linares:<\/p>\n<p>\u2022 <strong>Intercambio de libros<\/strong> (Bookcrossing): puntos de trueque libres por todo el municipio.<br \/>\n\u2022 <strong>Gymkana literaria<\/strong>: pruebas relacionadas con libros famosos, personajes y autores.<br \/>\n\u2022 <strong>Marat\u00f3n de lectura intergeneracional<\/strong>: desde los m\u00e1s peque\u00f1os hasta los mayores leyendo fragmentos de libros.<br \/>\n\u2022 <strong>Conciertos po\u00e9ticos:<\/strong> m\u00fasicos y bandas locales que interpretan canciones basadas en poemas. De esta forma tambi\u00e9n se ponen en valor los grupos que existen en Motril.<br \/>\n\u2022 <strong>Rap o freestyle<\/strong> con letras inspiradas en libros o autores. Cada vez son m\u00e1s los y las j\u00f3venes que demuestran su talento en el mundo del rap pero que no encuentran actividades en las que puedan participar, por lo que creemos que esta es una buena idea.<\/p>\n<p><strong>Apostar de forma decidida por la Red de Bibliotecas motrile\u00f1as<\/strong> ser\u00eda vital para el fomento de la lectura, ya que \u00e9stas se encuentran en un estado de <strong>dejadez y abandono persistente desde que el PP gobierna nuestra ciudad<\/strong>; Una situaci\u00f3n que viene denunciando desde hace a\u00f1os nuestra formaci\u00f3n y que es de sobra conocida por todas las personas que hacen uso -o intentan hacer uso- de las bibliotecas de nuestra ciudad, cuyo personal intenta sacar adelante haciendo una labor encomiable, a\u00f1ade el portavoz de IU Verdes Equo..<\/p>\n<p>Linares informa de que van a proponer que se proceda a una <strong>distinci\u00f3n nominativa a Mar\u00eda Moliner<\/strong> con motivo del 125 aniversario de su nacimiento, en reconocimiento a su figura y a su principal obra (el <strong>Diccionario de uso del espa\u00f1ol<\/strong>) adem\u00e1s de haber sido la <strong>primera mujer propuesta para ocupar un sill\u00f3n en la RAE en el a\u00f1o 1972.<\/strong><\/p>\n","protected":false},"excerpt":{"rendered":"<p>Un a\u00f1o m\u00e1s, Luisa Garc\u00eda Chamorro y su equipo, en este caso la concejala encargada de Educaci\u00f3n Magdalena Banqueri, han mostrado su falta de planificaci\u00f3n y e inter\u00e9s tanto por la cultura como por el apoyo al peque\u00f1o comercio, se\u00f1ala Linares; para la conmemoraci\u00f3n de este d\u00eda solo se han realizado tres actividades, en gran medida organizadas por la Asociaci\u00f3n Mar de Libros que siempre trabaja por el fomento de la Cultura en la ciudad.<br \/>\nEn este sentido, desde IU Verdes Equo lanzan una serie de ideas que se pueden llevar a cabo para no volver a repetir esta lamentable situaci\u00f3n, dado las ferias del libro que se organizaban desde el \u00e1rea de educaci\u00f3n cuando este estaba a cargo de Izquierda Unida, son muestra de la gran diferencia en la forma de promover la cultura:<\/p>\n<p>Entre otros muchos ejemplos, proponen:<\/p>\n<p>\u2022 Que se recupere la Feria del Libro local con puestos de librer\u00edas, editoriales independientes y autores\/as locales.<br \/>\n\u2022 Teatro le\u00eddo o representaciones breves inspiradas en obras literarias.<br \/>\n\u2022 Concursos de microrrelatos o poes\u00eda para escolares, j\u00f3venes y adultos.<br \/>\n\u2022 Clubes de lectura expr\u00e9s: encuentros de un d\u00eda con libros cortos.<br \/>\n\u2022 Talleres de ilustraci\u00f3n, encuadernaci\u00f3n o creaci\u00f3n de cuentos, entre otros.<br \/>\n\u2022 Encuentros con escritores\/as y mesas redondas de diversa \u00edndole (mujeres escritoras, j\u00f3venes talentos, poes\u00eda local&#8230;)<br \/>\n\u2022 Rutas literarias por lugares del pueblo vinculados a escritores o a la historia local.<br \/>\n\u2022 Cuentacuentos infantiles en parques o centros educativos.<br \/>\nTambi\u00e9n proponen actividades donde la participaci\u00f3n de la ciudadan\u00eda<\/p>\n","protected":false},"author":1,"featured_media":10575,"comment_status":"open","ping_status":"open","sticky":false,"template":"","format":"standard","meta":{"cybocfi_hide_featured_image":"","_jetpack_newsletter_access":"","_jetpack_dont_email_post_to_subs":false,"_jetpack_newsletter_tier_id":0,"_jetpack_memberships_contains_paywalled_content":false,"_jetpack_memberships_contains_paid_content":false,"footnotes":""},"categories":[7,177,996,265,2269,275],"tags":[2289,2291,1780,2290,2292],"class_list":["post-10571","post","type-post","status-publish","format-standard","has-post-thumbnail","hentry","category-ayuntamiento","category-ciudad","category-cultura","category-esta-pasando","category-gobierno-local","category-propuestas-iumotril","tag-actividades-culturales","tag-desidia-y-desinteres","tag-dia-del-libro","tag-falta-de-programacion","tag-paramo-cultural"],"jetpack_featured_media_url":"https:\/\/iumotril.org\/sitio\/wp-content\/uploads\/2025\/04\/F3A980A9-EA4C-4F6E-A4C9-6B8426200C90.jpeg","jetpack_sharing_enabled":true,"jetpack_shortlink":"https:\/\/wp.me\/p4QsU5-2Kv","jetpack-related-posts":[{"id":3505,"url":"https:\/\/iumotril.org\/sitio\/izquierda-unida-propone-una-estrategia-de-desarrollo-cultural-para-motril\/","url_meta":{"origin":10571,"position":0},"title":"Izquierda Unida propone una estrategia de desarrollo cultural para Motril","author":"Izquierda Unida Motril","date":"23 abril, 2018","format":false,"excerpt":"Izquierda Unida propone la elaboraci\u00f3n de una estrategia de desarrollo cultural de Motril que d\u00e9 cabida a una programaci\u00f3n de actividades estable que, en el medio plazo, se conforme como un elemento m\u00e1s que se integre en la oferta tur\u00edstica de Motril y contribuya, de ese modo, \u00a0al desarrollo econ\u00f3mico\u2026","rel":"","context":"En \u00abCultura\u00bb","block_context":{"text":"Cultura","link":"https:\/\/iumotril.org\/sitio\/category\/cultura\/"},"img":{"alt_text":"","src":"https:\/\/i0.wp.com\/iumotril.org\/sitio\/wp-content\/uploads\/2018\/04\/foto-feria-libro-225x300.jpg?resize=350%2C200","width":350,"height":200},"classes":[]},{"id":8137,"url":"https:\/\/iumotril.org\/sitio\/iu-equo-denuncia-que-el-ayuntamiento-no-programe-actividades-con-motivo-del-dia-del-libro-en-motril\/","url_meta":{"origin":10571,"position":1},"title":"IU-Equo denuncia que el Ayuntamiento no programe actividades con motivo del D\u00eda del libro en Motril","author":"Izquierda Unida Motril","date":"21 abril, 2022","format":false,"excerpt":"Un a\u00f1o m\u00e1s, los motrile\u00f1os y motrile\u00f1as no podr\u00e1n pasear entre las casetas de las editoriales y de las librer\u00edas de la ciudad instaladas en las plaza de la Aurora y los ni\u00f1os y las ni\u00f1as tampoco podr\u00e1n disfrutar de las actividades l\u00fadicas que se podr\u00edan llevar a cabo en\u2026","rel":"","context":"En \u00abEST\u00c1 PASANDO\u00bb","block_context":{"text":"EST\u00c1 PASANDO","link":"https:\/\/iumotril.org\/sitio\/category\/esta-pasando\/"},"img":{"alt_text":"","src":"https:\/\/i0.wp.com\/iumotril.org\/sitio\/wp-content\/uploads\/2022\/02\/INma-23-F-Mocion-violinsta-2-1-scaled.jpg?resize=350%2C200","width":350,"height":200,"srcset":"https:\/\/i0.wp.com\/iumotril.org\/sitio\/wp-content\/uploads\/2022\/02\/INma-23-F-Mocion-violinsta-2-1-scaled.jpg?resize=350%2C200 1x, https:\/\/i0.wp.com\/iumotril.org\/sitio\/wp-content\/uploads\/2022\/02\/INma-23-F-Mocion-violinsta-2-1-scaled.jpg?resize=525%2C300 1.5x, https:\/\/i0.wp.com\/iumotril.org\/sitio\/wp-content\/uploads\/2022\/02\/INma-23-F-Mocion-violinsta-2-1-scaled.jpg?resize=700%2C400 2x, https:\/\/i0.wp.com\/iumotril.org\/sitio\/wp-content\/uploads\/2022\/02\/INma-23-F-Mocion-violinsta-2-1-scaled.jpg?resize=1050%2C600 3x, https:\/\/i0.wp.com\/iumotril.org\/sitio\/wp-content\/uploads\/2022\/02\/INma-23-F-Mocion-violinsta-2-1-scaled.jpg?resize=1400%2C800 4x"},"classes":[]},{"id":529,"url":"https:\/\/iumotril.org\/sitio\/es-tiempo-de-la-cultura-para-motril-mas-libros-mas-libres\/","url_meta":{"origin":10571,"position":2},"title":"Es Tiempo de la Cultura para Motril. M\u00e1s Libros, m\u00e1s libres.","author":"Izquierda Unida Motril","date":"22 abril, 2015","format":false,"excerpt":"Defendemos una pol\u00edtica cultural que incluya Planes de fomento de la lectura, con la participaci\u00f3n de centros educativos y la labor conjunta de profesores y bibliotecarios, que programen actividades dirigidas a todos los sectores de poblaci\u00f3n, ni\u00f1os, j\u00f3venes y adultos con los objetivos fundamentales de fomentar el h\u00e1bito lector y\u2026","rel":"","context":"En \u00abAyuntamiento\u00bb","block_context":{"text":"Ayuntamiento","link":"https:\/\/iumotril.org\/sitio\/category\/ayuntamiento\/"},"img":{"alt_text":"Feria Libro Motril 2015","src":"https:\/\/i0.wp.com\/iumotril.org\/sitio\/wp-content\/uploads\/2015\/04\/Feria-Libro-300x225.jpg?resize=350%2C200","width":350,"height":200},"classes":[]},{"id":9961,"url":"https:\/\/iumotril.org\/sitio\/iu-verdes-equo-propone-conmemorar-el-dia-del-orgullo-lgbt-con-actividades-culturales-dirigidas-a-la-poblacion-en-general\/","url_meta":{"origin":10571,"position":3},"title":"IU Verdes Equo propone conmemorar el D\u00eda del Orgullo LGBT+ con actividades culturales dirigidas a la poblaci\u00f3n en general","author":"Izquierda Unida Motril","date":"31 mayo, 2024","format":false,"excerpt":"Entre otras actividades piden que se organice un Festival de arte y cultura que incluya la programaci\u00f3n de exposiciones, representaciones teatrales y conciertos. Adem\u00e1s de un ciclo de charlas y talleres educativos orientados a j\u00f3venes y familias. Proponen, tambi\u00e9n, implicar a los negocios locales incentivando su participaci\u00f3n en la celebraci\u00f3n\u2026","rel":"","context":"En \u00abAyuntamiento\u00bb","block_context":{"text":"Ayuntamiento","link":"https:\/\/iumotril.org\/sitio\/category\/ayuntamiento\/"},"img":{"alt_text":"","src":"https:\/\/i0.wp.com\/iumotril.org\/sitio\/wp-content\/uploads\/2024\/05\/Orgullo-lgtb.png?resize=350%2C200&ssl=1","width":350,"height":200,"srcset":"https:\/\/i0.wp.com\/iumotril.org\/sitio\/wp-content\/uploads\/2024\/05\/Orgullo-lgtb.png?resize=350%2C200&ssl=1 1x, https:\/\/i0.wp.com\/iumotril.org\/sitio\/wp-content\/uploads\/2024\/05\/Orgullo-lgtb.png?resize=525%2C300&ssl=1 1.5x, https:\/\/i0.wp.com\/iumotril.org\/sitio\/wp-content\/uploads\/2024\/05\/Orgullo-lgtb.png?resize=700%2C400&ssl=1 2x, https:\/\/i0.wp.com\/iumotril.org\/sitio\/wp-content\/uploads\/2024\/05\/Orgullo-lgtb.png?resize=1050%2C600&ssl=1 3x, https:\/\/i0.wp.com\/iumotril.org\/sitio\/wp-content\/uploads\/2024\/05\/Orgullo-lgtb.png?resize=1400%2C800&ssl=1 4x"},"classes":[]},{"id":10009,"url":"https:\/\/iumotril.org\/sitio\/criticamos-la-falta-de-actividades-para-la-juventud-en-la-festividad-de-san-juan-organizadas-por-el-ayuntamiento\/","url_meta":{"origin":10571,"position":4},"title":"Criticamos la falta de actividades para la juventud en la festividad de San Juan organizadas por el ayuntamiento","author":"Izquierda Unida Motril","date":"21 junio, 2024","format":false,"excerpt":"Linares ha se\u00f1alado que \u201cno hay m\u00e1s que echar un vistazo a las redes para recoger el malestar generalizado entre nuestros y nuestras j\u00f3venes\u201d y descubrir que, despu\u00e9s de las fiestas patronales del a\u00f1o pasado o de la programaci\u00f3n que se hizo para la navidad, volvemos a encontrarnos con lo\u2026","rel":"","context":"En \u00abAyuntamiento\u00bb","block_context":{"text":"Ayuntamiento","link":"https:\/\/iumotril.org\/sitio\/category\/ayuntamiento\/"},"img":{"alt_text":"","src":"https:\/\/i0.wp.com\/iumotril.org\/sitio\/wp-content\/uploads\/2024\/06\/Noche-de-san-Juan-2024.jpg?resize=350%2C200&ssl=1","width":350,"height":200,"srcset":"https:\/\/i0.wp.com\/iumotril.org\/sitio\/wp-content\/uploads\/2024\/06\/Noche-de-san-Juan-2024.jpg?resize=350%2C200&ssl=1 1x, https:\/\/i0.wp.com\/iumotril.org\/sitio\/wp-content\/uploads\/2024\/06\/Noche-de-san-Juan-2024.jpg?resize=525%2C300&ssl=1 1.5x, https:\/\/i0.wp.com\/iumotril.org\/sitio\/wp-content\/uploads\/2024\/06\/Noche-de-san-Juan-2024.jpg?resize=700%2C400&ssl=1 2x"},"classes":[]},{"id":1914,"url":"https:\/\/iumotril.org\/sitio\/rigoletto-no-es-opera-para-tods\/","url_meta":{"origin":10571,"position":5},"title":"RIGOLETTO NO ES \u00d3PERA PARA TOD@S","author":"Izquierda Unida Motril","date":"25 febrero, 2016","format":false,"excerpt":"Educaci\u00f3n y Cultura para todos y todas, especialmente para quienes tienen menos posibilidades. Esto es mucho m\u00e1s importante que hacer eventos m\u00e1s o menos se\u00f1alados a los que no todo el mundo podr\u00e1 ir. La Cultura tiene que estar en la calle, tiene que ser viva, con precios asequibles para\u2026","rel":"","context":"En \u00abEST\u00c1 PASANDO\u00bb","block_context":{"text":"EST\u00c1 PASANDO","link":"https:\/\/iumotril.org\/sitio\/category\/esta-pasando\/"},"img":{"alt_text":"foto prensa rigoletto","src":"http:\/\/iumotril.org\/sitio\/wp-content\/uploads\/2016\/02\/foto-prensa-rigoletto.bmp","width":350,"height":200,"srcset":"http:\/\/iumotril.org\/sitio\/wp-content\/uploads\/2016\/02\/foto-prensa-rigoletto.bmp 1x, http:\/\/iumotril.org\/sitio\/wp-content\/uploads\/2016\/02\/foto-prensa-rigoletto.bmp 1.5x, http:\/\/iumotril.org\/sitio\/wp-content\/uploads\/2016\/02\/foto-prensa-rigoletto.bmp 2x"},"classes":[]}],"jetpack_likes_enabled":true,"_links":{"self":[{"href":"https:\/\/iumotril.org\/sitio\/wp-json\/wp\/v2\/posts\/10571","targetHints":{"allow":["GET"]}}],"collection":[{"href":"https:\/\/iumotril.org\/sitio\/wp-json\/wp\/v2\/posts"}],"about":[{"href":"https:\/\/iumotril.org\/sitio\/wp-json\/wp\/v2\/types\/post"}],"author":[{"embeddable":true,"href":"https:\/\/iumotril.org\/sitio\/wp-json\/wp\/v2\/users\/1"}],"replies":[{"embeddable":true,"href":"https:\/\/iumotril.org\/sitio\/wp-json\/wp\/v2\/comments?post=10571"}],"version-history":[{"count":3,"href":"https:\/\/iumotril.org\/sitio\/wp-json\/wp\/v2\/posts\/10571\/revisions"}],"predecessor-version":[{"id":10574,"href":"https:\/\/iumotril.org\/sitio\/wp-json\/wp\/v2\/posts\/10571\/revisions\/10574"}],"wp:featuredmedia":[{"embeddable":true,"href":"https:\/\/iumotril.org\/sitio\/wp-json\/wp\/v2\/media\/10575"}],"wp:attachment":[{"href":"https:\/\/iumotril.org\/sitio\/wp-json\/wp\/v2\/media?parent=10571"}],"wp:term":[{"taxonomy":"category","embeddable":true,"href":"https:\/\/iumotril.org\/sitio\/wp-json\/wp\/v2\/categories?post=10571"},{"taxonomy":"post_tag","embeddable":true,"href":"https:\/\/iumotril.org\/sitio\/wp-json\/wp\/v2\/tags?post=10571"}],"curies":[{"name":"wp","href":"https:\/\/api.w.org\/{rel}","templated":true}]}}