{"id":10499,"date":"2025-03-24T13:11:47","date_gmt":"2025-03-24T12:11:47","guid":{"rendered":"https:\/\/iumotril.org\/sitio\/?p=10499"},"modified":"2025-03-25T13:57:50","modified_gmt":"2025-03-25T12:57:50","slug":"reclamamos-al-gobierno-de-garcia-chamorro-que-cumpla-con-lo-aprobado-en-pleno-para-la-mejora-del-barrio-de-las-angustias","status":"publish","type":"post","link":"https:\/\/iumotril.org\/sitio\/reclamamos-al-gobierno-de-garcia-chamorro-que-cumpla-con-lo-aprobado-en-pleno-para-la-mejora-del-barrio-de-las-angustias\/","title":{"rendered":"Reclamamos al gobierno de Garc\u00eda Chamorro que cumpla con lo aprobado en pleno para la mejora del barrio de las Angustias"},"content":{"rendered":"<h4><span style=\"color: #993300;\">Denuncia que en el pleno del pasado mes de enero se aprobaron entre<\/span><br \/>\n<span style=\"color: #993300;\">otras mejoras, la limpieza y vallado perimetral de los solares existentes<\/span><br \/>\n<span style=\"color: #993300;\">en la zona, sin que hasta la fecha se haya hecho nada al respecto.<\/span><\/h4>\n<p>Entre las actuaciones estaba la mejora en materia de limpieza,<br \/>\nmantenimiento y adecuaci\u00f3n de mobiliario urbano e infraestructuras, as\u00ed<br \/>\ncomo la <strong>limpieza de los solares<\/strong> existentes en el barrio, algunos de ellos<br \/>\nde titularidad municipal, para evitar <strong>riesgos higi\u00e9nicos y sanitarios<\/strong> que<br \/>\nactualmente se est\u00e1n produciendo por la situaci\u00f3n de abandono del<br \/>\nbarrio.<\/p>\n<figure id=\"attachment_10503\" aria-describedby=\"caption-attachment-10503\" style=\"width: 518px\" class=\"wp-caption alignleft\"><img loading=\"lazy\" decoding=\"async\" data-attachment-id=\"10503\" data-permalink=\"https:\/\/iumotril.org\/sitio\/reclamamos-al-gobierno-de-garcia-chamorro-que-cumpla-con-lo-aprobado-en-pleno-para-la-mejora-del-barrio-de-las-angustias\/photo-2025-03-24-11-59-51\/\" data-orig-file=\"https:\/\/iumotril.org\/sitio\/wp-content\/uploads\/2025\/03\/PHOTO-2025-03-24-11-59-51-scaled.jpg\" data-orig-size=\"2560,1196\" data-comments-opened=\"1\" data-image-meta=\"{&quot;aperture&quot;:&quot;0&quot;,&quot;credit&quot;:&quot;&quot;,&quot;camera&quot;:&quot;&quot;,&quot;caption&quot;:&quot;&quot;,&quot;created_timestamp&quot;:&quot;0&quot;,&quot;copyright&quot;:&quot;&quot;,&quot;focal_length&quot;:&quot;0&quot;,&quot;iso&quot;:&quot;0&quot;,&quot;shutter_speed&quot;:&quot;0&quot;,&quot;title&quot;:&quot;&quot;,&quot;orientation&quot;:&quot;0&quot;}\" data-image-title=\"PHOTO-2025-03-24-11-59-51\" data-image-description=\"\" data-image-caption=\"\" data-large-file=\"https:\/\/iumotril.org\/sitio\/wp-content\/uploads\/2025\/03\/PHOTO-2025-03-24-11-59-51-1024x478.jpg\" class=\"wp-image-10503\" src=\"https:\/\/iumotril.org\/sitio\/wp-content\/uploads\/2025\/03\/PHOTO-2025-03-24-11-59-51-1024x478.jpg\" alt=\"\" width=\"518\" height=\"242\" srcset=\"https:\/\/iumotril.org\/sitio\/wp-content\/uploads\/2025\/03\/PHOTO-2025-03-24-11-59-51-1024x478.jpg 1024w, https:\/\/iumotril.org\/sitio\/wp-content\/uploads\/2025\/03\/PHOTO-2025-03-24-11-59-51-300x140.jpg 300w, https:\/\/iumotril.org\/sitio\/wp-content\/uploads\/2025\/03\/PHOTO-2025-03-24-11-59-51-768x359.jpg 768w, https:\/\/iumotril.org\/sitio\/wp-content\/uploads\/2025\/03\/PHOTO-2025-03-24-11-59-51-1536x717.jpg 1536w, https:\/\/iumotril.org\/sitio\/wp-content\/uploads\/2025\/03\/PHOTO-2025-03-24-11-59-51-2048x956.jpg 2048w\" sizes=\"auto, (max-width: 518px) 100vw, 518px\" \/><figcaption id=\"caption-attachment-10503\" class=\"wp-caption-text\">Inma Omiste, portavoz de IU Verdes Equo, en el barrio de Las Angustias<\/figcaption><\/figure>\n<p>El barrio de las Angustias no merece ni ha merecido en los \u00faltimos a\u00f1os<br \/>\nla <strong>atenci\u00f3n necesaria por parte del Ayuntamiento<\/strong> para contribuir a su<br \/>\nvisibilidad y a mejoras en beneficio de sus vecinos y de sus vecinas,<br \/>\nsostienen desde el Grupo municipal de IU Verdes Equo.<\/p>\n<p>A pesar de haber sido aprobado en el pleno del <strong>pasado mes de enero<\/strong>, a<br \/>\nfecha de hoy, ni los <strong>solares de propiedad del Ayuntamiento<\/strong> est\u00e1n<br \/>\nlimpios ni mucho menos vallados, el barrio contin\u00faa teniendo<br \/>\nimportantes <strong>carencias estructurales<\/strong>, con <strong>deficiencias en la limpieza, el<\/strong><br \/>\n<strong>mantenimiento y en la adecuaci\u00f3n de sus infraestructuras.<\/strong> Unas<br \/>\ncircunstancias, \u00e9stas, que suponen importantes inconvenientes en el d\u00eda<br \/>\na d\u00eda de sus residentes.<\/p>\n<p>La portavoz municipal de IU Verdes Equo,<strong> Inma Omiste<\/strong>, ha indicado<br \/>\nque <strong>los vecinos y vecinas manifiestan su malestar<\/strong> por la falta de<br \/>\nlimpieza de las calles y de actuaciones en solares e instalaciones en<br \/>\nsituaci\u00f3n de abandono. Adem\u00e1s, se\u00f1alan la acumulaci\u00f3n de enseres y<br \/>\nmobiliario depositado en las proximidades de los contenedores y<br \/>\n\u201cpuntos limpios\u201d improvisados.<\/p>\n<p>A esta <strong>percepci\u00f3n de abandono<\/strong>\u00a0 contribuye la desaparici\u00f3n<\/p>\n<p>de las <strong>zonas infantiles de juego<\/strong> que se encontraban ubicadas en el barrio.<\/p>\n<div style=\"width: 640px;\" class=\"wp-video\"><video class=\"wp-video-shortcode\" id=\"video-10499-1\" width=\"640\" height=\"363\" preload=\"metadata\" controls=\"controls\"><source type=\"video\/mp4\" src=\"https:\/\/iumotril.org\/sitio\/wp-content\/uploads\/2025\/03\/eca527d9-0765-4062-a971-c2ef9c7f9d85.mp4?_=1\" \/><a href=\"https:\/\/iumotril.org\/sitio\/wp-content\/uploads\/2025\/03\/eca527d9-0765-4062-a971-c2ef9c7f9d85.mp4\">https:\/\/iumotril.org\/sitio\/wp-content\/uploads\/2025\/03\/eca527d9-0765-4062-a971-c2ef9c7f9d85.mp4<\/a><\/video><\/div>\n","protected":false},"excerpt":{"rendered":"<p>El barrio de las Angustias no merece ni ha merecido en los \u00faltimos a\u00f1os<br \/>\nla atenci\u00f3n necesaria por parte del Ayuntamiento para contribuir a su<br \/>\nvisibilidad y a mejoras en beneficio de sus vecinos y de sus vecinas,<br \/>\nsostienen desde el Grupo municipal de IU Verdes Equo.<br \/>\nA pesar de haber sido aprobado en el pleno del pasado mes de enero, a<br \/>\nfecha de hoy, ni los solares de propiedad del Ayuntamiento est\u00e1n<br \/>\nlimpios ni mucho menos vallados, el barrio contin\u00faa teniendo<br \/>\nimportantes carencias estructurales, con deficiencias en la limpieza, el<br \/>\nmantenimiento y en la adecuaci\u00f3n de sus infraestructuras. Unas<br \/>\ncircunstancias, \u00e9stas, que suponen importantes inconvenientes en el d\u00eda<br \/>\na d\u00eda de sus residentes.<\/p>\n","protected":false},"author":1,"featured_media":10504,"comment_status":"open","ping_status":"open","sticky":false,"template":"","format":"standard","meta":{"cybocfi_hide_featured_image":"","_jetpack_newsletter_access":"","_jetpack_dont_email_post_to_subs":false,"_jetpack_newsletter_tier_id":0,"_jetpack_memberships_contains_paywalled_content":false,"_jetpack_memberships_contains_paid_content":false,"footnotes":""},"categories":[177,375,265,2269],"tags":[377,90,819,879,2273,874],"class_list":["post-10499","post","type-post","status-publish","format-standard","has-post-thumbnail","hentry","category-ciudad","category-denuncia","category-esta-pasando","category-gobierno-local","tag-abandono","tag-barrios","tag-dejadez","tag-desidia-municipal","tag-las-angusticas","tag-vecinas"],"jetpack_featured_media_url":"https:\/\/iumotril.org\/sitio\/wp-content\/uploads\/2025\/03\/PHOTO-2025-03-24-11-59-50-scaled.jpg","jetpack_sharing_enabled":true,"jetpack_shortlink":"https:\/\/wp.me\/p4QsU5-2Jl","jetpack-related-posts":[{"id":10619,"url":"https:\/\/iumotril.org\/sitio\/iu-verdes-equo-critica-el-incumplimiento-reiterado-de-los-acuerdos-de-pleno-por-parte-del-gobierno-de-garcia-chamorro\/","url_meta":{"origin":10499,"position":0},"title":"IU Verdes Equo critica el incumplimiento reiterado de los acuerdos de pleno por parte del gobierno de Garc\u00eda Chamorro","author":"Izquierda Unida Motril","date":"16 mayo, 2025","format":false,"excerpt":"La portavoz municipal de IU Verdes Equo, Inma Omiste, ha indicado que los vecinos manifiestan su malestar por la falta de limpieza y de actuaciones en solares y jardines existentes que se encuentran en situaci\u00f3n de abandono. Adem\u00e1s, se\u00f1alan la acumulaci\u00f3n de enseres y mobiliario depositado en las proximidades de\u2026","rel":"","context":"En \u00abAyuntamiento\u00bb","block_context":{"text":"Ayuntamiento","link":"https:\/\/iumotril.org\/sitio\/category\/ayuntamiento\/"},"img":{"alt_text":"","src":"https:\/\/i0.wp.com\/iumotril.org\/sitio\/wp-content\/uploads\/2025\/05\/solar-barrio-angustias.jpg?resize=350%2C200&ssl=1","width":350,"height":200,"srcset":"https:\/\/i0.wp.com\/iumotril.org\/sitio\/wp-content\/uploads\/2025\/05\/solar-barrio-angustias.jpg?resize=350%2C200&ssl=1 1x, https:\/\/i0.wp.com\/iumotril.org\/sitio\/wp-content\/uploads\/2025\/05\/solar-barrio-angustias.jpg?resize=525%2C300&ssl=1 1.5x, https:\/\/i0.wp.com\/iumotril.org\/sitio\/wp-content\/uploads\/2025\/05\/solar-barrio-angustias.jpg?resize=700%2C400&ssl=1 2x, https:\/\/i0.wp.com\/iumotril.org\/sitio\/wp-content\/uploads\/2025\/05\/solar-barrio-angustias.jpg?resize=1050%2C600&ssl=1 3x, https:\/\/i0.wp.com\/iumotril.org\/sitio\/wp-content\/uploads\/2025\/05\/solar-barrio-angustias.jpg?resize=1400%2C800&ssl=1 4x"},"classes":[]},{"id":10406,"url":"https:\/\/iumotril.org\/sitio\/apoyamos-las-demandas-de-mejoras-de-los-vecinos-del-barrio-de-las-angustias\/","url_meta":{"origin":10499,"position":1},"title":"Apoyamos las demandas de mejoras de los vecinos del barrio de Las Angustias","author":"Izquierda Unida Motril","date":"30 enero, 2025","format":false,"excerpt":"Su portavoz municipal, Inmaculada Omiste, ha denunciado que siendo uno de los barrios m\u00e1s poblados de Motril, con varios centros docentes y otras instituciones importantes, lleve arrastrando este abandono por parte del Ayuntamiento de Motril. El grupo municipal ha recogido las demandas de los vecinos y vecinas, que van desde\u2026","rel":"","context":"En \u00abCiudad\u00bb","block_context":{"text":"Ciudad","link":"https:\/\/iumotril.org\/sitio\/category\/ciudad\/"},"img":{"alt_text":"","src":"https:\/\/i0.wp.com\/iumotril.org\/sitio\/wp-content\/uploads\/2025\/01\/Las-Anagustias.jpg?resize=350%2C200&ssl=1","width":350,"height":200,"srcset":"https:\/\/i0.wp.com\/iumotril.org\/sitio\/wp-content\/uploads\/2025\/01\/Las-Anagustias.jpg?resize=350%2C200&ssl=1 1x, https:\/\/i0.wp.com\/iumotril.org\/sitio\/wp-content\/uploads\/2025\/01\/Las-Anagustias.jpg?resize=525%2C300&ssl=1 1.5x"},"classes":[]},{"id":4777,"url":"https:\/\/iumotril.org\/sitio\/son-necesarias-actuaciones-urgentes-en-el-barrio-de-el-varadero\/","url_meta":{"origin":10499,"position":2},"title":"Son necesarias actuaciones urgentes en el barrio de El Varadero","author":"Izquierda Unida Motril","date":"21 marzo, 2019","format":false,"excerpt":"Izquierda Unida reclama el cumplimiento de las actuaciones de mejora comprometidas en la moci\u00f3n que present\u00f3 su Grupo Municipal en 2018, entre otras la limpieza de solares y edificios abandonados, como la antigua f\u00e1brica de chocolate y el acerado de diversas calles. El Varadero se juega su futuro en las\u2026","rel":"","context":"En \u00abCiudad\u00bb","block_context":{"text":"Ciudad","link":"https:\/\/iumotril.org\/sitio\/category\/ciudad\/"},"img":{"alt_text":"","src":"https:\/\/i0.wp.com\/iumotril.org\/sitio\/wp-content\/uploads\/2019\/03\/Inma_El-Varadero-1.jpg?resize=350%2C200","width":350,"height":200,"srcset":"https:\/\/i0.wp.com\/iumotril.org\/sitio\/wp-content\/uploads\/2019\/03\/Inma_El-Varadero-1.jpg?resize=350%2C200 1x, https:\/\/i0.wp.com\/iumotril.org\/sitio\/wp-content\/uploads\/2019\/03\/Inma_El-Varadero-1.jpg?resize=525%2C300 1.5x, https:\/\/i0.wp.com\/iumotril.org\/sitio\/wp-content\/uploads\/2019\/03\/Inma_El-Varadero-1.jpg?resize=700%2C400 2x"},"classes":[]},{"id":10564,"url":"https:\/\/iumotril.org\/sitio\/reclamamos-un-plan-de-actuacion-en-el-barrio-de-varadero-para-mejorar-las-condiciones-de-vida-de-sus-vecinos\/","url_meta":{"origin":10499,"position":3},"title":"Reclamamos un plan de actuaci\u00f3n en el barrio de Varadero para mejorar las condiciones de vida de sus vecinos","author":"Izquierda Unida Motril","date":"24 abril, 2025","format":false,"excerpt":"A pesar de su situaci\u00f3n y potencialidades, Varadero es un espacio p\u00fablico deprimido con importantes carencias estructurales, con deficiencias en la limpieza, el mantenimiento y en la adecuaci\u00f3n de sus infraestructuras. Unas circunstancias, \u00e9stas, que suponen importantes inconvenientes en el d\u00eda a d\u00eda de sus residentes. Omiste ha indicado que\u2026","rel":"","context":"En \u00abAyuntamiento\u00bb","block_context":{"text":"Ayuntamiento","link":"https:\/\/iumotril.org\/sitio\/category\/ayuntamiento\/"},"img":{"alt_text":"","src":"https:\/\/i0.wp.com\/iumotril.org\/sitio\/wp-content\/uploads\/2025\/04\/Luisa-y-Conchi.jpeg?resize=350%2C200&ssl=1","width":350,"height":200,"srcset":"https:\/\/i0.wp.com\/iumotril.org\/sitio\/wp-content\/uploads\/2025\/04\/Luisa-y-Conchi.jpeg?resize=350%2C200&ssl=1 1x, https:\/\/i0.wp.com\/iumotril.org\/sitio\/wp-content\/uploads\/2025\/04\/Luisa-y-Conchi.jpeg?resize=525%2C300&ssl=1 1.5x, https:\/\/i0.wp.com\/iumotril.org\/sitio\/wp-content\/uploads\/2025\/04\/Luisa-y-Conchi.jpeg?resize=700%2C400&ssl=1 2x, https:\/\/i0.wp.com\/iumotril.org\/sitio\/wp-content\/uploads\/2025\/04\/Luisa-y-Conchi.jpeg?resize=1050%2C600&ssl=1 3x"},"classes":[]},{"id":3750,"url":"https:\/\/iumotril.org\/sitio\/izquierda-unida-apoya-las-demandas-vecinas-de-diversas-mejoras-en-el-varadero\/","url_meta":{"origin":10499,"position":4},"title":"Izquierda Unida apoya las demandas vecinales de diversas mejoras en El Varadero","author":"Izquierda Unida Motril","date":"27 julio, 2018","format":false,"excerpt":"En la Moci\u00f3n que se presenta para su consideraci\u00f3n por el Pleno se reclama, tambi\u00e9n, la limpieza, adecuaci\u00f3n y mantenimiento de diversos solares y edificios abandonados que suponen diversos riesgos higi\u00e9nico sanitarios y el acerado de diferentes calles para facilitar la movilidad de los vecinos, vecinas y de los visitantes.Izquierda\u2026","rel":"","context":"En \u00abCiudad\u00bb","block_context":{"text":"Ciudad","link":"https:\/\/iumotril.org\/sitio\/category\/ciudad\/"},"img":{"alt_text":"","src":"http:\/\/iumotril.org\/sitio\/wp-content\/uploads\/2018\/07\/Daniela-Paque_junio-2018.bmp","width":350,"height":200},"classes":[]},{"id":7473,"url":"https:\/\/iumotril.org\/sitio\/iu-equo-reclama-al-gobierno-local-actuaciones-de-mejora-en-el-barrio-de-los-alamos\/","url_meta":{"origin":10499,"position":5},"title":"IU-Equo reclama al gobierno local actuaciones de mejora en el barrio de los \u00c1lamos","author":"Izquierda Unida Motril","date":"26 mayo, 2021","format":false,"excerpt":"La portavoz de IU-Equo, Inma Omiste, ha se\u00f1alado que, a pesar de ser uno de los barrios m\u00e1s poblados de Motril, el barrio de los \u00c1lamos no est\u00e1 mereciendo de parte del Ayuntamiento la atenci\u00f3n necesaria para su conservaci\u00f3n, mantenimiento y, en definitiva, para su mejora. Una falta de actuaciones\u2026","rel":"","context":"En \u00abEST\u00c1 PASANDO\u00bb","block_context":{"text":"EST\u00c1 PASANDO","link":"https:\/\/iumotril.org\/sitio\/category\/esta-pasando\/"},"img":{"alt_text":"","src":"https:\/\/i0.wp.com\/iumotril.org\/sitio\/wp-content\/uploads\/2021\/05\/iNMA-oMISTE-26-MAYO-1024x768.jpg?resize=350%2C200","width":350,"height":200,"srcset":"https:\/\/i0.wp.com\/iumotril.org\/sitio\/wp-content\/uploads\/2021\/05\/iNMA-oMISTE-26-MAYO-1024x768.jpg?resize=350%2C200 1x, https:\/\/i0.wp.com\/iumotril.org\/sitio\/wp-content\/uploads\/2021\/05\/iNMA-oMISTE-26-MAYO-1024x768.jpg?resize=525%2C300 1.5x"},"classes":[]}],"jetpack_likes_enabled":true,"_links":{"self":[{"href":"https:\/\/iumotril.org\/sitio\/wp-json\/wp\/v2\/posts\/10499","targetHints":{"allow":["GET"]}}],"collection":[{"href":"https:\/\/iumotril.org\/sitio\/wp-json\/wp\/v2\/posts"}],"about":[{"href":"https:\/\/iumotril.org\/sitio\/wp-json\/wp\/v2\/types\/post"}],"author":[{"embeddable":true,"href":"https:\/\/iumotril.org\/sitio\/wp-json\/wp\/v2\/users\/1"}],"replies":[{"embeddable":true,"href":"https:\/\/iumotril.org\/sitio\/wp-json\/wp\/v2\/comments?post=10499"}],"version-history":[{"count":6,"href":"https:\/\/iumotril.org\/sitio\/wp-json\/wp\/v2\/posts\/10499\/revisions"}],"predecessor-version":[{"id":10511,"href":"https:\/\/iumotril.org\/sitio\/wp-json\/wp\/v2\/posts\/10499\/revisions\/10511"}],"wp:featuredmedia":[{"embeddable":true,"href":"https:\/\/iumotril.org\/sitio\/wp-json\/wp\/v2\/media\/10504"}],"wp:attachment":[{"href":"https:\/\/iumotril.org\/sitio\/wp-json\/wp\/v2\/media?parent=10499"}],"wp:term":[{"taxonomy":"category","embeddable":true,"href":"https:\/\/iumotril.org\/sitio\/wp-json\/wp\/v2\/categories?post=10499"},{"taxonomy":"post_tag","embeddable":true,"href":"https:\/\/iumotril.org\/sitio\/wp-json\/wp\/v2\/tags?post=10499"}],"curies":[{"name":"wp","href":"https:\/\/api.w.org\/{rel}","templated":true}]}}