{"id":10465,"date":"2025-03-06T18:31:35","date_gmt":"2025-03-06T17:31:35","guid":{"rendered":"https:\/\/iumotril.org\/sitio\/?p=10465"},"modified":"2025-03-06T18:31:35","modified_gmt":"2025-03-06T17:31:35","slug":"denunciamos-la-inauguracion-de-la-casa-de-la-juventud-a-pesar-de-estar-inacabada","status":"publish","type":"post","link":"https:\/\/iumotril.org\/sitio\/denunciamos-la-inauguracion-de-la-casa-de-la-juventud-a-pesar-de-estar-inacabada\/","title":{"rendered":"Denunciamos  la inauguraci\u00f3n de la casa de la juventud a pesar de estar inacabada"},"content":{"rendered":"<p><strong><span style=\"color: #993300;\">La formaci\u00f3n de izquierdas ha denunciado que, a pesar de haber sido inaugurada varias<\/span><\/strong><br \/>\n<strong><span style=\"color: #993300;\">veces, la planta segunda est\u00e1 inacabada y no hay previsi\u00f3n de cuando se retomar\u00e1n los<\/span><\/strong><br \/>\n<span style=\"color: #993300;\"><strong>trabajos por falta de financiaci\u00f3n<\/strong>.<\/span><\/p>\n<p>El portavoz municipal de IU Verdes Equo, Christian Linares, ha denunciado que la casa de<br \/>\nla juventud, <strong>inaugurada hace menos de un a\u00f1o<\/strong> es un <strong>edificio inacabado<\/strong> ya que toda la<br \/>\nsegunda planta es un espacio lleno de ladrillos abandonado porque la obra se encuentra<br \/>\nparalizada y sin previsi\u00f3n de cu\u00e1ndo se va a poder finalizar por <strong>falta de financiaci\u00f3n<\/strong>.<\/p>\n<p>Para Linares es inaceptable que por parte del Gobierno de las derechas se nos conteste<br \/>\nque \u201cla obra se podr\u00e1 terminar cuando se consiga la financiaci\u00f3n correspondiente\u201d. Esta<br \/>\nsituaci\u00f3n es <strong>un disparate adem\u00e1s de una falta de responsabilidad y de respeto hacia la<\/strong><br \/>\n<strong>ciudadan\u00eda.<\/strong> Este edificio no es m\u00e1s que la demostraci\u00f3n de la <strong>falta de planificaci\u00f3n del<\/strong><br \/>\n<strong>gobierno municipal.<\/strong><\/p>\n<figure id=\"attachment_10470\" aria-describedby=\"caption-attachment-10470\" style=\"width: 640px\" class=\"wp-caption alignleft\"><img loading=\"lazy\" decoding=\"async\" data-attachment-id=\"10470\" data-permalink=\"https:\/\/iumotril.org\/sitio\/denunciamos-la-inauguracion-de-la-casa-de-la-juventud-a-pesar-de-estar-inacabada\/christian-2\/\" data-orig-file=\"https:\/\/iumotril.org\/sitio\/wp-content\/uploads\/2025\/03\/christian.jpg\" data-orig-size=\"1196,796\" data-comments-opened=\"1\" data-image-meta=\"{&quot;aperture&quot;:&quot;0&quot;,&quot;credit&quot;:&quot;&quot;,&quot;camera&quot;:&quot;&quot;,&quot;caption&quot;:&quot;&quot;,&quot;created_timestamp&quot;:&quot;0&quot;,&quot;copyright&quot;:&quot;&quot;,&quot;focal_length&quot;:&quot;0&quot;,&quot;iso&quot;:&quot;0&quot;,&quot;shutter_speed&quot;:&quot;0&quot;,&quot;title&quot;:&quot;&quot;,&quot;orientation&quot;:&quot;0&quot;}\" data-image-title=\"christian\" data-image-description=\"\" data-image-caption=\"\" data-large-file=\"https:\/\/iumotril.org\/sitio\/wp-content\/uploads\/2025\/03\/christian-1024x682.jpg\" class=\"wp-image-10470 size-large\" src=\"https:\/\/iumotril.org\/sitio\/wp-content\/uploads\/2025\/03\/christian-1024x682.jpg\" alt=\"\" width=\"640\" height=\"426\" srcset=\"https:\/\/iumotril.org\/sitio\/wp-content\/uploads\/2025\/03\/christian-1024x682.jpg 1024w, https:\/\/iumotril.org\/sitio\/wp-content\/uploads\/2025\/03\/christian-300x200.jpg 300w, https:\/\/iumotril.org\/sitio\/wp-content\/uploads\/2025\/03\/christian-768x511.jpg 768w, https:\/\/iumotril.org\/sitio\/wp-content\/uploads\/2025\/03\/christian.jpg 1196w\" sizes=\"auto, (max-width: 640px) 100vw, 640px\" \/><figcaption id=\"caption-attachment-10470\" class=\"wp-caption-text\">Christian Linares, IU Verdes Equo<\/figcaption><\/figure>\n<p>El portavoz de IU Verdes Equo ha recordado c\u00f3mo esta misma situaci\u00f3n ya se dio hace a\u00f1os con la <strong>inauguraci\u00f3n el CDT<\/strong>, un edificio anunciado a bombo y platillo pero que no solo estaba inacabado, es que adem\u00e1s se ca\u00eda a pedazos y dec\u00eda lo mismo \u201cque se acabar\u00eda cuando se pudiera\u201d.<\/p>\n<p>Es llamativo-ha a\u00f1adido- que por un lado nos digan que no se puede acabar porque no hay financiaci\u00f3n mientras que por otro lado <strong>Garc\u00eda Chamorro<\/strong> anuncia que su gobierno ha logrado 15 millones de ahorro. Aunque m\u00e1s llamativo es que precisamente hable de econom\u00eda alguien que <strong>est\u00e1 a la espera de juicio por un supuesto mal uso de dinero p\u00fablico<\/strong>.<\/p>\n<p>Linares ha matizado que el origen de este dinero no est\u00e1 en la gesti\u00f3n del gobierno local, sino que su origen est\u00e1n en las transferencias que ha hecho el estado, por la parte que nos corresponde de los impuestos, de los fondos EDUSI o IDAE.<\/p>\n<p>En definitiva, desde IU Verdes Equo exigimos <strong>menos fotos y m\u00e1s soluciones.<\/strong> Y, sobre todo, que la pr\u00f3xima vez que inauguren algo, que por lo menos intenten que est\u00e9 finalizado.<br \/>\nPorque la realidad es que hay dinero para finalizar la obra, pero lo que no hay es<br \/>\nplanificaci\u00f3n ni <strong>compromiso con la juventud motrile\u00f1a por parte de Garc\u00eda Chamorro,<\/strong> que solo debe tener compromiso con la foto, que eso es lo que realmente importa, y no el<br \/>\nofrecer un espacio \u00fatil a los y las j\u00f3venes.<\/p>\n<div style=\"width: 640px;\" class=\"wp-video\"><video class=\"wp-video-shortcode\" id=\"video-10465-1\" width=\"640\" height=\"363\" preload=\"metadata\" controls=\"controls\"><source type=\"video\/mp4\" src=\"https:\/\/iumotril.org\/sitio\/wp-content\/uploads\/2025\/03\/VIDEO-2025-03-06-17-09-17-2.mp4?_=1\" \/><a href=\"https:\/\/iumotril.org\/sitio\/wp-content\/uploads\/2025\/03\/VIDEO-2025-03-06-17-09-17-2.mp4\">https:\/\/iumotril.org\/sitio\/wp-content\/uploads\/2025\/03\/VIDEO-2025-03-06-17-09-17-2.mp4<\/a><\/video><\/div>\n","protected":false},"excerpt":{"rendered":"<p>Para Linares es inaceptable que por parte del Gobierno de las derechas se nos conteste<br \/>\nque \u201cla obra se podr\u00e1 terminar cuando se consiga la financiaci\u00f3n correspondiente\u201d. Esta<br \/>\nsituaci\u00f3n es un disparate adem\u00e1s de una falta de responsabilidad y de respeto hacia la<br \/>\nciudadan\u00eda. Este edificio no es m\u00e1s que la demostraci\u00f3n de la falta de planificaci\u00f3n del<br \/>\ngobierno municipal.<br \/>\nHa denunciado que la casa de la juventud, inaugurada hace menos de un a\u00f1o es un edificio inacabado ya que toda la<br \/>\nsegunda planta es un espacio lleno de ladrillos abandonado porque la obra se encuentra<br \/>\nparalizada y sin previsi\u00f3n de cuando se va a poder finalizar por falta de financiaci\u00f3n.<br \/>\nExigimos menos fotos y m\u00e1s soluciones. Y, sobre todo,<br \/>\nque la pr\u00f3xima vez que inauguren algo, que por lo menos intenten que est\u00e9 finalizado.<br \/>\nPorque la realidad es que hay dinero para finalizar la obra, pero lo que no hay es<br \/>\nplanificaci\u00f3n ni compromiso con la juventud motrile\u00f1a por parte de Garc\u00eda Chamorro, que<br \/>\nsolo debe tener compromiso con la foto, que eso es lo que realmente importa, y no el<br \/>\nofrecer un espacio \u00fatil a los y las j\u00f3venes.<\/p>\n","protected":false},"author":1,"featured_media":10474,"comment_status":"open","ping_status":"open","sticky":false,"template":"","format":"standard","meta":{"cybocfi_hide_featured_image":"","_jetpack_newsletter_access":"","_jetpack_dont_email_post_to_subs":false,"_jetpack_newsletter_tier_id":0,"_jetpack_memberships_contains_paywalled_content":false,"_jetpack_memberships_contains_paid_content":false,"footnotes":""},"categories":[177,375,265],"tags":[2267,2268,776,411,121],"class_list":["post-10465","post","type-post","status-publish","format-standard","has-post-thumbnail","hentry","category-ciudad","category-denuncia","category-esta-pasando","tag-casa-juventud","tag-christian","tag-financiacion","tag-jovenes","tag-obras"],"jetpack_featured_media_url":"https:\/\/iumotril.org\/sitio\/wp-content\/uploads\/2025\/03\/IMG_20240313_132635.jpg","jetpack_sharing_enabled":true,"jetpack_shortlink":"https:\/\/wp.me\/p4QsU5-2IN","jetpack-related-posts":[{"id":10052,"url":"https:\/\/iumotril.org\/sitio\/iu-verdes-equo-critica-el-retraso-de-la-puesta-en-marcha-del-centro-para-la-juventud-formacion-y-empleo-en-la-rambla-de-los-alamos\/","url_meta":{"origin":10465,"position":0},"title":"IU-Verdes Equo critica el retraso de la puesta en marcha del Centro para la Juventud, Formaci\u00f3n y Empleo en la Rambla de los \u00c1lamos","author":"Izquierda Unida Motril","date":"16 julio, 2024","format":false,"excerpt":"La realidad de todo ese gran anuncio es un edificio cerrado.-ha declarado el portavoz de Juventud, Christian linares-. Esta situaci\u00f3n no solo refleja una falta de compromiso con la juventud, sino tambi\u00e9n una grave carencia en la planificaci\u00f3n y ejecuci\u00f3n de pol\u00edticas que verdaderamente beneficien a nuestra comunidad Y, por\u2026","rel":"","context":"En \u00abAyuntamiento\u00bb","block_context":{"text":"Ayuntamiento","link":"https:\/\/iumotril.org\/sitio\/category\/ayuntamiento\/"},"img":{"alt_text":"","src":"https:\/\/i0.wp.com\/iumotril.org\/sitio\/wp-content\/uploads\/2024\/07\/Centro-juventud-y-empleo-los-Alamos.jpeg?resize=350%2C200&ssl=1","width":350,"height":200,"srcset":"https:\/\/i0.wp.com\/iumotril.org\/sitio\/wp-content\/uploads\/2024\/07\/Centro-juventud-y-empleo-los-Alamos.jpeg?resize=350%2C200&ssl=1 1x, https:\/\/i0.wp.com\/iumotril.org\/sitio\/wp-content\/uploads\/2024\/07\/Centro-juventud-y-empleo-los-Alamos.jpeg?resize=525%2C300&ssl=1 1.5x, https:\/\/i0.wp.com\/iumotril.org\/sitio\/wp-content\/uploads\/2024\/07\/Centro-juventud-y-empleo-los-Alamos.jpeg?resize=700%2C400&ssl=1 2x, https:\/\/i0.wp.com\/iumotril.org\/sitio\/wp-content\/uploads\/2024\/07\/Centro-juventud-y-empleo-los-Alamos.jpeg?resize=1050%2C600&ssl=1 3x"},"classes":[]},{"id":3618,"url":"https:\/\/iumotril.org\/sitio\/izquierda-unida-reclama-medidas-y-politicas-para-la-gente-joven\/","url_meta":{"origin":10465,"position":1},"title":"Izquierda Unida reclama medidas y pol\u00edticas para la gente joven","author":"Izquierda Unida Motril","date":"8 junio, 2018","format":false,"excerpt":"Adem\u00e1s de reclamar pol\u00edticas integrales dirigidas a las personas j\u00f3venes de Motril que vayan m\u00e1s all\u00e1 de actuaciones dispersas y puntuales dirigidas al ocio, Christian Linares ha reivindicado el proyecto pol\u00edtico de su formaci\u00f3n para Motril: un proyecto de izquierdas que tenga como prioridades irrenunciables la lucha contra el paro,\u2026","rel":"","context":"En \u00abEST\u00c1 PASANDO\u00bb","block_context":{"text":"EST\u00c1 PASANDO","link":"https:\/\/iumotril.org\/sitio\/category\/esta-pasando\/"},"img":{"alt_text":"","src":"https:\/\/i0.wp.com\/iumotril.org\/sitio\/wp-content\/uploads\/2018\/06\/jovenes-726x1024.jpg?resize=350%2C200","width":350,"height":200,"srcset":"https:\/\/i0.wp.com\/iumotril.org\/sitio\/wp-content\/uploads\/2018\/06\/jovenes-726x1024.jpg?resize=350%2C200 1x, https:\/\/i0.wp.com\/iumotril.org\/sitio\/wp-content\/uploads\/2018\/06\/jovenes-726x1024.jpg?resize=525%2C300 1.5x"},"classes":[]},{"id":10811,"url":"https:\/\/iumotril.org\/sitio\/10811-2\/","url_meta":{"origin":10465,"position":2},"title":"Reclamamos al equipo de gobierno voluntad pol\u00edtica para promover el arte urbano","author":"Izquierda Unida Motril","date":"7 octubre, 2025","format":false,"excerpt":"A pesar del respaldo un\u00e1nime en el pleno, la formaci\u00f3n denuncia que no se ha producido ning\u00fan avance tangible desde la aprobaci\u00f3n de la moci\u00f3n en junio. Seg\u00fan afirma Linares, el equipo de gobierno ha respondido a sus solicitudes de informaci\u00f3n con vagas afirmaciones sobre tr\u00e1mites en curso y contactos\u2026","rel":"","context":"En \u00abAyuntamiento\u00bb","block_context":{"text":"Ayuntamiento","link":"https:\/\/iumotril.org\/sitio\/category\/ayuntamiento\/"},"img":{"alt_text":"","src":"https:\/\/i0.wp.com\/iumotril.org\/sitio\/wp-content\/uploads\/2025\/10\/Christian-Linares-Arte-Urbano.jpg?resize=350%2C200&ssl=1","width":350,"height":200,"srcset":"https:\/\/i0.wp.com\/iumotril.org\/sitio\/wp-content\/uploads\/2025\/10\/Christian-Linares-Arte-Urbano.jpg?resize=350%2C200&ssl=1 1x, https:\/\/i0.wp.com\/iumotril.org\/sitio\/wp-content\/uploads\/2025\/10\/Christian-Linares-Arte-Urbano.jpg?resize=525%2C300&ssl=1 1.5x, https:\/\/i0.wp.com\/iumotril.org\/sitio\/wp-content\/uploads\/2025\/10\/Christian-Linares-Arte-Urbano.jpg?resize=700%2C400&ssl=1 2x, https:\/\/i0.wp.com\/iumotril.org\/sitio\/wp-content\/uploads\/2025\/10\/Christian-Linares-Arte-Urbano.jpg?resize=1050%2C600&ssl=1 3x"},"classes":[]},{"id":10009,"url":"https:\/\/iumotril.org\/sitio\/criticamos-la-falta-de-actividades-para-la-juventud-en-la-festividad-de-san-juan-organizadas-por-el-ayuntamiento\/","url_meta":{"origin":10465,"position":3},"title":"Criticamos la falta de actividades para la juventud en la festividad de San Juan organizadas por el ayuntamiento","author":"Izquierda Unida Motril","date":"21 junio, 2024","format":false,"excerpt":"Linares ha se\u00f1alado que \u201cno hay m\u00e1s que echar un vistazo a las redes para recoger el malestar generalizado entre nuestros y nuestras j\u00f3venes\u201d y descubrir que, despu\u00e9s de las fiestas patronales del a\u00f1o pasado o de la programaci\u00f3n que se hizo para la navidad, volvemos a encontrarnos con lo\u2026","rel":"","context":"En \u00abAyuntamiento\u00bb","block_context":{"text":"Ayuntamiento","link":"https:\/\/iumotril.org\/sitio\/category\/ayuntamiento\/"},"img":{"alt_text":"","src":"https:\/\/i0.wp.com\/iumotril.org\/sitio\/wp-content\/uploads\/2024\/06\/Noche-de-san-Juan-2024.jpg?resize=350%2C200&ssl=1","width":350,"height":200,"srcset":"https:\/\/i0.wp.com\/iumotril.org\/sitio\/wp-content\/uploads\/2024\/06\/Noche-de-san-Juan-2024.jpg?resize=350%2C200&ssl=1 1x, https:\/\/i0.wp.com\/iumotril.org\/sitio\/wp-content\/uploads\/2024\/06\/Noche-de-san-Juan-2024.jpg?resize=525%2C300&ssl=1 1.5x, https:\/\/i0.wp.com\/iumotril.org\/sitio\/wp-content\/uploads\/2024\/06\/Noche-de-san-Juan-2024.jpg?resize=700%2C400&ssl=1 2x"},"classes":[]},{"id":2955,"url":"https:\/\/iumotril.org\/sitio\/izquierda-unida-critica-la-financiacion-de-la-ii-regata-costa-tropical-por-parte-de-la-mancomunidad\/","url_meta":{"origin":10465,"position":4},"title":"Izquierda Unida critica la financiaci\u00f3n de la II Regata Costa Tropical por parte de la Mancomunidad","author":"Izquierda Unida Motril","date":"13 junio, 2017","format":false,"excerpt":"Izquierda Unida ha reclamado a la Presidencia de la Mancomunidad que informe con transparencia a los vecinos del coste que supondr\u00e1 la participaci\u00f3n en la organizaci\u00f3n de la II Regata Costa Tropical y que justifique ante la ciudadan\u00eda la conveniencia y oportunidad de destinar esa cantidad de recursos a este\u2026","rel":"","context":"En \u00abEST\u00c1 PASANDO\u00bb","block_context":{"text":"EST\u00c1 PASANDO","link":"https:\/\/iumotril.org\/sitio\/category\/esta-pasando\/"},"img":{"alt_text":"","src":"https:\/\/i0.wp.com\/iumotril.org\/sitio\/wp-content\/uploads\/2017\/06\/regata-21-costa-1.jpg?resize=350%2C200","width":350,"height":200},"classes":[]},{"id":791,"url":"https:\/\/iumotril.org\/sitio\/promoveremos-la-rehabilitacion-del-coliseo-vinas-para-crear-un-gran-espacio-para-la-promocion-de-la-cultura-que-sea-referencia-en-la-costa-tropical\/","url_meta":{"origin":10465,"position":5},"title":"Promoveremos la rehabilitaci\u00f3n del Coliseo Vi\u00f1as para crear un gran espacio para la promoci\u00f3n de la cultura que sea referencia en la Costa Tropical","author":"Izquierda Unida Motril","date":"21 mayo, 2015","format":false,"excerpt":"El Partido Popular ha promovido una actividad cultural pacata, provinciana y casposa en muchos casos, programando sin la participaci\u00f3n de las asociaciones y alejada del inter\u00e9s general de la ciudadan\u00eda. Una programaci\u00f3n que ha ninguneado a los creadores y artistas motrile\u00f1os, que ha despreciado el trabajo y las propuestas innovadoras\u2026","rel":"","context":"En \u00abMunicipales 2015\u00bb","block_context":{"text":"Municipales 2015","link":"https:\/\/iumotril.org\/sitio\/category\/municipales-2015\/"},"img":{"alt_text":"Hay que sacar la cultura de la sacrist\u00eda. Christian Linares","src":"https:\/\/i0.wp.com\/iumotril.org\/sitio\/wp-content\/uploads\/2015\/05\/IMG-20150516-WA0005-300x176.jpg?resize=350%2C200","width":350,"height":200},"classes":[]}],"jetpack_likes_enabled":true,"_links":{"self":[{"href":"https:\/\/iumotril.org\/sitio\/wp-json\/wp\/v2\/posts\/10465","targetHints":{"allow":["GET"]}}],"collection":[{"href":"https:\/\/iumotril.org\/sitio\/wp-json\/wp\/v2\/posts"}],"about":[{"href":"https:\/\/iumotril.org\/sitio\/wp-json\/wp\/v2\/types\/post"}],"author":[{"embeddable":true,"href":"https:\/\/iumotril.org\/sitio\/wp-json\/wp\/v2\/users\/1"}],"replies":[{"embeddable":true,"href":"https:\/\/iumotril.org\/sitio\/wp-json\/wp\/v2\/comments?post=10465"}],"version-history":[{"count":7,"href":"https:\/\/iumotril.org\/sitio\/wp-json\/wp\/v2\/posts\/10465\/revisions"}],"predecessor-version":[{"id":10476,"href":"https:\/\/iumotril.org\/sitio\/wp-json\/wp\/v2\/posts\/10465\/revisions\/10476"}],"wp:featuredmedia":[{"embeddable":true,"href":"https:\/\/iumotril.org\/sitio\/wp-json\/wp\/v2\/media\/10474"}],"wp:attachment":[{"href":"https:\/\/iumotril.org\/sitio\/wp-json\/wp\/v2\/media?parent=10465"}],"wp:term":[{"taxonomy":"category","embeddable":true,"href":"https:\/\/iumotril.org\/sitio\/wp-json\/wp\/v2\/categories?post=10465"},{"taxonomy":"post_tag","embeddable":true,"href":"https:\/\/iumotril.org\/sitio\/wp-json\/wp\/v2\/tags?post=10465"}],"curies":[{"name":"wp","href":"https:\/\/api.w.org\/{rel}","templated":true}]}}